{"id":1573,"date":"2023-09-26T11:19:23","date_gmt":"2023-09-26T15:19:23","guid":{"rendered":"https:\/\/www.manaus.am.gov.br\/manauscult\/manaus-como-destino-turistico-e-apresentado-pela-segunda-vez-na-maior-feira-do-setor-da-america-latina\/"},"modified":"2023-09-26T11:19:24","modified_gmt":"2023-09-26T15:19:24","slug":"manaus-como-destino-turistico-e-apresentado-pela-segunda-vez-na-maior-feira-do-setor-da-america-latina","status":"publish","type":"post","link":"https:\/\/www.manaus.am.gov.br\/manauscult\/manaus-como-destino-turistico-e-apresentado-pela-segunda-vez-na-maior-feira-do-setor-da-america-latina\/","title":{"rendered":"<strong>Manaus como destino\u00a0tur\u00edstico\u00a0\u00e9 apresentado pela segunda vez na maior feira do setor da Am\u00e9rica Latina<\/strong>"},"content":{"rendered":"\n<p>Com o objetivo de posicionar a capital amazonense como um dos melhores destinos tur\u00edsticos, a Prefeitura de Manaus, por meio da Funda\u00e7\u00e3o Municipal de Cultura, Turismo e Eventos (Manauscult), participa de 27 a 29\/10, da Feira Expo Abav &amp; Collab, no Rio de Janeiro. O evento \u00e9 a maior feira de neg\u00f3cios de turismo da Am\u00e9rica Latina e re\u00fane os principais players do setor, al\u00e9m de promover a conex\u00e3o com os agentes de viagens, ou seja, os principais canais de distribui\u00e7\u00e3o do turismo brasileiro.<\/p>\n\n\n\n<p><br>\u201cMais uma vez a Manauscult executa o Plano de Governo da gest\u00e3o David Almeida, com a participa\u00e7\u00e3o nas principais feiras nacionais e internacionais, nas discuss\u00f5es dos operadores de turismo, agentes de viagem e da m\u00eddia especializada, a fim de promover o turismo local e fazer o mundo se virar para nossa cidade como um dos principais destinos tur\u00edsticos e culturais. Estaremos com um&nbsp;estande&nbsp;mostrando nossa cidade, promovendo Manaus, promovendo nossa diversidade, peculiaridade, comidas t\u00edpicas, a floresta e todo o potencial tur\u00edstico, cultural e de neg\u00f3cios que temos\u201d, ressaltou o diretor-presidente da Manauscult, Osvaldo Cardoso.<\/p>\n\n\n\n<p><br>A vice-presidente da Manauscult, Oreni Braga, refor\u00e7ou a participa\u00e7\u00e3o nos estandes durante os tr\u00eas dias de feira.<\/p>\n\n\n\n<p><br>\u201cEstaremos com um estande de 50 metros quadrados, hospedando, nos tr\u00eas dias de evento, 16 empres\u00e1rios manauaras que estar\u00e3o fazendo neg\u00f3cios. O estande de Manaus estar\u00e1 ao lado do estande do Cear\u00e1, conjugando esfor\u00e7os para fortalecer o acordo institucional do roteiro \u2018Manaus e Fortaleza &#8211; o Brasil se Encontra Aqui\u2019. Em outubro, Manaus estar\u00e1 com estande pr\u00f3prio, em Fortaleza\/CE, na Feira Brazil Travel Marketing (BTM), uma das principais feiras de neg\u00f3cios tur\u00edsticos do Brasil\u201d, enfatizou.<\/p>\n\n\n\n<p><br><strong>Fortalecimento da marca<\/strong><\/p>\n\n\n\n<p><br>Desde 2022, a Manauscult vem divulgando o destino Manaus nas principais feiras de turismo do mercado nacional. No primeiro semestre deste ano participou de tr\u00eas feiras e deve participar at\u00e9 o final do ano de pelo menos mais quatro. A cidade est\u00e1 sendo aparelhada com a constru\u00e7\u00e3o de grandes e excelentes atrativos tur\u00edsticos e culturais para impulsionar e fortalecer a marca Manaus, como destino tur\u00edstico.<\/p>\n\n\n\n<p><br>Entre as constru\u00e7\u00f5es destacam-se, a Casa de Praia Zezinho Corr\u00eaa, j\u00e1 entregue para a popula\u00e7\u00e3o, os mirantes Lucia Almeida e Rosa Almeida, o parque Amazonino Mendes e o casar\u00e3o Thiago de Mello, dentre outros atrativos.<\/p>\n\n\n\n<p>&#8212; &#8212; &#8212;<\/p>\n\n\n\n<p><strong>Texto &#8211;<\/strong> Moara Cabral \/ Manauscult<\/p>\n\n\n\n<p><strong>Foto<\/strong> \u2013\u00a0Oliveira Junior \/ Manauscult<\/p>\n","protected":false},"excerpt":{"rendered":"","protected":false},"author":39,"featured_media":1574,"comment_status":"closed","ping_status":"closed","sticky":false,"template":"","format":"standard","meta":{"footnotes":""},"categories":[18],"tags":[704,705,706,707,9,708,11],"acf":[],"yoast_head":"<!-- This site is optimized with the Yoast SEO plugin v23.0 - https:\/\/yoast.com\/wordpress\/plugins\/seo\/ -->\n<title>Manaus como destino tur\u00edstico \u00e9 apresentado pela segunda vez na maior feira do setor da Am\u00e9rica Latina<\/title>\n<meta name=\"description\" content=\"Com o objetivo de posicionar a capital amazonense como um dos melhores destinos tur\u00edsticos, a Prefeitura de Manaus, por meio da Funda\u00e7\u00e3o Municipal de Cultura, Turismo e Eventos (Manauscult), participa de 27 a 29\/10, da Feira Expo Abav &amp; Collab, no Rio de Janeiro.\" \/>\n<meta name=\"robots\" content=\"noindex, follow\" \/>\n<meta property=\"og:locale\" content=\"pt_BR\" \/>\n<meta property=\"og:type\" content=\"article\" \/>\n<meta property=\"og:title\" content=\"Manaus como destino tur\u00edstico \u00e9 apresentado pela segunda vez na maior feira do setor da Am\u00e9rica Latina\" \/>\n<meta property=\"og:description\" content=\"Com o objetivo de posicionar a capital amazonense como um dos melhores destinos tur\u00edsticos, a Prefeitura de Manaus, por meio da Funda\u00e7\u00e3o Municipal de Cultura, Turismo e Eventos (Manauscult), participa de 27 a 29\/10, da Feira Expo Abav &amp; Collab, no Rio de Janeiro.\" \/>\n<meta property=\"og:url\" content=\"https:\/\/www.manaus.am.gov.br\/manauscult\/manaus-como-destino-turistico-e-apresentado-pela-segunda-vez-na-maior-feira-do-setor-da-america-latina\/\" \/>\n<meta property=\"og:site_name\" content=\"MANAUSCULT\" \/>\n<meta property=\"article:published_time\" content=\"2023-09-26T15:19:23+00:00\" \/>\n<meta property=\"article:modified_time\" content=\"2023-09-26T15:19:24+00:00\" \/>\n<meta property=\"og:image\" content=\"https:\/\/www.manaus.am.gov.br\/manauscult\/wp-content\/uploads\/sites\/11\/2023\/09\/Turismo-1.jpeg\" \/>\n\t<meta property=\"og:image:width\" content=\"1600\" \/>\n\t<meta property=\"og:image:height\" content=\"1200\" \/>\n\t<meta property=\"og:image:type\" content=\"image\/jpeg\" \/>\n<meta name=\"author\" content=\"Bruna Greco\" \/>\n<meta name=\"twitter:card\" content=\"summary_large_image\" \/>\n<meta name=\"twitter:label1\" content=\"Written by\" \/>\n\t<meta name=\"twitter:data1\" content=\"Bruna Greco\" \/>\n\t<meta name=\"twitter:label2\" content=\"Est. reading time\" \/>\n\t<meta name=\"twitter:data2\" content=\"3 minutos\" \/>\n<script type=\"application\/ld+json\" class=\"yoast-schema-graph\">{\"@context\":\"https:\/\/schema.org\",\"@graph\":[{\"@type\":\"WebPage\",\"@id\":\"https:\/\/www.manaus.am.gov.br\/manauscult\/manaus-como-destino-turistico-e-apresentado-pela-segunda-vez-na-maior-feira-do-setor-da-america-latina\/\",\"url\":\"https:\/\/www.manaus.am.gov.br\/manauscult\/manaus-como-destino-turistico-e-apresentado-pela-segunda-vez-na-maior-feira-do-setor-da-america-latina\/\",\"name\":\"Manaus como destino tur\u00edstico \u00e9 apresentado pela segunda vez na maior feira do setor da Am\u00e9rica Latina\",\"isPartOf\":{\"@id\":\"https:\/\/www.manaus.am.gov.br\/manauscult\/#website\"},\"primaryImageOfPage\":{\"@id\":\"https:\/\/www.manaus.am.gov.br\/manauscult\/manaus-como-destino-turistico-e-apresentado-pela-segunda-vez-na-maior-feira-do-setor-da-america-latina\/#primaryimage\"},\"image\":{\"@id\":\"https:\/\/www.manaus.am.gov.br\/manauscult\/manaus-como-destino-turistico-e-apresentado-pela-segunda-vez-na-maior-feira-do-setor-da-america-latina\/#primaryimage\"},\"thumbnailUrl\":\"https:\/\/www.manaus.am.gov.br\/manauscult\/wp-content\/uploads\/sites\/11\/2023\/09\/Turismo-1.jpeg\",\"datePublished\":\"2023-09-26T15:19:23+00:00\",\"dateModified\":\"2023-09-26T15:19:24+00:00\",\"author\":{\"@id\":\"https:\/\/www.manaus.am.gov.br\/manauscult\/#\/schema\/person\/05d223aea2bf115f9883a6ff3683d81b\"},\"description\":\"Com o objetivo de posicionar a capital amazonense como um dos melhores destinos tur\u00edsticos, a Prefeitura de Manaus, por meio da Funda\u00e7\u00e3o Municipal de Cultura, Turismo e Eventos (Manauscult), participa de 27 a 29\/10, da Feira Expo Abav & Collab, no Rio de Janeiro.\",\"breadcrumb\":{\"@id\":\"https:\/\/www.manaus.am.gov.br\/manauscult\/manaus-como-destino-turistico-e-apresentado-pela-segunda-vez-na-maior-feira-do-setor-da-america-latina\/#breadcrumb\"},\"inLanguage\":\"pt-BR\",\"potentialAction\":[{\"@type\":\"ReadAction\",\"target\":[\"https:\/\/www.manaus.am.gov.br\/manauscult\/manaus-como-destino-turistico-e-apresentado-pela-segunda-vez-na-maior-feira-do-setor-da-america-latina\/\"]}]},{\"@type\":\"ImageObject\",\"inLanguage\":\"pt-BR\",\"@id\":\"https:\/\/www.manaus.am.gov.br\/manauscult\/manaus-como-destino-turistico-e-apresentado-pela-segunda-vez-na-maior-feira-do-setor-da-america-latina\/#primaryimage\",\"url\":\"https:\/\/www.manaus.am.gov.br\/manauscult\/wp-content\/uploads\/sites\/11\/2023\/09\/Turismo-1.jpeg\",\"contentUrl\":\"https:\/\/www.manaus.am.gov.br\/manauscult\/wp-content\/uploads\/sites\/11\/2023\/09\/Turismo-1.jpeg\",\"width\":1600,\"height\":1200},{\"@type\":\"BreadcrumbList\",\"@id\":\"https:\/\/www.manaus.am.gov.br\/manauscult\/manaus-como-destino-turistico-e-apresentado-pela-segunda-vez-na-maior-feira-do-setor-da-america-latina\/#breadcrumb\",\"itemListElement\":[{\"@type\":\"ListItem\",\"position\":1,\"name\":\"Home\",\"item\":\"https:\/\/www.manaus.am.gov.br\/manauscult\/\"},{\"@type\":\"ListItem\",\"position\":2,\"name\":\"Manaus como destino\u00a0tur\u00edstico\u00a0\u00e9 apresentado pela segunda vez na maior feira do setor da Am\u00e9rica Latina\"}]},{\"@type\":\"WebSite\",\"@id\":\"https:\/\/www.manaus.am.gov.br\/manauscult\/#website\",\"url\":\"https:\/\/www.manaus.am.gov.br\/manauscult\/\",\"name\":\"MANAUSCULT\",\"description\":\"Prefeitura de Manaus\",\"potentialAction\":[{\"@type\":\"SearchAction\",\"target\":{\"@type\":\"EntryPoint\",\"urlTemplate\":\"https:\/\/www.manaus.am.gov.br\/manauscult\/?s={search_term_string}\"},\"query-input\":\"required name=search_term_string\"}],\"inLanguage\":\"pt-BR\"},{\"@type\":\"Person\",\"@id\":\"https:\/\/www.manaus.am.gov.br\/manauscult\/#\/schema\/person\/05d223aea2bf115f9883a6ff3683d81b\",\"name\":\"Bruna Greco\",\"image\":{\"@type\":\"ImageObject\",\"inLanguage\":\"pt-BR\",\"@id\":\"https:\/\/www.manaus.am.gov.br\/manauscult\/#\/schema\/person\/image\/\",\"url\":\"https:\/\/secure.gravatar.com\/avatar\/9c877d1a6adc2a055330e5c09a8653ce?s=96&d=mm&r=g\",\"contentUrl\":\"https:\/\/secure.gravatar.com\/avatar\/9c877d1a6adc2a055330e5c09a8653ce?s=96&d=mm&r=g\",\"caption\":\"Bruna Greco\"}}]}<\/script>\n<!-- \/ Yoast SEO plugin. -->","yoast_head_json":{"title":"Manaus como destino tur\u00edstico \u00e9 apresentado pela segunda vez na maior feira do setor da Am\u00e9rica Latina","description":"Com o objetivo de posicionar a capital amazonense como um dos melhores destinos tur\u00edsticos, a Prefeitura de Manaus, por meio da Funda\u00e7\u00e3o Municipal de Cultura, Turismo e Eventos (Manauscult), participa de 27 a 29\/10, da Feira Expo Abav & Collab, no Rio de Janeiro.","robots":{"index":"noindex","follow":"follow"},"og_locale":"pt_BR","og_type":"article","og_title":"Manaus como destino tur\u00edstico \u00e9 apresentado pela segunda vez na maior feira do setor da Am\u00e9rica Latina","og_description":"Com o objetivo de posicionar a capital amazonense como um dos melhores destinos tur\u00edsticos, a Prefeitura de Manaus, por meio da Funda\u00e7\u00e3o Municipal de Cultura, Turismo e Eventos (Manauscult), participa de 27 a 29\/10, da Feira Expo Abav & Collab, no Rio de Janeiro.","og_url":"https:\/\/www.manaus.am.gov.br\/manauscult\/manaus-como-destino-turistico-e-apresentado-pela-segunda-vez-na-maior-feira-do-setor-da-america-latina\/","og_site_name":"MANAUSCULT","article_published_time":"2023-09-26T15:19:23+00:00","article_modified_time":"2023-09-26T15:19:24+00:00","og_image":[{"width":1600,"height":1200,"url":"https:\/\/www.manaus.am.gov.br\/manauscult\/wp-content\/uploads\/sites\/11\/2023\/09\/Turismo-1.jpeg","type":"image\/jpeg"}],"author":"Bruna Greco","twitter_card":"summary_large_image","twitter_misc":{"Written by":"Bruna Greco","Est. reading time":"3 minutos"},"schema":{"@context":"https:\/\/schema.org","@graph":[{"@type":"WebPage","@id":"https:\/\/www.manaus.am.gov.br\/manauscult\/manaus-como-destino-turistico-e-apresentado-pela-segunda-vez-na-maior-feira-do-setor-da-america-latina\/","url":"https:\/\/www.manaus.am.gov.br\/manauscult\/manaus-como-destino-turistico-e-apresentado-pela-segunda-vez-na-maior-feira-do-setor-da-america-latina\/","name":"Manaus como destino tur\u00edstico \u00e9 apresentado pela segunda vez na maior feira do setor da Am\u00e9rica Latina","isPartOf":{"@id":"https:\/\/www.manaus.am.gov.br\/manauscult\/#website"},"primaryImageOfPage":{"@id":"https:\/\/www.manaus.am.gov.br\/manauscult\/manaus-como-destino-turistico-e-apresentado-pela-segunda-vez-na-maior-feira-do-setor-da-america-latina\/#primaryimage"},"image":{"@id":"https:\/\/www.manaus.am.gov.br\/manauscult\/manaus-como-destino-turistico-e-apresentado-pela-segunda-vez-na-maior-feira-do-setor-da-america-latina\/#primaryimage"},"thumbnailUrl":"https:\/\/www.manaus.am.gov.br\/manauscult\/wp-content\/uploads\/sites\/11\/2023\/09\/Turismo-1.jpeg","datePublished":"2023-09-26T15:19:23+00:00","dateModified":"2023-09-26T15:19:24+00:00","author":{"@id":"https:\/\/www.manaus.am.gov.br\/manauscult\/#\/schema\/person\/05d223aea2bf115f9883a6ff3683d81b"},"description":"Com o objetivo de posicionar a capital amazonense como um dos melhores destinos tur\u00edsticos, a Prefeitura de Manaus, por meio da Funda\u00e7\u00e3o Municipal de Cultura, Turismo e Eventos (Manauscult), participa de 27 a 29\/10, da Feira Expo Abav & Collab, no Rio de Janeiro.","breadcrumb":{"@id":"https:\/\/www.manaus.am.gov.br\/manauscult\/manaus-como-destino-turistico-e-apresentado-pela-segunda-vez-na-maior-feira-do-setor-da-america-latina\/#breadcrumb"},"inLanguage":"pt-BR","potentialAction":[{"@type":"ReadAction","target":["https:\/\/www.manaus.am.gov.br\/manauscult\/manaus-como-destino-turistico-e-apresentado-pela-segunda-vez-na-maior-feira-do-setor-da-america-latina\/"]}]},{"@type":"ImageObject","inLanguage":"pt-BR","@id":"https:\/\/www.manaus.am.gov.br\/manauscult\/manaus-como-destino-turistico-e-apresentado-pela-segunda-vez-na-maior-feira-do-setor-da-america-latina\/#primaryimage","url":"https:\/\/www.manaus.am.gov.br\/manauscult\/wp-content\/uploads\/sites\/11\/2023\/09\/Turismo-1.jpeg","contentUrl":"https:\/\/www.manaus.am.gov.br\/manauscult\/wp-content\/uploads\/sites\/11\/2023\/09\/Turismo-1.jpeg","width":1600,"height":1200},{"@type":"BreadcrumbList","@id":"https:\/\/www.manaus.am.gov.br\/manauscult\/manaus-como-destino-turistico-e-apresentado-pela-segunda-vez-na-maior-feira-do-setor-da-america-latina\/#breadcrumb","itemListElement":[{"@type":"ListItem","position":1,"name":"Home","item":"https:\/\/www.manaus.am.gov.br\/manauscult\/"},{"@type":"ListItem","position":2,"name":"Manaus como destino\u00a0tur\u00edstico\u00a0\u00e9 apresentado pela segunda vez na maior feira do setor da Am\u00e9rica Latina"}]},{"@type":"WebSite","@id":"https:\/\/www.manaus.am.gov.br\/manauscult\/#website","url":"https:\/\/www.manaus.am.gov.br\/manauscult\/","name":"MANAUSCULT","description":"Prefeitura de Manaus","potentialAction":[{"@type":"SearchAction","target":{"@type":"EntryPoint","urlTemplate":"https:\/\/www.manaus.am.gov.br\/manauscult\/?s={search_term_string}"},"query-input":"required name=search_term_string"}],"inLanguage":"pt-BR"},{"@type":"Person","@id":"https:\/\/www.manaus.am.gov.br\/manauscult\/#\/schema\/person\/05d223aea2bf115f9883a6ff3683d81b","name":"Bruna Greco","image":{"@type":"ImageObject","inLanguage":"pt-BR","@id":"https:\/\/www.manaus.am.gov.br\/manauscult\/#\/schema\/person\/image\/","url":"https:\/\/secure.gravatar.com\/avatar\/9c877d1a6adc2a055330e5c09a8653ce?s=96&d=mm&r=g","contentUrl":"https:\/\/secure.gravatar.com\/avatar\/9c877d1a6adc2a055330e5c09a8653ce?s=96&d=mm&r=g","caption":"Bruna Greco"}}]}},"_links":{"self":[{"href":"https:\/\/www.manaus.am.gov.br\/manauscult\/wp-json\/wp\/v2\/posts\/1573"}],"collection":[{"href":"https:\/\/www.manaus.am.gov.br\/manauscult\/wp-json\/wp\/v2\/posts"}],"about":[{"href":"https:\/\/www.manaus.am.gov.br\/manauscult\/wp-json\/wp\/v2\/types\/post"}],"author":[{"embeddable":true,"href":"https:\/\/www.manaus.am.gov.br\/manauscult\/wp-json\/wp\/v2\/users\/39"}],"replies":[{"embeddable":true,"href":"https:\/\/www.manaus.am.gov.br\/manauscult\/wp-json\/wp\/v2\/comments?post=1573"}],"version-history":[{"count":0,"href":"https:\/\/www.manaus.am.gov.br\/manauscult\/wp-json\/wp\/v2\/posts\/1573\/revisions"}],"wp:featuredmedia":[{"embeddable":true,"href":"https:\/\/www.manaus.am.gov.br\/manauscult\/wp-json\/wp\/v2\/media\/1574"}],"wp:attachment":[{"href":"https:\/\/www.manaus.am.gov.br\/manauscult\/wp-json\/wp\/v2\/media?parent=1573"}],"wp:term":[{"taxonomy":"category","embeddable":true,"href":"https:\/\/www.manaus.am.gov.br\/manauscult\/wp-json\/wp\/v2\/categories?post=1573"},{"taxonomy":"post_tag","embeddable":true,"href":"https:\/\/www.manaus.am.gov.br\/manauscult\/wp-json\/wp\/v2\/tags?post=1573"}],"curies":[{"name":"wp","href":"https:\/\/api.w.org\/{rel}","templated":true}]}}