{"id":1570,"date":"2023-09-25T19:17:43","date_gmt":"2023-09-25T23:17:43","guid":{"rendered":"https:\/\/www.manaus.am.gov.br\/manauscult\/idosos-participam-de-oficina-de-teatro-do-edital-manaus-faz-cultura-da-prefeitura\/"},"modified":"2023-09-25T21:35:49","modified_gmt":"2023-09-26T01:35:49","slug":"idosos-participam-de-oficina-de-teatro-do-edital-manaus-faz-cultura-da-prefeitura","status":"publish","type":"post","link":"https:\/\/www.manaus.am.gov.br\/manauscult\/idosos-participam-de-oficina-de-teatro-do-edital-manaus-faz-cultura-da-prefeitura\/","title":{"rendered":"<strong>Idosos participam de oficina de teatro do edital Manaus Faz Cultura da prefeitura<\/strong>"},"content":{"rendered":"\n<p><br>Com o tema \u201cLugar de Idoso \u00e9 no Palco: Estudos, Pesquisa e Forma\u00e7\u00e3o de Atores a partir de Hist\u00f3rias de Vida\u201d, a Prefeitura de Manaus, por meio da Funda\u00e7\u00e3o Municipal de Cultura, Turismo e Eventos (Manauscult) e o Conselho Municipal de Cultura (Concultura), realiza, a partir desta segunda-feira, 25\/9, uma oficina de duas turmas com 15 alunos no Parque Municipal do Idoso.<\/p>\n\n\n\n<p><br>O proponente da oficina, contemplada pelo Edital Manaus Faz Cultura 2023 \u00e9 o ator e diretor Jos\u00e9 Gomes Rodrigues de Lima, 84 anos, o mais antigo artista de teatro em atividade em Manaus.<\/p>\n\n\n\n<p><br>Para o diretor-presidente da Manauscult, Osvaldo Cardoso, a cultura precisa alcan\u00e7ar todos os n\u00edveis da sociedade para cumprir seu papel igualit\u00e1rio, plural e social.<\/p>\n\n\n\n<p><br>\u201cComo costumo dizer, na cultura encontramos a diversidade, pluralidade, igualdade e arte. Mas para isso \u00e9 preciso que n\u00f3s, como agentes p\u00fablicos desenvolvamos pol\u00edticas p\u00fablicas que alcance todos os n\u00edveis da sociedade, que possamos desempenhar o papel da cultura na sua totalidade descentralizando os servi\u00e7os para alcan\u00e7armos toda a sociedade, conforme a orienta\u00e7\u00e3o do prefeito David Almeida e o plano de governo da gest\u00e3o\u201d, ressaltou Cardoso.<br><br>O presidente do Concultura, Ten\u00f3rio Telles, destaque que o programa de oficinas Manaus Faz Cultura \u00e9 uma das a\u00e7\u00f5es mais humanas e inclusivas da Prefeitura de Manaus, pois oportuniza o acesso \u00e0 cultura dos jovens, adultos e idosos artistas, al\u00e9m de propiciar oportunidades de emprego, forma\u00e7\u00e3o e renda para os fazedores de cultura que atuam nas diversas zonas da cidade.<\/p>\n\n\n\n<p><br>&#8220;Nesta terceira edi\u00e7\u00e3o do programa, foram oferecidas cem&nbsp;oficinas nos diversos segmentos culturais, alcan\u00e7ando de jovens a idosos que anseiam por uma possibilidade de forma\u00e7\u00e3o art\u00edstica, al\u00e9m disso, o projeto cumpre parte do programa do prefeito David Almeida de descentralizar o processo e levar atividades culturais para as periferias de Manaus\u201d, pontuou.<\/p>\n\n\n\n<p><br>O diretor de Cultura do Concultura, Carlos Guedelha abriu os trabalhos levando a mensagem do prefeito David Almeida de fazer as oficinas de arte chegarem em todos os cantos e p\u00fablicos da cidade, em especial aos idosos. Ele citou a escritora imortal Cec\u00edlia Meireles, no poema &#8220;Reinven\u00e7\u00e3o&#8221;. A vida s\u00f3 \u00e9 poss\u00edvel reinventada&#8221;, destacando que a melhor forma de reinventar a vida \u00e9 atrav\u00e9s da arte.<\/p>\n\n\n\n<p><br>Segundo o proponente, Jos\u00e9 Gomes, o objetivo primeiro \u00e9 manter a autoestima elevada dos idosos, dando o protagonismo no palco mostrando suas hist\u00f3rias de vidas.<\/p>\n\n\n\n<p>&#8220;Vamos selecionar duas hist\u00f3rias ver\u00eddicas vividas por nossos alunos, roteiriz\u00e1-las e encen\u00e1-las por eles mesmos para mostrar a relev\u00e2ncia de suas exist\u00eancias&#8221;, contou Gomes. Ao final da oficina ser\u00e3o apresentadas as pe\u00e7as no dia 13\/11, no audit\u00f3rio do Parque do Idoso.<br><br>A diretora-presidente da Funda\u00e7\u00e3o Doutor Thomas (FDT) , Martha Moutinho explica a import\u00e2ncia da parceria com o Concultura e Manauscult.<\/p>\n\n\n\n<p>&nbsp;<br>\u201cEstamos felizes com esta parceria, uma oficina de teatro direcionada a pessoa &nbsp;idosa, ajuda no crescimento da autoestima, socializa\u00e7\u00e3o e, muito importante destacar que treina a mem\u00f3ria do idoso. \u00c9 uma determina\u00e7\u00e3o do prefeito David Almeida, a promo\u00e7\u00e3o \u00e0 sa\u00fade, ao envelhecimento ativo e saud\u00e1vel&#8221;, explica Martha.<\/p>\n\n\n\n<p>A empolga\u00e7\u00e3o tomou conta dos participantes das duas turmas, Alfa e \u00d4mega, onde a maioria \u00e9 oriunda de um curso feito no parque do idoso. Como a ex-funcion\u00e1ria p\u00fablica aposentada, frequentadora do parque h\u00e1 15 anos, Maria das Gra\u00e7as Gomes de Oliveira, 63 anos, que trabalhou como banc\u00e1ria, assistente social, al\u00e9m de fil\u00f3sofa.<\/p>\n\n\n\n<p>&#8220;Eu tenho 16 anos de cabe\u00e7a, e sempre participei de apresenta\u00e7\u00f5es art\u00edsticas desde crian\u00e7a na casa do meu pai e na escola&#8221;, contou Gra\u00e7a. Ela toca acordeon e piano, e o palco \u00e9 vital para sua exist\u00eancia.<br><br><br><strong>Evolu\u00e7\u00e3o<\/strong><br><br><br>O edital Manaus Faz Cultura na edi\u00e7\u00e3o de 2023 contemplou cem projetos de oficinas de conte\u00fado art\u00edstico-culturais com valor total de R$ 2 milh\u00f5es. Foram \u00a0contemplados em todas as zonas da cidade e entorno da capital, por segmentos: literatura (11), dan\u00e7a (12), teatro e circo (13), artes visuais (12), audiovisual (12), cultura \u00e9tnica (11), m\u00fasica (12), cultura popular (11), hip-hop e outros (6).<\/p>\n\n\n\n<p>No total, foram inscritos 84 projetos de audiovisual, 53 de cultura \u00e9tnica, 77 de cultura popular, 86 de dan\u00e7a, 47 de literatura, 101 de m\u00fasica, 105 de teatro e circo, e 60 de outros segmentos.<\/p>\n\n\n\n<p><br>Em 2021, foram contemplados 40 projetos; em 2022, mais 60 oficinas que descentralizaram o incentivo \u00e0 cultura em Manaus.<\/p>\n\n\n\n<p>&#8212; &#8212; &#8212;<\/p>\n\n\n\n<p><strong>Texto<\/strong>&nbsp;\u2013 Crist\u00f3v\u00e3o Nonato \/ Manauscult<\/p>\n\n\n\n<p><strong>Foto<\/strong>&nbsp;\u2013 Divulga\u00e7\u00e3o \/ Manauscult<\/p>\n","protected":false},"excerpt":{"rendered":"","protected":false},"author":31,"featured_media":1571,"comment_status":"closed","ping_status":"closed","sticky":false,"template":"","format":"standard","meta":{"footnotes":""},"categories":[700],"tags":[701,702,703,333],"acf":[],"yoast_head":"<!-- This site is optimized with the Yoast SEO plugin v23.0 - https:\/\/yoast.com\/wordpress\/plugins\/seo\/ -->\n<title>Idosos participam de oficina de teatro do edital Manaus Faz Cultura da prefeitura - MANAUSCULT<\/title>\n<meta name=\"robots\" content=\"noindex, follow\" \/>\n<meta property=\"og:locale\" content=\"pt_BR\" \/>\n<meta property=\"og:type\" content=\"article\" \/>\n<meta property=\"og:title\" content=\"Idosos participam de oficina de teatro do edital Manaus Faz Cultura da prefeitura - MANAUSCULT\" \/>\n<meta property=\"og:url\" content=\"https:\/\/www.manaus.am.gov.br\/manauscult\/idosos-participam-de-oficina-de-teatro-do-edital-manaus-faz-cultura-da-prefeitura\/\" \/>\n<meta property=\"og:site_name\" content=\"MANAUSCULT\" \/>\n<meta property=\"article:published_time\" content=\"2023-09-25T23:17:43+00:00\" \/>\n<meta property=\"article:modified_time\" content=\"2023-09-26T01:35:49+00:00\" \/>\n<meta property=\"og:image\" content=\"https:\/\/www.manaus.am.gov.br\/manauscult\/wp-content\/uploads\/sites\/11\/2023\/09\/Lugar-de-Idoso-e-no-Palco-.jpeg\" \/>\n\t<meta property=\"og:image:width\" content=\"1280\" \/>\n\t<meta property=\"og:image:height\" content=\"720\" \/>\n\t<meta property=\"og:image:type\" content=\"image\/jpeg\" \/>\n<meta name=\"author\" content=\"Renata Felix\" \/>\n<meta name=\"twitter:card\" content=\"summary_large_image\" \/>\n<meta name=\"twitter:label1\" content=\"Written by\" \/>\n\t<meta name=\"twitter:data1\" content=\"Renata Felix\" \/>\n\t<meta name=\"twitter:label2\" content=\"Est. reading time\" \/>\n\t<meta name=\"twitter:data2\" content=\"4 minutos\" \/>\n<script type=\"application\/ld+json\" class=\"yoast-schema-graph\">{\"@context\":\"https:\/\/schema.org\",\"@graph\":[{\"@type\":\"WebPage\",\"@id\":\"https:\/\/www.manaus.am.gov.br\/manauscult\/idosos-participam-de-oficina-de-teatro-do-edital-manaus-faz-cultura-da-prefeitura\/\",\"url\":\"https:\/\/www.manaus.am.gov.br\/manauscult\/idosos-participam-de-oficina-de-teatro-do-edital-manaus-faz-cultura-da-prefeitura\/\",\"name\":\"Idosos participam de oficina de teatro do edital Manaus Faz Cultura da prefeitura - MANAUSCULT\",\"isPartOf\":{\"@id\":\"https:\/\/www.manaus.am.gov.br\/manauscult\/#website\"},\"primaryImageOfPage\":{\"@id\":\"https:\/\/www.manaus.am.gov.br\/manauscult\/idosos-participam-de-oficina-de-teatro-do-edital-manaus-faz-cultura-da-prefeitura\/#primaryimage\"},\"image\":{\"@id\":\"https:\/\/www.manaus.am.gov.br\/manauscult\/idosos-participam-de-oficina-de-teatro-do-edital-manaus-faz-cultura-da-prefeitura\/#primaryimage\"},\"thumbnailUrl\":\"https:\/\/www.manaus.am.gov.br\/manauscult\/wp-content\/uploads\/sites\/11\/2023\/09\/Lugar-de-Idoso-e-no-Palco-.jpeg\",\"datePublished\":\"2023-09-25T23:17:43+00:00\",\"dateModified\":\"2023-09-26T01:35:49+00:00\",\"author\":{\"@id\":\"https:\/\/www.manaus.am.gov.br\/manauscult\/#\/schema\/person\/4eea2a8f78dc853097abb026f728aa06\"},\"breadcrumb\":{\"@id\":\"https:\/\/www.manaus.am.gov.br\/manauscult\/idosos-participam-de-oficina-de-teatro-do-edital-manaus-faz-cultura-da-prefeitura\/#breadcrumb\"},\"inLanguage\":\"pt-BR\",\"potentialAction\":[{\"@type\":\"ReadAction\",\"target\":[\"https:\/\/www.manaus.am.gov.br\/manauscult\/idosos-participam-de-oficina-de-teatro-do-edital-manaus-faz-cultura-da-prefeitura\/\"]}]},{\"@type\":\"ImageObject\",\"inLanguage\":\"pt-BR\",\"@id\":\"https:\/\/www.manaus.am.gov.br\/manauscult\/idosos-participam-de-oficina-de-teatro-do-edital-manaus-faz-cultura-da-prefeitura\/#primaryimage\",\"url\":\"https:\/\/www.manaus.am.gov.br\/manauscult\/wp-content\/uploads\/sites\/11\/2023\/09\/Lugar-de-Idoso-e-no-Palco-.jpeg\",\"contentUrl\":\"https:\/\/www.manaus.am.gov.br\/manauscult\/wp-content\/uploads\/sites\/11\/2023\/09\/Lugar-de-Idoso-e-no-Palco-.jpeg\",\"width\":1280,\"height\":720},{\"@type\":\"BreadcrumbList\",\"@id\":\"https:\/\/www.manaus.am.gov.br\/manauscult\/idosos-participam-de-oficina-de-teatro-do-edital-manaus-faz-cultura-da-prefeitura\/#breadcrumb\",\"itemListElement\":[{\"@type\":\"ListItem\",\"position\":1,\"name\":\"Home\",\"item\":\"https:\/\/www.manaus.am.gov.br\/manauscult\/\"},{\"@type\":\"ListItem\",\"position\":2,\"name\":\"Idosos participam de oficina de teatro do edital Manaus Faz Cultura da prefeitura\"}]},{\"@type\":\"WebSite\",\"@id\":\"https:\/\/www.manaus.am.gov.br\/manauscult\/#website\",\"url\":\"https:\/\/www.manaus.am.gov.br\/manauscult\/\",\"name\":\"MANAUSCULT\",\"description\":\"Prefeitura de Manaus\",\"potentialAction\":[{\"@type\":\"SearchAction\",\"target\":{\"@type\":\"EntryPoint\",\"urlTemplate\":\"https:\/\/www.manaus.am.gov.br\/manauscult\/?s={search_term_string}\"},\"query-input\":\"required name=search_term_string\"}],\"inLanguage\":\"pt-BR\"},{\"@type\":\"Person\",\"@id\":\"https:\/\/www.manaus.am.gov.br\/manauscult\/#\/schema\/person\/4eea2a8f78dc853097abb026f728aa06\",\"name\":\"Renata Felix\",\"image\":{\"@type\":\"ImageObject\",\"inLanguage\":\"pt-BR\",\"@id\":\"https:\/\/www.manaus.am.gov.br\/manauscult\/#\/schema\/person\/image\/\",\"url\":\"https:\/\/secure.gravatar.com\/avatar\/3c196cf9d3b837b24c8edb2c50fd8f29?s=96&d=mm&r=g\",\"contentUrl\":\"https:\/\/secure.gravatar.com\/avatar\/3c196cf9d3b837b24c8edb2c50fd8f29?s=96&d=mm&r=g\",\"caption\":\"Renata Felix\"}}]}<\/script>\n<!-- \/ Yoast SEO plugin. -->","yoast_head_json":{"title":"Idosos participam de oficina de teatro do edital Manaus Faz Cultura da prefeitura - MANAUSCULT","robots":{"index":"noindex","follow":"follow"},"og_locale":"pt_BR","og_type":"article","og_title":"Idosos participam de oficina de teatro do edital Manaus Faz Cultura da prefeitura - MANAUSCULT","og_url":"https:\/\/www.manaus.am.gov.br\/manauscult\/idosos-participam-de-oficina-de-teatro-do-edital-manaus-faz-cultura-da-prefeitura\/","og_site_name":"MANAUSCULT","article_published_time":"2023-09-25T23:17:43+00:00","article_modified_time":"2023-09-26T01:35:49+00:00","og_image":[{"width":1280,"height":720,"url":"https:\/\/www.manaus.am.gov.br\/manauscult\/wp-content\/uploads\/sites\/11\/2023\/09\/Lugar-de-Idoso-e-no-Palco-.jpeg","type":"image\/jpeg"}],"author":"Renata Felix","twitter_card":"summary_large_image","twitter_misc":{"Written by":"Renata Felix","Est. reading time":"4 minutos"},"schema":{"@context":"https:\/\/schema.org","@graph":[{"@type":"WebPage","@id":"https:\/\/www.manaus.am.gov.br\/manauscult\/idosos-participam-de-oficina-de-teatro-do-edital-manaus-faz-cultura-da-prefeitura\/","url":"https:\/\/www.manaus.am.gov.br\/manauscult\/idosos-participam-de-oficina-de-teatro-do-edital-manaus-faz-cultura-da-prefeitura\/","name":"Idosos participam de oficina de teatro do edital Manaus Faz Cultura da prefeitura - MANAUSCULT","isPartOf":{"@id":"https:\/\/www.manaus.am.gov.br\/manauscult\/#website"},"primaryImageOfPage":{"@id":"https:\/\/www.manaus.am.gov.br\/manauscult\/idosos-participam-de-oficina-de-teatro-do-edital-manaus-faz-cultura-da-prefeitura\/#primaryimage"},"image":{"@id":"https:\/\/www.manaus.am.gov.br\/manauscult\/idosos-participam-de-oficina-de-teatro-do-edital-manaus-faz-cultura-da-prefeitura\/#primaryimage"},"thumbnailUrl":"https:\/\/www.manaus.am.gov.br\/manauscult\/wp-content\/uploads\/sites\/11\/2023\/09\/Lugar-de-Idoso-e-no-Palco-.jpeg","datePublished":"2023-09-25T23:17:43+00:00","dateModified":"2023-09-26T01:35:49+00:00","author":{"@id":"https:\/\/www.manaus.am.gov.br\/manauscult\/#\/schema\/person\/4eea2a8f78dc853097abb026f728aa06"},"breadcrumb":{"@id":"https:\/\/www.manaus.am.gov.br\/manauscult\/idosos-participam-de-oficina-de-teatro-do-edital-manaus-faz-cultura-da-prefeitura\/#breadcrumb"},"inLanguage":"pt-BR","potentialAction":[{"@type":"ReadAction","target":["https:\/\/www.manaus.am.gov.br\/manauscult\/idosos-participam-de-oficina-de-teatro-do-edital-manaus-faz-cultura-da-prefeitura\/"]}]},{"@type":"ImageObject","inLanguage":"pt-BR","@id":"https:\/\/www.manaus.am.gov.br\/manauscult\/idosos-participam-de-oficina-de-teatro-do-edital-manaus-faz-cultura-da-prefeitura\/#primaryimage","url":"https:\/\/www.manaus.am.gov.br\/manauscult\/wp-content\/uploads\/sites\/11\/2023\/09\/Lugar-de-Idoso-e-no-Palco-.jpeg","contentUrl":"https:\/\/www.manaus.am.gov.br\/manauscult\/wp-content\/uploads\/sites\/11\/2023\/09\/Lugar-de-Idoso-e-no-Palco-.jpeg","width":1280,"height":720},{"@type":"BreadcrumbList","@id":"https:\/\/www.manaus.am.gov.br\/manauscult\/idosos-participam-de-oficina-de-teatro-do-edital-manaus-faz-cultura-da-prefeitura\/#breadcrumb","itemListElement":[{"@type":"ListItem","position":1,"name":"Home","item":"https:\/\/www.manaus.am.gov.br\/manauscult\/"},{"@type":"ListItem","position":2,"name":"Idosos participam de oficina de teatro do edital Manaus Faz Cultura da prefeitura"}]},{"@type":"WebSite","@id":"https:\/\/www.manaus.am.gov.br\/manauscult\/#website","url":"https:\/\/www.manaus.am.gov.br\/manauscult\/","name":"MANAUSCULT","description":"Prefeitura de Manaus","potentialAction":[{"@type":"SearchAction","target":{"@type":"EntryPoint","urlTemplate":"https:\/\/www.manaus.am.gov.br\/manauscult\/?s={search_term_string}"},"query-input":"required name=search_term_string"}],"inLanguage":"pt-BR"},{"@type":"Person","@id":"https:\/\/www.manaus.am.gov.br\/manauscult\/#\/schema\/person\/4eea2a8f78dc853097abb026f728aa06","name":"Renata Felix","image":{"@type":"ImageObject","inLanguage":"pt-BR","@id":"https:\/\/www.manaus.am.gov.br\/manauscult\/#\/schema\/person\/image\/","url":"https:\/\/secure.gravatar.com\/avatar\/3c196cf9d3b837b24c8edb2c50fd8f29?s=96&d=mm&r=g","contentUrl":"https:\/\/secure.gravatar.com\/avatar\/3c196cf9d3b837b24c8edb2c50fd8f29?s=96&d=mm&r=g","caption":"Renata Felix"}}]}},"_links":{"self":[{"href":"https:\/\/www.manaus.am.gov.br\/manauscult\/wp-json\/wp\/v2\/posts\/1570"}],"collection":[{"href":"https:\/\/www.manaus.am.gov.br\/manauscult\/wp-json\/wp\/v2\/posts"}],"about":[{"href":"https:\/\/www.manaus.am.gov.br\/manauscult\/wp-json\/wp\/v2\/types\/post"}],"author":[{"embeddable":true,"href":"https:\/\/www.manaus.am.gov.br\/manauscult\/wp-json\/wp\/v2\/users\/31"}],"replies":[{"embeddable":true,"href":"https:\/\/www.manaus.am.gov.br\/manauscult\/wp-json\/wp\/v2\/comments?post=1570"}],"version-history":[{"count":1,"href":"https:\/\/www.manaus.am.gov.br\/manauscult\/wp-json\/wp\/v2\/posts\/1570\/revisions"}],"predecessor-version":[{"id":1572,"href":"https:\/\/www.manaus.am.gov.br\/manauscult\/wp-json\/wp\/v2\/posts\/1570\/revisions\/1572"}],"wp:featuredmedia":[{"embeddable":true,"href":"https:\/\/www.manaus.am.gov.br\/manauscult\/wp-json\/wp\/v2\/media\/1571"}],"wp:attachment":[{"href":"https:\/\/www.manaus.am.gov.br\/manauscult\/wp-json\/wp\/v2\/media?parent=1570"}],"wp:term":[{"taxonomy":"category","embeddable":true,"href":"https:\/\/www.manaus.am.gov.br\/manauscult\/wp-json\/wp\/v2\/categories?post=1570"},{"taxonomy":"post_tag","embeddable":true,"href":"https:\/\/www.manaus.am.gov.br\/manauscult\/wp-json\/wp\/v2\/tags?post=1570"}],"curies":[{"name":"wp","href":"https:\/\/api.w.org\/{rel}","templated":true}]}}