{"id":1560,"date":"2023-09-20T10:29:04","date_gmt":"2023-09-20T14:29:04","guid":{"rendered":"https:\/\/www.manaus.am.gov.br\/manauscult\/artistas-estao-aptos-para-inscrever-projetos-culturais-apos-o-lancamento-dos-editais-da-lei-paulo-gustavo-pela-prefeitura-de-manaus\/"},"modified":"2023-09-20T10:48:16","modified_gmt":"2023-09-20T14:48:16","slug":"artistas-estao-aptos-para-inscrever-projetos-culturais-apos-o-lancamento-dos-editais-da-lei-paulo-gustavo-pela-prefeitura-de-manaus","status":"publish","type":"post","link":"https:\/\/www.manaus.am.gov.br\/manauscult\/artistas-estao-aptos-para-inscrever-projetos-culturais-apos-o-lancamento-dos-editais-da-lei-paulo-gustavo-pela-prefeitura-de-manaus\/","title":{"rendered":"<strong>Artistas est\u00e3o aptos para inscrever projetos culturais ap\u00f3s o lan\u00e7amento dos editais da Lei Paulo Gustavo pela Prefeitura de Manaus<\/strong>"},"content":{"rendered":"\n<p>Com o lan\u00e7amento dos editais da Lei Paulo Gustavo (LPG) realizado na ter\u00e7a-feira, 19\/9, pelo prefeito de Manaus, David Almeida, os artistas locais est\u00e3o aptos para inscrever projetos culturais, abrindo o certame para inscri\u00e7\u00f5es, avalia\u00e7\u00e3o, pagamento dos projetos dos segmentos de audiovisual e demais multilinguagens, at\u00e9 o fim deste ano. As inscri\u00e7\u00f5es podem ser feitas no link:&nbsp;<a href=\"https:\/\/concultura.manaus.am.gov.br\/\" target=\"_blank\" rel=\"noreferrer noopener\">https:\/\/concultura.manaus.am.gov.br\/<\/a>.<\/p>\n\n\n\n<p>Ap\u00f3s a realiza\u00e7\u00e3o de todas as etapas preparat\u00f3rias nos \u00faltimos meses, a Funda\u00e7\u00e3o Municipal de Cultura, Turismo e Eventos (Manauscult) e o Conselho Municipal de Cultura (Concultura), em parceria com o governo federal, lan\u00e7am dois editais que totalizam R$ 16 milh\u00f5es, para patroc\u00ednio dos mais de 346 projetos dos segmentos art\u00edsticos. Destes, R$ 11,71 milh\u00f5es ser\u00e3o destinados&nbsp;para os projetos do audiovisual; as demais artes: teatro e circo, cultura \u00e9tnica, cultura popular, artes visuais, literatura, m\u00fasica e dan\u00e7a ficam com R$ 4,3 milh\u00f5es. Os projetos v\u00e3o passar por um processo seletivo de an\u00e1lise e pagamento dos contemplados at\u00e9 o final do ano.&nbsp;<\/p>\n\n\n\n<p>O coordenador das a\u00e7\u00f5es preparat\u00f3rias da LPG em Manaus, Neilo Batista, vice-presidente do Concultura, acompanhou todas as a\u00e7\u00f5es preparat\u00f3rias junto \u00e0s comunidades perif\u00e9ricas e rurais. Ele refor\u00e7ou que em Manaus a LPG tem sido especialmente inclusiva, como o Minist\u00e9rio da Cultura (MinC) recomendou.<\/p>\n\n\n\n<p>&#8220;Nossa rela\u00e7\u00e3o com os segmentos art\u00edsticos e a popula\u00e7\u00e3o tem sido estreita desde o in\u00edcio da gest\u00e3o David Almeida, e agora, na implementa\u00e7\u00e3o da Lei Paulo Gustavo, nossa interface com a sociedade estava amadurecida e chegamos onde o recurso nunca chegava, como comunidades ind\u00edgenas, ribeirinhas e rurais&#8221;, relembrou Neilo.&nbsp;<\/p>\n\n\n\n<p><strong>Artistas locais<\/strong><\/p>\n\n\n\n<p>O cantor e compositor, Jander Manauara, agitador cultural e ativista da cena Hip Hop afirmou que a LPG estava sendo muito aguardada pelos artistas do Hip Hop que, segundo ele, est\u00e3o tecnicamente preparados para concorrer. &#8220;Foi muito bem arregimentada e preparada na quest\u00e3o dos editais, e a escrita dos projetos melhorou, est\u00e3o com uma qualidade melhor&#8221;, disse.<\/p>\n\n\n\n<p>Para o ativista, a expectativa maior \u00e9 o que essa &#8220;galera&#8221; vai fazer em rela\u00e7\u00e3o aos produtos, que com certeza v\u00e3o vir a partir de agora, com mais qualidade.<\/p>\n\n\n\n<p>O artista visual Jaime Di\u00e1kara Dessana disse que, em Manaus, a LPG \u00e9 muito importante, trazendo essa nova perspectiva para o artista de literatura ind\u00edgena, artes pl\u00e1sticas e o artista que trabalha com artesanatos. &#8220;Nossa participa\u00e7\u00e3o nos cursos formativos para a elabora\u00e7\u00e3o de projetos foi muito importante para ter essa facilidade de compreens\u00e3o tanto da l\u00edngua, quanto a forma de expressar seu universo, sua cosmovis\u00e3o&#8221;, explicou Di\u00e1kara, pontuando sobre os cursos dispon\u00edveis pelo Concultura aos artistas e fazedores de cultura.<\/p>\n\n\n\n<p>Para a experiente atriz Rosa Malagueta, a Lei Paulo Gustavo \u00e9 uma oportunidade indispens\u00e1vel aos artistas que precisam dos recursos depois das dificuldades acumuladas pela pandemia de Covid-19. &#8220;A gente passou tanto tempo de pandemia sem dinheiro, n\u00e3o s\u00f3 os artistas experientes, mas os novos artistas que tamb\u00e9m est\u00e3o surgindo. Eu acho fundamental esse fomento&#8221;, ressaltou.<\/p>\n\n\n\n<p>Sobre seus projetos, Rosa conta que transita tanto no Audiovisual ou Teatro. &#8220;Sou uma atriz, mas estou envolvida com todas as \u00e1reas e vou me inscrever em muitas \u00e1reas&#8221;, concluiu entusiasmada.<\/p>\n\n\n\n<p>&#8212; &#8212; &#8212;<\/p>\n\n\n\n<p><strong>Texto &#8211;<\/strong> Crist\u00f3v\u00e3o Nonato \/ Manauscult<\/p>\n\n\n\n<p><strong>Fotos \u2013<\/strong> Ruan Souza \/ Semcom<\/p>\n\n\n\n<p><strong>Dispon\u00edveis em &#8211; <\/strong><a href=\"https:\/\/flic.kr\/s\/aHBqjAVhTH\">https:\/\/flic.kr\/s\/aHBqjAVhTH<\/a><\/p>\n","protected":false},"excerpt":{"rendered":"","protected":false},"author":39,"featured_media":1564,"comment_status":"closed","ping_status":"closed","sticky":false,"template":"","format":"standard","meta":{"footnotes":""},"categories":[12],"tags":[184,45,692,693,694,9,11],"acf":[],"yoast_head":"<!-- This site is optimized with the Yoast SEO plugin v23.0 - https:\/\/yoast.com\/wordpress\/plugins\/seo\/ -->\n<title>Artistas est\u00e3o aptos para inscrever projetos culturais ap\u00f3s o lan\u00e7amento dos editais da Lei Paulo Gustavo pela Prefeitura de Manaus<\/title>\n<meta name=\"description\" content=\"Com o lan\u00e7amento dos editais da Lei Paulo Gustavo (LPG) realizado na ter\u00e7a-feira, 19\/9, pelo prefeito de Manaus, David Almeida, os artistas locais est\u00e3o aptos para inscrever projetos culturais, abrindo o certame para inscri\u00e7\u00f5es, avalia\u00e7\u00e3o, pagamento dos projetos dos segmentos de audiovisual e demais multilinguagens, at\u00e9 o fim deste ano. As inscri\u00e7\u00f5es podem ser feitas no link: https:\/\/concultura.manaus.am.gov.br\/.\" \/>\n<meta name=\"robots\" content=\"noindex, follow\" \/>\n<meta property=\"og:locale\" content=\"pt_BR\" \/>\n<meta property=\"og:type\" content=\"article\" \/>\n<meta property=\"og:title\" content=\"Artistas est\u00e3o aptos para inscrever projetos culturais ap\u00f3s o lan\u00e7amento dos editais da Lei Paulo Gustavo pela Prefeitura de Manaus\" \/>\n<meta property=\"og:description\" content=\"Com o lan\u00e7amento dos editais da Lei Paulo Gustavo (LPG) realizado na ter\u00e7a-feira, 19\/9, pelo prefeito de Manaus, David Almeida, os artistas locais est\u00e3o aptos para inscrever projetos culturais, abrindo o certame para inscri\u00e7\u00f5es, avalia\u00e7\u00e3o, pagamento dos projetos dos segmentos de audiovisual e demais multilinguagens, at\u00e9 o fim deste ano. As inscri\u00e7\u00f5es podem ser feitas no link: https:\/\/concultura.manaus.am.gov.br\/.\" \/>\n<meta property=\"og:url\" content=\"https:\/\/www.manaus.am.gov.br\/manauscult\/artistas-estao-aptos-para-inscrever-projetos-culturais-apos-o-lancamento-dos-editais-da-lei-paulo-gustavo-pela-prefeitura-de-manaus\/\" \/>\n<meta property=\"og:site_name\" content=\"MANAUSCULT\" \/>\n<meta property=\"article:published_time\" content=\"2023-09-20T14:29:04+00:00\" \/>\n<meta property=\"article:modified_time\" content=\"2023-09-20T14:48:16+00:00\" \/>\n<meta property=\"og:image\" content=\"https:\/\/www.manaus.am.gov.br\/manauscult\/wp-content\/uploads\/sites\/11\/2023\/09\/IMG_0629-1024x683.jpg\" \/>\n\t<meta property=\"og:image:width\" content=\"1024\" \/>\n\t<meta property=\"og:image:height\" content=\"683\" \/>\n\t<meta property=\"og:image:type\" content=\"image\/jpeg\" \/>\n<meta name=\"author\" content=\"Bruna Greco\" \/>\n<meta name=\"twitter:card\" content=\"summary_large_image\" \/>\n<meta name=\"twitter:label1\" content=\"Written by\" \/>\n\t<meta name=\"twitter:data1\" content=\"Bruna Greco\" \/>\n\t<meta name=\"twitter:label2\" content=\"Est. reading time\" \/>\n\t<meta name=\"twitter:data2\" content=\"3 minutos\" \/>\n<script type=\"application\/ld+json\" class=\"yoast-schema-graph\">{\"@context\":\"https:\/\/schema.org\",\"@graph\":[{\"@type\":\"WebPage\",\"@id\":\"https:\/\/www.manaus.am.gov.br\/manauscult\/artistas-estao-aptos-para-inscrever-projetos-culturais-apos-o-lancamento-dos-editais-da-lei-paulo-gustavo-pela-prefeitura-de-manaus\/\",\"url\":\"https:\/\/www.manaus.am.gov.br\/manauscult\/artistas-estao-aptos-para-inscrever-projetos-culturais-apos-o-lancamento-dos-editais-da-lei-paulo-gustavo-pela-prefeitura-de-manaus\/\",\"name\":\"Artistas est\u00e3o aptos para inscrever projetos culturais ap\u00f3s o lan\u00e7amento dos editais da Lei Paulo Gustavo pela Prefeitura de Manaus\",\"isPartOf\":{\"@id\":\"https:\/\/www.manaus.am.gov.br\/manauscult\/#website\"},\"primaryImageOfPage\":{\"@id\":\"https:\/\/www.manaus.am.gov.br\/manauscult\/artistas-estao-aptos-para-inscrever-projetos-culturais-apos-o-lancamento-dos-editais-da-lei-paulo-gustavo-pela-prefeitura-de-manaus\/#primaryimage\"},\"image\":{\"@id\":\"https:\/\/www.manaus.am.gov.br\/manauscult\/artistas-estao-aptos-para-inscrever-projetos-culturais-apos-o-lancamento-dos-editais-da-lei-paulo-gustavo-pela-prefeitura-de-manaus\/#primaryimage\"},\"thumbnailUrl\":\"https:\/\/www.manaus.am.gov.br\/manauscult\/wp-content\/uploads\/sites\/11\/2023\/09\/IMG_0629.jpg\",\"datePublished\":\"2023-09-20T14:29:04+00:00\",\"dateModified\":\"2023-09-20T14:48:16+00:00\",\"author\":{\"@id\":\"https:\/\/www.manaus.am.gov.br\/manauscult\/#\/schema\/person\/05d223aea2bf115f9883a6ff3683d81b\"},\"description\":\"Com o lan\u00e7amento dos editais da Lei Paulo Gustavo (LPG) realizado na ter\u00e7a-feira, 19\/9, pelo prefeito de Manaus, David Almeida, os artistas locais est\u00e3o aptos para inscrever projetos culturais, abrindo o certame para inscri\u00e7\u00f5es, avalia\u00e7\u00e3o, pagamento dos projetos dos segmentos de audiovisual e demais multilinguagens, at\u00e9 o fim deste ano. As inscri\u00e7\u00f5es podem ser feitas no link: https:\/\/concultura.manaus.am.gov.br\/.\",\"breadcrumb\":{\"@id\":\"https:\/\/www.manaus.am.gov.br\/manauscult\/artistas-estao-aptos-para-inscrever-projetos-culturais-apos-o-lancamento-dos-editais-da-lei-paulo-gustavo-pela-prefeitura-de-manaus\/#breadcrumb\"},\"inLanguage\":\"pt-BR\",\"potentialAction\":[{\"@type\":\"ReadAction\",\"target\":[\"https:\/\/www.manaus.am.gov.br\/manauscult\/artistas-estao-aptos-para-inscrever-projetos-culturais-apos-o-lancamento-dos-editais-da-lei-paulo-gustavo-pela-prefeitura-de-manaus\/\"]}]},{\"@type\":\"ImageObject\",\"inLanguage\":\"pt-BR\",\"@id\":\"https:\/\/www.manaus.am.gov.br\/manauscult\/artistas-estao-aptos-para-inscrever-projetos-culturais-apos-o-lancamento-dos-editais-da-lei-paulo-gustavo-pela-prefeitura-de-manaus\/#primaryimage\",\"url\":\"https:\/\/www.manaus.am.gov.br\/manauscult\/wp-content\/uploads\/sites\/11\/2023\/09\/IMG_0629.jpg\",\"contentUrl\":\"https:\/\/www.manaus.am.gov.br\/manauscult\/wp-content\/uploads\/sites\/11\/2023\/09\/IMG_0629.jpg\",\"width\":6000,\"height\":4000},{\"@type\":\"BreadcrumbList\",\"@id\":\"https:\/\/www.manaus.am.gov.br\/manauscult\/artistas-estao-aptos-para-inscrever-projetos-culturais-apos-o-lancamento-dos-editais-da-lei-paulo-gustavo-pela-prefeitura-de-manaus\/#breadcrumb\",\"itemListElement\":[{\"@type\":\"ListItem\",\"position\":1,\"name\":\"Home\",\"item\":\"https:\/\/www.manaus.am.gov.br\/manauscult\/\"},{\"@type\":\"ListItem\",\"position\":2,\"name\":\"Artistas est\u00e3o aptos para inscrever projetos culturais ap\u00f3s o lan\u00e7amento dos editais da Lei Paulo Gustavo pela Prefeitura de Manaus\"}]},{\"@type\":\"WebSite\",\"@id\":\"https:\/\/www.manaus.am.gov.br\/manauscult\/#website\",\"url\":\"https:\/\/www.manaus.am.gov.br\/manauscult\/\",\"name\":\"MANAUSCULT\",\"description\":\"Prefeitura de Manaus\",\"potentialAction\":[{\"@type\":\"SearchAction\",\"target\":{\"@type\":\"EntryPoint\",\"urlTemplate\":\"https:\/\/www.manaus.am.gov.br\/manauscult\/?s={search_term_string}\"},\"query-input\":\"required name=search_term_string\"}],\"inLanguage\":\"pt-BR\"},{\"@type\":\"Person\",\"@id\":\"https:\/\/www.manaus.am.gov.br\/manauscult\/#\/schema\/person\/05d223aea2bf115f9883a6ff3683d81b\",\"name\":\"Bruna Greco\",\"image\":{\"@type\":\"ImageObject\",\"inLanguage\":\"pt-BR\",\"@id\":\"https:\/\/www.manaus.am.gov.br\/manauscult\/#\/schema\/person\/image\/\",\"url\":\"https:\/\/secure.gravatar.com\/avatar\/9c877d1a6adc2a055330e5c09a8653ce?s=96&d=mm&r=g\",\"contentUrl\":\"https:\/\/secure.gravatar.com\/avatar\/9c877d1a6adc2a055330e5c09a8653ce?s=96&d=mm&r=g\",\"caption\":\"Bruna Greco\"}}]}<\/script>\n<!-- \/ Yoast SEO plugin. -->","yoast_head_json":{"title":"Artistas est\u00e3o aptos para inscrever projetos culturais ap\u00f3s o lan\u00e7amento dos editais da Lei Paulo Gustavo pela Prefeitura de Manaus","description":"Com o lan\u00e7amento dos editais da Lei Paulo Gustavo (LPG) realizado na ter\u00e7a-feira, 19\/9, pelo prefeito de Manaus, David Almeida, os artistas locais est\u00e3o aptos para inscrever projetos culturais, abrindo o certame para inscri\u00e7\u00f5es, avalia\u00e7\u00e3o, pagamento dos projetos dos segmentos de audiovisual e demais multilinguagens, at\u00e9 o fim deste ano. As inscri\u00e7\u00f5es podem ser feitas no link: https:\/\/concultura.manaus.am.gov.br\/.","robots":{"index":"noindex","follow":"follow"},"og_locale":"pt_BR","og_type":"article","og_title":"Artistas est\u00e3o aptos para inscrever projetos culturais ap\u00f3s o lan\u00e7amento dos editais da Lei Paulo Gustavo pela Prefeitura de Manaus","og_description":"Com o lan\u00e7amento dos editais da Lei Paulo Gustavo (LPG) realizado na ter\u00e7a-feira, 19\/9, pelo prefeito de Manaus, David Almeida, os artistas locais est\u00e3o aptos para inscrever projetos culturais, abrindo o certame para inscri\u00e7\u00f5es, avalia\u00e7\u00e3o, pagamento dos projetos dos segmentos de audiovisual e demais multilinguagens, at\u00e9 o fim deste ano. As inscri\u00e7\u00f5es podem ser feitas no link: https:\/\/concultura.manaus.am.gov.br\/.","og_url":"https:\/\/www.manaus.am.gov.br\/manauscult\/artistas-estao-aptos-para-inscrever-projetos-culturais-apos-o-lancamento-dos-editais-da-lei-paulo-gustavo-pela-prefeitura-de-manaus\/","og_site_name":"MANAUSCULT","article_published_time":"2023-09-20T14:29:04+00:00","article_modified_time":"2023-09-20T14:48:16+00:00","og_image":[{"width":1024,"height":683,"url":"https:\/\/www.manaus.am.gov.br\/manauscult\/wp-content\/uploads\/sites\/11\/2023\/09\/IMG_0629-1024x683.jpg","type":"image\/jpeg"}],"author":"Bruna Greco","twitter_card":"summary_large_image","twitter_misc":{"Written by":"Bruna Greco","Est. reading time":"3 minutos"},"schema":{"@context":"https:\/\/schema.org","@graph":[{"@type":"WebPage","@id":"https:\/\/www.manaus.am.gov.br\/manauscult\/artistas-estao-aptos-para-inscrever-projetos-culturais-apos-o-lancamento-dos-editais-da-lei-paulo-gustavo-pela-prefeitura-de-manaus\/","url":"https:\/\/www.manaus.am.gov.br\/manauscult\/artistas-estao-aptos-para-inscrever-projetos-culturais-apos-o-lancamento-dos-editais-da-lei-paulo-gustavo-pela-prefeitura-de-manaus\/","name":"Artistas est\u00e3o aptos para inscrever projetos culturais ap\u00f3s o lan\u00e7amento dos editais da Lei Paulo Gustavo pela Prefeitura de Manaus","isPartOf":{"@id":"https:\/\/www.manaus.am.gov.br\/manauscult\/#website"},"primaryImageOfPage":{"@id":"https:\/\/www.manaus.am.gov.br\/manauscult\/artistas-estao-aptos-para-inscrever-projetos-culturais-apos-o-lancamento-dos-editais-da-lei-paulo-gustavo-pela-prefeitura-de-manaus\/#primaryimage"},"image":{"@id":"https:\/\/www.manaus.am.gov.br\/manauscult\/artistas-estao-aptos-para-inscrever-projetos-culturais-apos-o-lancamento-dos-editais-da-lei-paulo-gustavo-pela-prefeitura-de-manaus\/#primaryimage"},"thumbnailUrl":"https:\/\/www.manaus.am.gov.br\/manauscult\/wp-content\/uploads\/sites\/11\/2023\/09\/IMG_0629.jpg","datePublished":"2023-09-20T14:29:04+00:00","dateModified":"2023-09-20T14:48:16+00:00","author":{"@id":"https:\/\/www.manaus.am.gov.br\/manauscult\/#\/schema\/person\/05d223aea2bf115f9883a6ff3683d81b"},"description":"Com o lan\u00e7amento dos editais da Lei Paulo Gustavo (LPG) realizado na ter\u00e7a-feira, 19\/9, pelo prefeito de Manaus, David Almeida, os artistas locais est\u00e3o aptos para inscrever projetos culturais, abrindo o certame para inscri\u00e7\u00f5es, avalia\u00e7\u00e3o, pagamento dos projetos dos segmentos de audiovisual e demais multilinguagens, at\u00e9 o fim deste ano. As inscri\u00e7\u00f5es podem ser feitas no link: https:\/\/concultura.manaus.am.gov.br\/.","breadcrumb":{"@id":"https:\/\/www.manaus.am.gov.br\/manauscult\/artistas-estao-aptos-para-inscrever-projetos-culturais-apos-o-lancamento-dos-editais-da-lei-paulo-gustavo-pela-prefeitura-de-manaus\/#breadcrumb"},"inLanguage":"pt-BR","potentialAction":[{"@type":"ReadAction","target":["https:\/\/www.manaus.am.gov.br\/manauscult\/artistas-estao-aptos-para-inscrever-projetos-culturais-apos-o-lancamento-dos-editais-da-lei-paulo-gustavo-pela-prefeitura-de-manaus\/"]}]},{"@type":"ImageObject","inLanguage":"pt-BR","@id":"https:\/\/www.manaus.am.gov.br\/manauscult\/artistas-estao-aptos-para-inscrever-projetos-culturais-apos-o-lancamento-dos-editais-da-lei-paulo-gustavo-pela-prefeitura-de-manaus\/#primaryimage","url":"https:\/\/www.manaus.am.gov.br\/manauscult\/wp-content\/uploads\/sites\/11\/2023\/09\/IMG_0629.jpg","contentUrl":"https:\/\/www.manaus.am.gov.br\/manauscult\/wp-content\/uploads\/sites\/11\/2023\/09\/IMG_0629.jpg","width":6000,"height":4000},{"@type":"BreadcrumbList","@id":"https:\/\/www.manaus.am.gov.br\/manauscult\/artistas-estao-aptos-para-inscrever-projetos-culturais-apos-o-lancamento-dos-editais-da-lei-paulo-gustavo-pela-prefeitura-de-manaus\/#breadcrumb","itemListElement":[{"@type":"ListItem","position":1,"name":"Home","item":"https:\/\/www.manaus.am.gov.br\/manauscult\/"},{"@type":"ListItem","position":2,"name":"Artistas est\u00e3o aptos para inscrever projetos culturais ap\u00f3s o lan\u00e7amento dos editais da Lei Paulo Gustavo pela Prefeitura de Manaus"}]},{"@type":"WebSite","@id":"https:\/\/www.manaus.am.gov.br\/manauscult\/#website","url":"https:\/\/www.manaus.am.gov.br\/manauscult\/","name":"MANAUSCULT","description":"Prefeitura de Manaus","potentialAction":[{"@type":"SearchAction","target":{"@type":"EntryPoint","urlTemplate":"https:\/\/www.manaus.am.gov.br\/manauscult\/?s={search_term_string}"},"query-input":"required name=search_term_string"}],"inLanguage":"pt-BR"},{"@type":"Person","@id":"https:\/\/www.manaus.am.gov.br\/manauscult\/#\/schema\/person\/05d223aea2bf115f9883a6ff3683d81b","name":"Bruna Greco","image":{"@type":"ImageObject","inLanguage":"pt-BR","@id":"https:\/\/www.manaus.am.gov.br\/manauscult\/#\/schema\/person\/image\/","url":"https:\/\/secure.gravatar.com\/avatar\/9c877d1a6adc2a055330e5c09a8653ce?s=96&d=mm&r=g","contentUrl":"https:\/\/secure.gravatar.com\/avatar\/9c877d1a6adc2a055330e5c09a8653ce?s=96&d=mm&r=g","caption":"Bruna Greco"}}]}},"_links":{"self":[{"href":"https:\/\/www.manaus.am.gov.br\/manauscult\/wp-json\/wp\/v2\/posts\/1560"}],"collection":[{"href":"https:\/\/www.manaus.am.gov.br\/manauscult\/wp-json\/wp\/v2\/posts"}],"about":[{"href":"https:\/\/www.manaus.am.gov.br\/manauscult\/wp-json\/wp\/v2\/types\/post"}],"author":[{"embeddable":true,"href":"https:\/\/www.manaus.am.gov.br\/manauscult\/wp-json\/wp\/v2\/users\/39"}],"replies":[{"embeddable":true,"href":"https:\/\/www.manaus.am.gov.br\/manauscult\/wp-json\/wp\/v2\/comments?post=1560"}],"version-history":[{"count":1,"href":"https:\/\/www.manaus.am.gov.br\/manauscult\/wp-json\/wp\/v2\/posts\/1560\/revisions"}],"predecessor-version":[{"id":1563,"href":"https:\/\/www.manaus.am.gov.br\/manauscult\/wp-json\/wp\/v2\/posts\/1560\/revisions\/1563"}],"wp:featuredmedia":[{"embeddable":true,"href":"https:\/\/www.manaus.am.gov.br\/manauscult\/wp-json\/wp\/v2\/media\/1564"}],"wp:attachment":[{"href":"https:\/\/www.manaus.am.gov.br\/manauscult\/wp-json\/wp\/v2\/media?parent=1560"}],"wp:term":[{"taxonomy":"category","embeddable":true,"href":"https:\/\/www.manaus.am.gov.br\/manauscult\/wp-json\/wp\/v2\/categories?post=1560"},{"taxonomy":"post_tag","embeddable":true,"href":"https:\/\/www.manaus.am.gov.br\/manauscult\/wp-json\/wp\/v2\/tags?post=1560"}],"curies":[{"name":"wp","href":"https:\/\/api.w.org\/{rel}","templated":true}]}}