{"id":1558,"date":"2023-09-19T14:50:55","date_gmt":"2023-09-19T18:50:55","guid":{"rendered":"https:\/\/www.manaus.am.gov.br\/manauscult\/prefeito-editais-lei-paulo-gustavo\/"},"modified":"2023-09-19T14:50:57","modified_gmt":"2023-09-19T18:50:57","slug":"prefeito-editais-lei-paulo-gustavo","status":"publish","type":"post","link":"https:\/\/www.manaus.am.gov.br\/manauscult\/prefeito-editais-lei-paulo-gustavo\/","title":{"rendered":"<strong>Prefeito lan\u00e7a editais com R$ 16 milh\u00f5es da Lei Paulo Gustavo para financiar cultura em Manaus<\/strong>"},"content":{"rendered":"\n<p>O prefeito de Manaus, David Almeida, realizou, na manh\u00e3 desta ter\u00e7a-feira, 19\/9, o lan\u00e7amento de dois editais da Lei Paulo Gustavo (LPG) com R$ 16 milh\u00f5es para financiar, em parceria com o governo federal, projetos culturais em Manaus. O evento aconteceu no Casar\u00e3o da Inova\u00e7\u00e3o Cassina,&nbsp;na pra\u00e7a Dom Pedro II, centro hist\u00f3rico da cidade.<\/p>\n\n\n\n<p>Na ocasi\u00e3o, o chefe do Executivo municipal refor\u00e7ou o objetivo de alcan\u00e7ar cada vez mais artistas e fazedores de cultura do audiovisual e demais segmentos, e assegurou que Manaus ter\u00e1 ainda mais investimentos financeiros.<\/p>\n\n\n\n<p>\u201cN\u00f3s estamos buscando fazer a mudan\u00e7a e a transforma\u00e7\u00e3o na cidade de Manaus, n\u00f3s temos dois editais, hoje o da Paulo Gustavo, e tamb\u00e9m Aldir Blanc no ano que vem, ent\u00e3o n\u00f3s vamos ter aqui algo em torno de R$ 32 milh\u00f5es para fazer cultura local, um apoio do governo federal que d\u00e1 \u00e0 nossa classe art\u00edstica e cultural oportunidades, e faz com que n\u00f3s possamos fomentar a cultura, e tamb\u00e9m a partir desses recursos, possamos prospectar fazer os eventos preparat\u00f3rios para o pr\u00f3ximo #SouManaus\u201d, disse Almeida.<\/p>\n\n\n\n<p>Os dois editais da LPG contemplam todos os segmentos art\u00edsticos, sendo que a maior parte do recurso foi direcionado para o audiovisual com R$ 11,71 milh\u00f5es e as demais artes, teatro e circo, cultura \u00e9tnica, cultura popular, artes visuais, literatura, m\u00fasica e dan\u00e7a receber\u00e3o R$ 4,3 milh\u00f5es. Os certames s\u00e3o coordenados pelo Conselho Municipal de Cultura (Concultura), vinculado \u00e0 Funda\u00e7\u00e3o Municipal de Cultura, Turismo e Eventos (Manauscult).<\/p>\n\n\n\n<p>Segundo o diretor-presidente da Manauscult, Osvaldo Cardoso, a cultura local vive um novo momento com investimentos em pequenos e grandes eventos como o #SouManaus Passo a Pa\u00e7o 2023, que teve recorde de p\u00fablico com 420 mil pessoas.<\/p>\n\n\n\n<p>\u201cA realidade \u00e9 que o momento cultural da nossa cidade \u00e9 outro, n\u00f3s fizemos este ano o maior festival folcl\u00f3rico da hist\u00f3ria, n\u00f3s fizemos o maior #SouManaus de todos os tempos, e agora com os aportes financeiros do governo federal na \u00e1rea cultural em todo o Brasil e em Manaus, teremos a possibilidade de avan\u00e7ar ainda mais\u201d, disse Cardoso, ao destacar os pr\u00f3ximos grandes eventos promovidos pela prefeitura.\u201dAinda este ano n\u00f3s teremos o anivers\u00e1rio de Manaus, o R\u00e9veillon e j\u00e1 estamos nos organizando para que o #SouManaus do ano que vem seja muito maior do que esse, vamos investir tamb\u00e9m nos pequenos festivais nos bairros, e tudo isso s\u00f3 \u00e9 poss\u00edvel pela gest\u00e3o da Prefeitura de Manaus que leva a s\u00e9rio a quest\u00e3o cultural, tur\u00edstica e de grandes eventos\u201d.<\/p>\n\n\n\n<p>A previs\u00e3o \u00e9 beneficiar at\u00e9 346 projetos com os editais da LPG. Eles passar\u00e3o por um processo seletivo de an\u00e1lise e pagamento dos contemplados at\u00e9 o final do ano. O presidente do Concultura, Ten\u00f3rio Telles, convidou os artistas a participarem dos editais e explicou que os projetos passar\u00e3o por um processo seletivo de an\u00e1lise.<\/p>\n\n\n\n<p>\u201cN\u00f3s estamos desde o ano passado trabalhando para que pud\u00e9ssemos fazer uma implementa\u00e7\u00e3o transparente, correta e que realmente beneficie os artistas da nossa cidade. Os artistas ter\u00e3o 20 dias para fazer o cadastro pr\u00e9vio, a inscri\u00e7\u00e3o do seu projeto, ap\u00f3s isso haver\u00e1 a an\u00e1lise desses projetos, e durante o m\u00eas de outubro, in\u00edcio de novembro, vamos divulgar os resultados, e a nossa expectativa \u00e9 que at\u00e9 a segunda quinzena de dezembro n\u00f3s estejamos pagando todos os projetos que foram contemplados\u201d, informou o presidente.<\/p>\n\n\n\n<p>As inscri\u00e7\u00f5es para os editais da Paulo Gustavo em Manaus j\u00e1 est\u00e3o abertas e seguem at\u00e9 o dia 9 de outubro de 2023. Os interessados podem fazer a inscri\u00e7\u00e3o por meio do site:&nbsp;<a href=\"https:\/\/concultura.manaus.am.gov.br\/lei-paulo-gustavo\" target=\"_blank\" rel=\"noreferrer noopener\">https:\/\/concultura.manaus.am.gov.br\/lei-paulo-gustavo<\/a>&nbsp;.<\/p>\n\n\n\n<p>&#8212; &#8212; &#8212;<\/p>\n\n\n\n<p><strong>Texto<\/strong> &#8211; Beathriz Torres e Hellen Miranda \/ Semcom<\/p>\n\n\n\n<p><strong>Fotos<\/strong> \u2013 Cl\u00f3vis Miranda \/ Semcom<\/p>\n\n\n\n<p><strong>Dispon\u00edveis em<\/strong> &#8211; https:\/\/flic.kr\/s\/aHBqjAVhTH<\/p>\n","protected":false},"excerpt":{"rendered":"","protected":false},"author":25,"featured_media":1559,"comment_status":"closed","ping_status":"closed","sticky":false,"template":"","format":"standard","meta":{"footnotes":""},"categories":[12],"tags":[67,48,10,223],"acf":[],"yoast_head":"<!-- This site is optimized with the Yoast SEO plugin v23.0 - https:\/\/yoast.com\/wordpress\/plugins\/seo\/ -->\n<title>Prefeito lan\u00e7a editais com R$ 16 milh\u00f5es da Lei Paulo Gustavo para financiar cultura em Manaus<\/title>\n<meta name=\"description\" content=\"O prefeito de Manaus, David Almeida, realizou, na manh\u00e3 desta ter\u00e7a-feira, 19\/9, o lan\u00e7amento de dois editais da Lei Paulo Gustavo (LPG)\" \/>\n<meta name=\"robots\" content=\"noindex, follow\" \/>\n<meta property=\"og:locale\" content=\"pt_BR\" \/>\n<meta property=\"og:type\" content=\"article\" \/>\n<meta property=\"og:title\" content=\"Prefeito lan\u00e7a editais com R$ 16 milh\u00f5es da Lei Paulo Gustavo para financiar cultura em Manaus\" \/>\n<meta property=\"og:description\" content=\"O prefeito de Manaus, David Almeida, realizou, na manh\u00e3 desta ter\u00e7a-feira, 19\/9, o lan\u00e7amento de dois editais da Lei Paulo Gustavo (LPG)\" \/>\n<meta property=\"og:url\" content=\"https:\/\/www.manaus.am.gov.br\/manauscult\/prefeito-editais-lei-paulo-gustavo\/\" \/>\n<meta property=\"og:site_name\" content=\"MANAUSCULT\" \/>\n<meta property=\"article:published_time\" content=\"2023-09-19T18:50:55+00:00\" \/>\n<meta property=\"article:modified_time\" content=\"2023-09-19T18:50:57+00:00\" \/>\n<meta property=\"og:image\" content=\"https:\/\/www.manaus.am.gov.br\/manauscult\/wp-content\/uploads\/sites\/11\/2023\/09\/53198872484_2e66c53b36_c.jpg\" \/>\n\t<meta property=\"og:image:width\" content=\"799\" \/>\n\t<meta property=\"og:image:height\" content=\"533\" \/>\n\t<meta property=\"og:image:type\" content=\"image\/jpeg\" \/>\n<meta name=\"author\" content=\"Maur\u00edcio Freire\" \/>\n<meta name=\"twitter:card\" content=\"summary_large_image\" \/>\n<meta name=\"twitter:label1\" content=\"Written by\" \/>\n\t<meta name=\"twitter:data1\" content=\"Maur\u00edcio Freire\" \/>\n\t<meta name=\"twitter:label2\" content=\"Est. reading time\" \/>\n\t<meta name=\"twitter:data2\" content=\"4 minutos\" \/>\n<script type=\"application\/ld+json\" class=\"yoast-schema-graph\">{\"@context\":\"https:\/\/schema.org\",\"@graph\":[{\"@type\":\"WebPage\",\"@id\":\"https:\/\/www.manaus.am.gov.br\/manauscult\/prefeito-editais-lei-paulo-gustavo\/\",\"url\":\"https:\/\/www.manaus.am.gov.br\/manauscult\/prefeito-editais-lei-paulo-gustavo\/\",\"name\":\"Prefeito lan\u00e7a editais com R$ 16 milh\u00f5es da Lei Paulo Gustavo para financiar cultura em Manaus\",\"isPartOf\":{\"@id\":\"https:\/\/www.manaus.am.gov.br\/manauscult\/#website\"},\"primaryImageOfPage\":{\"@id\":\"https:\/\/www.manaus.am.gov.br\/manauscult\/prefeito-editais-lei-paulo-gustavo\/#primaryimage\"},\"image\":{\"@id\":\"https:\/\/www.manaus.am.gov.br\/manauscult\/prefeito-editais-lei-paulo-gustavo\/#primaryimage\"},\"thumbnailUrl\":\"https:\/\/www.manaus.am.gov.br\/manauscult\/wp-content\/uploads\/sites\/11\/2023\/09\/53198872484_2e66c53b36_c.jpg\",\"datePublished\":\"2023-09-19T18:50:55+00:00\",\"dateModified\":\"2023-09-19T18:50:57+00:00\",\"author\":{\"@id\":\"https:\/\/www.manaus.am.gov.br\/manauscult\/#\/schema\/person\/587989a23a463cde5618e6a028977a9a\"},\"description\":\"O prefeito de Manaus, David Almeida, realizou, na manh\u00e3 desta ter\u00e7a-feira, 19\/9, o lan\u00e7amento de dois editais da Lei Paulo Gustavo (LPG)\",\"breadcrumb\":{\"@id\":\"https:\/\/www.manaus.am.gov.br\/manauscult\/prefeito-editais-lei-paulo-gustavo\/#breadcrumb\"},\"inLanguage\":\"pt-BR\",\"potentialAction\":[{\"@type\":\"ReadAction\",\"target\":[\"https:\/\/www.manaus.am.gov.br\/manauscult\/prefeito-editais-lei-paulo-gustavo\/\"]}]},{\"@type\":\"ImageObject\",\"inLanguage\":\"pt-BR\",\"@id\":\"https:\/\/www.manaus.am.gov.br\/manauscult\/prefeito-editais-lei-paulo-gustavo\/#primaryimage\",\"url\":\"https:\/\/www.manaus.am.gov.br\/manauscult\/wp-content\/uploads\/sites\/11\/2023\/09\/53198872484_2e66c53b36_c.jpg\",\"contentUrl\":\"https:\/\/www.manaus.am.gov.br\/manauscult\/wp-content\/uploads\/sites\/11\/2023\/09\/53198872484_2e66c53b36_c.jpg\",\"width\":799,\"height\":533},{\"@type\":\"BreadcrumbList\",\"@id\":\"https:\/\/www.manaus.am.gov.br\/manauscult\/prefeito-editais-lei-paulo-gustavo\/#breadcrumb\",\"itemListElement\":[{\"@type\":\"ListItem\",\"position\":1,\"name\":\"Home\",\"item\":\"https:\/\/www.manaus.am.gov.br\/manauscult\/\"},{\"@type\":\"ListItem\",\"position\":2,\"name\":\"Prefeito lan\u00e7a editais com R$ 16 milh\u00f5es da Lei Paulo Gustavo para financiar cultura em Manaus\"}]},{\"@type\":\"WebSite\",\"@id\":\"https:\/\/www.manaus.am.gov.br\/manauscult\/#website\",\"url\":\"https:\/\/www.manaus.am.gov.br\/manauscult\/\",\"name\":\"MANAUSCULT\",\"description\":\"Prefeitura de Manaus\",\"potentialAction\":[{\"@type\":\"SearchAction\",\"target\":{\"@type\":\"EntryPoint\",\"urlTemplate\":\"https:\/\/www.manaus.am.gov.br\/manauscult\/?s={search_term_string}\"},\"query-input\":\"required name=search_term_string\"}],\"inLanguage\":\"pt-BR\"},{\"@type\":\"Person\",\"@id\":\"https:\/\/www.manaus.am.gov.br\/manauscult\/#\/schema\/person\/587989a23a463cde5618e6a028977a9a\",\"name\":\"Maur\u00edcio Freire\",\"image\":{\"@type\":\"ImageObject\",\"inLanguage\":\"pt-BR\",\"@id\":\"https:\/\/www.manaus.am.gov.br\/manauscult\/#\/schema\/person\/image\/\",\"url\":\"https:\/\/secure.gravatar.com\/avatar\/dc1481799a1f75c733ac3b2634cd6749?s=96&d=mm&r=g\",\"contentUrl\":\"https:\/\/secure.gravatar.com\/avatar\/dc1481799a1f75c733ac3b2634cd6749?s=96&d=mm&r=g\",\"caption\":\"Maur\u00edcio Freire\"}}]}<\/script>\n<!-- \/ Yoast SEO plugin. -->","yoast_head_json":{"title":"Prefeito lan\u00e7a editais com R$ 16 milh\u00f5es da Lei Paulo Gustavo para financiar cultura em Manaus","description":"O prefeito de Manaus, David Almeida, realizou, na manh\u00e3 desta ter\u00e7a-feira, 19\/9, o lan\u00e7amento de dois editais da Lei Paulo Gustavo (LPG)","robots":{"index":"noindex","follow":"follow"},"og_locale":"pt_BR","og_type":"article","og_title":"Prefeito lan\u00e7a editais com R$ 16 milh\u00f5es da Lei Paulo Gustavo para financiar cultura em Manaus","og_description":"O prefeito de Manaus, David Almeida, realizou, na manh\u00e3 desta ter\u00e7a-feira, 19\/9, o lan\u00e7amento de dois editais da Lei Paulo Gustavo (LPG)","og_url":"https:\/\/www.manaus.am.gov.br\/manauscult\/prefeito-editais-lei-paulo-gustavo\/","og_site_name":"MANAUSCULT","article_published_time":"2023-09-19T18:50:55+00:00","article_modified_time":"2023-09-19T18:50:57+00:00","og_image":[{"width":799,"height":533,"url":"https:\/\/www.manaus.am.gov.br\/manauscult\/wp-content\/uploads\/sites\/11\/2023\/09\/53198872484_2e66c53b36_c.jpg","type":"image\/jpeg"}],"author":"Maur\u00edcio Freire","twitter_card":"summary_large_image","twitter_misc":{"Written by":"Maur\u00edcio Freire","Est. reading time":"4 minutos"},"schema":{"@context":"https:\/\/schema.org","@graph":[{"@type":"WebPage","@id":"https:\/\/www.manaus.am.gov.br\/manauscult\/prefeito-editais-lei-paulo-gustavo\/","url":"https:\/\/www.manaus.am.gov.br\/manauscult\/prefeito-editais-lei-paulo-gustavo\/","name":"Prefeito lan\u00e7a editais com R$ 16 milh\u00f5es da Lei Paulo Gustavo para financiar cultura em Manaus","isPartOf":{"@id":"https:\/\/www.manaus.am.gov.br\/manauscult\/#website"},"primaryImageOfPage":{"@id":"https:\/\/www.manaus.am.gov.br\/manauscult\/prefeito-editais-lei-paulo-gustavo\/#primaryimage"},"image":{"@id":"https:\/\/www.manaus.am.gov.br\/manauscult\/prefeito-editais-lei-paulo-gustavo\/#primaryimage"},"thumbnailUrl":"https:\/\/www.manaus.am.gov.br\/manauscult\/wp-content\/uploads\/sites\/11\/2023\/09\/53198872484_2e66c53b36_c.jpg","datePublished":"2023-09-19T18:50:55+00:00","dateModified":"2023-09-19T18:50:57+00:00","author":{"@id":"https:\/\/www.manaus.am.gov.br\/manauscult\/#\/schema\/person\/587989a23a463cde5618e6a028977a9a"},"description":"O prefeito de Manaus, David Almeida, realizou, na manh\u00e3 desta ter\u00e7a-feira, 19\/9, o lan\u00e7amento de dois editais da Lei Paulo Gustavo (LPG)","breadcrumb":{"@id":"https:\/\/www.manaus.am.gov.br\/manauscult\/prefeito-editais-lei-paulo-gustavo\/#breadcrumb"},"inLanguage":"pt-BR","potentialAction":[{"@type":"ReadAction","target":["https:\/\/www.manaus.am.gov.br\/manauscult\/prefeito-editais-lei-paulo-gustavo\/"]}]},{"@type":"ImageObject","inLanguage":"pt-BR","@id":"https:\/\/www.manaus.am.gov.br\/manauscult\/prefeito-editais-lei-paulo-gustavo\/#primaryimage","url":"https:\/\/www.manaus.am.gov.br\/manauscult\/wp-content\/uploads\/sites\/11\/2023\/09\/53198872484_2e66c53b36_c.jpg","contentUrl":"https:\/\/www.manaus.am.gov.br\/manauscult\/wp-content\/uploads\/sites\/11\/2023\/09\/53198872484_2e66c53b36_c.jpg","width":799,"height":533},{"@type":"BreadcrumbList","@id":"https:\/\/www.manaus.am.gov.br\/manauscult\/prefeito-editais-lei-paulo-gustavo\/#breadcrumb","itemListElement":[{"@type":"ListItem","position":1,"name":"Home","item":"https:\/\/www.manaus.am.gov.br\/manauscult\/"},{"@type":"ListItem","position":2,"name":"Prefeito lan\u00e7a editais com R$ 16 milh\u00f5es da Lei Paulo Gustavo para financiar cultura em Manaus"}]},{"@type":"WebSite","@id":"https:\/\/www.manaus.am.gov.br\/manauscult\/#website","url":"https:\/\/www.manaus.am.gov.br\/manauscult\/","name":"MANAUSCULT","description":"Prefeitura de Manaus","potentialAction":[{"@type":"SearchAction","target":{"@type":"EntryPoint","urlTemplate":"https:\/\/www.manaus.am.gov.br\/manauscult\/?s={search_term_string}"},"query-input":"required name=search_term_string"}],"inLanguage":"pt-BR"},{"@type":"Person","@id":"https:\/\/www.manaus.am.gov.br\/manauscult\/#\/schema\/person\/587989a23a463cde5618e6a028977a9a","name":"Maur\u00edcio Freire","image":{"@type":"ImageObject","inLanguage":"pt-BR","@id":"https:\/\/www.manaus.am.gov.br\/manauscult\/#\/schema\/person\/image\/","url":"https:\/\/secure.gravatar.com\/avatar\/dc1481799a1f75c733ac3b2634cd6749?s=96&d=mm&r=g","contentUrl":"https:\/\/secure.gravatar.com\/avatar\/dc1481799a1f75c733ac3b2634cd6749?s=96&d=mm&r=g","caption":"Maur\u00edcio Freire"}}]}},"_links":{"self":[{"href":"https:\/\/www.manaus.am.gov.br\/manauscult\/wp-json\/wp\/v2\/posts\/1558"}],"collection":[{"href":"https:\/\/www.manaus.am.gov.br\/manauscult\/wp-json\/wp\/v2\/posts"}],"about":[{"href":"https:\/\/www.manaus.am.gov.br\/manauscult\/wp-json\/wp\/v2\/types\/post"}],"author":[{"embeddable":true,"href":"https:\/\/www.manaus.am.gov.br\/manauscult\/wp-json\/wp\/v2\/users\/25"}],"replies":[{"embeddable":true,"href":"https:\/\/www.manaus.am.gov.br\/manauscult\/wp-json\/wp\/v2\/comments?post=1558"}],"version-history":[{"count":0,"href":"https:\/\/www.manaus.am.gov.br\/manauscult\/wp-json\/wp\/v2\/posts\/1558\/revisions"}],"wp:featuredmedia":[{"embeddable":true,"href":"https:\/\/www.manaus.am.gov.br\/manauscult\/wp-json\/wp\/v2\/media\/1559"}],"wp:attachment":[{"href":"https:\/\/www.manaus.am.gov.br\/manauscult\/wp-json\/wp\/v2\/media?parent=1558"}],"wp:term":[{"taxonomy":"category","embeddable":true,"href":"https:\/\/www.manaus.am.gov.br\/manauscult\/wp-json\/wp\/v2\/categories?post=1558"},{"taxonomy":"post_tag","embeddable":true,"href":"https:\/\/www.manaus.am.gov.br\/manauscult\/wp-json\/wp\/v2\/tags?post=1558"}],"curies":[{"name":"wp","href":"https:\/\/api.w.org\/{rel}","templated":true}]}}