{"id":1556,"date":"2023-09-18T08:35:58","date_gmt":"2023-09-18T12:35:58","guid":{"rendered":"https:\/\/www.manaus.am.gov.br\/manauscult\/prefeitura-inicia-17a-primavera-dos-museus-em-manaus-nesta-segunda-feira-18-9\/"},"modified":"2023-09-18T08:36:00","modified_gmt":"2023-09-18T12:36:00","slug":"prefeitura-inicia-17a-primavera-dos-museus-em-manaus-nesta-segunda-feira-18-9","status":"publish","type":"post","link":"https:\/\/www.manaus.am.gov.br\/manauscult\/prefeitura-inicia-17a-primavera-dos-museus-em-manaus-nesta-segunda-feira-18-9\/","title":{"rendered":"<strong>Prefeitura inicia 17\u00aa Primavera dos Museus em Manaus nesta segunda-feira, 18\/9<\/strong>"},"content":{"rendered":"\n<p>A Prefeitura de Manaus, via Funda\u00e7\u00e3o Municipal de Cultura, Turismo e Eventos (Manauscult), abre, nesta segunda-feira, 18\/9, \u00e0s 10h, a 17\u00aa Primavera dos Museus com palestras e exposi\u00e7\u00f5es, incluindo ainda um document\u00e1rio sobre a tem\u00e1tica, no Museu da Cidade de Manaus (Muma), localizado na rua Gabriel Salgado, no centro hist\u00f3rico da Cidade.<\/p>\n\n\n\n<p>A programa\u00e7\u00e3o inicia no Museu da Cidade, com a abertura seguida da palestra \u201cQuilombolas na Amaz\u00f4nia &#8211; Aspectos Sociais, Econ\u00f4micos e Hist\u00f3ricos\u201d. O tema ser\u00e1 ministrado pelo professor Evandro Brand\u00e3o Barbosa, reitor da Ulbra\/Manaus.<\/p>\n\n\n\n<p>Simultaneamente, ser\u00e1 aberta a exposi\u00e7\u00e3o de livros \u201cMem\u00f3rias e Democracia: Pessoas LGBT+, Ind\u00edgenas e Quilombolas\u201d, na biblioteca Jo\u00e3o Bosco Pantoja, localizada na rua Monsenhor Coutinho, 529, Centro. Vale ressaltar que a&nbsp; exposi\u00e7\u00e3o estar\u00e1 dispon\u00edvel do dia 18 a 22\/9, das 9h \u00e0s 17h.<\/p>\n\n\n\n<p>Para o diretor-presidente da Manauscult, Osvaldo Cardoso, discutir os temas proposto pelo Instituto Brasileiro de Museus (Ibram) se faz cada vez mais necess\u00e1rio, uma vez que a cultura, a arte e a hist\u00f3ria precisam ser contadas, valorizadas e respeitadas em todas as suas formas.<\/p>\n\n\n\n<p>\u201cA programa\u00e7\u00e3o da Manauscult para a 17\u00aa Primavera dos Museus traz discuss\u00e3o e reflex\u00e3o sobre os temas abordados pelo Ibram, que s\u00e3o temas relevantes e que necessitam cada vez mais de visibilidade, mas, acima de tudo, respeito e valoriza\u00e7\u00e3o. A cultura, a hist\u00f3ria e a mem\u00f3ria de um povo precisam ser mantidas vivas e, n\u00f3s, como agentes p\u00fablicos, precisamos avan\u00e7ar na constru\u00e7\u00e3o de uma sociedade igualit\u00e1ria, com pol\u00edticas p\u00fablicas que realmente possam resguardar os direitos civis dessas comunidades\u201d, ressaltou Cardoso.<\/p>\n\n\n\n<p>Para o diretor do Museu, Leonardo Novellino, a 17\u00aa Primavera de Museus traz uma proposta inclusiva e Manaus n\u00e3o poderia ficar de fora.<\/p>\n\n\n\n<p>\u201cO estudo \u00e9 sobre a democracia e os povos origin\u00e1rios, como os quilombolas, ind\u00edgenas e a popula\u00e7\u00e3o LGBT+. Ent\u00e3o, Manaus, que \u00e9 uma cidade plural, n\u00e3o poderia ficar de fora. Vai ser uma semana em que os espa\u00e7os de mem\u00f3rias, espa\u00e7os de cultura da prefeitura abrir\u00e3o as suas portas para, a partir de palestras e exposi\u00e7\u00f5es, conversarem sobre esse tema, levando educa\u00e7\u00e3o e resgatando a mem\u00f3ria desses povos, que tanto contribu\u00edram e que merecem seu lugar de destaque\u201d, pontuou.<\/p>\n\n\n\n<p>Programa\u00e7\u00e3o<\/p>\n\n\n\n<p>18\/9 &#8211; segunda-feira<\/p>\n\n\n\n<p>Abertura<\/p>\n\n\n\n<p>Palestra &#8211; Quilombolas na Amaz\u00f4nia &#8211; Aspectos Sociais, Econ\u00f4micos e Hist\u00f3ricos<\/p>\n\n\n\n<p>Palestrante &#8211; Professor Evandro Brand\u00e3o Barbosa &#8211; Reitor da Ulbra\/Manaus<\/p>\n\n\n\n<p>Local &#8211; Museu da Cidade de Manaus<\/p>\n\n\n\n<p>Hor\u00e1rio &#8211; 10h \u00e0s 11h30<\/p>\n\n\n\n<p>Exposi\u00e7\u00e3o de Livros &#8211; Mem\u00f3rias e Democracia &#8211; Pessoas LGBTQIAPN+, Ind\u00edgenas e Quilombolas<\/p>\n\n\n\n<p>Document\u00e1rio sobre o tema<\/p>\n\n\n\n<p>Data &#8211; 18 a 22\/9 (segunda a sexta)<\/p>\n\n\n\n<p>Local &#8211; Biblioteca Jo\u00e3o Bosco Pantoja<\/p>\n\n\n\n<p>Hor\u00e1rio &#8211; 9h \u00e0s 17h<\/p>\n\n\n\n<p>Gestora da Biblioteca &#8211; Silene Lima<\/p>\n\n\n\n<p>19\/9 &#8211; ter\u00e7a-feira<\/p>\n\n\n\n<p>Palestra &#8211; Um acervo de Mem\u00f3rias, Democr\u00e1tico, Afrodescendentes, Ind\u00edgenas e LGBTQIAPN+<\/p>\n\n\n\n<p>Local &#8211; Centro Cultural Oscar Ramos<\/p>\n\n\n\n<p>Hor\u00e1rio &#8211; 10 \u00e0s 11h30<\/p>\n\n\n\n<p>Gestor do Centro &#8211; Estevam Jorge Filho<\/p>\n\n\n\n<p>20\/9 &#8211; quarta-feira<\/p>\n\n\n\n<p>Palestra &#8211; Legado Arqueol\u00f3gico dos Povos Ind\u00edgenas Amaz\u00f4nicos e Democracia<\/p>\n\n\n\n<p>Local &#8211; Centro de Arqueologia de Manaus (CAM)<\/p>\n\n\n\n<p>Hor\u00e1rio &#8211; 14h \u00e0s 15h30<\/p>\n\n\n\n<p>Palestrante &#8211; Arque\u00f3loga e historiadora Vanessa Benedito<\/p>\n\n\n\n<p>22\/9 &#8211; sexta-feira<\/p>\n\n\n\n<p>Visita Mediada &#8211; Aldeia do Memorial Ind\u00edgena e Museu da Cidade<\/p>\n\n\n\n<p>Local &#8211; Pra\u00e7a Dom Pedro II<\/p>\n\n\n\n<p>Hor\u00e1rio &#8211;&nbsp; 10h \u00e0s 11h30<\/p>\n\n\n\n<p>Mediador &#8211; Leonardo Novellino &#8211; Diretor do Museu<\/p>\n\n\n\n<p>&#8212; &#8212; &#8212;<\/p>\n\n\n\n<p><strong>Texto<\/strong>&nbsp;\u2013 Moara Cabral\/Manauscult<\/p>\n\n\n\n<p><strong>Fotos<\/strong> \u2013 Arquivo Semcom<\/p>\n","protected":false},"excerpt":{"rendered":"","protected":false},"author":23,"featured_media":1557,"comment_status":"closed","ping_status":"closed","sticky":false,"template":"","format":"standard","meta":{"footnotes":""},"categories":[3],"tags":[689,9,690,11,691,61],"acf":[],"yoast_head":"<!-- This site is optimized with the Yoast SEO plugin v23.0 - https:\/\/yoast.com\/wordpress\/plugins\/seo\/ -->\n<title>Prefeitura inicia 17\u00aa Primavera dos Museus em Manaus nesta segunda-feira, 18\/9<\/title>\n<meta name=\"description\" content=\"A Prefeitura de Manaus, via Funda\u00e7\u00e3o Municipal de Cultura, Turismo e Eventos (Manauscult), abre, nesta segunda-feira, 18\/9, \u00e0s 10h, a 17\u00aa Primavera dos Museus com palestras e exposi\u00e7\u00f5es, incluindo ainda um document\u00e1rio sobre a tem\u00e1tica, no Museu da Cidade de Manaus (Muma), localizado na rua Gabriel Salgado, no centro hist\u00f3rico da Cidade.\" \/>\n<meta name=\"robots\" content=\"noindex, follow\" \/>\n<meta property=\"og:locale\" content=\"pt_BR\" \/>\n<meta property=\"og:type\" content=\"article\" \/>\n<meta property=\"og:title\" content=\"Prefeitura inicia 17\u00aa Primavera dos Museus em Manaus nesta segunda-feira, 18\/9\" \/>\n<meta property=\"og:description\" content=\"A Prefeitura de Manaus, via Funda\u00e7\u00e3o Municipal de Cultura, Turismo e Eventos (Manauscult), abre, nesta segunda-feira, 18\/9, \u00e0s 10h, a 17\u00aa Primavera dos Museus com palestras e exposi\u00e7\u00f5es, incluindo ainda um document\u00e1rio sobre a tem\u00e1tica, no Museu da Cidade de Manaus (Muma), localizado na rua Gabriel Salgado, no centro hist\u00f3rico da Cidade.\" \/>\n<meta property=\"og:url\" content=\"https:\/\/www.manaus.am.gov.br\/manauscult\/prefeitura-inicia-17a-primavera-dos-museus-em-manaus-nesta-segunda-feira-18-9\/\" \/>\n<meta property=\"og:site_name\" content=\"MANAUSCULT\" \/>\n<meta property=\"article:published_time\" content=\"2023-09-18T12:35:58+00:00\" \/>\n<meta property=\"article:modified_time\" content=\"2023-09-18T12:36:00+00:00\" \/>\n<meta property=\"og:image\" content=\"https:\/\/www.manaus.am.gov.br\/manauscult\/wp-content\/uploads\/sites\/11\/2023\/09\/52279032459_1252dce097_c.jpg\" \/>\n\t<meta property=\"og:image:width\" content=\"799\" \/>\n\t<meta property=\"og:image:height\" content=\"533\" \/>\n\t<meta property=\"og:image:type\" content=\"image\/jpeg\" \/>\n<meta name=\"author\" content=\"Adriana Costa\" \/>\n<meta name=\"twitter:card\" content=\"summary_large_image\" \/>\n<meta name=\"twitter:label1\" content=\"Written by\" \/>\n\t<meta name=\"twitter:data1\" content=\"Adriana Costa\" \/>\n\t<meta name=\"twitter:label2\" content=\"Est. reading time\" \/>\n\t<meta name=\"twitter:data2\" content=\"3 minutos\" \/>\n<script type=\"application\/ld+json\" class=\"yoast-schema-graph\">{\"@context\":\"https:\/\/schema.org\",\"@graph\":[{\"@type\":\"WebPage\",\"@id\":\"https:\/\/www.manaus.am.gov.br\/manauscult\/prefeitura-inicia-17a-primavera-dos-museus-em-manaus-nesta-segunda-feira-18-9\/\",\"url\":\"https:\/\/www.manaus.am.gov.br\/manauscult\/prefeitura-inicia-17a-primavera-dos-museus-em-manaus-nesta-segunda-feira-18-9\/\",\"name\":\"Prefeitura inicia 17\u00aa Primavera dos Museus em Manaus nesta segunda-feira, 18\/9\",\"isPartOf\":{\"@id\":\"https:\/\/www.manaus.am.gov.br\/manauscult\/#website\"},\"primaryImageOfPage\":{\"@id\":\"https:\/\/www.manaus.am.gov.br\/manauscult\/prefeitura-inicia-17a-primavera-dos-museus-em-manaus-nesta-segunda-feira-18-9\/#primaryimage\"},\"image\":{\"@id\":\"https:\/\/www.manaus.am.gov.br\/manauscult\/prefeitura-inicia-17a-primavera-dos-museus-em-manaus-nesta-segunda-feira-18-9\/#primaryimage\"},\"thumbnailUrl\":\"https:\/\/www.manaus.am.gov.br\/manauscult\/wp-content\/uploads\/sites\/11\/2023\/09\/52279032459_1252dce097_c.jpg\",\"datePublished\":\"2023-09-18T12:35:58+00:00\",\"dateModified\":\"2023-09-18T12:36:00+00:00\",\"author\":{\"@id\":\"https:\/\/www.manaus.am.gov.br\/manauscult\/#\/schema\/person\/4e49f4e267757a06ca072ec61b2b9968\"},\"description\":\"A Prefeitura de Manaus, via Funda\u00e7\u00e3o Municipal de Cultura, Turismo e Eventos (Manauscult), abre, nesta segunda-feira, 18\/9, \u00e0s 10h, a 17\u00aa Primavera dos Museus com palestras e exposi\u00e7\u00f5es, incluindo ainda um document\u00e1rio sobre a tem\u00e1tica, no Museu da Cidade de Manaus (Muma), localizado na rua Gabriel Salgado, no centro hist\u00f3rico da Cidade.\",\"breadcrumb\":{\"@id\":\"https:\/\/www.manaus.am.gov.br\/manauscult\/prefeitura-inicia-17a-primavera-dos-museus-em-manaus-nesta-segunda-feira-18-9\/#breadcrumb\"},\"inLanguage\":\"pt-BR\",\"potentialAction\":[{\"@type\":\"ReadAction\",\"target\":[\"https:\/\/www.manaus.am.gov.br\/manauscult\/prefeitura-inicia-17a-primavera-dos-museus-em-manaus-nesta-segunda-feira-18-9\/\"]}]},{\"@type\":\"ImageObject\",\"inLanguage\":\"pt-BR\",\"@id\":\"https:\/\/www.manaus.am.gov.br\/manauscult\/prefeitura-inicia-17a-primavera-dos-museus-em-manaus-nesta-segunda-feira-18-9\/#primaryimage\",\"url\":\"https:\/\/www.manaus.am.gov.br\/manauscult\/wp-content\/uploads\/sites\/11\/2023\/09\/52279032459_1252dce097_c.jpg\",\"contentUrl\":\"https:\/\/www.manaus.am.gov.br\/manauscult\/wp-content\/uploads\/sites\/11\/2023\/09\/52279032459_1252dce097_c.jpg\",\"width\":799,\"height\":533},{\"@type\":\"BreadcrumbList\",\"@id\":\"https:\/\/www.manaus.am.gov.br\/manauscult\/prefeitura-inicia-17a-primavera-dos-museus-em-manaus-nesta-segunda-feira-18-9\/#breadcrumb\",\"itemListElement\":[{\"@type\":\"ListItem\",\"position\":1,\"name\":\"Home\",\"item\":\"https:\/\/www.manaus.am.gov.br\/manauscult\/\"},{\"@type\":\"ListItem\",\"position\":2,\"name\":\"Prefeitura inicia 17\u00aa Primavera dos Museus em Manaus nesta segunda-feira, 18\/9\"}]},{\"@type\":\"WebSite\",\"@id\":\"https:\/\/www.manaus.am.gov.br\/manauscult\/#website\",\"url\":\"https:\/\/www.manaus.am.gov.br\/manauscult\/\",\"name\":\"MANAUSCULT\",\"description\":\"Prefeitura de Manaus\",\"potentialAction\":[{\"@type\":\"SearchAction\",\"target\":{\"@type\":\"EntryPoint\",\"urlTemplate\":\"https:\/\/www.manaus.am.gov.br\/manauscult\/?s={search_term_string}\"},\"query-input\":\"required name=search_term_string\"}],\"inLanguage\":\"pt-BR\"},{\"@type\":\"Person\",\"@id\":\"https:\/\/www.manaus.am.gov.br\/manauscult\/#\/schema\/person\/4e49f4e267757a06ca072ec61b2b9968\",\"name\":\"Adriana Costa\",\"image\":{\"@type\":\"ImageObject\",\"inLanguage\":\"pt-BR\",\"@id\":\"https:\/\/www.manaus.am.gov.br\/manauscult\/#\/schema\/person\/image\/\",\"url\":\"https:\/\/secure.gravatar.com\/avatar\/576258617ef7194f718179e766d57bd4?s=96&d=mm&r=g\",\"contentUrl\":\"https:\/\/secure.gravatar.com\/avatar\/576258617ef7194f718179e766d57bd4?s=96&d=mm&r=g\",\"caption\":\"Adriana Costa\"}}]}<\/script>\n<!-- \/ Yoast SEO plugin. -->","yoast_head_json":{"title":"Prefeitura inicia 17\u00aa Primavera dos Museus em Manaus nesta segunda-feira, 18\/9","description":"A Prefeitura de Manaus, via Funda\u00e7\u00e3o Municipal de Cultura, Turismo e Eventos (Manauscult), abre, nesta segunda-feira, 18\/9, \u00e0s 10h, a 17\u00aa Primavera dos Museus com palestras e exposi\u00e7\u00f5es, incluindo ainda um document\u00e1rio sobre a tem\u00e1tica, no Museu da Cidade de Manaus (Muma), localizado na rua Gabriel Salgado, no centro hist\u00f3rico da Cidade.","robots":{"index":"noindex","follow":"follow"},"og_locale":"pt_BR","og_type":"article","og_title":"Prefeitura inicia 17\u00aa Primavera dos Museus em Manaus nesta segunda-feira, 18\/9","og_description":"A Prefeitura de Manaus, via Funda\u00e7\u00e3o Municipal de Cultura, Turismo e Eventos (Manauscult), abre, nesta segunda-feira, 18\/9, \u00e0s 10h, a 17\u00aa Primavera dos Museus com palestras e exposi\u00e7\u00f5es, incluindo ainda um document\u00e1rio sobre a tem\u00e1tica, no Museu da Cidade de Manaus (Muma), localizado na rua Gabriel Salgado, no centro hist\u00f3rico da Cidade.","og_url":"https:\/\/www.manaus.am.gov.br\/manauscult\/prefeitura-inicia-17a-primavera-dos-museus-em-manaus-nesta-segunda-feira-18-9\/","og_site_name":"MANAUSCULT","article_published_time":"2023-09-18T12:35:58+00:00","article_modified_time":"2023-09-18T12:36:00+00:00","og_image":[{"width":799,"height":533,"url":"https:\/\/www.manaus.am.gov.br\/manauscult\/wp-content\/uploads\/sites\/11\/2023\/09\/52279032459_1252dce097_c.jpg","type":"image\/jpeg"}],"author":"Adriana Costa","twitter_card":"summary_large_image","twitter_misc":{"Written by":"Adriana Costa","Est. reading time":"3 minutos"},"schema":{"@context":"https:\/\/schema.org","@graph":[{"@type":"WebPage","@id":"https:\/\/www.manaus.am.gov.br\/manauscult\/prefeitura-inicia-17a-primavera-dos-museus-em-manaus-nesta-segunda-feira-18-9\/","url":"https:\/\/www.manaus.am.gov.br\/manauscult\/prefeitura-inicia-17a-primavera-dos-museus-em-manaus-nesta-segunda-feira-18-9\/","name":"Prefeitura inicia 17\u00aa Primavera dos Museus em Manaus nesta segunda-feira, 18\/9","isPartOf":{"@id":"https:\/\/www.manaus.am.gov.br\/manauscult\/#website"},"primaryImageOfPage":{"@id":"https:\/\/www.manaus.am.gov.br\/manauscult\/prefeitura-inicia-17a-primavera-dos-museus-em-manaus-nesta-segunda-feira-18-9\/#primaryimage"},"image":{"@id":"https:\/\/www.manaus.am.gov.br\/manauscult\/prefeitura-inicia-17a-primavera-dos-museus-em-manaus-nesta-segunda-feira-18-9\/#primaryimage"},"thumbnailUrl":"https:\/\/www.manaus.am.gov.br\/manauscult\/wp-content\/uploads\/sites\/11\/2023\/09\/52279032459_1252dce097_c.jpg","datePublished":"2023-09-18T12:35:58+00:00","dateModified":"2023-09-18T12:36:00+00:00","author":{"@id":"https:\/\/www.manaus.am.gov.br\/manauscult\/#\/schema\/person\/4e49f4e267757a06ca072ec61b2b9968"},"description":"A Prefeitura de Manaus, via Funda\u00e7\u00e3o Municipal de Cultura, Turismo e Eventos (Manauscult), abre, nesta segunda-feira, 18\/9, \u00e0s 10h, a 17\u00aa Primavera dos Museus com palestras e exposi\u00e7\u00f5es, incluindo ainda um document\u00e1rio sobre a tem\u00e1tica, no Museu da Cidade de Manaus (Muma), localizado na rua Gabriel Salgado, no centro hist\u00f3rico da Cidade.","breadcrumb":{"@id":"https:\/\/www.manaus.am.gov.br\/manauscult\/prefeitura-inicia-17a-primavera-dos-museus-em-manaus-nesta-segunda-feira-18-9\/#breadcrumb"},"inLanguage":"pt-BR","potentialAction":[{"@type":"ReadAction","target":["https:\/\/www.manaus.am.gov.br\/manauscult\/prefeitura-inicia-17a-primavera-dos-museus-em-manaus-nesta-segunda-feira-18-9\/"]}]},{"@type":"ImageObject","inLanguage":"pt-BR","@id":"https:\/\/www.manaus.am.gov.br\/manauscult\/prefeitura-inicia-17a-primavera-dos-museus-em-manaus-nesta-segunda-feira-18-9\/#primaryimage","url":"https:\/\/www.manaus.am.gov.br\/manauscult\/wp-content\/uploads\/sites\/11\/2023\/09\/52279032459_1252dce097_c.jpg","contentUrl":"https:\/\/www.manaus.am.gov.br\/manauscult\/wp-content\/uploads\/sites\/11\/2023\/09\/52279032459_1252dce097_c.jpg","width":799,"height":533},{"@type":"BreadcrumbList","@id":"https:\/\/www.manaus.am.gov.br\/manauscult\/prefeitura-inicia-17a-primavera-dos-museus-em-manaus-nesta-segunda-feira-18-9\/#breadcrumb","itemListElement":[{"@type":"ListItem","position":1,"name":"Home","item":"https:\/\/www.manaus.am.gov.br\/manauscult\/"},{"@type":"ListItem","position":2,"name":"Prefeitura inicia 17\u00aa Primavera dos Museus em Manaus nesta segunda-feira, 18\/9"}]},{"@type":"WebSite","@id":"https:\/\/www.manaus.am.gov.br\/manauscult\/#website","url":"https:\/\/www.manaus.am.gov.br\/manauscult\/","name":"MANAUSCULT","description":"Prefeitura de Manaus","potentialAction":[{"@type":"SearchAction","target":{"@type":"EntryPoint","urlTemplate":"https:\/\/www.manaus.am.gov.br\/manauscult\/?s={search_term_string}"},"query-input":"required name=search_term_string"}],"inLanguage":"pt-BR"},{"@type":"Person","@id":"https:\/\/www.manaus.am.gov.br\/manauscult\/#\/schema\/person\/4e49f4e267757a06ca072ec61b2b9968","name":"Adriana Costa","image":{"@type":"ImageObject","inLanguage":"pt-BR","@id":"https:\/\/www.manaus.am.gov.br\/manauscult\/#\/schema\/person\/image\/","url":"https:\/\/secure.gravatar.com\/avatar\/576258617ef7194f718179e766d57bd4?s=96&d=mm&r=g","contentUrl":"https:\/\/secure.gravatar.com\/avatar\/576258617ef7194f718179e766d57bd4?s=96&d=mm&r=g","caption":"Adriana Costa"}}]}},"_links":{"self":[{"href":"https:\/\/www.manaus.am.gov.br\/manauscult\/wp-json\/wp\/v2\/posts\/1556"}],"collection":[{"href":"https:\/\/www.manaus.am.gov.br\/manauscult\/wp-json\/wp\/v2\/posts"}],"about":[{"href":"https:\/\/www.manaus.am.gov.br\/manauscult\/wp-json\/wp\/v2\/types\/post"}],"author":[{"embeddable":true,"href":"https:\/\/www.manaus.am.gov.br\/manauscult\/wp-json\/wp\/v2\/users\/23"}],"replies":[{"embeddable":true,"href":"https:\/\/www.manaus.am.gov.br\/manauscult\/wp-json\/wp\/v2\/comments?post=1556"}],"version-history":[{"count":0,"href":"https:\/\/www.manaus.am.gov.br\/manauscult\/wp-json\/wp\/v2\/posts\/1556\/revisions"}],"wp:featuredmedia":[{"embeddable":true,"href":"https:\/\/www.manaus.am.gov.br\/manauscult\/wp-json\/wp\/v2\/media\/1557"}],"wp:attachment":[{"href":"https:\/\/www.manaus.am.gov.br\/manauscult\/wp-json\/wp\/v2\/media?parent=1556"}],"wp:term":[{"taxonomy":"category","embeddable":true,"href":"https:\/\/www.manaus.am.gov.br\/manauscult\/wp-json\/wp\/v2\/categories?post=1556"},{"taxonomy":"post_tag","embeddable":true,"href":"https:\/\/www.manaus.am.gov.br\/manauscult\/wp-json\/wp\/v2\/tags?post=1556"}],"curies":[{"name":"wp","href":"https:\/\/api.w.org\/{rel}","templated":true}]}}