{"id":1551,"date":"2023-09-17T09:50:57","date_gmt":"2023-09-17T13:50:57","guid":{"rendered":"https:\/\/www.manaus.am.gov.br\/manauscult\/prefeitura-fomenta-cultura\/"},"modified":"2023-09-17T09:50:57","modified_gmt":"2023-09-17T13:50:57","slug":"prefeitura-fomenta-cultura","status":"publish","type":"post","link":"https:\/\/www.manaus.am.gov.br\/manauscult\/prefeitura-fomenta-cultura\/","title":{"rendered":"<strong>Prefeitura fomenta cultura com oportunidades e capacita\u00e7\u00f5es para mais de 10 mil artistas de Manaus<\/strong>"},"content":{"rendered":"\n<figure class=\"wp-block-image size-full\"><img decoding=\"async\" src=\"https:\/\/www.manaus.am.gov.br\/wp-content\/uploads\/2023\/09\/selo1000dias.png\" alt=\"\" class=\"wp-image-227963\" \/><\/figure>\n\n\n\n<p>A Prefeitura de Manaus beneficiou mais de 10,6 mil artistas com patroc\u00ednio de obras e forma\u00e7\u00e3o de novos artistas, al\u00e9m de fomentar o empreendedorismo cultural com os editais formativos \u201cManaus Faz Cultura\u201d, \u201cManaus Pr\u00f3-Cultura\u201d e a \u201cLei Paulo Gustavo\u201d, nos 1.000 dias de gest\u00e3o David Almeida.&nbsp;<\/p>\n\n\n\n<p>Pelo Conselho Municipal de Cultura (Concultura), a prefeitura ainda incentiva os artistas e fomenta a cultura local, com o Plano Municipal de Cultura, inserindo Manaus no Sistema Nacional de Cultura (SNC), um marco na hist\u00f3ria cultural da cidade; cria\u00e7\u00e3o do decreto que regulamenta a Lei de Incentivo \u00e0 Cultura, com perspectiva inicial de aporte de R$ 5 milh\u00f5es nos segmentos culturais; e pela Lei Paulo Gustavo (LPG), a capital amazonense foi a primeira a entregar seu Plano de A\u00e7\u00e3o na plataforma Transfere-Gov, sendo credenciada pelo Minist\u00e9rio da Cultura a receber R$ 17,6 mi a ser investidos nos projetos culturais.<\/p>\n\n\n\n<p>\u201cNossos editais de patroc\u00ednio de obras e forma\u00e7\u00e3o de novos artistas fomentam o empreendedorismo cultural de Manaus. E muito nos alegra que in\u00fameros artistas tenham oportunidades de desenvolver seus projetos e talentos. A cultura e a arte,&nbsp;assim como o esporte e a educa\u00e7\u00e3o, podem mudar a vida dos nossos jovens, da nossa sociedade. Estamos fazendo o nosso melhor, enquanto poder p\u00fablico, com a\u00e7\u00f5es que se tornam marco na hist\u00f3ria cultural da cidade\u201d, declarou o prefeito de Manaus, David Almeida.&nbsp;<\/p>\n\n\n\n<p>Para o diretor-presidente da Manauscult, Osvaldo Cardoso, os editais, al\u00e9m da valoriza\u00e7\u00e3o e da capta\u00e7\u00e3o de novos talentos da cultura, aquecem a economia da cidade.<\/p>\n\n\n\n<p>\u201cO objetivo da gest\u00e3o do prefeito David Almeida \u00e9 dar oportunidades, valorizar e posicionar Manaus como uma das capitais do turismo e da cultura. E n\u00f3s temos grandes talentos da terra, que, com o edital, podem apresentar seus trabalhos \u00e0 popula\u00e7\u00e3o, bem como ter o reconhecimento pelos mesmos\u201d, afirmou Cardoso.<\/p>\n\n\n\n<figure class=\"wp-block-image size-full\"><img loading=\"lazy\" decoding=\"async\" width=\"652\" height=\"472\" src=\"https:\/\/www.manaus.am.gov.br\/manauscult\/wp-content\/uploads\/sites\/11\/2023\/09\/Secretario-Osvaldo_editais.jpg\" alt=\"\" class=\"wp-image-1553\" srcset=\"https:\/\/www.manaus.am.gov.br\/manauscult\/wp-content\/uploads\/sites\/11\/2023\/09\/Secretario-Osvaldo_editais.jpg 652w, https:\/\/www.manaus.am.gov.br\/manauscult\/wp-content\/uploads\/sites\/11\/2023\/09\/Secretario-Osvaldo_editais-300x217.jpg 300w\" sizes=\"(max-width: 652px) 100vw, 652px\" \/><\/figure>\n\n\n\n<p><strong>Democratiza\u00e7\u00e3o da cultura<\/strong><\/p>\n\n\n\n<p>O presidente do Concultura, Ten\u00f3rio Telles, informou que os programas formativos s\u00e3o a\u00e7\u00f5es culturais das mais importantes da atual gest\u00e3o, por possibilitar oportunidades de trabalho e renda aos artistas de Manaus.<\/p>\n\n\n\n<p>Segundo ele, os editais democratizaram o acesso da classe art\u00edstica \u00e0s pol\u00edticas p\u00fablicas de cultura em nossa cidade. \u201cEssas iniciativas contemplaram muitos artistas da periferia, contribuindo para que a arte chegasse \u00e0s diversas zonas de Manaus, permitindo o acesso e despertando novos talentos&#8221;.<\/p>\n\n\n\n<figure class=\"wp-block-image size-large\"><img loading=\"lazy\" decoding=\"async\" width=\"1024\" height=\"683\" src=\"https:\/\/www.manaus.am.gov.br\/manauscult\/wp-content\/uploads\/sites\/11\/2023\/09\/Tenorio-Telles_Concultura_-1024x683.jpg\" alt=\"\" class=\"wp-image-1552\" srcset=\"https:\/\/www.manaus.am.gov.br\/manauscult\/wp-content\/uploads\/sites\/11\/2023\/09\/Tenorio-Telles_Concultura_-1024x683.jpg 1024w, https:\/\/www.manaus.am.gov.br\/manauscult\/wp-content\/uploads\/sites\/11\/2023\/09\/Tenorio-Telles_Concultura_-300x200.jpg 300w, https:\/\/www.manaus.am.gov.br\/manauscult\/wp-content\/uploads\/sites\/11\/2023\/09\/Tenorio-Telles_Concultura_-768x512.jpg 768w, https:\/\/www.manaus.am.gov.br\/manauscult\/wp-content\/uploads\/sites\/11\/2023\/09\/Tenorio-Telles_Concultura_-1536x1024.jpg 1536w, https:\/\/www.manaus.am.gov.br\/manauscult\/wp-content\/uploads\/sites\/11\/2023\/09\/Tenorio-Telles_Concultura_-2048x1365.jpg 2048w\" sizes=\"(max-width: 1024px) 100vw, 1024px\" \/><\/figure>\n\n\n\n<p><strong>Oficinas<\/strong><\/p>\n\n\n\n<p>Uma das oficinas emblem\u00e1ticas \u00e9 a do teatro &#8220;Lugar de Idoso \u00e9 no Palco: Estudos, Pesquisa e Forma\u00e7\u00e3o de Atores a partir de Hist\u00f3rias de Vida&#8221;, voltada ao p\u00fablico de pessoas idosas. A autoria \u00e9 do ator decano Gomes de Lima, 84 anos, com quase 70 anos de carreira e atua\u00e7\u00e3o em mais de 40 pe\u00e7as teatrais, longas-metragens, com destaque para \u201cA Selva\u201d, em que fez o seringueiro \u201cfuj\u00e3o\u201d, e protagonizado por Chico Dias.<\/p>\n\n\n\n<p>&#8220;O p\u00fablico-alvo de nossa oficina \u00e9 os internos e frequentadores da Funda\u00e7\u00e3o Doutor Thomas, que ser\u00e3o os coautores de duas pe\u00e7as que vou roteirizar em cima de suas hist\u00f3rias de vida&#8221;, disse Gomes.<\/p>\n\n\n\n<p><strong>Investimento&nbsp;<\/strong><\/p>\n\n\n\n<p>O edital Manaus Faz Cultura (MFC), na edi\u00e7\u00e3o de 2023, contempla os projetos de oficinas de conte\u00fado art\u00edstico-culturais, com o valor de R$ 20 mil cada, nos segmentos de literatura (11), dan\u00e7a (12), teatro e circo (13), artes visuais (12), audiovisual (12), cultura \u00e9tnica (11), m\u00fasica (12), cultura popular (11), hip-hop e outros (6), a serem realizadas em todas as zonas da cidade e \u00e1reas ribeirinhas do entorno da capital, totalizando&nbsp; cem projetos.<\/p>\n\n\n\n<p>O edital MFC (2023) vai investir R$ 2 milh\u00f5es, beneficiando cem projetos no valor individual de R$ 20 mil, al\u00e9m de formar mais de 5 mil jovens e adultos em todas as zonas da cidade e entorno.<\/p>\n\n\n\n<p>No ano de 2021, foram contemplados 40 projetos, totalizando R$ 800 mil, e, em 2022, 60 oficinas no mesmo valor, que descentralizaram o incentivo \u00e0 cultura em Manaus, e foram distribu\u00eddos R$ 1,2 milh\u00e3o.<\/p>\n\n\n\n<p>E no edital Manaus Faz Cultura 2023, foram investidos R$ 2 milh\u00f5es, em que ser\u00e3o beneficiados mais de 5 mil aspirantes a artistas, nas oficinas, cursos, semin\u00e1rios, workshops, ciclo de palestras, col\u00f3quios, rodas de leitura, encontro de forma\u00e7\u00e3o de leitores entre outras a\u00e7\u00f5es de car\u00e1ter art\u00edstico-culturais, realizadas em todas as zonas da cidade, comunidades ribeirinhas e entorno da capital.<\/p>\n\n\n\n<p>Outro edital com investimento de R$ 99,7 mil, o programa Manaus Pr\u00f3-Cultura 2022, ofertou 15 cursos e oficinas, com 350 vagas, beneficiando os artistas que tiveram oportunidade de qualifica\u00e7\u00e3o em diversos segmentos, como inicia\u00e7\u00e3o a v\u00eddeo mapping, cr\u00edtica cinematogr\u00e1fica para mulheres, introdu\u00e7\u00e3o \u00e0 dramaturgia e elabora\u00e7\u00e3o de projetos culturais.<\/p>\n\n\n\n<p>Com a lei Paulo Gustavo, ser\u00e3o contemplados 346 projetos com pagamento at\u00e9 o final do ano do total de R$ 17,6 milh\u00f5es,&nbsp; e tamb\u00e9m, foi oportunizado um curso com 650 vagas para elabora\u00e7\u00e3o de projetos culturais para capta\u00e7\u00e3o de recursos, visando concorrer aos editais culturais, em especial a LPG.<\/p>\n\n\n\n<p>Incentivo e fomento da cultura, com apoio direto \u00e0s mais variadas categorias de artistas, com pol\u00edtica que geram ainda emprego e renda, direta e indiretamente no meio art\u00edstico da cidade de Manaus.<\/p>\n\n\n\n<p>&#8212; &#8212; &#8212;<\/p>\n\n\n\n<p><strong>Texto &#8211;<\/strong>&nbsp;Crist\u00f3v\u00e3o Nonato \/&nbsp;Manauscult<\/p>\n\n\n\n<p><strong>Fotos &#8211;<\/strong>&nbsp;Arquivo \/Semcom<\/p>\n","protected":false},"excerpt":{"rendered":"","protected":false},"author":25,"featured_media":1554,"comment_status":"closed","ping_status":"closed","sticky":false,"template":"","format":"standard","meta":{"footnotes":""},"categories":[686],"tags":[687,45,67,48,471,688,10,223],"acf":[],"yoast_head":"<!-- This site is optimized with the Yoast SEO plugin v23.0 - https:\/\/yoast.com\/wordpress\/plugins\/seo\/ -->\n<title>Prefeitura fomenta cultura com oportunidades e capacita\u00e7\u00f5es para mais de 10 mil artistas de Manaus<\/title>\n<meta name=\"description\" content=\"A Prefeitura de Manaus beneficiou mais de 10,6 mil artistas com patroc\u00ednio de obras e forma\u00e7\u00e3o de novos artistas\" \/>\n<meta name=\"robots\" content=\"noindex, follow\" \/>\n<meta property=\"og:locale\" content=\"pt_BR\" \/>\n<meta property=\"og:type\" content=\"article\" \/>\n<meta property=\"og:title\" content=\"Prefeitura fomenta cultura com oportunidades e capacita\u00e7\u00f5es para mais de 10 mil artistas de Manaus\" \/>\n<meta property=\"og:description\" content=\"A Prefeitura de Manaus beneficiou mais de 10,6 mil artistas com patroc\u00ednio de obras e forma\u00e7\u00e3o de novos artistas\" \/>\n<meta property=\"og:url\" content=\"https:\/\/www.manaus.am.gov.br\/manauscult\/prefeitura-fomenta-cultura\/\" \/>\n<meta property=\"og:site_name\" content=\"MANAUSCULT\" \/>\n<meta property=\"article:published_time\" content=\"2023-09-17T13:50:57+00:00\" \/>\n<meta property=\"og:image\" content=\"https:\/\/www.manaus.am.gov.br\/manauscult\/wp-content\/uploads\/sites\/11\/2023\/09\/SELO-1000-DIAS-9.png\" \/>\n\t<meta property=\"og:image:width\" content=\"823\" \/>\n\t<meta property=\"og:image:height\" content=\"592\" \/>\n\t<meta property=\"og:image:type\" content=\"image\/png\" \/>\n<meta name=\"author\" content=\"Maur\u00edcio Freire\" \/>\n<meta name=\"twitter:card\" content=\"summary_large_image\" \/>\n<meta name=\"twitter:label1\" content=\"Written by\" \/>\n\t<meta name=\"twitter:data1\" content=\"Maur\u00edcio Freire\" \/>\n\t<meta name=\"twitter:label2\" content=\"Est. reading time\" \/>\n\t<meta name=\"twitter:data2\" content=\"6 minutos\" \/>\n<script type=\"application\/ld+json\" class=\"yoast-schema-graph\">{\"@context\":\"https:\/\/schema.org\",\"@graph\":[{\"@type\":\"WebPage\",\"@id\":\"https:\/\/www.manaus.am.gov.br\/manauscult\/prefeitura-fomenta-cultura\/\",\"url\":\"https:\/\/www.manaus.am.gov.br\/manauscult\/prefeitura-fomenta-cultura\/\",\"name\":\"Prefeitura fomenta cultura com oportunidades e capacita\u00e7\u00f5es para mais de 10 mil artistas de Manaus\",\"isPartOf\":{\"@id\":\"https:\/\/www.manaus.am.gov.br\/manauscult\/#website\"},\"primaryImageOfPage\":{\"@id\":\"https:\/\/www.manaus.am.gov.br\/manauscult\/prefeitura-fomenta-cultura\/#primaryimage\"},\"image\":{\"@id\":\"https:\/\/www.manaus.am.gov.br\/manauscult\/prefeitura-fomenta-cultura\/#primaryimage\"},\"thumbnailUrl\":\"https:\/\/www.manaus.am.gov.br\/manauscult\/wp-content\/uploads\/sites\/11\/2023\/09\/SELO-1000-DIAS-9.png\",\"datePublished\":\"2023-09-17T13:50:57+00:00\",\"dateModified\":\"2023-09-17T13:50:57+00:00\",\"author\":{\"@id\":\"https:\/\/www.manaus.am.gov.br\/manauscult\/#\/schema\/person\/587989a23a463cde5618e6a028977a9a\"},\"description\":\"A Prefeitura de Manaus beneficiou mais de 10,6 mil artistas com patroc\u00ednio de obras e forma\u00e7\u00e3o de novos artistas\",\"breadcrumb\":{\"@id\":\"https:\/\/www.manaus.am.gov.br\/manauscult\/prefeitura-fomenta-cultura\/#breadcrumb\"},\"inLanguage\":\"pt-BR\",\"potentialAction\":[{\"@type\":\"ReadAction\",\"target\":[\"https:\/\/www.manaus.am.gov.br\/manauscult\/prefeitura-fomenta-cultura\/\"]}]},{\"@type\":\"ImageObject\",\"inLanguage\":\"pt-BR\",\"@id\":\"https:\/\/www.manaus.am.gov.br\/manauscult\/prefeitura-fomenta-cultura\/#primaryimage\",\"url\":\"https:\/\/www.manaus.am.gov.br\/manauscult\/wp-content\/uploads\/sites\/11\/2023\/09\/SELO-1000-DIAS-9.png\",\"contentUrl\":\"https:\/\/www.manaus.am.gov.br\/manauscult\/wp-content\/uploads\/sites\/11\/2023\/09\/SELO-1000-DIAS-9.png\",\"width\":823,\"height\":592},{\"@type\":\"BreadcrumbList\",\"@id\":\"https:\/\/www.manaus.am.gov.br\/manauscult\/prefeitura-fomenta-cultura\/#breadcrumb\",\"itemListElement\":[{\"@type\":\"ListItem\",\"position\":1,\"name\":\"Home\",\"item\":\"https:\/\/www.manaus.am.gov.br\/manauscult\/\"},{\"@type\":\"ListItem\",\"position\":2,\"name\":\"Prefeitura fomenta cultura com oportunidades e capacita\u00e7\u00f5es para mais de 10 mil artistas de Manaus\"}]},{\"@type\":\"WebSite\",\"@id\":\"https:\/\/www.manaus.am.gov.br\/manauscult\/#website\",\"url\":\"https:\/\/www.manaus.am.gov.br\/manauscult\/\",\"name\":\"MANAUSCULT\",\"description\":\"Prefeitura de Manaus\",\"potentialAction\":[{\"@type\":\"SearchAction\",\"target\":{\"@type\":\"EntryPoint\",\"urlTemplate\":\"https:\/\/www.manaus.am.gov.br\/manauscult\/?s={search_term_string}\"},\"query-input\":\"required name=search_term_string\"}],\"inLanguage\":\"pt-BR\"},{\"@type\":\"Person\",\"@id\":\"https:\/\/www.manaus.am.gov.br\/manauscult\/#\/schema\/person\/587989a23a463cde5618e6a028977a9a\",\"name\":\"Maur\u00edcio Freire\",\"image\":{\"@type\":\"ImageObject\",\"inLanguage\":\"pt-BR\",\"@id\":\"https:\/\/www.manaus.am.gov.br\/manauscult\/#\/schema\/person\/image\/\",\"url\":\"https:\/\/secure.gravatar.com\/avatar\/dc1481799a1f75c733ac3b2634cd6749?s=96&d=mm&r=g\",\"contentUrl\":\"https:\/\/secure.gravatar.com\/avatar\/dc1481799a1f75c733ac3b2634cd6749?s=96&d=mm&r=g\",\"caption\":\"Maur\u00edcio Freire\"}}]}<\/script>\n<!-- \/ Yoast SEO plugin. -->","yoast_head_json":{"title":"Prefeitura fomenta cultura com oportunidades e capacita\u00e7\u00f5es para mais de 10 mil artistas de Manaus","description":"A Prefeitura de Manaus beneficiou mais de 10,6 mil artistas com patroc\u00ednio de obras e forma\u00e7\u00e3o de novos artistas","robots":{"index":"noindex","follow":"follow"},"og_locale":"pt_BR","og_type":"article","og_title":"Prefeitura fomenta cultura com oportunidades e capacita\u00e7\u00f5es para mais de 10 mil artistas de Manaus","og_description":"A Prefeitura de Manaus beneficiou mais de 10,6 mil artistas com patroc\u00ednio de obras e forma\u00e7\u00e3o de novos artistas","og_url":"https:\/\/www.manaus.am.gov.br\/manauscult\/prefeitura-fomenta-cultura\/","og_site_name":"MANAUSCULT","article_published_time":"2023-09-17T13:50:57+00:00","og_image":[{"width":823,"height":592,"url":"https:\/\/www.manaus.am.gov.br\/manauscult\/wp-content\/uploads\/sites\/11\/2023\/09\/SELO-1000-DIAS-9.png","type":"image\/png"}],"author":"Maur\u00edcio Freire","twitter_card":"summary_large_image","twitter_misc":{"Written by":"Maur\u00edcio Freire","Est. reading time":"6 minutos"},"schema":{"@context":"https:\/\/schema.org","@graph":[{"@type":"WebPage","@id":"https:\/\/www.manaus.am.gov.br\/manauscult\/prefeitura-fomenta-cultura\/","url":"https:\/\/www.manaus.am.gov.br\/manauscult\/prefeitura-fomenta-cultura\/","name":"Prefeitura fomenta cultura com oportunidades e capacita\u00e7\u00f5es para mais de 10 mil artistas de Manaus","isPartOf":{"@id":"https:\/\/www.manaus.am.gov.br\/manauscult\/#website"},"primaryImageOfPage":{"@id":"https:\/\/www.manaus.am.gov.br\/manauscult\/prefeitura-fomenta-cultura\/#primaryimage"},"image":{"@id":"https:\/\/www.manaus.am.gov.br\/manauscult\/prefeitura-fomenta-cultura\/#primaryimage"},"thumbnailUrl":"https:\/\/www.manaus.am.gov.br\/manauscult\/wp-content\/uploads\/sites\/11\/2023\/09\/SELO-1000-DIAS-9.png","datePublished":"2023-09-17T13:50:57+00:00","dateModified":"2023-09-17T13:50:57+00:00","author":{"@id":"https:\/\/www.manaus.am.gov.br\/manauscult\/#\/schema\/person\/587989a23a463cde5618e6a028977a9a"},"description":"A Prefeitura de Manaus beneficiou mais de 10,6 mil artistas com patroc\u00ednio de obras e forma\u00e7\u00e3o de novos artistas","breadcrumb":{"@id":"https:\/\/www.manaus.am.gov.br\/manauscult\/prefeitura-fomenta-cultura\/#breadcrumb"},"inLanguage":"pt-BR","potentialAction":[{"@type":"ReadAction","target":["https:\/\/www.manaus.am.gov.br\/manauscult\/prefeitura-fomenta-cultura\/"]}]},{"@type":"ImageObject","inLanguage":"pt-BR","@id":"https:\/\/www.manaus.am.gov.br\/manauscult\/prefeitura-fomenta-cultura\/#primaryimage","url":"https:\/\/www.manaus.am.gov.br\/manauscult\/wp-content\/uploads\/sites\/11\/2023\/09\/SELO-1000-DIAS-9.png","contentUrl":"https:\/\/www.manaus.am.gov.br\/manauscult\/wp-content\/uploads\/sites\/11\/2023\/09\/SELO-1000-DIAS-9.png","width":823,"height":592},{"@type":"BreadcrumbList","@id":"https:\/\/www.manaus.am.gov.br\/manauscult\/prefeitura-fomenta-cultura\/#breadcrumb","itemListElement":[{"@type":"ListItem","position":1,"name":"Home","item":"https:\/\/www.manaus.am.gov.br\/manauscult\/"},{"@type":"ListItem","position":2,"name":"Prefeitura fomenta cultura com oportunidades e capacita\u00e7\u00f5es para mais de 10 mil artistas de Manaus"}]},{"@type":"WebSite","@id":"https:\/\/www.manaus.am.gov.br\/manauscult\/#website","url":"https:\/\/www.manaus.am.gov.br\/manauscult\/","name":"MANAUSCULT","description":"Prefeitura de Manaus","potentialAction":[{"@type":"SearchAction","target":{"@type":"EntryPoint","urlTemplate":"https:\/\/www.manaus.am.gov.br\/manauscult\/?s={search_term_string}"},"query-input":"required name=search_term_string"}],"inLanguage":"pt-BR"},{"@type":"Person","@id":"https:\/\/www.manaus.am.gov.br\/manauscult\/#\/schema\/person\/587989a23a463cde5618e6a028977a9a","name":"Maur\u00edcio Freire","image":{"@type":"ImageObject","inLanguage":"pt-BR","@id":"https:\/\/www.manaus.am.gov.br\/manauscult\/#\/schema\/person\/image\/","url":"https:\/\/secure.gravatar.com\/avatar\/dc1481799a1f75c733ac3b2634cd6749?s=96&d=mm&r=g","contentUrl":"https:\/\/secure.gravatar.com\/avatar\/dc1481799a1f75c733ac3b2634cd6749?s=96&d=mm&r=g","caption":"Maur\u00edcio Freire"}}]}},"_links":{"self":[{"href":"https:\/\/www.manaus.am.gov.br\/manauscult\/wp-json\/wp\/v2\/posts\/1551"}],"collection":[{"href":"https:\/\/www.manaus.am.gov.br\/manauscult\/wp-json\/wp\/v2\/posts"}],"about":[{"href":"https:\/\/www.manaus.am.gov.br\/manauscult\/wp-json\/wp\/v2\/types\/post"}],"author":[{"embeddable":true,"href":"https:\/\/www.manaus.am.gov.br\/manauscult\/wp-json\/wp\/v2\/users\/25"}],"replies":[{"embeddable":true,"href":"https:\/\/www.manaus.am.gov.br\/manauscult\/wp-json\/wp\/v2\/comments?post=1551"}],"version-history":[{"count":1,"href":"https:\/\/www.manaus.am.gov.br\/manauscult\/wp-json\/wp\/v2\/posts\/1551\/revisions"}],"predecessor-version":[{"id":1555,"href":"https:\/\/www.manaus.am.gov.br\/manauscult\/wp-json\/wp\/v2\/posts\/1551\/revisions\/1555"}],"wp:featuredmedia":[{"embeddable":true,"href":"https:\/\/www.manaus.am.gov.br\/manauscult\/wp-json\/wp\/v2\/media\/1554"}],"wp:attachment":[{"href":"https:\/\/www.manaus.am.gov.br\/manauscult\/wp-json\/wp\/v2\/media?parent=1551"}],"wp:term":[{"taxonomy":"category","embeddable":true,"href":"https:\/\/www.manaus.am.gov.br\/manauscult\/wp-json\/wp\/v2\/categories?post=1551"},{"taxonomy":"post_tag","embeddable":true,"href":"https:\/\/www.manaus.am.gov.br\/manauscult\/wp-json\/wp\/v2\/tags?post=1551"}],"curies":[{"name":"wp","href":"https:\/\/api.w.org\/{rel}","templated":true}]}}