{"id":1542,"date":"2023-09-13T14:06:27","date_gmt":"2023-09-13T18:06:27","guid":{"rendered":"https:\/\/www.manaus.am.gov.br\/manauscult\/dj-internacional-david-guetta-diz-em-suas-redes-que-manaus-foi-outro-nivel-e-agradece-pelo-amor-e-energia-no-festival\/"},"modified":"2023-09-13T14:13:47","modified_gmt":"2023-09-13T18:13:47","slug":"dj-internacional-david-guetta-diz-em-suas-redes-que-manaus-foi-outro-nivel-e-agradece-pelo-amor-e-energia-no-festival","status":"publish","type":"post","link":"https:\/\/www.manaus.am.gov.br\/manauscult\/dj-internacional-david-guetta-diz-em-suas-redes-que-manaus-foi-outro-nivel-e-agradece-pelo-amor-e-energia-no-festival\/","title":{"rendered":"DJ\u00a0internacional David Guetta diz em suas redes que Manaus foi outro n\u00edvel e agradece pelo amor e energia no festival"},"content":{"rendered":"\n<p>Em seu Instagram, onde tem 10,3 milh\u00f5es de seguidores, nesta quarta-feira, 13\/9, o DJ&nbsp;internacional&nbsp;<a href=\"https:\/\/www.instagram.com\/p\/CxI4yhhtMgi\/?igshid=MzRlODBiNWFlZA%3D%3D\" target=\"_blank\" rel=\"noreferrer noopener\">David<\/a>&nbsp;Guetta voltou a fazer elogios ao show que fez na capital amazonense, se apresentando no \u201c#SouManaus Passo a Pa\u00e7o 2023\u201d, promovido pela&nbsp;<a href=\"https:\/\/www.manaus.am.gov.br\/noticias\/sou-manaus\/headliners-do-sou-manaus-de-david-guetta-a-zeca-pagodinho-citam-festival-em-suas-redes-sociais\/\" target=\"_blank\" rel=\"noreferrer noopener\">Prefeitura de Manaus<\/a>, via&nbsp;Funda\u00e7\u00e3o Municipal de Cultura, Turismo e Eventos&nbsp;(Manauscult).&nbsp;Ele foi o&nbsp;<em>headliner<\/em>&nbsp;do palco Bradesco &#8211; Guardi\u00e3o da Amaz\u00f4nia, no dia 5 de setembro, na abertura do evento.<\/p>\n\n\n\n<p>\u201cManaus definitivamente foi outro n\u00edvel!!!!!!! Obrigado pelo amor e pela energia. Mal posso esperar para estar de volta\u201d, escreveu no post, j\u00e1 curtido por mais de 23 mil em pouco mais de 45 minutos de publica\u00e7\u00e3o.<\/p>\n\n\n\n<p>A publica\u00e7\u00e3o do DJ, na plataforma Malcher, foi seguida de um carrossel de fotos espetaculares de sua apresenta\u00e7\u00e3o, com a m\u00fasica \u201cSatisfaction\u201d, na vers\u00e3o com Benny Benassi, lan\u00e7ada h\u00e1 21 anos.<\/p>\n\n\n\n<p>Atra\u00e7\u00e3o mais esperada do festival, o maior DJ do mundo encerrou a primeira noite do #SouManaus diante de uma multid\u00e3o. Em suas redes sociais, Guetta j\u00e1 havia publicado cenas feitas por ele, com seu celular, da apresenta\u00e7\u00e3o. O DJ veio ao Brasil exclusivamente para o festival e seguiu ainda na cidade para conhecer a floresta amaz\u00f4nica e os rios, em passeios pela regi\u00e3o.<\/p>\n\n\n\n<p>No dia 8, ap\u00f3s o festival, o prefeito&nbsp;<a href=\"https:\/\/www.manaus.am.gov.br\/noticias\/sou-manaus\/prefeito-enfatiza-publico-historico-com-420-mil-pessoas-no-soumanaus-e-mais-de-r-21-milhoes-movimentados-no-festival\/\" target=\"_blank\" rel=\"noreferrer noopener\">David&nbsp;Almeida<\/a>, realizou um balan\u00e7o geral da&nbsp;edi\u00e7\u00e3o 2023&nbsp;do #SouManaus, no centro hist\u00f3rico, que reuniu 420 mil pessoas, p\u00fablico que circulou pelos espa\u00e7os nos tr\u00eas dias.<\/p>\n\n\n\n<p>\u201cO evento, ele se prop\u00f5e a resgatar o Centro Hist\u00f3rico de Manaus e a edi\u00e7\u00e3o deste ano cumpriu com o seu dever. Mais de 420 mil pessoas estiveram presentes onde a cidade nasceu. E, agora, ele tomou uma propor\u00e7\u00e3o maior. Foram mais de 1.200 publica\u00e7\u00f5es positivas s\u00f3 do evento (na m\u00eddia em geral), sendo 96% positivas. O #SouManaus saiu na rede nacional, em sites internacionais, o pr\u00f3prio David Guetta postando. Isso mostrou a capacidade que n\u00f3s temos. Toda a estrutura que foi criada, de primeiro mundo, nos faz prospectar dias melhores\u201d, afirmou Almeida.<\/p>\n\n\n\n<p>Organizado dentro de um per\u00edmetro de 44 mil metros quadrados, o #SouManaus 2023 foi um sucesso desde o seu planejamento, uma vez que n\u00e3o foi registrado nenhum caso de roubo, furto ou confus\u00f5es.<\/p>\n\n\n\n<p>&nbsp;Todo o per\u00edmetro foi monitorado por mais de cem c\u00e2meras inteligentes posicionadas estrategicamente pelo Centro de Coopera\u00e7\u00e3o da Cidade (CCC), e contou com mais de 1.200 seguran\u00e7as, coordenados pela Secretaria Municipal de Seguran\u00e7a P\u00fablica e Defesa Social (Semseg).<\/p>\n\n\n\n<p>O chefe do Executivo municipal fez quest\u00e3o de ressaltar que a realiza\u00e7\u00e3o do festival deste ano custou menos aos cofres p\u00fablicos do que o organizado em 2022, n\u00e3o chegando a 50% do valor separado no or\u00e7amento anual de acordo com a Lei Or\u00e7ament\u00e1ria Anual (LOA).<\/p>\n\n\n\n<p>&#8212; &#8212; &#8212;<\/p>\n\n\n\n<p><strong>Texto<\/strong>&nbsp;\u2013 Claudia do Valle\/Implurb<\/p>\n\n\n\n<p><strong>Fotos \u2013&nbsp;<\/strong>Cl\u00f3vis Miranda\/Semcom e Ant\u00f4nio Pereira\/Semcom<\/p>\n\n\n\n<p><strong>Dispon\u00edveis em<\/strong> &#8211; <a href=\"https:\/\/flic.kr\/s\/aHBqjATGWm\">https:\/\/flic.kr\/s\/aHBqjATGWm<\/a><\/p>\n","protected":false},"excerpt":{"rendered":"","protected":false},"author":23,"featured_media":1544,"comment_status":"closed","ping_status":"closed","sticky":false,"template":"","format":"standard","meta":{"footnotes":""},"categories":[508],"tags":[680,681,11,682],"acf":[],"yoast_head":"<!-- This site is optimized with the Yoast SEO plugin v23.0 - https:\/\/yoast.com\/wordpress\/plugins\/seo\/ -->\n<title>DJ internacional David Guetta diz em suas redes que Manaus foi outro n\u00edvel e agradece pelo amor e energia no festival<\/title>\n<meta name=\"description\" content=\"Em seu Instagram, onde tem 10,3 milh\u00f5es de seguidores, nesta quarta-feira, 13\/9, o DJ internacional David Guetta voltou a fazer elogios ao show que fez na capital amazonense, se apresentando no \u201c#SouManaus Passo a Pa\u00e7o 2023\u201d, promovido pela Prefeitura de Manaus, via Funda\u00e7\u00e3o Municipal de Cultura, Turismo e Eventos (Manauscult). Ele foi o headliner do palco Bradesco - Guardi\u00e3o da Amaz\u00f4nia, no dia 5 de setembro, na abertura do evento.\" \/>\n<meta name=\"robots\" content=\"noindex, follow\" \/>\n<meta property=\"og:locale\" content=\"pt_BR\" \/>\n<meta property=\"og:type\" content=\"article\" \/>\n<meta property=\"og:title\" content=\"DJ internacional David Guetta diz em suas redes que Manaus foi outro n\u00edvel e agradece pelo amor e energia no festival\" \/>\n<meta property=\"og:description\" content=\"Em seu Instagram, onde tem 10,3 milh\u00f5es de seguidores, nesta quarta-feira, 13\/9, o DJ internacional David Guetta voltou a fazer elogios ao show que fez na capital amazonense, se apresentando no \u201c#SouManaus Passo a Pa\u00e7o 2023\u201d, promovido pela Prefeitura de Manaus, via Funda\u00e7\u00e3o Municipal de Cultura, Turismo e Eventos (Manauscult). Ele foi o headliner do palco Bradesco - Guardi\u00e3o da Amaz\u00f4nia, no dia 5 de setembro, na abertura do evento.\" \/>\n<meta property=\"og:url\" content=\"https:\/\/www.manaus.am.gov.br\/manauscult\/dj-internacional-david-guetta-diz-em-suas-redes-que-manaus-foi-outro-nivel-e-agradece-pelo-amor-e-energia-no-festival\/\" \/>\n<meta property=\"og:site_name\" content=\"MANAUSCULT\" \/>\n<meta property=\"article:published_time\" content=\"2023-09-13T18:06:27+00:00\" \/>\n<meta property=\"article:modified_time\" content=\"2023-09-13T18:13:47+00:00\" \/>\n<meta property=\"og:image\" content=\"https:\/\/www.manaus.am.gov.br\/manauscult\/wp-content\/uploads\/sites\/11\/2023\/09\/53168880054_9b1249d1c7_c.jpg\" \/>\n\t<meta property=\"og:image:width\" content=\"799\" \/>\n\t<meta property=\"og:image:height\" content=\"533\" \/>\n\t<meta property=\"og:image:type\" content=\"image\/jpeg\" \/>\n<meta name=\"author\" content=\"Adriana Costa\" \/>\n<meta name=\"twitter:card\" content=\"summary_large_image\" \/>\n<meta name=\"twitter:label1\" content=\"Written by\" \/>\n\t<meta name=\"twitter:data1\" content=\"Adriana Costa\" \/>\n\t<meta name=\"twitter:label2\" content=\"Est. reading time\" \/>\n\t<meta name=\"twitter:data2\" content=\"3 minutos\" \/>\n<script type=\"application\/ld+json\" class=\"yoast-schema-graph\">{\"@context\":\"https:\/\/schema.org\",\"@graph\":[{\"@type\":\"WebPage\",\"@id\":\"https:\/\/www.manaus.am.gov.br\/manauscult\/dj-internacional-david-guetta-diz-em-suas-redes-que-manaus-foi-outro-nivel-e-agradece-pelo-amor-e-energia-no-festival\/\",\"url\":\"https:\/\/www.manaus.am.gov.br\/manauscult\/dj-internacional-david-guetta-diz-em-suas-redes-que-manaus-foi-outro-nivel-e-agradece-pelo-amor-e-energia-no-festival\/\",\"name\":\"DJ internacional David Guetta diz em suas redes que Manaus foi outro n\u00edvel e agradece pelo amor e energia no festival\",\"isPartOf\":{\"@id\":\"https:\/\/www.manaus.am.gov.br\/manauscult\/#website\"},\"primaryImageOfPage\":{\"@id\":\"https:\/\/www.manaus.am.gov.br\/manauscult\/dj-internacional-david-guetta-diz-em-suas-redes-que-manaus-foi-outro-nivel-e-agradece-pelo-amor-e-energia-no-festival\/#primaryimage\"},\"image\":{\"@id\":\"https:\/\/www.manaus.am.gov.br\/manauscult\/dj-internacional-david-guetta-diz-em-suas-redes-que-manaus-foi-outro-nivel-e-agradece-pelo-amor-e-energia-no-festival\/#primaryimage\"},\"thumbnailUrl\":\"https:\/\/www.manaus.am.gov.br\/manauscult\/wp-content\/uploads\/sites\/11\/2023\/09\/53168880054_9b1249d1c7_c.jpg\",\"datePublished\":\"2023-09-13T18:06:27+00:00\",\"dateModified\":\"2023-09-13T18:13:47+00:00\",\"author\":{\"@id\":\"https:\/\/www.manaus.am.gov.br\/manauscult\/#\/schema\/person\/4e49f4e267757a06ca072ec61b2b9968\"},\"description\":\"Em seu Instagram, onde tem 10,3 milh\u00f5es de seguidores, nesta quarta-feira, 13\/9, o DJ internacional David Guetta voltou a fazer elogios ao show que fez na capital amazonense, se apresentando no \u201c#SouManaus Passo a Pa\u00e7o 2023\u201d, promovido pela Prefeitura de Manaus, via Funda\u00e7\u00e3o Municipal de Cultura, Turismo e Eventos (Manauscult). Ele foi o headliner do palco Bradesco - Guardi\u00e3o da Amaz\u00f4nia, no dia 5 de setembro, na abertura do evento.\",\"breadcrumb\":{\"@id\":\"https:\/\/www.manaus.am.gov.br\/manauscult\/dj-internacional-david-guetta-diz-em-suas-redes-que-manaus-foi-outro-nivel-e-agradece-pelo-amor-e-energia-no-festival\/#breadcrumb\"},\"inLanguage\":\"pt-BR\",\"potentialAction\":[{\"@type\":\"ReadAction\",\"target\":[\"https:\/\/www.manaus.am.gov.br\/manauscult\/dj-internacional-david-guetta-diz-em-suas-redes-que-manaus-foi-outro-nivel-e-agradece-pelo-amor-e-energia-no-festival\/\"]}]},{\"@type\":\"ImageObject\",\"inLanguage\":\"pt-BR\",\"@id\":\"https:\/\/www.manaus.am.gov.br\/manauscult\/dj-internacional-david-guetta-diz-em-suas-redes-que-manaus-foi-outro-nivel-e-agradece-pelo-amor-e-energia-no-festival\/#primaryimage\",\"url\":\"https:\/\/www.manaus.am.gov.br\/manauscult\/wp-content\/uploads\/sites\/11\/2023\/09\/53168880054_9b1249d1c7_c.jpg\",\"contentUrl\":\"https:\/\/www.manaus.am.gov.br\/manauscult\/wp-content\/uploads\/sites\/11\/2023\/09\/53168880054_9b1249d1c7_c.jpg\",\"width\":799,\"height\":533},{\"@type\":\"BreadcrumbList\",\"@id\":\"https:\/\/www.manaus.am.gov.br\/manauscult\/dj-internacional-david-guetta-diz-em-suas-redes-que-manaus-foi-outro-nivel-e-agradece-pelo-amor-e-energia-no-festival\/#breadcrumb\",\"itemListElement\":[{\"@type\":\"ListItem\",\"position\":1,\"name\":\"Home\",\"item\":\"https:\/\/www.manaus.am.gov.br\/manauscult\/\"},{\"@type\":\"ListItem\",\"position\":2,\"name\":\"DJ\u00a0internacional David Guetta diz em suas redes que Manaus foi outro n\u00edvel e agradece pelo amor e energia no festival\"}]},{\"@type\":\"WebSite\",\"@id\":\"https:\/\/www.manaus.am.gov.br\/manauscult\/#website\",\"url\":\"https:\/\/www.manaus.am.gov.br\/manauscult\/\",\"name\":\"MANAUSCULT\",\"description\":\"Prefeitura de Manaus\",\"potentialAction\":[{\"@type\":\"SearchAction\",\"target\":{\"@type\":\"EntryPoint\",\"urlTemplate\":\"https:\/\/www.manaus.am.gov.br\/manauscult\/?s={search_term_string}\"},\"query-input\":\"required name=search_term_string\"}],\"inLanguage\":\"pt-BR\"},{\"@type\":\"Person\",\"@id\":\"https:\/\/www.manaus.am.gov.br\/manauscult\/#\/schema\/person\/4e49f4e267757a06ca072ec61b2b9968\",\"name\":\"Adriana Costa\",\"image\":{\"@type\":\"ImageObject\",\"inLanguage\":\"pt-BR\",\"@id\":\"https:\/\/www.manaus.am.gov.br\/manauscult\/#\/schema\/person\/image\/\",\"url\":\"https:\/\/secure.gravatar.com\/avatar\/576258617ef7194f718179e766d57bd4?s=96&d=mm&r=g\",\"contentUrl\":\"https:\/\/secure.gravatar.com\/avatar\/576258617ef7194f718179e766d57bd4?s=96&d=mm&r=g\",\"caption\":\"Adriana Costa\"}}]}<\/script>\n<!-- \/ Yoast SEO plugin. -->","yoast_head_json":{"title":"DJ internacional David Guetta diz em suas redes que Manaus foi outro n\u00edvel e agradece pelo amor e energia no festival","description":"Em seu Instagram, onde tem 10,3 milh\u00f5es de seguidores, nesta quarta-feira, 13\/9, o DJ internacional David Guetta voltou a fazer elogios ao show que fez na capital amazonense, se apresentando no \u201c#SouManaus Passo a Pa\u00e7o 2023\u201d, promovido pela Prefeitura de Manaus, via Funda\u00e7\u00e3o Municipal de Cultura, Turismo e Eventos (Manauscult). Ele foi o headliner do palco Bradesco - Guardi\u00e3o da Amaz\u00f4nia, no dia 5 de setembro, na abertura do evento.","robots":{"index":"noindex","follow":"follow"},"og_locale":"pt_BR","og_type":"article","og_title":"DJ internacional David Guetta diz em suas redes que Manaus foi outro n\u00edvel e agradece pelo amor e energia no festival","og_description":"Em seu Instagram, onde tem 10,3 milh\u00f5es de seguidores, nesta quarta-feira, 13\/9, o DJ internacional David Guetta voltou a fazer elogios ao show que fez na capital amazonense, se apresentando no \u201c#SouManaus Passo a Pa\u00e7o 2023\u201d, promovido pela Prefeitura de Manaus, via Funda\u00e7\u00e3o Municipal de Cultura, Turismo e Eventos (Manauscult). Ele foi o headliner do palco Bradesco - Guardi\u00e3o da Amaz\u00f4nia, no dia 5 de setembro, na abertura do evento.","og_url":"https:\/\/www.manaus.am.gov.br\/manauscult\/dj-internacional-david-guetta-diz-em-suas-redes-que-manaus-foi-outro-nivel-e-agradece-pelo-amor-e-energia-no-festival\/","og_site_name":"MANAUSCULT","article_published_time":"2023-09-13T18:06:27+00:00","article_modified_time":"2023-09-13T18:13:47+00:00","og_image":[{"width":799,"height":533,"url":"https:\/\/www.manaus.am.gov.br\/manauscult\/wp-content\/uploads\/sites\/11\/2023\/09\/53168880054_9b1249d1c7_c.jpg","type":"image\/jpeg"}],"author":"Adriana Costa","twitter_card":"summary_large_image","twitter_misc":{"Written by":"Adriana Costa","Est. reading time":"3 minutos"},"schema":{"@context":"https:\/\/schema.org","@graph":[{"@type":"WebPage","@id":"https:\/\/www.manaus.am.gov.br\/manauscult\/dj-internacional-david-guetta-diz-em-suas-redes-que-manaus-foi-outro-nivel-e-agradece-pelo-amor-e-energia-no-festival\/","url":"https:\/\/www.manaus.am.gov.br\/manauscult\/dj-internacional-david-guetta-diz-em-suas-redes-que-manaus-foi-outro-nivel-e-agradece-pelo-amor-e-energia-no-festival\/","name":"DJ internacional David Guetta diz em suas redes que Manaus foi outro n\u00edvel e agradece pelo amor e energia no festival","isPartOf":{"@id":"https:\/\/www.manaus.am.gov.br\/manauscult\/#website"},"primaryImageOfPage":{"@id":"https:\/\/www.manaus.am.gov.br\/manauscult\/dj-internacional-david-guetta-diz-em-suas-redes-que-manaus-foi-outro-nivel-e-agradece-pelo-amor-e-energia-no-festival\/#primaryimage"},"image":{"@id":"https:\/\/www.manaus.am.gov.br\/manauscult\/dj-internacional-david-guetta-diz-em-suas-redes-que-manaus-foi-outro-nivel-e-agradece-pelo-amor-e-energia-no-festival\/#primaryimage"},"thumbnailUrl":"https:\/\/www.manaus.am.gov.br\/manauscult\/wp-content\/uploads\/sites\/11\/2023\/09\/53168880054_9b1249d1c7_c.jpg","datePublished":"2023-09-13T18:06:27+00:00","dateModified":"2023-09-13T18:13:47+00:00","author":{"@id":"https:\/\/www.manaus.am.gov.br\/manauscult\/#\/schema\/person\/4e49f4e267757a06ca072ec61b2b9968"},"description":"Em seu Instagram, onde tem 10,3 milh\u00f5es de seguidores, nesta quarta-feira, 13\/9, o DJ internacional David Guetta voltou a fazer elogios ao show que fez na capital amazonense, se apresentando no \u201c#SouManaus Passo a Pa\u00e7o 2023\u201d, promovido pela Prefeitura de Manaus, via Funda\u00e7\u00e3o Municipal de Cultura, Turismo e Eventos (Manauscult). Ele foi o headliner do palco Bradesco - Guardi\u00e3o da Amaz\u00f4nia, no dia 5 de setembro, na abertura do evento.","breadcrumb":{"@id":"https:\/\/www.manaus.am.gov.br\/manauscult\/dj-internacional-david-guetta-diz-em-suas-redes-que-manaus-foi-outro-nivel-e-agradece-pelo-amor-e-energia-no-festival\/#breadcrumb"},"inLanguage":"pt-BR","potentialAction":[{"@type":"ReadAction","target":["https:\/\/www.manaus.am.gov.br\/manauscult\/dj-internacional-david-guetta-diz-em-suas-redes-que-manaus-foi-outro-nivel-e-agradece-pelo-amor-e-energia-no-festival\/"]}]},{"@type":"ImageObject","inLanguage":"pt-BR","@id":"https:\/\/www.manaus.am.gov.br\/manauscult\/dj-internacional-david-guetta-diz-em-suas-redes-que-manaus-foi-outro-nivel-e-agradece-pelo-amor-e-energia-no-festival\/#primaryimage","url":"https:\/\/www.manaus.am.gov.br\/manauscult\/wp-content\/uploads\/sites\/11\/2023\/09\/53168880054_9b1249d1c7_c.jpg","contentUrl":"https:\/\/www.manaus.am.gov.br\/manauscult\/wp-content\/uploads\/sites\/11\/2023\/09\/53168880054_9b1249d1c7_c.jpg","width":799,"height":533},{"@type":"BreadcrumbList","@id":"https:\/\/www.manaus.am.gov.br\/manauscult\/dj-internacional-david-guetta-diz-em-suas-redes-que-manaus-foi-outro-nivel-e-agradece-pelo-amor-e-energia-no-festival\/#breadcrumb","itemListElement":[{"@type":"ListItem","position":1,"name":"Home","item":"https:\/\/www.manaus.am.gov.br\/manauscult\/"},{"@type":"ListItem","position":2,"name":"DJ\u00a0internacional David Guetta diz em suas redes que Manaus foi outro n\u00edvel e agradece pelo amor e energia no festival"}]},{"@type":"WebSite","@id":"https:\/\/www.manaus.am.gov.br\/manauscult\/#website","url":"https:\/\/www.manaus.am.gov.br\/manauscult\/","name":"MANAUSCULT","description":"Prefeitura de Manaus","potentialAction":[{"@type":"SearchAction","target":{"@type":"EntryPoint","urlTemplate":"https:\/\/www.manaus.am.gov.br\/manauscult\/?s={search_term_string}"},"query-input":"required name=search_term_string"}],"inLanguage":"pt-BR"},{"@type":"Person","@id":"https:\/\/www.manaus.am.gov.br\/manauscult\/#\/schema\/person\/4e49f4e267757a06ca072ec61b2b9968","name":"Adriana Costa","image":{"@type":"ImageObject","inLanguage":"pt-BR","@id":"https:\/\/www.manaus.am.gov.br\/manauscult\/#\/schema\/person\/image\/","url":"https:\/\/secure.gravatar.com\/avatar\/576258617ef7194f718179e766d57bd4?s=96&d=mm&r=g","contentUrl":"https:\/\/secure.gravatar.com\/avatar\/576258617ef7194f718179e766d57bd4?s=96&d=mm&r=g","caption":"Adriana Costa"}}]}},"_links":{"self":[{"href":"https:\/\/www.manaus.am.gov.br\/manauscult\/wp-json\/wp\/v2\/posts\/1542"}],"collection":[{"href":"https:\/\/www.manaus.am.gov.br\/manauscult\/wp-json\/wp\/v2\/posts"}],"about":[{"href":"https:\/\/www.manaus.am.gov.br\/manauscult\/wp-json\/wp\/v2\/types\/post"}],"author":[{"embeddable":true,"href":"https:\/\/www.manaus.am.gov.br\/manauscult\/wp-json\/wp\/v2\/users\/23"}],"replies":[{"embeddable":true,"href":"https:\/\/www.manaus.am.gov.br\/manauscult\/wp-json\/wp\/v2\/comments?post=1542"}],"version-history":[{"count":1,"href":"https:\/\/www.manaus.am.gov.br\/manauscult\/wp-json\/wp\/v2\/posts\/1542\/revisions"}],"predecessor-version":[{"id":1543,"href":"https:\/\/www.manaus.am.gov.br\/manauscult\/wp-json\/wp\/v2\/posts\/1542\/revisions\/1543"}],"wp:featuredmedia":[{"embeddable":true,"href":"https:\/\/www.manaus.am.gov.br\/manauscult\/wp-json\/wp\/v2\/media\/1544"}],"wp:attachment":[{"href":"https:\/\/www.manaus.am.gov.br\/manauscult\/wp-json\/wp\/v2\/media?parent=1542"}],"wp:term":[{"taxonomy":"category","embeddable":true,"href":"https:\/\/www.manaus.am.gov.br\/manauscult\/wp-json\/wp\/v2\/categories?post=1542"},{"taxonomy":"post_tag","embeddable":true,"href":"https:\/\/www.manaus.am.gov.br\/manauscult\/wp-json\/wp\/v2\/tags?post=1542"}],"curies":[{"name":"wp","href":"https:\/\/api.w.org\/{rel}","templated":true}]}}