{"id":1539,"date":"2023-09-13T09:46:31","date_gmt":"2023-09-13T13:46:31","guid":{"rendered":"https:\/\/www.manaus.am.gov.br\/manauscult\/prefeitura-de-manaus-faz-consulta-publica-para-finalizar-editais-da-lei-paulo-gustavo\/"},"modified":"2023-09-13T12:24:30","modified_gmt":"2023-09-13T16:24:30","slug":"prefeitura-de-manaus-faz-consulta-publica-para-finalizar-editais-da-lei-paulo-gustavo","status":"publish","type":"post","link":"https:\/\/www.manaus.am.gov.br\/manauscult\/prefeitura-de-manaus-faz-consulta-publica-para-finalizar-editais-da-lei-paulo-gustavo\/","title":{"rendered":"<strong>Prefeitura de Manaus faz consulta p\u00fablica para finalizar editais da Lei Paulo Gustavo<\/strong>"},"content":{"rendered":"\n<p>A Prefeitura de Manaus apresenta o texto final dos editais para consulta p\u00fablica aos artistas, fazedores de cultura e sociedade em geral para aprecia\u00e7\u00e3o antes do lan\u00e7amento dos editais da Lei Paulo Gustavo, voltado para os setores do audiovisual e demais segmentos art\u00edsticos, por meio da Funda\u00e7\u00e3o Municipal de Cultura, Turismo e Eventos (Manauscult) e Conselho Municipal de Cultura (Concultura).<\/p>\n\n\n\n<p>O acesso e participa\u00e7\u00e3o da popula\u00e7\u00e3o \u00e0 consulta p\u00fablica est\u00e1 dispon\u00edvel no per\u00edodo de 12 a 17\/9, nos meios de comunica\u00e7\u00e3o da Prefeitura de Manaus, Manauscult e Concultura, que disponibilizaram o link para os editais:\u00a0<a href=\"https:\/\/concultura.manaus.am.gov.br\/lei-paulo-gustavo\">https:\/\/concultura.manaus.am.gov.br\/lei-paulo-gustavo<\/a>. <\/p>\n\n\n\n<p>A consulta \u00e9 feita, por meio do Concultura, pelo gestor do Fundo Municipal de Cultura, atendendo ao que preconiza a lei complementar 195\/2022 (Lei Paulo Gustavo), al\u00e9m dos decretos federais 11.525\/2023 e 11.453\/2023, e torna p\u00fablicos os editais do audiovisual com objetivo de premiar at\u00e9 108 projetos, divididos em produ\u00e7\u00f5es audiovisuais, salas de cinema, forma\u00e7\u00e3o e difus\u00e3o, cujo or\u00e7amento \u00e9 de R$ 11,7 milh\u00f5es.<\/p>\n\n\n\n<p>Outra contempla\u00e7\u00e3o vai para as demais multilinguagens como artes visuais, teatro e circo, dan\u00e7a, m\u00fasica, literatura, cultura \u00e9tnica e cultura popular, totalizando at\u00e9 238 projetos, no valor total disponibilizado de R$ 4,3 milh\u00f5es.<\/p>\n\n\n\n<p>Para o diretor-presidente da Manauscult, Osvaldo Cardoso, os editais da LPG cumprem o plano de governo do prefeito David Almeida, no fomento e valoriza\u00e7\u00e3o da cultura e dos artistas locais.<\/p>\n\n\n\n<p>\u201cMais uma vez a gest\u00e3o do prefeito David Almeida cumpre o plano de governo na valoriza\u00e7\u00e3o dos nossos artistas, da cultura e da arte em nossa cidade. Um setor que sofreu muito durante a pandemia e que geralmente \u00e9 o primeiro a sofrer cortes. No entanto, nosso prefeito tem dado todo apoio \u00e0 classe art\u00edstica e cultural tanto da zona urbana, como da \u00e1rea rural\u201d, pontuou.<\/p>\n\n\n\n<p>O presidente do Concultura, Ten\u00f3rio Telles, ressalta que a LPG \u00e9 um passo importante para a ativa\u00e7\u00e3o do processo cultural nesse momento p\u00f3s-pand\u00eamico, e uma grande oportunidade para os artistas e fazedores de cultura de Manaus.<\/p>\n\n\n\n<p>&#8220;O Concultura vem trabalhando com anteced\u00eancia para que a implementa\u00e7\u00e3o da Paulo Gustavo seja eficaz e beneficie os trabalhadores da cultura e a sociedade&#8221;.<\/p>\n\n\n\n<p>Ele explica que todo esse processo foi constru\u00eddo pelos conselheiros municipais em interlocu\u00e7\u00e3o com os segmentos art\u00edsticos, de forma transparente e democr\u00e1tica.<\/p>\n\n\n\n<p>&#8220;Agora com os editais sendo lan\u00e7ados para consulta p\u00fablica, cumprimos mais uma etapa da implementa\u00e7\u00e3o da LPG, com transpar\u00eancia e di\u00e1logo, para que todo esse processo seja um sucesso em Manaus&#8221;, finalizou.<\/p>\n\n\n\n<p>O vice-presidente do Concultura, Neilo Batista, coordenador municipal das a\u00e7\u00f5es da LPG,&nbsp; ressalta que \u00e9 a mais emblem\u00e1tica pr\u00e1tica de inclus\u00e3o social e cultura no setor p\u00fablico, com as presen\u00e7as garantidas por cotas para profissionais negros, ind\u00edgenas e LGBTs.<\/p>\n\n\n\n<p>&#8220;Esses editais que lan\u00e7amos hoje para consulta p\u00fablica foram norteados por comandos legais que visam sobretudo a descentraliza\u00e7\u00e3o e a inclus\u00e3o de recursos para fomentar a \u00e1rea cultural em Manaus&#8221;.<\/p>\n\n\n\n<p>Neilo explica que ap\u00f3s ouvir os segmentos culturais atrav\u00e9s de setoriais e oitivas, chegou-se a um formato que levar\u00e1 a informa\u00e7\u00e3o, e, com isso, os recursos para \u00e1reas mais perif\u00e9ricas e rurais do munic\u00edpio.<\/p>\n\n\n\n<p>O conselheiro de audiovisual no Concultura, Allan Gomes, afirma que esta \u00e9 mais uma etapa no processo que j\u00e1 vem sendo desenvolvida, ouvindo as diferentes categorias art\u00edsticas e construindo coletivamente este edital, que \u00e9 de extrema import\u00e2ncia para o fomento da cultura na cidade.<\/p>\n\n\n\n<p>\u201cA partir de agora, com esta consulta, temos um cronograma mais bem definido tanto para o edital quanto para a premia\u00e7\u00e3o da LPG. At\u00e9 o final do ano, mais precisamente na primeira quinzena de dezembro, esperamos ter os recursos destinados aos artistas selecionados&#8221;. Isso significa que a cidade de Manaus poder\u00e1 contar com um investimento de cerca de R$ 17 milh\u00f5es no setor cultural, o qual desempenha um papel crucial na economia da cidade\u201d, enfatizou.<\/p>\n\n\n\n<p>&#8212; &#8212; &#8212;<\/p>\n\n\n\n<p><strong>Texto e foto<\/strong>&nbsp;&#8211; Crist\u00f3v\u00e3o Nonato<\/p>\n","protected":false},"excerpt":{"rendered":"","protected":false},"author":23,"featured_media":1540,"comment_status":"closed","ping_status":"closed","sticky":false,"template":"","format":"standard","meta":{"footnotes":""},"categories":[12],"tags":[45,678,48,9,679,11],"acf":[],"yoast_head":"<!-- This site is optimized with the Yoast SEO plugin v23.0 - https:\/\/yoast.com\/wordpress\/plugins\/seo\/ -->\n<title>Prefeitura de Manaus faz consulta p\u00fablica para finalizar editais da Lei Paulo Gustavo<\/title>\n<meta name=\"description\" content=\"A Prefeitura de Manaus apresenta o texto final dos editais para consulta p\u00fablica aos artistas, fazedores de cultura e sociedade em geral para aprecia\u00e7\u00e3o antes do lan\u00e7amento dos editais da Lei Paulo Gustavo, voltado para os setores do audiovisual e demais segmentos art\u00edsticos, por meio da Funda\u00e7\u00e3o Municipal de Cultura, Turismo e Eventos (Manauscult) e Conselho Municipal de Cultura (Concultura).\" \/>\n<meta name=\"robots\" content=\"noindex, follow\" \/>\n<meta property=\"og:locale\" content=\"pt_BR\" \/>\n<meta property=\"og:type\" content=\"article\" \/>\n<meta property=\"og:title\" content=\"Prefeitura de Manaus faz consulta p\u00fablica para finalizar editais da Lei Paulo Gustavo\" \/>\n<meta property=\"og:description\" content=\"A Prefeitura de Manaus apresenta o texto final dos editais para consulta p\u00fablica aos artistas, fazedores de cultura e sociedade em geral para aprecia\u00e7\u00e3o antes do lan\u00e7amento dos editais da Lei Paulo Gustavo, voltado para os setores do audiovisual e demais segmentos art\u00edsticos, por meio da Funda\u00e7\u00e3o Municipal de Cultura, Turismo e Eventos (Manauscult) e Conselho Municipal de Cultura (Concultura).\" \/>\n<meta property=\"og:url\" content=\"https:\/\/www.manaus.am.gov.br\/manauscult\/prefeitura-de-manaus-faz-consulta-publica-para-finalizar-editais-da-lei-paulo-gustavo\/\" \/>\n<meta property=\"og:site_name\" content=\"MANAUSCULT\" \/>\n<meta property=\"article:published_time\" content=\"2023-09-13T13:46:31+00:00\" \/>\n<meta property=\"article:modified_time\" content=\"2023-09-13T16:24:30+00:00\" \/>\n<meta property=\"og:image\" content=\"https:\/\/www.manaus.am.gov.br\/manauscult\/wp-content\/uploads\/sites\/11\/2023\/09\/CONSULTA-1024x577.jpg\" \/>\n\t<meta property=\"og:image:width\" content=\"1024\" \/>\n\t<meta property=\"og:image:height\" content=\"577\" \/>\n\t<meta property=\"og:image:type\" content=\"image\/jpeg\" \/>\n<meta name=\"author\" content=\"Adriana Costa\" \/>\n<meta name=\"twitter:card\" content=\"summary_large_image\" \/>\n<meta name=\"twitter:label1\" content=\"Written by\" \/>\n\t<meta name=\"twitter:data1\" content=\"Adriana Costa\" \/>\n\t<meta name=\"twitter:label2\" content=\"Est. reading time\" \/>\n\t<meta name=\"twitter:data2\" content=\"4 minutos\" \/>\n<script type=\"application\/ld+json\" class=\"yoast-schema-graph\">{\"@context\":\"https:\/\/schema.org\",\"@graph\":[{\"@type\":\"WebPage\",\"@id\":\"https:\/\/www.manaus.am.gov.br\/manauscult\/prefeitura-de-manaus-faz-consulta-publica-para-finalizar-editais-da-lei-paulo-gustavo\/\",\"url\":\"https:\/\/www.manaus.am.gov.br\/manauscult\/prefeitura-de-manaus-faz-consulta-publica-para-finalizar-editais-da-lei-paulo-gustavo\/\",\"name\":\"Prefeitura de Manaus faz consulta p\u00fablica para finalizar editais da Lei Paulo Gustavo\",\"isPartOf\":{\"@id\":\"https:\/\/www.manaus.am.gov.br\/manauscult\/#website\"},\"primaryImageOfPage\":{\"@id\":\"https:\/\/www.manaus.am.gov.br\/manauscult\/prefeitura-de-manaus-faz-consulta-publica-para-finalizar-editais-da-lei-paulo-gustavo\/#primaryimage\"},\"image\":{\"@id\":\"https:\/\/www.manaus.am.gov.br\/manauscult\/prefeitura-de-manaus-faz-consulta-publica-para-finalizar-editais-da-lei-paulo-gustavo\/#primaryimage\"},\"thumbnailUrl\":\"https:\/\/www.manaus.am.gov.br\/manauscult\/wp-content\/uploads\/sites\/11\/2023\/09\/CONSULTA.jpg\",\"datePublished\":\"2023-09-13T13:46:31+00:00\",\"dateModified\":\"2023-09-13T16:24:30+00:00\",\"author\":{\"@id\":\"https:\/\/www.manaus.am.gov.br\/manauscult\/#\/schema\/person\/4e49f4e267757a06ca072ec61b2b9968\"},\"description\":\"A Prefeitura de Manaus apresenta o texto final dos editais para consulta p\u00fablica aos artistas, fazedores de cultura e sociedade em geral para aprecia\u00e7\u00e3o antes do lan\u00e7amento dos editais da Lei Paulo Gustavo, voltado para os setores do audiovisual e demais segmentos art\u00edsticos, por meio da Funda\u00e7\u00e3o Municipal de Cultura, Turismo e Eventos (Manauscult) e Conselho Municipal de Cultura (Concultura).\",\"breadcrumb\":{\"@id\":\"https:\/\/www.manaus.am.gov.br\/manauscult\/prefeitura-de-manaus-faz-consulta-publica-para-finalizar-editais-da-lei-paulo-gustavo\/#breadcrumb\"},\"inLanguage\":\"pt-BR\",\"potentialAction\":[{\"@type\":\"ReadAction\",\"target\":[\"https:\/\/www.manaus.am.gov.br\/manauscult\/prefeitura-de-manaus-faz-consulta-publica-para-finalizar-editais-da-lei-paulo-gustavo\/\"]}]},{\"@type\":\"ImageObject\",\"inLanguage\":\"pt-BR\",\"@id\":\"https:\/\/www.manaus.am.gov.br\/manauscult\/prefeitura-de-manaus-faz-consulta-publica-para-finalizar-editais-da-lei-paulo-gustavo\/#primaryimage\",\"url\":\"https:\/\/www.manaus.am.gov.br\/manauscult\/wp-content\/uploads\/sites\/11\/2023\/09\/CONSULTA.jpg\",\"contentUrl\":\"https:\/\/www.manaus.am.gov.br\/manauscult\/wp-content\/uploads\/sites\/11\/2023\/09\/CONSULTA.jpg\",\"width\":4000,\"height\":2252},{\"@type\":\"BreadcrumbList\",\"@id\":\"https:\/\/www.manaus.am.gov.br\/manauscult\/prefeitura-de-manaus-faz-consulta-publica-para-finalizar-editais-da-lei-paulo-gustavo\/#breadcrumb\",\"itemListElement\":[{\"@type\":\"ListItem\",\"position\":1,\"name\":\"Home\",\"item\":\"https:\/\/www.manaus.am.gov.br\/manauscult\/\"},{\"@type\":\"ListItem\",\"position\":2,\"name\":\"Prefeitura de Manaus faz consulta p\u00fablica para finalizar editais da Lei Paulo Gustavo\"}]},{\"@type\":\"WebSite\",\"@id\":\"https:\/\/www.manaus.am.gov.br\/manauscult\/#website\",\"url\":\"https:\/\/www.manaus.am.gov.br\/manauscult\/\",\"name\":\"MANAUSCULT\",\"description\":\"Prefeitura de Manaus\",\"potentialAction\":[{\"@type\":\"SearchAction\",\"target\":{\"@type\":\"EntryPoint\",\"urlTemplate\":\"https:\/\/www.manaus.am.gov.br\/manauscult\/?s={search_term_string}\"},\"query-input\":\"required name=search_term_string\"}],\"inLanguage\":\"pt-BR\"},{\"@type\":\"Person\",\"@id\":\"https:\/\/www.manaus.am.gov.br\/manauscult\/#\/schema\/person\/4e49f4e267757a06ca072ec61b2b9968\",\"name\":\"Adriana Costa\",\"image\":{\"@type\":\"ImageObject\",\"inLanguage\":\"pt-BR\",\"@id\":\"https:\/\/www.manaus.am.gov.br\/manauscult\/#\/schema\/person\/image\/\",\"url\":\"https:\/\/secure.gravatar.com\/avatar\/576258617ef7194f718179e766d57bd4?s=96&d=mm&r=g\",\"contentUrl\":\"https:\/\/secure.gravatar.com\/avatar\/576258617ef7194f718179e766d57bd4?s=96&d=mm&r=g\",\"caption\":\"Adriana Costa\"}}]}<\/script>\n<!-- \/ Yoast SEO plugin. -->","yoast_head_json":{"title":"Prefeitura de Manaus faz consulta p\u00fablica para finalizar editais da Lei Paulo Gustavo","description":"A Prefeitura de Manaus apresenta o texto final dos editais para consulta p\u00fablica aos artistas, fazedores de cultura e sociedade em geral para aprecia\u00e7\u00e3o antes do lan\u00e7amento dos editais da Lei Paulo Gustavo, voltado para os setores do audiovisual e demais segmentos art\u00edsticos, por meio da Funda\u00e7\u00e3o Municipal de Cultura, Turismo e Eventos (Manauscult) e Conselho Municipal de Cultura (Concultura).","robots":{"index":"noindex","follow":"follow"},"og_locale":"pt_BR","og_type":"article","og_title":"Prefeitura de Manaus faz consulta p\u00fablica para finalizar editais da Lei Paulo Gustavo","og_description":"A Prefeitura de Manaus apresenta o texto final dos editais para consulta p\u00fablica aos artistas, fazedores de cultura e sociedade em geral para aprecia\u00e7\u00e3o antes do lan\u00e7amento dos editais da Lei Paulo Gustavo, voltado para os setores do audiovisual e demais segmentos art\u00edsticos, por meio da Funda\u00e7\u00e3o Municipal de Cultura, Turismo e Eventos (Manauscult) e Conselho Municipal de Cultura (Concultura).","og_url":"https:\/\/www.manaus.am.gov.br\/manauscult\/prefeitura-de-manaus-faz-consulta-publica-para-finalizar-editais-da-lei-paulo-gustavo\/","og_site_name":"MANAUSCULT","article_published_time":"2023-09-13T13:46:31+00:00","article_modified_time":"2023-09-13T16:24:30+00:00","og_image":[{"width":1024,"height":577,"url":"https:\/\/www.manaus.am.gov.br\/manauscult\/wp-content\/uploads\/sites\/11\/2023\/09\/CONSULTA-1024x577.jpg","type":"image\/jpeg"}],"author":"Adriana Costa","twitter_card":"summary_large_image","twitter_misc":{"Written by":"Adriana Costa","Est. reading time":"4 minutos"},"schema":{"@context":"https:\/\/schema.org","@graph":[{"@type":"WebPage","@id":"https:\/\/www.manaus.am.gov.br\/manauscult\/prefeitura-de-manaus-faz-consulta-publica-para-finalizar-editais-da-lei-paulo-gustavo\/","url":"https:\/\/www.manaus.am.gov.br\/manauscult\/prefeitura-de-manaus-faz-consulta-publica-para-finalizar-editais-da-lei-paulo-gustavo\/","name":"Prefeitura de Manaus faz consulta p\u00fablica para finalizar editais da Lei Paulo Gustavo","isPartOf":{"@id":"https:\/\/www.manaus.am.gov.br\/manauscult\/#website"},"primaryImageOfPage":{"@id":"https:\/\/www.manaus.am.gov.br\/manauscult\/prefeitura-de-manaus-faz-consulta-publica-para-finalizar-editais-da-lei-paulo-gustavo\/#primaryimage"},"image":{"@id":"https:\/\/www.manaus.am.gov.br\/manauscult\/prefeitura-de-manaus-faz-consulta-publica-para-finalizar-editais-da-lei-paulo-gustavo\/#primaryimage"},"thumbnailUrl":"https:\/\/www.manaus.am.gov.br\/manauscult\/wp-content\/uploads\/sites\/11\/2023\/09\/CONSULTA.jpg","datePublished":"2023-09-13T13:46:31+00:00","dateModified":"2023-09-13T16:24:30+00:00","author":{"@id":"https:\/\/www.manaus.am.gov.br\/manauscult\/#\/schema\/person\/4e49f4e267757a06ca072ec61b2b9968"},"description":"A Prefeitura de Manaus apresenta o texto final dos editais para consulta p\u00fablica aos artistas, fazedores de cultura e sociedade em geral para aprecia\u00e7\u00e3o antes do lan\u00e7amento dos editais da Lei Paulo Gustavo, voltado para os setores do audiovisual e demais segmentos art\u00edsticos, por meio da Funda\u00e7\u00e3o Municipal de Cultura, Turismo e Eventos (Manauscult) e Conselho Municipal de Cultura (Concultura).","breadcrumb":{"@id":"https:\/\/www.manaus.am.gov.br\/manauscult\/prefeitura-de-manaus-faz-consulta-publica-para-finalizar-editais-da-lei-paulo-gustavo\/#breadcrumb"},"inLanguage":"pt-BR","potentialAction":[{"@type":"ReadAction","target":["https:\/\/www.manaus.am.gov.br\/manauscult\/prefeitura-de-manaus-faz-consulta-publica-para-finalizar-editais-da-lei-paulo-gustavo\/"]}]},{"@type":"ImageObject","inLanguage":"pt-BR","@id":"https:\/\/www.manaus.am.gov.br\/manauscult\/prefeitura-de-manaus-faz-consulta-publica-para-finalizar-editais-da-lei-paulo-gustavo\/#primaryimage","url":"https:\/\/www.manaus.am.gov.br\/manauscult\/wp-content\/uploads\/sites\/11\/2023\/09\/CONSULTA.jpg","contentUrl":"https:\/\/www.manaus.am.gov.br\/manauscult\/wp-content\/uploads\/sites\/11\/2023\/09\/CONSULTA.jpg","width":4000,"height":2252},{"@type":"BreadcrumbList","@id":"https:\/\/www.manaus.am.gov.br\/manauscult\/prefeitura-de-manaus-faz-consulta-publica-para-finalizar-editais-da-lei-paulo-gustavo\/#breadcrumb","itemListElement":[{"@type":"ListItem","position":1,"name":"Home","item":"https:\/\/www.manaus.am.gov.br\/manauscult\/"},{"@type":"ListItem","position":2,"name":"Prefeitura de Manaus faz consulta p\u00fablica para finalizar editais da Lei Paulo Gustavo"}]},{"@type":"WebSite","@id":"https:\/\/www.manaus.am.gov.br\/manauscult\/#website","url":"https:\/\/www.manaus.am.gov.br\/manauscult\/","name":"MANAUSCULT","description":"Prefeitura de Manaus","potentialAction":[{"@type":"SearchAction","target":{"@type":"EntryPoint","urlTemplate":"https:\/\/www.manaus.am.gov.br\/manauscult\/?s={search_term_string}"},"query-input":"required name=search_term_string"}],"inLanguage":"pt-BR"},{"@type":"Person","@id":"https:\/\/www.manaus.am.gov.br\/manauscult\/#\/schema\/person\/4e49f4e267757a06ca072ec61b2b9968","name":"Adriana Costa","image":{"@type":"ImageObject","inLanguage":"pt-BR","@id":"https:\/\/www.manaus.am.gov.br\/manauscult\/#\/schema\/person\/image\/","url":"https:\/\/secure.gravatar.com\/avatar\/576258617ef7194f718179e766d57bd4?s=96&d=mm&r=g","contentUrl":"https:\/\/secure.gravatar.com\/avatar\/576258617ef7194f718179e766d57bd4?s=96&d=mm&r=g","caption":"Adriana Costa"}}]}},"_links":{"self":[{"href":"https:\/\/www.manaus.am.gov.br\/manauscult\/wp-json\/wp\/v2\/posts\/1539"}],"collection":[{"href":"https:\/\/www.manaus.am.gov.br\/manauscult\/wp-json\/wp\/v2\/posts"}],"about":[{"href":"https:\/\/www.manaus.am.gov.br\/manauscult\/wp-json\/wp\/v2\/types\/post"}],"author":[{"embeddable":true,"href":"https:\/\/www.manaus.am.gov.br\/manauscult\/wp-json\/wp\/v2\/users\/23"}],"replies":[{"embeddable":true,"href":"https:\/\/www.manaus.am.gov.br\/manauscult\/wp-json\/wp\/v2\/comments?post=1539"}],"version-history":[{"count":1,"href":"https:\/\/www.manaus.am.gov.br\/manauscult\/wp-json\/wp\/v2\/posts\/1539\/revisions"}],"predecessor-version":[{"id":1541,"href":"https:\/\/www.manaus.am.gov.br\/manauscult\/wp-json\/wp\/v2\/posts\/1539\/revisions\/1541"}],"wp:featuredmedia":[{"embeddable":true,"href":"https:\/\/www.manaus.am.gov.br\/manauscult\/wp-json\/wp\/v2\/media\/1540"}],"wp:attachment":[{"href":"https:\/\/www.manaus.am.gov.br\/manauscult\/wp-json\/wp\/v2\/media?parent=1539"}],"wp:term":[{"taxonomy":"category","embeddable":true,"href":"https:\/\/www.manaus.am.gov.br\/manauscult\/wp-json\/wp\/v2\/categories?post=1539"},{"taxonomy":"post_tag","embeddable":true,"href":"https:\/\/www.manaus.am.gov.br\/manauscult\/wp-json\/wp\/v2\/tags?post=1539"}],"curies":[{"name":"wp","href":"https:\/\/api.w.org\/{rel}","templated":true}]}}