{"id":1516,"date":"2023-09-08T16:49:35","date_gmt":"2023-09-08T20:49:35","guid":{"rendered":"https:\/\/www.manaus.am.gov.br\/manauscult\/prefeito-enfatiza-publico-historico-com-420-mil-pessoas-no-soumanaus-e-mais-de-r-21-milhoes-movimentados-no-festival\/"},"modified":"2023-09-08T16:49:37","modified_gmt":"2023-09-08T20:49:37","slug":"prefeito-enfatiza-publico-historico-com-420-mil-pessoas-no-soumanaus-e-mais-de-r-21-milhoes-movimentados-no-festival","status":"publish","type":"post","link":"https:\/\/www.manaus.am.gov.br\/manauscult\/prefeito-enfatiza-publico-historico-com-420-mil-pessoas-no-soumanaus-e-mais-de-r-21-milhoes-movimentados-no-festival\/","title":{"rendered":"<strong>Prefeito enfatiza p\u00fablico hist\u00f3rico com 420 mil pessoas no #SouManaus e&nbsp;mais de <\/strong><strong>R$ 21 milh\u00f5es&nbsp;movimentados no festival<\/strong>"},"content":{"rendered":"\n<p>O prefeito de Manaus, David Almeida, realizou, na manh\u00e3 desta sexta-feira, 8\/9, um balan\u00e7o geral da&nbsp;edi\u00e7\u00e3o 2023&nbsp;do #SouManaus Passo a Pa\u00e7o, o maior festival de artes integradas do Norte do Brasil, que aconteceu de 5 a 7\/9, no centro hist\u00f3rico, e que reuniu 420 mil pessoas. O gestor destaca que o evento ficou marcado, al\u00e9m dos grandes shows, pelos n\u00fameros significativos como o aumento de 70% da ocupa\u00e7\u00e3o da rede hoteleira&nbsp;e mais de R$ 21 milh\u00f5es&nbsp;gerados com o consumo durante o festival.<\/p>\n\n\n\n<p>\u201cO evento, ele se prop\u00f5e a resgatar o Centro Hist\u00f3rico de Manaus e a edi\u00e7\u00e3o deste ano cumpriu com o seu dever. Mais de 420 mil pessoas estiveram presentes onde a cidade nasceu. E agora ele tomou uma propor\u00e7\u00e3o maior. Foram mais de 1.200 publica\u00e7\u00f5es positivas s\u00f3 do evento (na m\u00eddia em geral), sendo 96% positivas. O #SouManaus saiu na rede nacional, em sites internacionais, o pr\u00f3prio David Guetta postando. Isso mostrou a capacidade que n\u00f3s temos. Toda a estrutura que foi criada, de primeiro mundo, nos faz prospectar dias melhores\u201d, afirmou Almeida.<\/p>\n\n\n\n<p>Organizado dentro de um per\u00edmetro de 44 mil metros quadrados, o #SouManaus 2023 foi um sucesso desde o seu planejamento, uma vez que n\u00e3o foi registrado nenhum caso de roubo, furto ou confus\u00f5es. Todo o per\u00edmetro foi monitorado por mais de cem c\u00e2meras inteligentes posicionadas estrategicamente pelo Centro de Coopera\u00e7\u00e3o da Cidade (CCC), e contou com mais de 1.200 seguran\u00e7as, coordenados pela Secretaria Municipal de Seguran\u00e7a P\u00fablica e Defesa Social (Semseg).<\/p>\n\n\n\n<p>O chefe do Executivo municipal fez quest\u00e3o de ressaltar que a realiza\u00e7\u00e3o do festival deste ano custou menos aos cofres p\u00fablicos do que o organizado em 2022, n\u00e3o chegando a 50% do valor separado no or\u00e7amento anual de acordo com a Lei Or\u00e7ament\u00e1ria Anual (LOA).<\/p>\n\n\n\n<p>\u201cLembrando que o evento teve o custo de R$ 28 milh\u00f5es, dos quais R$ 22 milh\u00f5es foram da iniciativa privada, entre apoios e patroc\u00ednios. Somente R$ 6 milh\u00f5es foram investidos pela prefeitura, valor muito menor do que do ano passado, quando foram aplicados R$ 18 milh\u00f5es dos cofres p\u00fablicos. Em virtude dos apoios e patrocinadores, gastamos menos da metade do or\u00e7amento. Isso \u00e9 muito importante\u201d, afirmou David.<\/p>\n\n\n\n<p><strong>Meio ambiente<\/strong><\/p>\n\n\n\n<p>Fazendo valer a bandeira da sustentabilidade, foram recolhidas 240 mil garrafas PETs e arrecadadas ao menos 76 toneladas de alimentos n\u00e3o perec\u00edveis (n\u00fameros da \u00faltima parcial, volume que ser\u00e1 atualizado nos pr\u00f3ximos dias) e que ser\u00e3o distribu\u00eddos j\u00e1 nas pr\u00f3ximas semanas.<\/p>\n\n\n\n<p><strong>Continuar crescendo<\/strong><\/p>\n\n\n\n<p>Questionado sobre o que ser\u00e1 modificado para a edi\u00e7\u00e3o de 2024, David Almeida anunciou que o festival ser\u00e1 ainda maior, contando com uma grande atra\u00e7\u00e3o internacional e mais atra\u00e7\u00f5es nacionais, al\u00e9m dos artistas locais e regionais.<\/p>\n\n\n\n<p>\u201cAno que vem faremos um evento maior do que esse, n\u00f3s vamos ter que trazer mais atra\u00e7\u00f5es internacionais, ao inv\u00e9s de uma. E eu tenho certeza que vamos conseguir dar \u00e0 cidade de Manaus o que h\u00e1 de melhor tamb\u00e9m na cultura\u201d, concluiu.<\/p>\n\n\n\n<p>Para o diretor-presidente da Funda\u00e7\u00e3o Municipal de Cultural, Turismo e Eventos (Manauscult), Osvaldo Cardoso, os grandes n\u00fameros do festival s\u00f3 comprovam que a Prefeitura de Manaus organizou o maior evento da hist\u00f3ria do Amazonas.<\/p>\n\n\n\n<p>\u201cOs n\u00fameros s\u00e3o muito generosos. S\u00e3o 420 mil pessoas nos tr\u00eas dias de evento, sendo que no ano passado n\u00f3s tivemos 380 mil pessoas em quatro dias, o que significa acima de tudo que Manaus e a popula\u00e7\u00e3o aprovaram essa nova modelagem do #SouManaus, nos permitindo, acima de tudo, subir o sarrafo e entregar o maior evento da hist\u00f3ria do Amazonas\u201d, afirmou Cardoso.<\/p>\n\n\n\n<p>&#8212; &#8212; &#8212;<\/p>\n\n\n\n<p><strong>Texto<\/strong> \u2013 Thiago Fernando \/ Semcom<\/p>\n\n\n\n<p><strong>Fotos<\/strong> \u2013 Phil Limma \/ Semcom<\/p>\n\n\n\n<p>Dispon\u00edveis em &#8211; <a href=\"https:\/\/flic.kr\/s\/aHBqjATZen\">https:\/\/flic.kr\/s\/aHBqjATZen<\/a><\/p>\n","protected":false},"excerpt":{"rendered":"","protected":false},"author":31,"featured_media":1517,"comment_status":"closed","ping_status":"closed","sticky":false,"template":"","format":"standard","meta":{"footnotes":""},"categories":[508],"tags":[670,671,672,673,674],"acf":[],"yoast_head":"<!-- This site is optimized with the Yoast SEO plugin v23.0 - https:\/\/yoast.com\/wordpress\/plugins\/seo\/ -->\n<title>Prefeito enfatiza p\u00fablico hist\u00f3rico com 420 mil pessoas no #SouManaus e&nbsp;mais de R$ 21 milh\u00f5es&nbsp;movimentados no festival - MANAUSCULT<\/title>\n<meta name=\"robots\" content=\"noindex, follow\" \/>\n<meta property=\"og:locale\" content=\"pt_BR\" \/>\n<meta property=\"og:type\" content=\"article\" \/>\n<meta property=\"og:title\" content=\"Prefeito enfatiza p\u00fablico hist\u00f3rico com 420 mil pessoas no #SouManaus e&nbsp;mais de R$ 21 milh\u00f5es&nbsp;movimentados no festival - MANAUSCULT\" \/>\n<meta property=\"og:url\" content=\"https:\/\/www.manaus.am.gov.br\/manauscult\/prefeito-enfatiza-publico-historico-com-420-mil-pessoas-no-soumanaus-e-mais-de-r-21-milhoes-movimentados-no-festival\/\" \/>\n<meta property=\"og:site_name\" content=\"MANAUSCULT\" \/>\n<meta property=\"article:published_time\" content=\"2023-09-08T20:49:35+00:00\" \/>\n<meta property=\"article:modified_time\" content=\"2023-09-08T20:49:37+00:00\" \/>\n<meta property=\"og:image\" content=\"https:\/\/www.manaus.am.gov.br\/manauscult\/wp-content\/uploads\/sites\/11\/2023\/09\/53172748277_9b8c45d14b_c.jpg\" \/>\n\t<meta property=\"og:image:width\" content=\"799\" \/>\n\t<meta property=\"og:image:height\" content=\"533\" \/>\n\t<meta property=\"og:image:type\" content=\"image\/jpeg\" \/>\n<meta name=\"author\" content=\"Renata Felix\" \/>\n<meta name=\"twitter:card\" content=\"summary_large_image\" \/>\n<meta name=\"twitter:label1\" content=\"Written by\" \/>\n\t<meta name=\"twitter:data1\" content=\"Renata Felix\" \/>\n\t<meta name=\"twitter:label2\" content=\"Est. reading time\" \/>\n\t<meta name=\"twitter:data2\" content=\"4 minutos\" \/>\n<script type=\"application\/ld+json\" class=\"yoast-schema-graph\">{\"@context\":\"https:\/\/schema.org\",\"@graph\":[{\"@type\":\"WebPage\",\"@id\":\"https:\/\/www.manaus.am.gov.br\/manauscult\/prefeito-enfatiza-publico-historico-com-420-mil-pessoas-no-soumanaus-e-mais-de-r-21-milhoes-movimentados-no-festival\/\",\"url\":\"https:\/\/www.manaus.am.gov.br\/manauscult\/prefeito-enfatiza-publico-historico-com-420-mil-pessoas-no-soumanaus-e-mais-de-r-21-milhoes-movimentados-no-festival\/\",\"name\":\"Prefeito enfatiza p\u00fablico hist\u00f3rico com 420 mil pessoas no #SouManaus e&nbsp;mais de R$ 21 milh\u00f5es&nbsp;movimentados no festival - MANAUSCULT\",\"isPartOf\":{\"@id\":\"https:\/\/www.manaus.am.gov.br\/manauscult\/#website\"},\"primaryImageOfPage\":{\"@id\":\"https:\/\/www.manaus.am.gov.br\/manauscult\/prefeito-enfatiza-publico-historico-com-420-mil-pessoas-no-soumanaus-e-mais-de-r-21-milhoes-movimentados-no-festival\/#primaryimage\"},\"image\":{\"@id\":\"https:\/\/www.manaus.am.gov.br\/manauscult\/prefeito-enfatiza-publico-historico-com-420-mil-pessoas-no-soumanaus-e-mais-de-r-21-milhoes-movimentados-no-festival\/#primaryimage\"},\"thumbnailUrl\":\"https:\/\/www.manaus.am.gov.br\/manauscult\/wp-content\/uploads\/sites\/11\/2023\/09\/53172748277_9b8c45d14b_c.jpg\",\"datePublished\":\"2023-09-08T20:49:35+00:00\",\"dateModified\":\"2023-09-08T20:49:37+00:00\",\"author\":{\"@id\":\"https:\/\/www.manaus.am.gov.br\/manauscult\/#\/schema\/person\/4eea2a8f78dc853097abb026f728aa06\"},\"breadcrumb\":{\"@id\":\"https:\/\/www.manaus.am.gov.br\/manauscult\/prefeito-enfatiza-publico-historico-com-420-mil-pessoas-no-soumanaus-e-mais-de-r-21-milhoes-movimentados-no-festival\/#breadcrumb\"},\"inLanguage\":\"pt-BR\",\"potentialAction\":[{\"@type\":\"ReadAction\",\"target\":[\"https:\/\/www.manaus.am.gov.br\/manauscult\/prefeito-enfatiza-publico-historico-com-420-mil-pessoas-no-soumanaus-e-mais-de-r-21-milhoes-movimentados-no-festival\/\"]}]},{\"@type\":\"ImageObject\",\"inLanguage\":\"pt-BR\",\"@id\":\"https:\/\/www.manaus.am.gov.br\/manauscult\/prefeito-enfatiza-publico-historico-com-420-mil-pessoas-no-soumanaus-e-mais-de-r-21-milhoes-movimentados-no-festival\/#primaryimage\",\"url\":\"https:\/\/www.manaus.am.gov.br\/manauscult\/wp-content\/uploads\/sites\/11\/2023\/09\/53172748277_9b8c45d14b_c.jpg\",\"contentUrl\":\"https:\/\/www.manaus.am.gov.br\/manauscult\/wp-content\/uploads\/sites\/11\/2023\/09\/53172748277_9b8c45d14b_c.jpg\",\"width\":799,\"height\":533},{\"@type\":\"BreadcrumbList\",\"@id\":\"https:\/\/www.manaus.am.gov.br\/manauscult\/prefeito-enfatiza-publico-historico-com-420-mil-pessoas-no-soumanaus-e-mais-de-r-21-milhoes-movimentados-no-festival\/#breadcrumb\",\"itemListElement\":[{\"@type\":\"ListItem\",\"position\":1,\"name\":\"Home\",\"item\":\"https:\/\/www.manaus.am.gov.br\/manauscult\/\"},{\"@type\":\"ListItem\",\"position\":2,\"name\":\"Prefeito enfatiza p\u00fablico hist\u00f3rico com 420 mil pessoas no #SouManaus e&nbsp;mais de R$ 21 milh\u00f5es&nbsp;movimentados no festival\"}]},{\"@type\":\"WebSite\",\"@id\":\"https:\/\/www.manaus.am.gov.br\/manauscult\/#website\",\"url\":\"https:\/\/www.manaus.am.gov.br\/manauscult\/\",\"name\":\"MANAUSCULT\",\"description\":\"Prefeitura de Manaus\",\"potentialAction\":[{\"@type\":\"SearchAction\",\"target\":{\"@type\":\"EntryPoint\",\"urlTemplate\":\"https:\/\/www.manaus.am.gov.br\/manauscult\/?s={search_term_string}\"},\"query-input\":\"required name=search_term_string\"}],\"inLanguage\":\"pt-BR\"},{\"@type\":\"Person\",\"@id\":\"https:\/\/www.manaus.am.gov.br\/manauscult\/#\/schema\/person\/4eea2a8f78dc853097abb026f728aa06\",\"name\":\"Renata Felix\",\"image\":{\"@type\":\"ImageObject\",\"inLanguage\":\"pt-BR\",\"@id\":\"https:\/\/www.manaus.am.gov.br\/manauscult\/#\/schema\/person\/image\/\",\"url\":\"https:\/\/secure.gravatar.com\/avatar\/3c196cf9d3b837b24c8edb2c50fd8f29?s=96&d=mm&r=g\",\"contentUrl\":\"https:\/\/secure.gravatar.com\/avatar\/3c196cf9d3b837b24c8edb2c50fd8f29?s=96&d=mm&r=g\",\"caption\":\"Renata Felix\"}}]}<\/script>\n<!-- \/ Yoast SEO plugin. -->","yoast_head_json":{"title":"Prefeito enfatiza p\u00fablico hist\u00f3rico com 420 mil pessoas no #SouManaus e&nbsp;mais de R$ 21 milh\u00f5es&nbsp;movimentados no festival - MANAUSCULT","robots":{"index":"noindex","follow":"follow"},"og_locale":"pt_BR","og_type":"article","og_title":"Prefeito enfatiza p\u00fablico hist\u00f3rico com 420 mil pessoas no #SouManaus e&nbsp;mais de R$ 21 milh\u00f5es&nbsp;movimentados no festival - MANAUSCULT","og_url":"https:\/\/www.manaus.am.gov.br\/manauscult\/prefeito-enfatiza-publico-historico-com-420-mil-pessoas-no-soumanaus-e-mais-de-r-21-milhoes-movimentados-no-festival\/","og_site_name":"MANAUSCULT","article_published_time":"2023-09-08T20:49:35+00:00","article_modified_time":"2023-09-08T20:49:37+00:00","og_image":[{"width":799,"height":533,"url":"https:\/\/www.manaus.am.gov.br\/manauscult\/wp-content\/uploads\/sites\/11\/2023\/09\/53172748277_9b8c45d14b_c.jpg","type":"image\/jpeg"}],"author":"Renata Felix","twitter_card":"summary_large_image","twitter_misc":{"Written by":"Renata Felix","Est. reading time":"4 minutos"},"schema":{"@context":"https:\/\/schema.org","@graph":[{"@type":"WebPage","@id":"https:\/\/www.manaus.am.gov.br\/manauscult\/prefeito-enfatiza-publico-historico-com-420-mil-pessoas-no-soumanaus-e-mais-de-r-21-milhoes-movimentados-no-festival\/","url":"https:\/\/www.manaus.am.gov.br\/manauscult\/prefeito-enfatiza-publico-historico-com-420-mil-pessoas-no-soumanaus-e-mais-de-r-21-milhoes-movimentados-no-festival\/","name":"Prefeito enfatiza p\u00fablico hist\u00f3rico com 420 mil pessoas no #SouManaus e&nbsp;mais de R$ 21 milh\u00f5es&nbsp;movimentados no festival - MANAUSCULT","isPartOf":{"@id":"https:\/\/www.manaus.am.gov.br\/manauscult\/#website"},"primaryImageOfPage":{"@id":"https:\/\/www.manaus.am.gov.br\/manauscult\/prefeito-enfatiza-publico-historico-com-420-mil-pessoas-no-soumanaus-e-mais-de-r-21-milhoes-movimentados-no-festival\/#primaryimage"},"image":{"@id":"https:\/\/www.manaus.am.gov.br\/manauscult\/prefeito-enfatiza-publico-historico-com-420-mil-pessoas-no-soumanaus-e-mais-de-r-21-milhoes-movimentados-no-festival\/#primaryimage"},"thumbnailUrl":"https:\/\/www.manaus.am.gov.br\/manauscult\/wp-content\/uploads\/sites\/11\/2023\/09\/53172748277_9b8c45d14b_c.jpg","datePublished":"2023-09-08T20:49:35+00:00","dateModified":"2023-09-08T20:49:37+00:00","author":{"@id":"https:\/\/www.manaus.am.gov.br\/manauscult\/#\/schema\/person\/4eea2a8f78dc853097abb026f728aa06"},"breadcrumb":{"@id":"https:\/\/www.manaus.am.gov.br\/manauscult\/prefeito-enfatiza-publico-historico-com-420-mil-pessoas-no-soumanaus-e-mais-de-r-21-milhoes-movimentados-no-festival\/#breadcrumb"},"inLanguage":"pt-BR","potentialAction":[{"@type":"ReadAction","target":["https:\/\/www.manaus.am.gov.br\/manauscult\/prefeito-enfatiza-publico-historico-com-420-mil-pessoas-no-soumanaus-e-mais-de-r-21-milhoes-movimentados-no-festival\/"]}]},{"@type":"ImageObject","inLanguage":"pt-BR","@id":"https:\/\/www.manaus.am.gov.br\/manauscult\/prefeito-enfatiza-publico-historico-com-420-mil-pessoas-no-soumanaus-e-mais-de-r-21-milhoes-movimentados-no-festival\/#primaryimage","url":"https:\/\/www.manaus.am.gov.br\/manauscult\/wp-content\/uploads\/sites\/11\/2023\/09\/53172748277_9b8c45d14b_c.jpg","contentUrl":"https:\/\/www.manaus.am.gov.br\/manauscult\/wp-content\/uploads\/sites\/11\/2023\/09\/53172748277_9b8c45d14b_c.jpg","width":799,"height":533},{"@type":"BreadcrumbList","@id":"https:\/\/www.manaus.am.gov.br\/manauscult\/prefeito-enfatiza-publico-historico-com-420-mil-pessoas-no-soumanaus-e-mais-de-r-21-milhoes-movimentados-no-festival\/#breadcrumb","itemListElement":[{"@type":"ListItem","position":1,"name":"Home","item":"https:\/\/www.manaus.am.gov.br\/manauscult\/"},{"@type":"ListItem","position":2,"name":"Prefeito enfatiza p\u00fablico hist\u00f3rico com 420 mil pessoas no #SouManaus e&nbsp;mais de R$ 21 milh\u00f5es&nbsp;movimentados no festival"}]},{"@type":"WebSite","@id":"https:\/\/www.manaus.am.gov.br\/manauscult\/#website","url":"https:\/\/www.manaus.am.gov.br\/manauscult\/","name":"MANAUSCULT","description":"Prefeitura de Manaus","potentialAction":[{"@type":"SearchAction","target":{"@type":"EntryPoint","urlTemplate":"https:\/\/www.manaus.am.gov.br\/manauscult\/?s={search_term_string}"},"query-input":"required name=search_term_string"}],"inLanguage":"pt-BR"},{"@type":"Person","@id":"https:\/\/www.manaus.am.gov.br\/manauscult\/#\/schema\/person\/4eea2a8f78dc853097abb026f728aa06","name":"Renata Felix","image":{"@type":"ImageObject","inLanguage":"pt-BR","@id":"https:\/\/www.manaus.am.gov.br\/manauscult\/#\/schema\/person\/image\/","url":"https:\/\/secure.gravatar.com\/avatar\/3c196cf9d3b837b24c8edb2c50fd8f29?s=96&d=mm&r=g","contentUrl":"https:\/\/secure.gravatar.com\/avatar\/3c196cf9d3b837b24c8edb2c50fd8f29?s=96&d=mm&r=g","caption":"Renata Felix"}}]}},"_links":{"self":[{"href":"https:\/\/www.manaus.am.gov.br\/manauscult\/wp-json\/wp\/v2\/posts\/1516"}],"collection":[{"href":"https:\/\/www.manaus.am.gov.br\/manauscult\/wp-json\/wp\/v2\/posts"}],"about":[{"href":"https:\/\/www.manaus.am.gov.br\/manauscult\/wp-json\/wp\/v2\/types\/post"}],"author":[{"embeddable":true,"href":"https:\/\/www.manaus.am.gov.br\/manauscult\/wp-json\/wp\/v2\/users\/31"}],"replies":[{"embeddable":true,"href":"https:\/\/www.manaus.am.gov.br\/manauscult\/wp-json\/wp\/v2\/comments?post=1516"}],"version-history":[{"count":0,"href":"https:\/\/www.manaus.am.gov.br\/manauscult\/wp-json\/wp\/v2\/posts\/1516\/revisions"}],"wp:featuredmedia":[{"embeddable":true,"href":"https:\/\/www.manaus.am.gov.br\/manauscult\/wp-json\/wp\/v2\/media\/1517"}],"wp:attachment":[{"href":"https:\/\/www.manaus.am.gov.br\/manauscult\/wp-json\/wp\/v2\/media?parent=1516"}],"wp:term":[{"taxonomy":"category","embeddable":true,"href":"https:\/\/www.manaus.am.gov.br\/manauscult\/wp-json\/wp\/v2\/categories?post=1516"},{"taxonomy":"post_tag","embeddable":true,"href":"https:\/\/www.manaus.am.gov.br\/manauscult\/wp-json\/wp\/v2\/tags?post=1516"}],"curies":[{"name":"wp","href":"https:\/\/api.w.org\/{rel}","templated":true}]}}