{"id":1510,"date":"2023-09-08T02:30:39","date_gmt":"2023-09-08T06:30:39","guid":{"rendered":"https:\/\/www.manaus.am.gov.br\/manauscult\/talento-da-nova-geracao-da-musica-gospel-isadora-pompeo-fecha-ultima-noite-do-soumanaus-2023\/"},"modified":"2023-09-08T02:30:40","modified_gmt":"2023-09-08T06:30:40","slug":"talento-da-nova-geracao-da-musica-gospel-isadora-pompeo-fecha-ultima-noite-do-soumanaus-2023","status":"publish","type":"post","link":"https:\/\/www.manaus.am.gov.br\/manauscult\/talento-da-nova-geracao-da-musica-gospel-isadora-pompeo-fecha-ultima-noite-do-soumanaus-2023\/","title":{"rendered":"<strong>Talento da nova gera\u00e7\u00e3o da m\u00fasica gospel, Isadora Pompeo fecha \u00faltima noite do #SouManaus 2023<\/strong>"},"content":{"rendered":"\n<p>O festival \u201c#SouManaus Passo a Pa\u00e7o 2023\u201d encerrou, nesta quinta-feira, 7\/9, com atra\u00e7\u00f5es de peso voltadas para o p\u00fablico religioso no palco Bradesco &#8211; Guardi\u00e3o da Amaz\u00f4nia, na \u00e1rea portu\u00e1ria da cidade. Al\u00e9m de atra\u00e7\u00f5es locais, a&nbsp;<em>line-up<\/em>&nbsp;crist\u00e3 contou com a cantora Isadora Pompeo, que fechou a programa\u00e7\u00e3o de louvor e adora\u00e7\u00e3o.<\/p>\n\n\n\n<p>No in\u00edcio da noite, a banda Templos e o cantor Jander Rios dividiram o palco por 40 minutos de show e fizeram o p\u00fablico presente adorar a Deus. Com mais de 20 anos de carreira, a banda Templos j\u00e1 \u00e9 conhecida no segmento gospel amazonense com repert\u00f3rio de m\u00fasicas autorais. Mike Oliveira, vocalista da banda, adiantou que o grupo preparou um show diversificado.&nbsp;<\/p>\n\n\n\n<p>&#8220;Estivemos na edi\u00e7\u00e3o passada e, agora, preparamos algo diferente com&nbsp; uma pegada mais eletr\u00f4nica no in\u00edcio, mas tamb\u00e9m resgatando um pouco dos 25 anos de hist\u00f3ria da banda para quem j\u00e1 \u00e9 nosso f\u00e3 e tamb\u00e9m aqueles que est\u00e3o chegando para acompanhar essa nova roupagem de m\u00fasicas&#8221;, adiantou o vocalista.<\/p>\n\n\n\n<p>Mais uma vez se apresentando no festival, o cantor Jander Rios destacou a oportunidade que o evento d\u00e1 aos artistas do cen\u00e1rio gospel.<\/p>\n\n\n\n<p>&#8220;Desde o ano passado, a gente vem integrando esse festival maravilhoso, essa oportunidade que o prefeito tem dado para os cantores gospel mostrarem sua arte e sua m\u00fasica \u00e9 importante. Eu sou um compositor autoral e fico muito feliz em participar, porque n\u00e3o tinha isso antes, era s\u00f3 o p\u00fablico secular e, agora, podemos mostrar o nosso trabalho tamb\u00e9m&#8221;, disse.<\/p>\n\n\n\n<p>Dando continuidade \u00e0 programa\u00e7\u00e3o, os cantores gospel J\u00f4 Souza e Felipe Netto fizeram o pr\u00e9-show da grande atra\u00e7\u00e3o da noite, Isadora Pompeo.&nbsp; Mesclando o gospel com forr\u00f3, J\u00f4 afirmou que a sua miss\u00e3o \u00e9 cantar e levar a palavra de Deus para todos.<\/p>\n\n\n\n<p>&#8220;Meu cora\u00e7\u00e3o est\u00e1 acelerado, n\u00e3o vejo a hora de subir naquele palco incr\u00edvel para cantar, adorar e colocar o p\u00fablico para celebrar. N\u00f3s viemos para agradecer a Deus por esse momento t\u00e3o maravilhoso de estar participando, pela primeira vez, do #SouManaus&#8221;, destacou.<\/p>\n\n\n\n<p>Com muita simpatia, uma voz forte e um timbre encantador, a cantora Isadora Pompeo fez um show cheio de emo\u00e7\u00e3o e adora\u00e7\u00e3o. Talento na nova gera\u00e7\u00e3o da m\u00fasica gospel, ela trouxe as can\u00e7\u00f5es mais conhecidas \u201cHey, pai\u201d, \u201cMinha morada\u201d e \u201cComo nunca antes\u201d para o p\u00fablico louvar junto.<\/p>\n\n\n\n<p>&#8220;Estou muito feliz, muito empolgada e acredito que vai ser maravilhoso, eu sinto a vibra\u00e7\u00e3o das pessoas de l\u00e1 e espero que elas possam sentir daqui tamb\u00e9m. N\u00f3s amamos esse lugar e \u00e9 isso que eu quero passar hoje&#8221;, declarou Isadora.<\/p>\n\n\n\n<p>F\u00e3 da cantora, a jovem Ingrid Arag\u00e3o, 30, veio com a irm\u00e3 para assistir ao show e se emocionou durante os louvores de Isadora Pompeo.<\/p>\n\n\n\n<p>&#8220;Eu estou muito feliz de estar aqui hoje. Gosto muito do Minist\u00e9rio da Isadora, acompanho h\u00e1 algum tempo, junto com a minha irm\u00e3, o trabalho dela. Curti muito o evento, tudo lindo e s\u00f3 tenho bons momentos para guardar do #SouManaus 2023&#8221;, afirmou.<\/p>\n\n\n\n<p>Muitas fam\u00edlias se fizeram presente no palco principal para prestigiar&nbsp; os diversos estilos no universo da m\u00fasica crist\u00e3 da \u00faltima noite de festival. Uma delas foi o pastor Aldo Macedo, 34, que trouxe o filho Alef, de apenas tr\u00eas meses, para participar da noite de adora\u00e7\u00e3o a Deus.<\/p>\n\n\n\n<p>&#8220;Estou achando uma ben\u00e7\u00e3o de Deus, parabenizar a prefeitura, evangelizando Manaus de uma magnitude espantosa. Estou impactado, trouxe a minha fam\u00edlia para prestigiar esse evento magn\u00edfico e que possa continuar ano que vem e&nbsp; que, assim, a gente possa adorar Jesus juntos por toda Manaus&#8221;.<\/p>\n\n\n\n<p>No \u00faltimo dia de festival n\u00e3o foi necess\u00e1rio o uso de pulseira para ter acesso aos dois principais palcos.<\/p>\n\n\n\n<p>&#8212; &#8212; &#8212;<\/p>\n\n\n\n<p><strong>Texto<\/strong>&nbsp;&#8211; Hellen Miranda \/ Semcom<\/p>\n\n\n\n<p><strong>Fotos<\/strong>&nbsp;&#8211; Jo\u00e3o Viana \/ Semcom&nbsp;<\/p>\n","protected":false},"excerpt":{"rendered":"","protected":false},"author":23,"featured_media":1511,"comment_status":"closed","ping_status":"closed","sticky":false,"template":"","format":"standard","meta":{"footnotes":""},"categories":[508],"tags":[183,667,668,11,665],"acf":[],"yoast_head":"<!-- This site is optimized with the Yoast SEO plugin v23.0 - https:\/\/yoast.com\/wordpress\/plugins\/seo\/ -->\n<title>Talento da nova gera\u00e7\u00e3o da m\u00fasica gospel, Isadora Pompeo fecha \u00faltima noite do #SouManaus 2023<\/title>\n<meta name=\"robots\" content=\"noindex, follow\" \/>\n<meta property=\"og:locale\" content=\"pt_BR\" \/>\n<meta property=\"og:type\" content=\"article\" \/>\n<meta property=\"og:title\" content=\"Talento da nova gera\u00e7\u00e3o da m\u00fasica gospel, Isadora Pompeo fecha \u00faltima noite do #SouManaus 2023\" \/>\n<meta property=\"og:url\" content=\"https:\/\/www.manaus.am.gov.br\/manauscult\/talento-da-nova-geracao-da-musica-gospel-isadora-pompeo-fecha-ultima-noite-do-soumanaus-2023\/\" \/>\n<meta property=\"og:site_name\" content=\"MANAUSCULT\" \/>\n<meta property=\"article:published_time\" content=\"2023-09-08T06:30:39+00:00\" \/>\n<meta property=\"article:modified_time\" content=\"2023-09-08T06:30:40+00:00\" \/>\n<meta property=\"og:image\" content=\"https:\/\/www.manaus.am.gov.br\/manauscult\/wp-content\/uploads\/sites\/11\/2023\/09\/Isadora-Pompeo-3.jpeg\" \/>\n\t<meta property=\"og:image:width\" content=\"1600\" \/>\n\t<meta property=\"og:image:height\" content=\"1066\" \/>\n\t<meta property=\"og:image:type\" content=\"image\/jpeg\" \/>\n<meta name=\"author\" content=\"Adriana Costa\" \/>\n<meta name=\"twitter:card\" content=\"summary_large_image\" \/>\n<meta name=\"twitter:label1\" content=\"Written by\" \/>\n\t<meta name=\"twitter:data1\" content=\"Adriana Costa\" \/>\n\t<meta name=\"twitter:label2\" content=\"Est. reading time\" \/>\n\t<meta name=\"twitter:data2\" content=\"4 minutos\" \/>\n<script type=\"application\/ld+json\" class=\"yoast-schema-graph\">{\"@context\":\"https:\/\/schema.org\",\"@graph\":[{\"@type\":\"WebPage\",\"@id\":\"https:\/\/www.manaus.am.gov.br\/manauscult\/talento-da-nova-geracao-da-musica-gospel-isadora-pompeo-fecha-ultima-noite-do-soumanaus-2023\/\",\"url\":\"https:\/\/www.manaus.am.gov.br\/manauscult\/talento-da-nova-geracao-da-musica-gospel-isadora-pompeo-fecha-ultima-noite-do-soumanaus-2023\/\",\"name\":\"Talento da nova gera\u00e7\u00e3o da m\u00fasica gospel, Isadora Pompeo fecha \u00faltima noite do #SouManaus 2023\",\"isPartOf\":{\"@id\":\"https:\/\/www.manaus.am.gov.br\/manauscult\/#website\"},\"primaryImageOfPage\":{\"@id\":\"https:\/\/www.manaus.am.gov.br\/manauscult\/talento-da-nova-geracao-da-musica-gospel-isadora-pompeo-fecha-ultima-noite-do-soumanaus-2023\/#primaryimage\"},\"image\":{\"@id\":\"https:\/\/www.manaus.am.gov.br\/manauscult\/talento-da-nova-geracao-da-musica-gospel-isadora-pompeo-fecha-ultima-noite-do-soumanaus-2023\/#primaryimage\"},\"thumbnailUrl\":\"https:\/\/www.manaus.am.gov.br\/manauscult\/wp-content\/uploads\/sites\/11\/2023\/09\/Isadora-Pompeo-3.jpeg\",\"datePublished\":\"2023-09-08T06:30:39+00:00\",\"dateModified\":\"2023-09-08T06:30:40+00:00\",\"author\":{\"@id\":\"https:\/\/www.manaus.am.gov.br\/manauscult\/#\/schema\/person\/4e49f4e267757a06ca072ec61b2b9968\"},\"breadcrumb\":{\"@id\":\"https:\/\/www.manaus.am.gov.br\/manauscult\/talento-da-nova-geracao-da-musica-gospel-isadora-pompeo-fecha-ultima-noite-do-soumanaus-2023\/#breadcrumb\"},\"inLanguage\":\"pt-BR\",\"potentialAction\":[{\"@type\":\"ReadAction\",\"target\":[\"https:\/\/www.manaus.am.gov.br\/manauscult\/talento-da-nova-geracao-da-musica-gospel-isadora-pompeo-fecha-ultima-noite-do-soumanaus-2023\/\"]}]},{\"@type\":\"ImageObject\",\"inLanguage\":\"pt-BR\",\"@id\":\"https:\/\/www.manaus.am.gov.br\/manauscult\/talento-da-nova-geracao-da-musica-gospel-isadora-pompeo-fecha-ultima-noite-do-soumanaus-2023\/#primaryimage\",\"url\":\"https:\/\/www.manaus.am.gov.br\/manauscult\/wp-content\/uploads\/sites\/11\/2023\/09\/Isadora-Pompeo-3.jpeg\",\"contentUrl\":\"https:\/\/www.manaus.am.gov.br\/manauscult\/wp-content\/uploads\/sites\/11\/2023\/09\/Isadora-Pompeo-3.jpeg\",\"width\":1600,\"height\":1066},{\"@type\":\"BreadcrumbList\",\"@id\":\"https:\/\/www.manaus.am.gov.br\/manauscult\/talento-da-nova-geracao-da-musica-gospel-isadora-pompeo-fecha-ultima-noite-do-soumanaus-2023\/#breadcrumb\",\"itemListElement\":[{\"@type\":\"ListItem\",\"position\":1,\"name\":\"Home\",\"item\":\"https:\/\/www.manaus.am.gov.br\/manauscult\/\"},{\"@type\":\"ListItem\",\"position\":2,\"name\":\"Talento da nova gera\u00e7\u00e3o da m\u00fasica gospel, Isadora Pompeo fecha \u00faltima noite do #SouManaus 2023\"}]},{\"@type\":\"WebSite\",\"@id\":\"https:\/\/www.manaus.am.gov.br\/manauscult\/#website\",\"url\":\"https:\/\/www.manaus.am.gov.br\/manauscult\/\",\"name\":\"MANAUSCULT\",\"description\":\"Prefeitura de Manaus\",\"potentialAction\":[{\"@type\":\"SearchAction\",\"target\":{\"@type\":\"EntryPoint\",\"urlTemplate\":\"https:\/\/www.manaus.am.gov.br\/manauscult\/?s={search_term_string}\"},\"query-input\":\"required name=search_term_string\"}],\"inLanguage\":\"pt-BR\"},{\"@type\":\"Person\",\"@id\":\"https:\/\/www.manaus.am.gov.br\/manauscult\/#\/schema\/person\/4e49f4e267757a06ca072ec61b2b9968\",\"name\":\"Adriana Costa\",\"image\":{\"@type\":\"ImageObject\",\"inLanguage\":\"pt-BR\",\"@id\":\"https:\/\/www.manaus.am.gov.br\/manauscult\/#\/schema\/person\/image\/\",\"url\":\"https:\/\/secure.gravatar.com\/avatar\/576258617ef7194f718179e766d57bd4?s=96&d=mm&r=g\",\"contentUrl\":\"https:\/\/secure.gravatar.com\/avatar\/576258617ef7194f718179e766d57bd4?s=96&d=mm&r=g\",\"caption\":\"Adriana Costa\"}}]}<\/script>\n<!-- \/ Yoast SEO plugin. -->","yoast_head_json":{"title":"Talento da nova gera\u00e7\u00e3o da m\u00fasica gospel, Isadora Pompeo fecha \u00faltima noite do #SouManaus 2023","robots":{"index":"noindex","follow":"follow"},"og_locale":"pt_BR","og_type":"article","og_title":"Talento da nova gera\u00e7\u00e3o da m\u00fasica gospel, Isadora Pompeo fecha \u00faltima noite do #SouManaus 2023","og_url":"https:\/\/www.manaus.am.gov.br\/manauscult\/talento-da-nova-geracao-da-musica-gospel-isadora-pompeo-fecha-ultima-noite-do-soumanaus-2023\/","og_site_name":"MANAUSCULT","article_published_time":"2023-09-08T06:30:39+00:00","article_modified_time":"2023-09-08T06:30:40+00:00","og_image":[{"width":1600,"height":1066,"url":"https:\/\/www.manaus.am.gov.br\/manauscult\/wp-content\/uploads\/sites\/11\/2023\/09\/Isadora-Pompeo-3.jpeg","type":"image\/jpeg"}],"author":"Adriana Costa","twitter_card":"summary_large_image","twitter_misc":{"Written by":"Adriana Costa","Est. reading time":"4 minutos"},"schema":{"@context":"https:\/\/schema.org","@graph":[{"@type":"WebPage","@id":"https:\/\/www.manaus.am.gov.br\/manauscult\/talento-da-nova-geracao-da-musica-gospel-isadora-pompeo-fecha-ultima-noite-do-soumanaus-2023\/","url":"https:\/\/www.manaus.am.gov.br\/manauscult\/talento-da-nova-geracao-da-musica-gospel-isadora-pompeo-fecha-ultima-noite-do-soumanaus-2023\/","name":"Talento da nova gera\u00e7\u00e3o da m\u00fasica gospel, Isadora Pompeo fecha \u00faltima noite do #SouManaus 2023","isPartOf":{"@id":"https:\/\/www.manaus.am.gov.br\/manauscult\/#website"},"primaryImageOfPage":{"@id":"https:\/\/www.manaus.am.gov.br\/manauscult\/talento-da-nova-geracao-da-musica-gospel-isadora-pompeo-fecha-ultima-noite-do-soumanaus-2023\/#primaryimage"},"image":{"@id":"https:\/\/www.manaus.am.gov.br\/manauscult\/talento-da-nova-geracao-da-musica-gospel-isadora-pompeo-fecha-ultima-noite-do-soumanaus-2023\/#primaryimage"},"thumbnailUrl":"https:\/\/www.manaus.am.gov.br\/manauscult\/wp-content\/uploads\/sites\/11\/2023\/09\/Isadora-Pompeo-3.jpeg","datePublished":"2023-09-08T06:30:39+00:00","dateModified":"2023-09-08T06:30:40+00:00","author":{"@id":"https:\/\/www.manaus.am.gov.br\/manauscult\/#\/schema\/person\/4e49f4e267757a06ca072ec61b2b9968"},"breadcrumb":{"@id":"https:\/\/www.manaus.am.gov.br\/manauscult\/talento-da-nova-geracao-da-musica-gospel-isadora-pompeo-fecha-ultima-noite-do-soumanaus-2023\/#breadcrumb"},"inLanguage":"pt-BR","potentialAction":[{"@type":"ReadAction","target":["https:\/\/www.manaus.am.gov.br\/manauscult\/talento-da-nova-geracao-da-musica-gospel-isadora-pompeo-fecha-ultima-noite-do-soumanaus-2023\/"]}]},{"@type":"ImageObject","inLanguage":"pt-BR","@id":"https:\/\/www.manaus.am.gov.br\/manauscult\/talento-da-nova-geracao-da-musica-gospel-isadora-pompeo-fecha-ultima-noite-do-soumanaus-2023\/#primaryimage","url":"https:\/\/www.manaus.am.gov.br\/manauscult\/wp-content\/uploads\/sites\/11\/2023\/09\/Isadora-Pompeo-3.jpeg","contentUrl":"https:\/\/www.manaus.am.gov.br\/manauscult\/wp-content\/uploads\/sites\/11\/2023\/09\/Isadora-Pompeo-3.jpeg","width":1600,"height":1066},{"@type":"BreadcrumbList","@id":"https:\/\/www.manaus.am.gov.br\/manauscult\/talento-da-nova-geracao-da-musica-gospel-isadora-pompeo-fecha-ultima-noite-do-soumanaus-2023\/#breadcrumb","itemListElement":[{"@type":"ListItem","position":1,"name":"Home","item":"https:\/\/www.manaus.am.gov.br\/manauscult\/"},{"@type":"ListItem","position":2,"name":"Talento da nova gera\u00e7\u00e3o da m\u00fasica gospel, Isadora Pompeo fecha \u00faltima noite do #SouManaus 2023"}]},{"@type":"WebSite","@id":"https:\/\/www.manaus.am.gov.br\/manauscult\/#website","url":"https:\/\/www.manaus.am.gov.br\/manauscult\/","name":"MANAUSCULT","description":"Prefeitura de Manaus","potentialAction":[{"@type":"SearchAction","target":{"@type":"EntryPoint","urlTemplate":"https:\/\/www.manaus.am.gov.br\/manauscult\/?s={search_term_string}"},"query-input":"required name=search_term_string"}],"inLanguage":"pt-BR"},{"@type":"Person","@id":"https:\/\/www.manaus.am.gov.br\/manauscult\/#\/schema\/person\/4e49f4e267757a06ca072ec61b2b9968","name":"Adriana Costa","image":{"@type":"ImageObject","inLanguage":"pt-BR","@id":"https:\/\/www.manaus.am.gov.br\/manauscult\/#\/schema\/person\/image\/","url":"https:\/\/secure.gravatar.com\/avatar\/576258617ef7194f718179e766d57bd4?s=96&d=mm&r=g","contentUrl":"https:\/\/secure.gravatar.com\/avatar\/576258617ef7194f718179e766d57bd4?s=96&d=mm&r=g","caption":"Adriana Costa"}}]}},"_links":{"self":[{"href":"https:\/\/www.manaus.am.gov.br\/manauscult\/wp-json\/wp\/v2\/posts\/1510"}],"collection":[{"href":"https:\/\/www.manaus.am.gov.br\/manauscult\/wp-json\/wp\/v2\/posts"}],"about":[{"href":"https:\/\/www.manaus.am.gov.br\/manauscult\/wp-json\/wp\/v2\/types\/post"}],"author":[{"embeddable":true,"href":"https:\/\/www.manaus.am.gov.br\/manauscult\/wp-json\/wp\/v2\/users\/23"}],"replies":[{"embeddable":true,"href":"https:\/\/www.manaus.am.gov.br\/manauscult\/wp-json\/wp\/v2\/comments?post=1510"}],"version-history":[{"count":0,"href":"https:\/\/www.manaus.am.gov.br\/manauscult\/wp-json\/wp\/v2\/posts\/1510\/revisions"}],"wp:featuredmedia":[{"embeddable":true,"href":"https:\/\/www.manaus.am.gov.br\/manauscult\/wp-json\/wp\/v2\/media\/1511"}],"wp:attachment":[{"href":"https:\/\/www.manaus.am.gov.br\/manauscult\/wp-json\/wp\/v2\/media?parent=1510"}],"wp:term":[{"taxonomy":"category","embeddable":true,"href":"https:\/\/www.manaus.am.gov.br\/manauscult\/wp-json\/wp\/v2\/categories?post=1510"},{"taxonomy":"post_tag","embeddable":true,"href":"https:\/\/www.manaus.am.gov.br\/manauscult\/wp-json\/wp\/v2\/tags?post=1510"}],"curies":[{"name":"wp","href":"https:\/\/api.w.org\/{rel}","templated":true}]}}