{"id":1503,"date":"2023-09-08T02:01:49","date_gmt":"2023-09-08T06:01:49","guid":{"rendered":"https:\/\/www.manaus.am.gov.br\/manauscult\/batalha-final-de-all-style-agitou-ultima-noite-do-maior-festival-de-artes-integradas-do-norte\/"},"modified":"2023-09-08T02:01:49","modified_gmt":"2023-09-08T06:01:49","slug":"batalha-final-de-all-style-agitou-ultima-noite-do-maior-festival-de-artes-integradas-do-norte","status":"publish","type":"post","link":"https:\/\/www.manaus.am.gov.br\/manauscult\/batalha-final-de-all-style-agitou-ultima-noite-do-maior-festival-de-artes-integradas-do-norte\/","title":{"rendered":"<strong>Batalha final de All Style agitou \u00faltima noite do maior festival de artes integradas do Norte<\/strong>"},"content":{"rendered":"\n<p>Uma batalha de talentos, criatividade e t\u00e9cnica, da qual a dan\u00e7a de rua saiu fortalecida com o apoio do \u201c#SouManaus Passo a Pa\u00e7o\u201d. Nesta quinta-feira, 7\/9, a batalha final de All Style, proposta que re\u00fane v\u00e1rios estilos de dan\u00e7a em uma \u00fanica apresenta\u00e7\u00e3o, elegeu Rodrigo Martins, o \u201cBui\u00fa\u201d, como vencedor do combate pela melhor performance do festival.<\/p>\n\n\n\n<p>Ao comemorar sua vit\u00f3ria, Rodrigo disse que a conquista foi um passo importante para o reconhecimento da regi\u00e3o Norte. \u201cEsse espa\u00e7o que a prefeitura nos deu \u00e9 muito importante para a gente mostrar que no Norte temos muitos talentos. O nosso movimento sai muito fortalecido desse evento\u201d, acentuou.<\/p>\n\n\n\n<p>Utilizando elementos hip-hop, break e vogue em sua apresenta\u00e7\u00e3o, o performer eletrizou o p\u00fablico e arrastou o pr\u00eamio de R$ 3 mil. Let\u00edcia Rodrigues, que \u00e9 graduada em dan\u00e7a e a \u00fanica mulher a participar da batalha, conquistou a segunda coloca\u00e7\u00e3o e o terceiro lugar ficou com Charle Silva. Eles foram premiados com R$ 2 mil e R$ 1 mil, respectivamente.<\/p>\n\n\n\n<figure class=\"wp-block-image size-large\"><img loading=\"lazy\" decoding=\"async\" width=\"1024\" height=\"683\" src=\"https:\/\/www.manaus.am.gov.br\/manauscult\/wp-content\/uploads\/sites\/11\/2023\/09\/07SET2023_-BATALHA-ALL-STYLE-NO-PALCO-URBANO-38-1024x683.jpg\" alt=\"\" class=\"wp-image-1505\" srcset=\"https:\/\/www.manaus.am.gov.br\/manauscult\/wp-content\/uploads\/sites\/11\/2023\/09\/07SET2023_-BATALHA-ALL-STYLE-NO-PALCO-URBANO-38-1024x683.jpg 1024w, https:\/\/www.manaus.am.gov.br\/manauscult\/wp-content\/uploads\/sites\/11\/2023\/09\/07SET2023_-BATALHA-ALL-STYLE-NO-PALCO-URBANO-38-300x200.jpg 300w, https:\/\/www.manaus.am.gov.br\/manauscult\/wp-content\/uploads\/sites\/11\/2023\/09\/07SET2023_-BATALHA-ALL-STYLE-NO-PALCO-URBANO-38-768x512.jpg 768w, https:\/\/www.manaus.am.gov.br\/manauscult\/wp-content\/uploads\/sites\/11\/2023\/09\/07SET2023_-BATALHA-ALL-STYLE-NO-PALCO-URBANO-38-1536x1024.jpg 1536w, https:\/\/www.manaus.am.gov.br\/manauscult\/wp-content\/uploads\/sites\/11\/2023\/09\/07SET2023_-BATALHA-ALL-STYLE-NO-PALCO-URBANO-38-2048x1366.jpg 2048w\" sizes=\"(max-width: 1024px) 100vw, 1024px\" \/><\/figure>\n\n\n\n<p>Com dura\u00e7\u00e3o de mais de quatro horas, a disputa contou com 81 participantes que foram avaliados por uma comiss\u00e3o julgadora composta por Denis Carvalho, Ulisses Gomes e Alexsandro Rodrigo, performancers reconhecidos na cena urbana local, que deram um show \u00e0 parte mostrando suas habilidades deixando o p\u00fablico eletrizado.<\/p>\n\n\n\n<p>O produtor cultural Mayking Andrade, que foi respons\u00e1vel pela organiza\u00e7\u00e3o do Espa\u00e7o Urbano, assinalou que o festival foi um marco importante para dar visibilidade \u00e0 cultura de rua. \u201cEste ano\u00a0 exploramos mais nossas manifesta\u00e7\u00f5es art\u00edsticas de rua. Tivemos um palco lind\u00edssimo e ficamos em um lugar estrat\u00e9gico, onde muitos puderam conhecer nossos artistas. Foi maravilhoso, a prefeitura est\u00e1 de parab\u00e9ns\u201d.<\/p>\n\n\n\n<figure class=\"wp-block-image size-large\"><img loading=\"lazy\" decoding=\"async\" width=\"1024\" height=\"683\" src=\"https:\/\/www.manaus.am.gov.br\/manauscult\/wp-content\/uploads\/sites\/11\/2023\/09\/07SET2023_-BATALHA-ALL-STYLE-NO-PALCO-URBANO-51-1024x683.jpg\" alt=\"\" class=\"wp-image-1504\" srcset=\"https:\/\/www.manaus.am.gov.br\/manauscult\/wp-content\/uploads\/sites\/11\/2023\/09\/07SET2023_-BATALHA-ALL-STYLE-NO-PALCO-URBANO-51-1024x683.jpg 1024w, https:\/\/www.manaus.am.gov.br\/manauscult\/wp-content\/uploads\/sites\/11\/2023\/09\/07SET2023_-BATALHA-ALL-STYLE-NO-PALCO-URBANO-51-300x200.jpg 300w, https:\/\/www.manaus.am.gov.br\/manauscult\/wp-content\/uploads\/sites\/11\/2023\/09\/07SET2023_-BATALHA-ALL-STYLE-NO-PALCO-URBANO-51-768x512.jpg 768w, https:\/\/www.manaus.am.gov.br\/manauscult\/wp-content\/uploads\/sites\/11\/2023\/09\/07SET2023_-BATALHA-ALL-STYLE-NO-PALCO-URBANO-51-1536x1024.jpg 1536w, https:\/\/www.manaus.am.gov.br\/manauscult\/wp-content\/uploads\/sites\/11\/2023\/09\/07SET2023_-BATALHA-ALL-STYLE-NO-PALCO-URBANO-51-2048x1365.jpg 2048w\" sizes=\"(max-width: 1024px) 100vw, 1024px\" \/><\/figure>\n\n\n\n<p>O Espa\u00e7o Urbano, localizado pr\u00f3ximo ao porto de Manaus, foi um dos mais movimentados do festival, reunindo pista de skate, estrutura para pr\u00e1tica de parkour, grafite e bandas locais, mostrando que a cena urbana tem potencial.<\/p>\n\n\n\n<p><strong>Texto<\/strong> &#8211; T\u00e2nia Brand\u00e3o \/ Semcom<\/p>\n\n\n\n<p><strong>Fotos<\/strong> &#8211; Artur Barbosa \/ Semcom<\/p>\n","protected":false},"excerpt":{"rendered":"","protected":false},"author":25,"featured_media":1506,"comment_status":"closed","ping_status":"closed","sticky":false,"template":"","format":"standard","meta":{"footnotes":""},"categories":[508],"tags":[666,625,279],"acf":[],"yoast_head":"<!-- This site is optimized with the Yoast SEO plugin v23.0 - https:\/\/yoast.com\/wordpress\/plugins\/seo\/ -->\n<title>Batalha final de All Style agitou \u00faltima noite do maior festival de artes integradas do Norte<\/title>\n<meta name=\"description\" content=\"Uma batalha de talentos, criatividade e t\u00e9cnica, da qual a dan\u00e7a de rua saiu fortalecida com o apoio do \u201c#SouManaus Passo a Pa\u00e7o\u201d\" \/>\n<meta name=\"robots\" content=\"noindex, follow\" \/>\n<meta property=\"og:locale\" content=\"pt_BR\" \/>\n<meta property=\"og:type\" content=\"article\" \/>\n<meta property=\"og:title\" content=\"Batalha final de All Style agitou \u00faltima noite do maior festival de artes integradas do Norte\" \/>\n<meta property=\"og:description\" content=\"Uma batalha de talentos, criatividade e t\u00e9cnica, da qual a dan\u00e7a de rua saiu fortalecida com o apoio do \u201c#SouManaus Passo a Pa\u00e7o\u201d\" \/>\n<meta property=\"og:url\" content=\"https:\/\/www.manaus.am.gov.br\/manauscult\/batalha-final-de-all-style-agitou-ultima-noite-do-maior-festival-de-artes-integradas-do-norte\/\" \/>\n<meta property=\"og:site_name\" content=\"MANAUSCULT\" \/>\n<meta property=\"article:published_time\" content=\"2023-09-08T06:01:49+00:00\" \/>\n<meta property=\"og:image\" content=\"https:\/\/www.manaus.am.gov.br\/manauscult\/wp-content\/uploads\/sites\/11\/2023\/09\/07SET2023_-BATALHA-ALL-STYLE-NO-PALCO-URBANO-06-1024x683.jpg\" \/>\n\t<meta property=\"og:image:width\" content=\"1024\" \/>\n\t<meta property=\"og:image:height\" content=\"683\" \/>\n\t<meta property=\"og:image:type\" content=\"image\/jpeg\" \/>\n<meta name=\"author\" content=\"Maur\u00edcio Freire\" \/>\n<meta name=\"twitter:card\" content=\"summary_large_image\" \/>\n<meta name=\"twitter:label1\" content=\"Written by\" \/>\n\t<meta name=\"twitter:data1\" content=\"Maur\u00edcio Freire\" \/>\n\t<meta name=\"twitter:label2\" content=\"Est. reading time\" \/>\n\t<meta name=\"twitter:data2\" content=\"3 minutos\" \/>\n<script type=\"application\/ld+json\" class=\"yoast-schema-graph\">{\"@context\":\"https:\/\/schema.org\",\"@graph\":[{\"@type\":\"WebPage\",\"@id\":\"https:\/\/www.manaus.am.gov.br\/manauscult\/batalha-final-de-all-style-agitou-ultima-noite-do-maior-festival-de-artes-integradas-do-norte\/\",\"url\":\"https:\/\/www.manaus.am.gov.br\/manauscult\/batalha-final-de-all-style-agitou-ultima-noite-do-maior-festival-de-artes-integradas-do-norte\/\",\"name\":\"Batalha final de All Style agitou \u00faltima noite do maior festival de artes integradas do Norte\",\"isPartOf\":{\"@id\":\"https:\/\/www.manaus.am.gov.br\/manauscult\/#website\"},\"primaryImageOfPage\":{\"@id\":\"https:\/\/www.manaus.am.gov.br\/manauscult\/batalha-final-de-all-style-agitou-ultima-noite-do-maior-festival-de-artes-integradas-do-norte\/#primaryimage\"},\"image\":{\"@id\":\"https:\/\/www.manaus.am.gov.br\/manauscult\/batalha-final-de-all-style-agitou-ultima-noite-do-maior-festival-de-artes-integradas-do-norte\/#primaryimage\"},\"thumbnailUrl\":\"https:\/\/www.manaus.am.gov.br\/manauscult\/wp-content\/uploads\/sites\/11\/2023\/09\/07SET2023_-BATALHA-ALL-STYLE-NO-PALCO-URBANO-06.jpg\",\"datePublished\":\"2023-09-08T06:01:49+00:00\",\"dateModified\":\"2023-09-08T06:01:49+00:00\",\"author\":{\"@id\":\"https:\/\/www.manaus.am.gov.br\/manauscult\/#\/schema\/person\/587989a23a463cde5618e6a028977a9a\"},\"description\":\"Uma batalha de talentos, criatividade e t\u00e9cnica, da qual a dan\u00e7a de rua saiu fortalecida com o apoio do \u201c#SouManaus Passo a Pa\u00e7o\u201d\",\"breadcrumb\":{\"@id\":\"https:\/\/www.manaus.am.gov.br\/manauscult\/batalha-final-de-all-style-agitou-ultima-noite-do-maior-festival-de-artes-integradas-do-norte\/#breadcrumb\"},\"inLanguage\":\"pt-BR\",\"potentialAction\":[{\"@type\":\"ReadAction\",\"target\":[\"https:\/\/www.manaus.am.gov.br\/manauscult\/batalha-final-de-all-style-agitou-ultima-noite-do-maior-festival-de-artes-integradas-do-norte\/\"]}]},{\"@type\":\"ImageObject\",\"inLanguage\":\"pt-BR\",\"@id\":\"https:\/\/www.manaus.am.gov.br\/manauscult\/batalha-final-de-all-style-agitou-ultima-noite-do-maior-festival-de-artes-integradas-do-norte\/#primaryimage\",\"url\":\"https:\/\/www.manaus.am.gov.br\/manauscult\/wp-content\/uploads\/sites\/11\/2023\/09\/07SET2023_-BATALHA-ALL-STYLE-NO-PALCO-URBANO-06.jpg\",\"contentUrl\":\"https:\/\/www.manaus.am.gov.br\/manauscult\/wp-content\/uploads\/sites\/11\/2023\/09\/07SET2023_-BATALHA-ALL-STYLE-NO-PALCO-URBANO-06.jpg\",\"width\":2400,\"height\":1600},{\"@type\":\"BreadcrumbList\",\"@id\":\"https:\/\/www.manaus.am.gov.br\/manauscult\/batalha-final-de-all-style-agitou-ultima-noite-do-maior-festival-de-artes-integradas-do-norte\/#breadcrumb\",\"itemListElement\":[{\"@type\":\"ListItem\",\"position\":1,\"name\":\"Home\",\"item\":\"https:\/\/www.manaus.am.gov.br\/manauscult\/\"},{\"@type\":\"ListItem\",\"position\":2,\"name\":\"Batalha final de All Style agitou \u00faltima noite do maior festival de artes integradas do Norte\"}]},{\"@type\":\"WebSite\",\"@id\":\"https:\/\/www.manaus.am.gov.br\/manauscult\/#website\",\"url\":\"https:\/\/www.manaus.am.gov.br\/manauscult\/\",\"name\":\"MANAUSCULT\",\"description\":\"Prefeitura de Manaus\",\"potentialAction\":[{\"@type\":\"SearchAction\",\"target\":{\"@type\":\"EntryPoint\",\"urlTemplate\":\"https:\/\/www.manaus.am.gov.br\/manauscult\/?s={search_term_string}\"},\"query-input\":\"required name=search_term_string\"}],\"inLanguage\":\"pt-BR\"},{\"@type\":\"Person\",\"@id\":\"https:\/\/www.manaus.am.gov.br\/manauscult\/#\/schema\/person\/587989a23a463cde5618e6a028977a9a\",\"name\":\"Maur\u00edcio Freire\",\"image\":{\"@type\":\"ImageObject\",\"inLanguage\":\"pt-BR\",\"@id\":\"https:\/\/www.manaus.am.gov.br\/manauscult\/#\/schema\/person\/image\/\",\"url\":\"https:\/\/secure.gravatar.com\/avatar\/dc1481799a1f75c733ac3b2634cd6749?s=96&d=mm&r=g\",\"contentUrl\":\"https:\/\/secure.gravatar.com\/avatar\/dc1481799a1f75c733ac3b2634cd6749?s=96&d=mm&r=g\",\"caption\":\"Maur\u00edcio Freire\"}}]}<\/script>\n<!-- \/ Yoast SEO plugin. -->","yoast_head_json":{"title":"Batalha final de All Style agitou \u00faltima noite do maior festival de artes integradas do Norte","description":"Uma batalha de talentos, criatividade e t\u00e9cnica, da qual a dan\u00e7a de rua saiu fortalecida com o apoio do \u201c#SouManaus Passo a Pa\u00e7o\u201d","robots":{"index":"noindex","follow":"follow"},"og_locale":"pt_BR","og_type":"article","og_title":"Batalha final de All Style agitou \u00faltima noite do maior festival de artes integradas do Norte","og_description":"Uma batalha de talentos, criatividade e t\u00e9cnica, da qual a dan\u00e7a de rua saiu fortalecida com o apoio do \u201c#SouManaus Passo a Pa\u00e7o\u201d","og_url":"https:\/\/www.manaus.am.gov.br\/manauscult\/batalha-final-de-all-style-agitou-ultima-noite-do-maior-festival-de-artes-integradas-do-norte\/","og_site_name":"MANAUSCULT","article_published_time":"2023-09-08T06:01:49+00:00","og_image":[{"width":1024,"height":683,"url":"https:\/\/www.manaus.am.gov.br\/manauscult\/wp-content\/uploads\/sites\/11\/2023\/09\/07SET2023_-BATALHA-ALL-STYLE-NO-PALCO-URBANO-06-1024x683.jpg","type":"image\/jpeg"}],"author":"Maur\u00edcio Freire","twitter_card":"summary_large_image","twitter_misc":{"Written by":"Maur\u00edcio Freire","Est. reading time":"3 minutos"},"schema":{"@context":"https:\/\/schema.org","@graph":[{"@type":"WebPage","@id":"https:\/\/www.manaus.am.gov.br\/manauscult\/batalha-final-de-all-style-agitou-ultima-noite-do-maior-festival-de-artes-integradas-do-norte\/","url":"https:\/\/www.manaus.am.gov.br\/manauscult\/batalha-final-de-all-style-agitou-ultima-noite-do-maior-festival-de-artes-integradas-do-norte\/","name":"Batalha final de All Style agitou \u00faltima noite do maior festival de artes integradas do Norte","isPartOf":{"@id":"https:\/\/www.manaus.am.gov.br\/manauscult\/#website"},"primaryImageOfPage":{"@id":"https:\/\/www.manaus.am.gov.br\/manauscult\/batalha-final-de-all-style-agitou-ultima-noite-do-maior-festival-de-artes-integradas-do-norte\/#primaryimage"},"image":{"@id":"https:\/\/www.manaus.am.gov.br\/manauscult\/batalha-final-de-all-style-agitou-ultima-noite-do-maior-festival-de-artes-integradas-do-norte\/#primaryimage"},"thumbnailUrl":"https:\/\/www.manaus.am.gov.br\/manauscult\/wp-content\/uploads\/sites\/11\/2023\/09\/07SET2023_-BATALHA-ALL-STYLE-NO-PALCO-URBANO-06.jpg","datePublished":"2023-09-08T06:01:49+00:00","dateModified":"2023-09-08T06:01:49+00:00","author":{"@id":"https:\/\/www.manaus.am.gov.br\/manauscult\/#\/schema\/person\/587989a23a463cde5618e6a028977a9a"},"description":"Uma batalha de talentos, criatividade e t\u00e9cnica, da qual a dan\u00e7a de rua saiu fortalecida com o apoio do \u201c#SouManaus Passo a Pa\u00e7o\u201d","breadcrumb":{"@id":"https:\/\/www.manaus.am.gov.br\/manauscult\/batalha-final-de-all-style-agitou-ultima-noite-do-maior-festival-de-artes-integradas-do-norte\/#breadcrumb"},"inLanguage":"pt-BR","potentialAction":[{"@type":"ReadAction","target":["https:\/\/www.manaus.am.gov.br\/manauscult\/batalha-final-de-all-style-agitou-ultima-noite-do-maior-festival-de-artes-integradas-do-norte\/"]}]},{"@type":"ImageObject","inLanguage":"pt-BR","@id":"https:\/\/www.manaus.am.gov.br\/manauscult\/batalha-final-de-all-style-agitou-ultima-noite-do-maior-festival-de-artes-integradas-do-norte\/#primaryimage","url":"https:\/\/www.manaus.am.gov.br\/manauscult\/wp-content\/uploads\/sites\/11\/2023\/09\/07SET2023_-BATALHA-ALL-STYLE-NO-PALCO-URBANO-06.jpg","contentUrl":"https:\/\/www.manaus.am.gov.br\/manauscult\/wp-content\/uploads\/sites\/11\/2023\/09\/07SET2023_-BATALHA-ALL-STYLE-NO-PALCO-URBANO-06.jpg","width":2400,"height":1600},{"@type":"BreadcrumbList","@id":"https:\/\/www.manaus.am.gov.br\/manauscult\/batalha-final-de-all-style-agitou-ultima-noite-do-maior-festival-de-artes-integradas-do-norte\/#breadcrumb","itemListElement":[{"@type":"ListItem","position":1,"name":"Home","item":"https:\/\/www.manaus.am.gov.br\/manauscult\/"},{"@type":"ListItem","position":2,"name":"Batalha final de All Style agitou \u00faltima noite do maior festival de artes integradas do Norte"}]},{"@type":"WebSite","@id":"https:\/\/www.manaus.am.gov.br\/manauscult\/#website","url":"https:\/\/www.manaus.am.gov.br\/manauscult\/","name":"MANAUSCULT","description":"Prefeitura de Manaus","potentialAction":[{"@type":"SearchAction","target":{"@type":"EntryPoint","urlTemplate":"https:\/\/www.manaus.am.gov.br\/manauscult\/?s={search_term_string}"},"query-input":"required name=search_term_string"}],"inLanguage":"pt-BR"},{"@type":"Person","@id":"https:\/\/www.manaus.am.gov.br\/manauscult\/#\/schema\/person\/587989a23a463cde5618e6a028977a9a","name":"Maur\u00edcio Freire","image":{"@type":"ImageObject","inLanguage":"pt-BR","@id":"https:\/\/www.manaus.am.gov.br\/manauscult\/#\/schema\/person\/image\/","url":"https:\/\/secure.gravatar.com\/avatar\/dc1481799a1f75c733ac3b2634cd6749?s=96&d=mm&r=g","contentUrl":"https:\/\/secure.gravatar.com\/avatar\/dc1481799a1f75c733ac3b2634cd6749?s=96&d=mm&r=g","caption":"Maur\u00edcio Freire"}}]}},"_links":{"self":[{"href":"https:\/\/www.manaus.am.gov.br\/manauscult\/wp-json\/wp\/v2\/posts\/1503"}],"collection":[{"href":"https:\/\/www.manaus.am.gov.br\/manauscult\/wp-json\/wp\/v2\/posts"}],"about":[{"href":"https:\/\/www.manaus.am.gov.br\/manauscult\/wp-json\/wp\/v2\/types\/post"}],"author":[{"embeddable":true,"href":"https:\/\/www.manaus.am.gov.br\/manauscult\/wp-json\/wp\/v2\/users\/25"}],"replies":[{"embeddable":true,"href":"https:\/\/www.manaus.am.gov.br\/manauscult\/wp-json\/wp\/v2\/comments?post=1503"}],"version-history":[{"count":1,"href":"https:\/\/www.manaus.am.gov.br\/manauscult\/wp-json\/wp\/v2\/posts\/1503\/revisions"}],"predecessor-version":[{"id":1507,"href":"https:\/\/www.manaus.am.gov.br\/manauscult\/wp-json\/wp\/v2\/posts\/1503\/revisions\/1507"}],"wp:featuredmedia":[{"embeddable":true,"href":"https:\/\/www.manaus.am.gov.br\/manauscult\/wp-json\/wp\/v2\/media\/1506"}],"wp:attachment":[{"href":"https:\/\/www.manaus.am.gov.br\/manauscult\/wp-json\/wp\/v2\/media?parent=1503"}],"wp:term":[{"taxonomy":"category","embeddable":true,"href":"https:\/\/www.manaus.am.gov.br\/manauscult\/wp-json\/wp\/v2\/categories?post=1503"},{"taxonomy":"post_tag","embeddable":true,"href":"https:\/\/www.manaus.am.gov.br\/manauscult\/wp-json\/wp\/v2\/tags?post=1503"}],"curies":[{"name":"wp","href":"https:\/\/api.w.org\/{rel}","templated":true}]}}