{"id":1501,"date":"2023-09-08T01:36:14","date_gmt":"2023-09-08T05:36:14","guid":{"rendered":"https:\/\/www.manaus.am.gov.br\/manauscult\/terceira-noite-do-festival-soumanaus2023-encerra-com-celebracao-crista-e-muito-louvor\/"},"modified":"2023-09-08T01:36:17","modified_gmt":"2023-09-08T05:36:17","slug":"terceira-noite-do-festival-soumanaus2023-encerra-com-celebracao-crista-e-muito-louvor","status":"publish","type":"post","link":"https:\/\/www.manaus.am.gov.br\/manauscult\/terceira-noite-do-festival-soumanaus2023-encerra-com-celebracao-crista-e-muito-louvor\/","title":{"rendered":"<strong>Terceira noite do festival #SouManaus2023 encerra com celebra\u00e7\u00e3o crist\u00e3 e muito louvor<\/strong>"},"content":{"rendered":"\n<p>Encerrando com \u201cchave de ouro\u201d o \u00faltimo dia de \u201c#SouManaus Passo a Pa\u00e7o 2023\u201d, o maior festival de artes integradas do Norte, o p\u00fablico manauara contou com a participa\u00e7\u00e3o de diversas bandas voltadas para o p\u00fablico crist\u00e3o e infantil.<\/p>\n\n\n\n<p>Na terceira noite do #SouManaus2023, o p\u00fablico crist\u00e3o contou com a participa\u00e7\u00e3o do DJ Alex Silva que, com muita alegria e louvores, levou os espectadores a louvar a Deus com muita emo\u00e7\u00e3o.<\/p>\n\n\n\n<p>&#8220;O #SouManaus 2023 veio aben\u00e7oando a cidade de Manaus. Esse \u00e9 um evento muito importante, reunindo o p\u00fablico gospel para adorar a Deus e, para quem n\u00e3o veio este ano, 2024 est\u00e1 vindo e vem coisa boa por a\u00ed.&#8221;<\/p>\n\n\n\n<p>O grupo Am\u00e9m conhecido por seus hits crist\u00e3os e pelo p\u00fablico jovem tamb\u00e9m esteve presente na \u00faltima noite do #SouManaus 2023. Julliany Brand\u00e3o ressaltou&nbsp; a felicidade em participar do maior evento de artes integradas da regi\u00e3o Norte e elogiou a estrutura do evento.<\/p>\n\n\n\n<p>&#8220;N\u00f3s ficamos muito felizes em fazer parte desse dia, \u00e9 muito importante ter atra\u00e7\u00e3o gospel para o p\u00fablico jovem que sempre est\u00e1 presente nesses festivais e esperamos estar presentes nos pr\u00f3ximos anos.&#8221;<\/p>\n\n\n\n<p>Alexandre Ramos, espectador ass\u00edduo do evento, contou entusiasmado sobre o \u00faltimo dia do \u201c#SouManaus Passo a Pa\u00e7o 2023\u201d, destacou tamb\u00e9m a import\u00e2ncia de um festival deste porte, que tem um dia dedicado ao p\u00fablico crist\u00e3o e espera que, nos pr\u00f3ximos anos, continue assim. &nbsp;&#8220;A verdade \u00e9 que est\u00e1 sendo \u00fanico. \u00c9 um dia muito incr\u00edvel, estamos aproveitando e esperando que tenham mais oportunidades como esta&#8221;.<\/p>\n\n\n\n<p>O #SouManaus 2023 foi um grande sucesso, o p\u00fablico cantou, se divertiu e aproveitou bastante os tr\u00eas dias de festival, um marco para a cidade, um evento que levou Manaus para o mundo e em 2024 tem mais.<\/p>\n\n\n\n<p>&#8212; &#8212; &#8212;<\/p>\n\n\n\n<p><strong>Texto<\/strong>&nbsp;&#8211; Denise Pego\/Semcom<\/p>\n\n\n\n<p><strong>Fotos<\/strong>&nbsp;&#8211; Matheus Perdiz\/ Semcom<\/p>\n","protected":false},"excerpt":{"rendered":"","protected":false},"author":23,"featured_media":1502,"comment_status":"closed","ping_status":"closed","sticky":false,"template":"","format":"standard","meta":{"footnotes":""},"categories":[508],"tags":[],"acf":[],"yoast_head":"<!-- This site is optimized with the Yoast SEO plugin v23.0 - https:\/\/yoast.com\/wordpress\/plugins\/seo\/ -->\n<title>Terceira noite do festival #SouManaus2023 encerra com celebra\u00e7\u00e3o crist\u00e3 e muito louvor<\/title>\n<meta name=\"description\" content=\"Encerrando com \u201cchave de ouro\u201d o \u00faltimo dia de \u201c#SouManaus Passo a Pa\u00e7o 2023\u201d, o maior festival de artes integradas do Norte, o p\u00fablico manauara contou com a participa\u00e7\u00e3o de diversas bandas voltadas para o p\u00fablico crist\u00e3o e infantil.\" \/>\n<meta name=\"robots\" content=\"noindex, follow\" \/>\n<meta property=\"og:locale\" content=\"pt_BR\" \/>\n<meta property=\"og:type\" content=\"article\" \/>\n<meta property=\"og:title\" content=\"Terceira noite do festival #SouManaus2023 encerra com celebra\u00e7\u00e3o crist\u00e3 e muito louvor\" \/>\n<meta property=\"og:description\" content=\"Encerrando com \u201cchave de ouro\u201d o \u00faltimo dia de \u201c#SouManaus Passo a Pa\u00e7o 2023\u201d, o maior festival de artes integradas do Norte, o p\u00fablico manauara contou com a participa\u00e7\u00e3o de diversas bandas voltadas para o p\u00fablico crist\u00e3o e infantil.\" \/>\n<meta property=\"og:url\" content=\"https:\/\/www.manaus.am.gov.br\/manauscult\/terceira-noite-do-festival-soumanaus2023-encerra-com-celebracao-crista-e-muito-louvor\/\" \/>\n<meta property=\"og:site_name\" content=\"MANAUSCULT\" \/>\n<meta property=\"article:published_time\" content=\"2023-09-08T05:36:14+00:00\" \/>\n<meta property=\"article:modified_time\" content=\"2023-09-08T05:36:17+00:00\" \/>\n<meta property=\"og:image\" content=\"https:\/\/www.manaus.am.gov.br\/manauscult\/wp-content\/uploads\/sites\/11\/2023\/09\/DSC05581-1024x683.jpg\" \/>\n\t<meta property=\"og:image:width\" content=\"1024\" \/>\n\t<meta property=\"og:image:height\" content=\"683\" \/>\n\t<meta property=\"og:image:type\" content=\"image\/jpeg\" \/>\n<meta name=\"author\" content=\"Adriana Costa\" \/>\n<meta name=\"twitter:card\" content=\"summary_large_image\" \/>\n<meta name=\"twitter:label1\" content=\"Written by\" \/>\n\t<meta name=\"twitter:data1\" content=\"Adriana Costa\" \/>\n\t<meta name=\"twitter:label2\" content=\"Est. reading time\" \/>\n\t<meta name=\"twitter:data2\" content=\"2 minutos\" \/>\n<script type=\"application\/ld+json\" class=\"yoast-schema-graph\">{\"@context\":\"https:\/\/schema.org\",\"@graph\":[{\"@type\":\"WebPage\",\"@id\":\"https:\/\/www.manaus.am.gov.br\/manauscult\/terceira-noite-do-festival-soumanaus2023-encerra-com-celebracao-crista-e-muito-louvor\/\",\"url\":\"https:\/\/www.manaus.am.gov.br\/manauscult\/terceira-noite-do-festival-soumanaus2023-encerra-com-celebracao-crista-e-muito-louvor\/\",\"name\":\"Terceira noite do festival #SouManaus2023 encerra com celebra\u00e7\u00e3o crist\u00e3 e muito louvor\",\"isPartOf\":{\"@id\":\"https:\/\/www.manaus.am.gov.br\/manauscult\/#website\"},\"primaryImageOfPage\":{\"@id\":\"https:\/\/www.manaus.am.gov.br\/manauscult\/terceira-noite-do-festival-soumanaus2023-encerra-com-celebracao-crista-e-muito-louvor\/#primaryimage\"},\"image\":{\"@id\":\"https:\/\/www.manaus.am.gov.br\/manauscult\/terceira-noite-do-festival-soumanaus2023-encerra-com-celebracao-crista-e-muito-louvor\/#primaryimage\"},\"thumbnailUrl\":\"https:\/\/www.manaus.am.gov.br\/manauscult\/wp-content\/uploads\/sites\/11\/2023\/09\/DSC05581.jpg\",\"datePublished\":\"2023-09-08T05:36:14+00:00\",\"dateModified\":\"2023-09-08T05:36:17+00:00\",\"author\":{\"@id\":\"https:\/\/www.manaus.am.gov.br\/manauscult\/#\/schema\/person\/4e49f4e267757a06ca072ec61b2b9968\"},\"description\":\"Encerrando com \u201cchave de ouro\u201d o \u00faltimo dia de \u201c#SouManaus Passo a Pa\u00e7o 2023\u201d, o maior festival de artes integradas do Norte, o p\u00fablico manauara contou com a participa\u00e7\u00e3o de diversas bandas voltadas para o p\u00fablico crist\u00e3o e infantil.\",\"breadcrumb\":{\"@id\":\"https:\/\/www.manaus.am.gov.br\/manauscult\/terceira-noite-do-festival-soumanaus2023-encerra-com-celebracao-crista-e-muito-louvor\/#breadcrumb\"},\"inLanguage\":\"pt-BR\",\"potentialAction\":[{\"@type\":\"ReadAction\",\"target\":[\"https:\/\/www.manaus.am.gov.br\/manauscult\/terceira-noite-do-festival-soumanaus2023-encerra-com-celebracao-crista-e-muito-louvor\/\"]}]},{\"@type\":\"ImageObject\",\"inLanguage\":\"pt-BR\",\"@id\":\"https:\/\/www.manaus.am.gov.br\/manauscult\/terceira-noite-do-festival-soumanaus2023-encerra-com-celebracao-crista-e-muito-louvor\/#primaryimage\",\"url\":\"https:\/\/www.manaus.am.gov.br\/manauscult\/wp-content\/uploads\/sites\/11\/2023\/09\/DSC05581.jpg\",\"contentUrl\":\"https:\/\/www.manaus.am.gov.br\/manauscult\/wp-content\/uploads\/sites\/11\/2023\/09\/DSC05581.jpg\",\"width\":6000,\"height\":4000},{\"@type\":\"BreadcrumbList\",\"@id\":\"https:\/\/www.manaus.am.gov.br\/manauscult\/terceira-noite-do-festival-soumanaus2023-encerra-com-celebracao-crista-e-muito-louvor\/#breadcrumb\",\"itemListElement\":[{\"@type\":\"ListItem\",\"position\":1,\"name\":\"Home\",\"item\":\"https:\/\/www.manaus.am.gov.br\/manauscult\/\"},{\"@type\":\"ListItem\",\"position\":2,\"name\":\"Terceira noite do festival #SouManaus2023 encerra com celebra\u00e7\u00e3o crist\u00e3 e muito louvor\"}]},{\"@type\":\"WebSite\",\"@id\":\"https:\/\/www.manaus.am.gov.br\/manauscult\/#website\",\"url\":\"https:\/\/www.manaus.am.gov.br\/manauscult\/\",\"name\":\"MANAUSCULT\",\"description\":\"Prefeitura de Manaus\",\"potentialAction\":[{\"@type\":\"SearchAction\",\"target\":{\"@type\":\"EntryPoint\",\"urlTemplate\":\"https:\/\/www.manaus.am.gov.br\/manauscult\/?s={search_term_string}\"},\"query-input\":\"required name=search_term_string\"}],\"inLanguage\":\"pt-BR\"},{\"@type\":\"Person\",\"@id\":\"https:\/\/www.manaus.am.gov.br\/manauscult\/#\/schema\/person\/4e49f4e267757a06ca072ec61b2b9968\",\"name\":\"Adriana Costa\",\"image\":{\"@type\":\"ImageObject\",\"inLanguage\":\"pt-BR\",\"@id\":\"https:\/\/www.manaus.am.gov.br\/manauscult\/#\/schema\/person\/image\/\",\"url\":\"https:\/\/secure.gravatar.com\/avatar\/576258617ef7194f718179e766d57bd4?s=96&d=mm&r=g\",\"contentUrl\":\"https:\/\/secure.gravatar.com\/avatar\/576258617ef7194f718179e766d57bd4?s=96&d=mm&r=g\",\"caption\":\"Adriana Costa\"}}]}<\/script>\n<!-- \/ Yoast SEO plugin. -->","yoast_head_json":{"title":"Terceira noite do festival #SouManaus2023 encerra com celebra\u00e7\u00e3o crist\u00e3 e muito louvor","description":"Encerrando com \u201cchave de ouro\u201d o \u00faltimo dia de \u201c#SouManaus Passo a Pa\u00e7o 2023\u201d, o maior festival de artes integradas do Norte, o p\u00fablico manauara contou com a participa\u00e7\u00e3o de diversas bandas voltadas para o p\u00fablico crist\u00e3o e infantil.","robots":{"index":"noindex","follow":"follow"},"og_locale":"pt_BR","og_type":"article","og_title":"Terceira noite do festival #SouManaus2023 encerra com celebra\u00e7\u00e3o crist\u00e3 e muito louvor","og_description":"Encerrando com \u201cchave de ouro\u201d o \u00faltimo dia de \u201c#SouManaus Passo a Pa\u00e7o 2023\u201d, o maior festival de artes integradas do Norte, o p\u00fablico manauara contou com a participa\u00e7\u00e3o de diversas bandas voltadas para o p\u00fablico crist\u00e3o e infantil.","og_url":"https:\/\/www.manaus.am.gov.br\/manauscult\/terceira-noite-do-festival-soumanaus2023-encerra-com-celebracao-crista-e-muito-louvor\/","og_site_name":"MANAUSCULT","article_published_time":"2023-09-08T05:36:14+00:00","article_modified_time":"2023-09-08T05:36:17+00:00","og_image":[{"width":1024,"height":683,"url":"https:\/\/www.manaus.am.gov.br\/manauscult\/wp-content\/uploads\/sites\/11\/2023\/09\/DSC05581-1024x683.jpg","type":"image\/jpeg"}],"author":"Adriana Costa","twitter_card":"summary_large_image","twitter_misc":{"Written by":"Adriana Costa","Est. reading time":"2 minutos"},"schema":{"@context":"https:\/\/schema.org","@graph":[{"@type":"WebPage","@id":"https:\/\/www.manaus.am.gov.br\/manauscult\/terceira-noite-do-festival-soumanaus2023-encerra-com-celebracao-crista-e-muito-louvor\/","url":"https:\/\/www.manaus.am.gov.br\/manauscult\/terceira-noite-do-festival-soumanaus2023-encerra-com-celebracao-crista-e-muito-louvor\/","name":"Terceira noite do festival #SouManaus2023 encerra com celebra\u00e7\u00e3o crist\u00e3 e muito louvor","isPartOf":{"@id":"https:\/\/www.manaus.am.gov.br\/manauscult\/#website"},"primaryImageOfPage":{"@id":"https:\/\/www.manaus.am.gov.br\/manauscult\/terceira-noite-do-festival-soumanaus2023-encerra-com-celebracao-crista-e-muito-louvor\/#primaryimage"},"image":{"@id":"https:\/\/www.manaus.am.gov.br\/manauscult\/terceira-noite-do-festival-soumanaus2023-encerra-com-celebracao-crista-e-muito-louvor\/#primaryimage"},"thumbnailUrl":"https:\/\/www.manaus.am.gov.br\/manauscult\/wp-content\/uploads\/sites\/11\/2023\/09\/DSC05581.jpg","datePublished":"2023-09-08T05:36:14+00:00","dateModified":"2023-09-08T05:36:17+00:00","author":{"@id":"https:\/\/www.manaus.am.gov.br\/manauscult\/#\/schema\/person\/4e49f4e267757a06ca072ec61b2b9968"},"description":"Encerrando com \u201cchave de ouro\u201d o \u00faltimo dia de \u201c#SouManaus Passo a Pa\u00e7o 2023\u201d, o maior festival de artes integradas do Norte, o p\u00fablico manauara contou com a participa\u00e7\u00e3o de diversas bandas voltadas para o p\u00fablico crist\u00e3o e infantil.","breadcrumb":{"@id":"https:\/\/www.manaus.am.gov.br\/manauscult\/terceira-noite-do-festival-soumanaus2023-encerra-com-celebracao-crista-e-muito-louvor\/#breadcrumb"},"inLanguage":"pt-BR","potentialAction":[{"@type":"ReadAction","target":["https:\/\/www.manaus.am.gov.br\/manauscult\/terceira-noite-do-festival-soumanaus2023-encerra-com-celebracao-crista-e-muito-louvor\/"]}]},{"@type":"ImageObject","inLanguage":"pt-BR","@id":"https:\/\/www.manaus.am.gov.br\/manauscult\/terceira-noite-do-festival-soumanaus2023-encerra-com-celebracao-crista-e-muito-louvor\/#primaryimage","url":"https:\/\/www.manaus.am.gov.br\/manauscult\/wp-content\/uploads\/sites\/11\/2023\/09\/DSC05581.jpg","contentUrl":"https:\/\/www.manaus.am.gov.br\/manauscult\/wp-content\/uploads\/sites\/11\/2023\/09\/DSC05581.jpg","width":6000,"height":4000},{"@type":"BreadcrumbList","@id":"https:\/\/www.manaus.am.gov.br\/manauscult\/terceira-noite-do-festival-soumanaus2023-encerra-com-celebracao-crista-e-muito-louvor\/#breadcrumb","itemListElement":[{"@type":"ListItem","position":1,"name":"Home","item":"https:\/\/www.manaus.am.gov.br\/manauscult\/"},{"@type":"ListItem","position":2,"name":"Terceira noite do festival #SouManaus2023 encerra com celebra\u00e7\u00e3o crist\u00e3 e muito louvor"}]},{"@type":"WebSite","@id":"https:\/\/www.manaus.am.gov.br\/manauscult\/#website","url":"https:\/\/www.manaus.am.gov.br\/manauscult\/","name":"MANAUSCULT","description":"Prefeitura de Manaus","potentialAction":[{"@type":"SearchAction","target":{"@type":"EntryPoint","urlTemplate":"https:\/\/www.manaus.am.gov.br\/manauscult\/?s={search_term_string}"},"query-input":"required name=search_term_string"}],"inLanguage":"pt-BR"},{"@type":"Person","@id":"https:\/\/www.manaus.am.gov.br\/manauscult\/#\/schema\/person\/4e49f4e267757a06ca072ec61b2b9968","name":"Adriana Costa","image":{"@type":"ImageObject","inLanguage":"pt-BR","@id":"https:\/\/www.manaus.am.gov.br\/manauscult\/#\/schema\/person\/image\/","url":"https:\/\/secure.gravatar.com\/avatar\/576258617ef7194f718179e766d57bd4?s=96&d=mm&r=g","contentUrl":"https:\/\/secure.gravatar.com\/avatar\/576258617ef7194f718179e766d57bd4?s=96&d=mm&r=g","caption":"Adriana Costa"}}]}},"_links":{"self":[{"href":"https:\/\/www.manaus.am.gov.br\/manauscult\/wp-json\/wp\/v2\/posts\/1501"}],"collection":[{"href":"https:\/\/www.manaus.am.gov.br\/manauscult\/wp-json\/wp\/v2\/posts"}],"about":[{"href":"https:\/\/www.manaus.am.gov.br\/manauscult\/wp-json\/wp\/v2\/types\/post"}],"author":[{"embeddable":true,"href":"https:\/\/www.manaus.am.gov.br\/manauscult\/wp-json\/wp\/v2\/users\/23"}],"replies":[{"embeddable":true,"href":"https:\/\/www.manaus.am.gov.br\/manauscult\/wp-json\/wp\/v2\/comments?post=1501"}],"version-history":[{"count":0,"href":"https:\/\/www.manaus.am.gov.br\/manauscult\/wp-json\/wp\/v2\/posts\/1501\/revisions"}],"wp:featuredmedia":[{"embeddable":true,"href":"https:\/\/www.manaus.am.gov.br\/manauscult\/wp-json\/wp\/v2\/media\/1502"}],"wp:attachment":[{"href":"https:\/\/www.manaus.am.gov.br\/manauscult\/wp-json\/wp\/v2\/media?parent=1501"}],"wp:term":[{"taxonomy":"category","embeddable":true,"href":"https:\/\/www.manaus.am.gov.br\/manauscult\/wp-json\/wp\/v2\/categories?post=1501"},{"taxonomy":"post_tag","embeddable":true,"href":"https:\/\/www.manaus.am.gov.br\/manauscult\/wp-json\/wp\/v2\/tags?post=1501"}],"curies":[{"name":"wp","href":"https:\/\/api.w.org\/{rel}","templated":true}]}}