{"id":1499,"date":"2023-09-08T01:12:11","date_gmt":"2023-09-08T05:12:11","guid":{"rendered":"https:\/\/www.manaus.am.gov.br\/manauscult\/noite-gospel-agita-a-ultima-noite-do-soumanaus-2023\/"},"modified":"2023-09-11T11:28:26","modified_gmt":"2023-09-11T15:28:26","slug":"noite-gospel-agita-a-ultima-noite-do-soumanaus-2023","status":"publish","type":"post","link":"https:\/\/www.manaus.am.gov.br\/manauscult\/noite-gospel-agita-a-ultima-noite-do-soumanaus-2023\/","title":{"rendered":"Noite gospel agita encerramento do #SouManaus 2023"},"content":{"rendered":"\n<p>A \u00faltima noite do festival \u201c#SouManaus Passo a Pa\u00e7o 2023\u201d contou com atra\u00e7\u00f5es voltadas para o p\u00fablico gospel, cat\u00f3lico e infantil. Com tr\u00eas palcos espalhados pelo centro hist\u00f3rico da cidade, a popula\u00e7\u00e3o manauara pode curtir e aproveitar o feriado com toda a sua fam\u00edlia.<\/p>\n\n\n\n<p>Na terceira noite, o palco Amazona teve diversas atra\u00e7\u00f5es, o p\u00fablico infantil contou com a apresenta\u00e7\u00e3o do palha\u00e7o Lero-Lero e tamb\u00e9m da turma da Fazendinha da Zelda, que animaram a noite dos pequenos.<\/p>\n\n\n\n<p>Larissa Maricaua, que participa assiduamente do \u201c#SouManaus Passo a Pa\u00e7o\u201d, ressaltou a organiza\u00e7\u00e3o e estrutura do palco e do evento este ano, que encerra nesta quinta-feira, 7\/9. &nbsp;<\/p>\n\n\n\n<p>&#8220;O evento est\u00e1 maravilhoso, venho desde a primeira edi\u00e7\u00e3o. Hoje, eu vim trazer a minha filha para assistir \u00e0 Fazendinha da Zelda, e estou gostando muito da estrutura do evento, muito bom.&#8221;<\/p>\n\n\n\n<p>Al\u00e9m do p\u00fablico infantil, o gospel teve bastante destaque, no palco, diversas atra\u00e7\u00f5es locais puderam mostrar seu talento, o pastor e cantor Andr\u00e9 Iglesias, que se apresentou no palco Amazona, destacou a import\u00e2ncia de valorizar os artistas regionais.<\/p>\n\n\n\n<p>A grande atra\u00e7\u00e3o da noite foi o cantor Israel Salazar, que trouxe composi\u00e7\u00f5es conhecidas do p\u00fablico gospel e uma nova composi\u00e7\u00e3o apresentada no palco do #SouManaus. O cantor comentou sobre a felicidade de estar em Manaus e participando do maior evento de artes integradas da regi\u00e3o Norte.<\/p>\n\n\n\n<p>&#8220;Estou muito feliz em retornar para Manaus. Eu amo essa terra e encaro com muita alegria estar pisando no #SouManaus, juntamente com os irm\u00e3os, aben\u00e7oando esta terra e trazendo uma nova composi\u00e7\u00e3o que ser\u00e1 cantada pela primeira vez aqui&#8221;.<\/p>\n\n\n\n<p>&#8212; &#8212; &#8212;<\/p>\n\n\n\n<p><strong>Texto<\/strong>\u00a0\u2013 Denise P\u00eago\/Semcom<\/p>\n\n\n\n<p><strong>Fotos<\/strong>&nbsp;\u2013 Matheus Perdiz\/Semcom<\/p>\n","protected":false},"excerpt":{"rendered":"","protected":false},"author":23,"featured_media":1500,"comment_status":"closed","ping_status":"closed","sticky":false,"template":"","format":"standard","meta":{"footnotes":""},"categories":[508],"tags":[168,664,11,665],"acf":[],"yoast_head":"<!-- This site is optimized with the Yoast SEO plugin v23.0 - https:\/\/yoast.com\/wordpress\/plugins\/seo\/ -->\n<title>Noite gospel agita a \u00faltima noite do #SouManaus 2023<\/title>\n<meta name=\"description\" content=\"A \u00faltima noite do festival \u201c#SouManaus Passo a Pa\u00e7o 2023\u201d contou com atra\u00e7\u00f5es voltadas para o p\u00fablico gospel, cat\u00f3lico e infantil. Com tr\u00eas palcos espalhados pelo centro hist\u00f3rico da cidade, a popula\u00e7\u00e3o manauara pode curtir e aproveitar o feriado com toda a sua fam\u00edlia.\" \/>\n<meta name=\"robots\" content=\"noindex, follow\" \/>\n<meta property=\"og:locale\" content=\"pt_BR\" \/>\n<meta property=\"og:type\" content=\"article\" \/>\n<meta property=\"og:title\" content=\"Noite gospel agita a \u00faltima noite do #SouManaus 2023\" \/>\n<meta property=\"og:description\" content=\"A \u00faltima noite do festival \u201c#SouManaus Passo a Pa\u00e7o 2023\u201d contou com atra\u00e7\u00f5es voltadas para o p\u00fablico gospel, cat\u00f3lico e infantil. Com tr\u00eas palcos espalhados pelo centro hist\u00f3rico da cidade, a popula\u00e7\u00e3o manauara pode curtir e aproveitar o feriado com toda a sua fam\u00edlia.\" \/>\n<meta property=\"og:url\" content=\"https:\/\/www.manaus.am.gov.br\/manauscult\/noite-gospel-agita-a-ultima-noite-do-soumanaus-2023\/\" \/>\n<meta property=\"og:site_name\" content=\"MANAUSCULT\" \/>\n<meta property=\"article:published_time\" content=\"2023-09-08T05:12:11+00:00\" \/>\n<meta property=\"article:modified_time\" content=\"2023-09-11T15:28:26+00:00\" \/>\n<meta property=\"og:image\" content=\"https:\/\/www.manaus.am.gov.br\/manauscult\/wp-content\/uploads\/sites\/11\/2023\/09\/IMG_8583.jpg\" \/>\n\t<meta property=\"og:image:width\" content=\"2592\" \/>\n\t<meta property=\"og:image:height\" content=\"1728\" \/>\n\t<meta property=\"og:image:type\" content=\"image\/jpeg\" \/>\n<meta name=\"author\" content=\"Adriana Costa\" \/>\n<meta name=\"twitter:card\" content=\"summary_large_image\" \/>\n<meta name=\"twitter:label1\" content=\"Written by\" \/>\n\t<meta name=\"twitter:data1\" content=\"Adriana Costa\" \/>\n\t<meta name=\"twitter:label2\" content=\"Est. reading time\" \/>\n\t<meta name=\"twitter:data2\" content=\"2 minutos\" \/>\n<script type=\"application\/ld+json\" class=\"yoast-schema-graph\">{\"@context\":\"https:\/\/schema.org\",\"@graph\":[{\"@type\":\"WebPage\",\"@id\":\"https:\/\/www.manaus.am.gov.br\/manauscult\/noite-gospel-agita-a-ultima-noite-do-soumanaus-2023\/\",\"url\":\"https:\/\/www.manaus.am.gov.br\/manauscult\/noite-gospel-agita-a-ultima-noite-do-soumanaus-2023\/\",\"name\":\"Noite gospel agita a \u00faltima noite do #SouManaus 2023\",\"isPartOf\":{\"@id\":\"https:\/\/www.manaus.am.gov.br\/manauscult\/#website\"},\"primaryImageOfPage\":{\"@id\":\"https:\/\/www.manaus.am.gov.br\/manauscult\/noite-gospel-agita-a-ultima-noite-do-soumanaus-2023\/#primaryimage\"},\"image\":{\"@id\":\"https:\/\/www.manaus.am.gov.br\/manauscult\/noite-gospel-agita-a-ultima-noite-do-soumanaus-2023\/#primaryimage\"},\"thumbnailUrl\":\"https:\/\/www.manaus.am.gov.br\/manauscult\/wp-content\/uploads\/sites\/11\/2023\/09\/IMG_8583.jpg\",\"datePublished\":\"2023-09-08T05:12:11+00:00\",\"dateModified\":\"2023-09-11T15:28:26+00:00\",\"author\":{\"@id\":\"https:\/\/www.manaus.am.gov.br\/manauscult\/#\/schema\/person\/4e49f4e267757a06ca072ec61b2b9968\"},\"description\":\"A \u00faltima noite do festival \u201c#SouManaus Passo a Pa\u00e7o 2023\u201d contou com atra\u00e7\u00f5es voltadas para o p\u00fablico gospel, cat\u00f3lico e infantil. Com tr\u00eas palcos espalhados pelo centro hist\u00f3rico da cidade, a popula\u00e7\u00e3o manauara pode curtir e aproveitar o feriado com toda a sua fam\u00edlia.\",\"breadcrumb\":{\"@id\":\"https:\/\/www.manaus.am.gov.br\/manauscult\/noite-gospel-agita-a-ultima-noite-do-soumanaus-2023\/#breadcrumb\"},\"inLanguage\":\"pt-BR\",\"potentialAction\":[{\"@type\":\"ReadAction\",\"target\":[\"https:\/\/www.manaus.am.gov.br\/manauscult\/noite-gospel-agita-a-ultima-noite-do-soumanaus-2023\/\"]}]},{\"@type\":\"ImageObject\",\"inLanguage\":\"pt-BR\",\"@id\":\"https:\/\/www.manaus.am.gov.br\/manauscult\/noite-gospel-agita-a-ultima-noite-do-soumanaus-2023\/#primaryimage\",\"url\":\"https:\/\/www.manaus.am.gov.br\/manauscult\/wp-content\/uploads\/sites\/11\/2023\/09\/IMG_8583.jpg\",\"contentUrl\":\"https:\/\/www.manaus.am.gov.br\/manauscult\/wp-content\/uploads\/sites\/11\/2023\/09\/IMG_8583.jpg\",\"width\":2592,\"height\":1728},{\"@type\":\"BreadcrumbList\",\"@id\":\"https:\/\/www.manaus.am.gov.br\/manauscult\/noite-gospel-agita-a-ultima-noite-do-soumanaus-2023\/#breadcrumb\",\"itemListElement\":[{\"@type\":\"ListItem\",\"position\":1,\"name\":\"Home\",\"item\":\"https:\/\/www.manaus.am.gov.br\/manauscult\/\"},{\"@type\":\"ListItem\",\"position\":2,\"name\":\"Noite gospel agita encerramento do #SouManaus 2023\"}]},{\"@type\":\"WebSite\",\"@id\":\"https:\/\/www.manaus.am.gov.br\/manauscult\/#website\",\"url\":\"https:\/\/www.manaus.am.gov.br\/manauscult\/\",\"name\":\"MANAUSCULT\",\"description\":\"Prefeitura de Manaus\",\"potentialAction\":[{\"@type\":\"SearchAction\",\"target\":{\"@type\":\"EntryPoint\",\"urlTemplate\":\"https:\/\/www.manaus.am.gov.br\/manauscult\/?s={search_term_string}\"},\"query-input\":\"required name=search_term_string\"}],\"inLanguage\":\"pt-BR\"},{\"@type\":\"Person\",\"@id\":\"https:\/\/www.manaus.am.gov.br\/manauscult\/#\/schema\/person\/4e49f4e267757a06ca072ec61b2b9968\",\"name\":\"Adriana Costa\",\"image\":{\"@type\":\"ImageObject\",\"inLanguage\":\"pt-BR\",\"@id\":\"https:\/\/www.manaus.am.gov.br\/manauscult\/#\/schema\/person\/image\/\",\"url\":\"https:\/\/secure.gravatar.com\/avatar\/576258617ef7194f718179e766d57bd4?s=96&d=mm&r=g\",\"contentUrl\":\"https:\/\/secure.gravatar.com\/avatar\/576258617ef7194f718179e766d57bd4?s=96&d=mm&r=g\",\"caption\":\"Adriana Costa\"}}]}<\/script>\n<!-- \/ Yoast SEO plugin. -->","yoast_head_json":{"title":"Noite gospel agita a \u00faltima noite do #SouManaus 2023","description":"A \u00faltima noite do festival \u201c#SouManaus Passo a Pa\u00e7o 2023\u201d contou com atra\u00e7\u00f5es voltadas para o p\u00fablico gospel, cat\u00f3lico e infantil. Com tr\u00eas palcos espalhados pelo centro hist\u00f3rico da cidade, a popula\u00e7\u00e3o manauara pode curtir e aproveitar o feriado com toda a sua fam\u00edlia.","robots":{"index":"noindex","follow":"follow"},"og_locale":"pt_BR","og_type":"article","og_title":"Noite gospel agita a \u00faltima noite do #SouManaus 2023","og_description":"A \u00faltima noite do festival \u201c#SouManaus Passo a Pa\u00e7o 2023\u201d contou com atra\u00e7\u00f5es voltadas para o p\u00fablico gospel, cat\u00f3lico e infantil. Com tr\u00eas palcos espalhados pelo centro hist\u00f3rico da cidade, a popula\u00e7\u00e3o manauara pode curtir e aproveitar o feriado com toda a sua fam\u00edlia.","og_url":"https:\/\/www.manaus.am.gov.br\/manauscult\/noite-gospel-agita-a-ultima-noite-do-soumanaus-2023\/","og_site_name":"MANAUSCULT","article_published_time":"2023-09-08T05:12:11+00:00","article_modified_time":"2023-09-11T15:28:26+00:00","og_image":[{"width":2592,"height":1728,"url":"https:\/\/www.manaus.am.gov.br\/manauscult\/wp-content\/uploads\/sites\/11\/2023\/09\/IMG_8583.jpg","type":"image\/jpeg"}],"author":"Adriana Costa","twitter_card":"summary_large_image","twitter_misc":{"Written by":"Adriana Costa","Est. reading time":"2 minutos"},"schema":{"@context":"https:\/\/schema.org","@graph":[{"@type":"WebPage","@id":"https:\/\/www.manaus.am.gov.br\/manauscult\/noite-gospel-agita-a-ultima-noite-do-soumanaus-2023\/","url":"https:\/\/www.manaus.am.gov.br\/manauscult\/noite-gospel-agita-a-ultima-noite-do-soumanaus-2023\/","name":"Noite gospel agita a \u00faltima noite do #SouManaus 2023","isPartOf":{"@id":"https:\/\/www.manaus.am.gov.br\/manauscult\/#website"},"primaryImageOfPage":{"@id":"https:\/\/www.manaus.am.gov.br\/manauscult\/noite-gospel-agita-a-ultima-noite-do-soumanaus-2023\/#primaryimage"},"image":{"@id":"https:\/\/www.manaus.am.gov.br\/manauscult\/noite-gospel-agita-a-ultima-noite-do-soumanaus-2023\/#primaryimage"},"thumbnailUrl":"https:\/\/www.manaus.am.gov.br\/manauscult\/wp-content\/uploads\/sites\/11\/2023\/09\/IMG_8583.jpg","datePublished":"2023-09-08T05:12:11+00:00","dateModified":"2023-09-11T15:28:26+00:00","author":{"@id":"https:\/\/www.manaus.am.gov.br\/manauscult\/#\/schema\/person\/4e49f4e267757a06ca072ec61b2b9968"},"description":"A \u00faltima noite do festival \u201c#SouManaus Passo a Pa\u00e7o 2023\u201d contou com atra\u00e7\u00f5es voltadas para o p\u00fablico gospel, cat\u00f3lico e infantil. Com tr\u00eas palcos espalhados pelo centro hist\u00f3rico da cidade, a popula\u00e7\u00e3o manauara pode curtir e aproveitar o feriado com toda a sua fam\u00edlia.","breadcrumb":{"@id":"https:\/\/www.manaus.am.gov.br\/manauscult\/noite-gospel-agita-a-ultima-noite-do-soumanaus-2023\/#breadcrumb"},"inLanguage":"pt-BR","potentialAction":[{"@type":"ReadAction","target":["https:\/\/www.manaus.am.gov.br\/manauscult\/noite-gospel-agita-a-ultima-noite-do-soumanaus-2023\/"]}]},{"@type":"ImageObject","inLanguage":"pt-BR","@id":"https:\/\/www.manaus.am.gov.br\/manauscult\/noite-gospel-agita-a-ultima-noite-do-soumanaus-2023\/#primaryimage","url":"https:\/\/www.manaus.am.gov.br\/manauscult\/wp-content\/uploads\/sites\/11\/2023\/09\/IMG_8583.jpg","contentUrl":"https:\/\/www.manaus.am.gov.br\/manauscult\/wp-content\/uploads\/sites\/11\/2023\/09\/IMG_8583.jpg","width":2592,"height":1728},{"@type":"BreadcrumbList","@id":"https:\/\/www.manaus.am.gov.br\/manauscult\/noite-gospel-agita-a-ultima-noite-do-soumanaus-2023\/#breadcrumb","itemListElement":[{"@type":"ListItem","position":1,"name":"Home","item":"https:\/\/www.manaus.am.gov.br\/manauscult\/"},{"@type":"ListItem","position":2,"name":"Noite gospel agita encerramento do #SouManaus 2023"}]},{"@type":"WebSite","@id":"https:\/\/www.manaus.am.gov.br\/manauscult\/#website","url":"https:\/\/www.manaus.am.gov.br\/manauscult\/","name":"MANAUSCULT","description":"Prefeitura de Manaus","potentialAction":[{"@type":"SearchAction","target":{"@type":"EntryPoint","urlTemplate":"https:\/\/www.manaus.am.gov.br\/manauscult\/?s={search_term_string}"},"query-input":"required name=search_term_string"}],"inLanguage":"pt-BR"},{"@type":"Person","@id":"https:\/\/www.manaus.am.gov.br\/manauscult\/#\/schema\/person\/4e49f4e267757a06ca072ec61b2b9968","name":"Adriana Costa","image":{"@type":"ImageObject","inLanguage":"pt-BR","@id":"https:\/\/www.manaus.am.gov.br\/manauscult\/#\/schema\/person\/image\/","url":"https:\/\/secure.gravatar.com\/avatar\/576258617ef7194f718179e766d57bd4?s=96&d=mm&r=g","contentUrl":"https:\/\/secure.gravatar.com\/avatar\/576258617ef7194f718179e766d57bd4?s=96&d=mm&r=g","caption":"Adriana Costa"}}]}},"_links":{"self":[{"href":"https:\/\/www.manaus.am.gov.br\/manauscult\/wp-json\/wp\/v2\/posts\/1499"}],"collection":[{"href":"https:\/\/www.manaus.am.gov.br\/manauscult\/wp-json\/wp\/v2\/posts"}],"about":[{"href":"https:\/\/www.manaus.am.gov.br\/manauscult\/wp-json\/wp\/v2\/types\/post"}],"author":[{"embeddable":true,"href":"https:\/\/www.manaus.am.gov.br\/manauscult\/wp-json\/wp\/v2\/users\/23"}],"replies":[{"embeddable":true,"href":"https:\/\/www.manaus.am.gov.br\/manauscult\/wp-json\/wp\/v2\/comments?post=1499"}],"version-history":[{"count":3,"href":"https:\/\/www.manaus.am.gov.br\/manauscult\/wp-json\/wp\/v2\/posts\/1499\/revisions"}],"predecessor-version":[{"id":1530,"href":"https:\/\/www.manaus.am.gov.br\/manauscult\/wp-json\/wp\/v2\/posts\/1499\/revisions\/1530"}],"wp:featuredmedia":[{"embeddable":true,"href":"https:\/\/www.manaus.am.gov.br\/manauscult\/wp-json\/wp\/v2\/media\/1500"}],"wp:attachment":[{"href":"https:\/\/www.manaus.am.gov.br\/manauscult\/wp-json\/wp\/v2\/media?parent=1499"}],"wp:term":[{"taxonomy":"category","embeddable":true,"href":"https:\/\/www.manaus.am.gov.br\/manauscult\/wp-json\/wp\/v2\/categories?post=1499"},{"taxonomy":"post_tag","embeddable":true,"href":"https:\/\/www.manaus.am.gov.br\/manauscult\/wp-json\/wp\/v2\/tags?post=1499"}],"curies":[{"name":"wp","href":"https:\/\/api.w.org\/{rel}","templated":true}]}}