{"id":1497,"date":"2023-09-08T00:27:48","date_gmt":"2023-09-08T04:27:48","guid":{"rendered":"https:\/\/www.manaus.am.gov.br\/manauscult\/na-terceira-noite-de-soumanaus2023-padre-fabio-de-melo-conduz-multidao-a-momento-de-fe\/"},"modified":"2023-09-08T00:27:50","modified_gmt":"2023-09-08T04:27:50","slug":"na-terceira-noite-de-soumanaus2023-padre-fabio-de-melo-conduz-multidao-a-momento-de-fe","status":"publish","type":"post","link":"https:\/\/www.manaus.am.gov.br\/manauscult\/na-terceira-noite-de-soumanaus2023-padre-fabio-de-melo-conduz-multidao-a-momento-de-fe\/","title":{"rendered":"<strong>Na terceira noite de #SouManaus2023, Padre F\u00e1bio de Melo conduz multid\u00e3o a momento de f\u00e9<\/strong>"},"content":{"rendered":"\n<p>A terceira noite do #SouManaus2023, no centro hist\u00f3rico da cidade, contagiou uma multid\u00e3o de fi\u00e9is embalada por grandes shows do maior festival de artes integradas da regi\u00e3o Norte. A grande atra\u00e7\u00e3o desta quinta-feira, 7\/9, o Padre F\u00e1bio de Melo, levou os fi\u00e9is a cantarem com f\u00e9 e devo\u00e7\u00e3o.<\/p>\n\n\n\n<p>Antes de subir ao palco, ele destacou a honra de estar no #SouManaus. \u201cUma honra para mim. A m\u00fasica nos faz conhecer o Brasil de forma profunda. O Norte \u00e9 uma ben\u00e7\u00e3o para todo Brasil. O povo daqui, a cultura, a m\u00fasica, a culin\u00e1ria, ent\u00e3o \u00e9 uma alegria sempre estar aqui\u201d, disse F\u00e1bio de Melo.<\/p>\n\n\n\n<p>Curtindo a \u00faltima noite do #SouManaus, a aposentada S\u00f4nia Monteiro, que estava acompanhada de toda fam\u00edlia, disse que gostaria de que mais edi\u00e7\u00f5es do festival acontecessem durante o ano.<\/p>\n\n\n\n<p>\u201cEstou achando muito bom o evento. Trouxe minha filha, meus netos, para este momento \u00f3timo. Para mim, deveria ter #SouManaus duas vezes por ano, porque \u00e9 uma festa muito bonita\u201d, afirmou.<\/p>\n\n\n\n<p>A terceira noite do festival proporcionou um ambiente agrad\u00e1vel para toda fam\u00edlia.&nbsp; E, a aut\u00f4noma Ver\u00f4nica Iziel aproveitou para curtir as atra\u00e7\u00f5es religiosas com o filho. \u201cMuito bacana esta edi\u00e7\u00e3o. Poder trazer a fam\u00edlia e ter um local tranquilo para louvar a Deus \u00e9 muito importante para mim\u201d, destacou.<\/p>\n\n\n\n<p>&#8211; &#8211; &#8211; &#8211; &#8211;<\/p>\n\n\n\n<p><strong>Texto<\/strong>&nbsp;&#8211; Asafe Augusto\/Semcom<\/p>\n\n\n\n<p><strong>Fotos<\/strong>&nbsp;&#8211; Cl\u00f3vis Miranda\/Semcom<\/p>\n\n\n\n<p><strong>Dispon\u00edveis em<\/strong>&nbsp;&#8211;&nbsp;<a href=\"https:\/\/flic.kr\/s\/aHBqjATTKL\" target=\"_blank\" rel=\"noreferrer noopener\">https:\/\/flic.kr\/s\/aHBqjATTKL<\/a><\/p>\n","protected":false},"excerpt":{"rendered":"","protected":false},"author":23,"featured_media":1498,"comment_status":"closed","ping_status":"closed","sticky":false,"template":"","format":"standard","meta":{"footnotes":""},"categories":[508],"tags":[168,661,662,11,663],"acf":[],"yoast_head":"<!-- This site is optimized with the Yoast SEO plugin v23.0 - https:\/\/yoast.com\/wordpress\/plugins\/seo\/ -->\n<title>Na terceira noite de #SouManaus2023, Padre F\u00e1bio de Melo conduz multid\u00e3o a momento de f\u00e9<\/title>\n<meta name=\"description\" content=\"A terceira noite do #SouManaus2023, no centro hist\u00f3rico da cidade, contagiou uma multid\u00e3o de fi\u00e9is embalada por grandes shows do maior festival de artes integradas da regi\u00e3o Norte. A grande atra\u00e7\u00e3o desta quinta-feira, 7\/9, o Padre F\u00e1bio de Melo, levou os fi\u00e9is a cantarem com f\u00e9 e devo\u00e7\u00e3o.\" \/>\n<meta name=\"robots\" content=\"noindex, follow\" \/>\n<meta property=\"og:locale\" content=\"pt_BR\" \/>\n<meta property=\"og:type\" content=\"article\" \/>\n<meta property=\"og:title\" content=\"Na terceira noite de #SouManaus2023, Padre F\u00e1bio de Melo conduz multid\u00e3o a momento de f\u00e9\" \/>\n<meta property=\"og:description\" content=\"A terceira noite do #SouManaus2023, no centro hist\u00f3rico da cidade, contagiou uma multid\u00e3o de fi\u00e9is embalada por grandes shows do maior festival de artes integradas da regi\u00e3o Norte. A grande atra\u00e7\u00e3o desta quinta-feira, 7\/9, o Padre F\u00e1bio de Melo, levou os fi\u00e9is a cantarem com f\u00e9 e devo\u00e7\u00e3o.\" \/>\n<meta property=\"og:url\" content=\"https:\/\/www.manaus.am.gov.br\/manauscult\/na-terceira-noite-de-soumanaus2023-padre-fabio-de-melo-conduz-multidao-a-momento-de-fe\/\" \/>\n<meta property=\"og:site_name\" content=\"MANAUSCULT\" \/>\n<meta property=\"article:published_time\" content=\"2023-09-08T04:27:48+00:00\" \/>\n<meta property=\"article:modified_time\" content=\"2023-09-08T04:27:50+00:00\" \/>\n<meta property=\"og:image\" content=\"https:\/\/www.manaus.am.gov.br\/manauscult\/wp-content\/uploads\/sites\/11\/2023\/09\/53172024139_471bef48b1_c.jpg\" \/>\n\t<meta property=\"og:image:width\" content=\"799\" \/>\n\t<meta property=\"og:image:height\" content=\"533\" \/>\n\t<meta property=\"og:image:type\" content=\"image\/jpeg\" \/>\n<meta name=\"author\" content=\"Adriana Costa\" \/>\n<meta name=\"twitter:card\" content=\"summary_large_image\" \/>\n<meta name=\"twitter:label1\" content=\"Written by\" \/>\n\t<meta name=\"twitter:data1\" content=\"Adriana Costa\" \/>\n\t<meta name=\"twitter:label2\" content=\"Est. reading time\" \/>\n\t<meta name=\"twitter:data2\" content=\"2 minutos\" \/>\n<script type=\"application\/ld+json\" class=\"yoast-schema-graph\">{\"@context\":\"https:\/\/schema.org\",\"@graph\":[{\"@type\":\"WebPage\",\"@id\":\"https:\/\/www.manaus.am.gov.br\/manauscult\/na-terceira-noite-de-soumanaus2023-padre-fabio-de-melo-conduz-multidao-a-momento-de-fe\/\",\"url\":\"https:\/\/www.manaus.am.gov.br\/manauscult\/na-terceira-noite-de-soumanaus2023-padre-fabio-de-melo-conduz-multidao-a-momento-de-fe\/\",\"name\":\"Na terceira noite de #SouManaus2023, Padre F\u00e1bio de Melo conduz multid\u00e3o a momento de f\u00e9\",\"isPartOf\":{\"@id\":\"https:\/\/www.manaus.am.gov.br\/manauscult\/#website\"},\"primaryImageOfPage\":{\"@id\":\"https:\/\/www.manaus.am.gov.br\/manauscult\/na-terceira-noite-de-soumanaus2023-padre-fabio-de-melo-conduz-multidao-a-momento-de-fe\/#primaryimage\"},\"image\":{\"@id\":\"https:\/\/www.manaus.am.gov.br\/manauscult\/na-terceira-noite-de-soumanaus2023-padre-fabio-de-melo-conduz-multidao-a-momento-de-fe\/#primaryimage\"},\"thumbnailUrl\":\"https:\/\/www.manaus.am.gov.br\/manauscult\/wp-content\/uploads\/sites\/11\/2023\/09\/53172024139_471bef48b1_c.jpg\",\"datePublished\":\"2023-09-08T04:27:48+00:00\",\"dateModified\":\"2023-09-08T04:27:50+00:00\",\"author\":{\"@id\":\"https:\/\/www.manaus.am.gov.br\/manauscult\/#\/schema\/person\/4e49f4e267757a06ca072ec61b2b9968\"},\"description\":\"A terceira noite do #SouManaus2023, no centro hist\u00f3rico da cidade, contagiou uma multid\u00e3o de fi\u00e9is embalada por grandes shows do maior festival de artes integradas da regi\u00e3o Norte. A grande atra\u00e7\u00e3o desta quinta-feira, 7\/9, o Padre F\u00e1bio de Melo, levou os fi\u00e9is a cantarem com f\u00e9 e devo\u00e7\u00e3o.\",\"breadcrumb\":{\"@id\":\"https:\/\/www.manaus.am.gov.br\/manauscult\/na-terceira-noite-de-soumanaus2023-padre-fabio-de-melo-conduz-multidao-a-momento-de-fe\/#breadcrumb\"},\"inLanguage\":\"pt-BR\",\"potentialAction\":[{\"@type\":\"ReadAction\",\"target\":[\"https:\/\/www.manaus.am.gov.br\/manauscult\/na-terceira-noite-de-soumanaus2023-padre-fabio-de-melo-conduz-multidao-a-momento-de-fe\/\"]}]},{\"@type\":\"ImageObject\",\"inLanguage\":\"pt-BR\",\"@id\":\"https:\/\/www.manaus.am.gov.br\/manauscult\/na-terceira-noite-de-soumanaus2023-padre-fabio-de-melo-conduz-multidao-a-momento-de-fe\/#primaryimage\",\"url\":\"https:\/\/www.manaus.am.gov.br\/manauscult\/wp-content\/uploads\/sites\/11\/2023\/09\/53172024139_471bef48b1_c.jpg\",\"contentUrl\":\"https:\/\/www.manaus.am.gov.br\/manauscult\/wp-content\/uploads\/sites\/11\/2023\/09\/53172024139_471bef48b1_c.jpg\",\"width\":799,\"height\":533},{\"@type\":\"BreadcrumbList\",\"@id\":\"https:\/\/www.manaus.am.gov.br\/manauscult\/na-terceira-noite-de-soumanaus2023-padre-fabio-de-melo-conduz-multidao-a-momento-de-fe\/#breadcrumb\",\"itemListElement\":[{\"@type\":\"ListItem\",\"position\":1,\"name\":\"Home\",\"item\":\"https:\/\/www.manaus.am.gov.br\/manauscult\/\"},{\"@type\":\"ListItem\",\"position\":2,\"name\":\"Na terceira noite de #SouManaus2023, Padre F\u00e1bio de Melo conduz multid\u00e3o a momento de f\u00e9\"}]},{\"@type\":\"WebSite\",\"@id\":\"https:\/\/www.manaus.am.gov.br\/manauscult\/#website\",\"url\":\"https:\/\/www.manaus.am.gov.br\/manauscult\/\",\"name\":\"MANAUSCULT\",\"description\":\"Prefeitura de Manaus\",\"potentialAction\":[{\"@type\":\"SearchAction\",\"target\":{\"@type\":\"EntryPoint\",\"urlTemplate\":\"https:\/\/www.manaus.am.gov.br\/manauscult\/?s={search_term_string}\"},\"query-input\":\"required name=search_term_string\"}],\"inLanguage\":\"pt-BR\"},{\"@type\":\"Person\",\"@id\":\"https:\/\/www.manaus.am.gov.br\/manauscult\/#\/schema\/person\/4e49f4e267757a06ca072ec61b2b9968\",\"name\":\"Adriana Costa\",\"image\":{\"@type\":\"ImageObject\",\"inLanguage\":\"pt-BR\",\"@id\":\"https:\/\/www.manaus.am.gov.br\/manauscult\/#\/schema\/person\/image\/\",\"url\":\"https:\/\/secure.gravatar.com\/avatar\/576258617ef7194f718179e766d57bd4?s=96&d=mm&r=g\",\"contentUrl\":\"https:\/\/secure.gravatar.com\/avatar\/576258617ef7194f718179e766d57bd4?s=96&d=mm&r=g\",\"caption\":\"Adriana Costa\"}}]}<\/script>\n<!-- \/ Yoast SEO plugin. -->","yoast_head_json":{"title":"Na terceira noite de #SouManaus2023, Padre F\u00e1bio de Melo conduz multid\u00e3o a momento de f\u00e9","description":"A terceira noite do #SouManaus2023, no centro hist\u00f3rico da cidade, contagiou uma multid\u00e3o de fi\u00e9is embalada por grandes shows do maior festival de artes integradas da regi\u00e3o Norte. A grande atra\u00e7\u00e3o desta quinta-feira, 7\/9, o Padre F\u00e1bio de Melo, levou os fi\u00e9is a cantarem com f\u00e9 e devo\u00e7\u00e3o.","robots":{"index":"noindex","follow":"follow"},"og_locale":"pt_BR","og_type":"article","og_title":"Na terceira noite de #SouManaus2023, Padre F\u00e1bio de Melo conduz multid\u00e3o a momento de f\u00e9","og_description":"A terceira noite do #SouManaus2023, no centro hist\u00f3rico da cidade, contagiou uma multid\u00e3o de fi\u00e9is embalada por grandes shows do maior festival de artes integradas da regi\u00e3o Norte. A grande atra\u00e7\u00e3o desta quinta-feira, 7\/9, o Padre F\u00e1bio de Melo, levou os fi\u00e9is a cantarem com f\u00e9 e devo\u00e7\u00e3o.","og_url":"https:\/\/www.manaus.am.gov.br\/manauscult\/na-terceira-noite-de-soumanaus2023-padre-fabio-de-melo-conduz-multidao-a-momento-de-fe\/","og_site_name":"MANAUSCULT","article_published_time":"2023-09-08T04:27:48+00:00","article_modified_time":"2023-09-08T04:27:50+00:00","og_image":[{"width":799,"height":533,"url":"https:\/\/www.manaus.am.gov.br\/manauscult\/wp-content\/uploads\/sites\/11\/2023\/09\/53172024139_471bef48b1_c.jpg","type":"image\/jpeg"}],"author":"Adriana Costa","twitter_card":"summary_large_image","twitter_misc":{"Written by":"Adriana Costa","Est. reading time":"2 minutos"},"schema":{"@context":"https:\/\/schema.org","@graph":[{"@type":"WebPage","@id":"https:\/\/www.manaus.am.gov.br\/manauscult\/na-terceira-noite-de-soumanaus2023-padre-fabio-de-melo-conduz-multidao-a-momento-de-fe\/","url":"https:\/\/www.manaus.am.gov.br\/manauscult\/na-terceira-noite-de-soumanaus2023-padre-fabio-de-melo-conduz-multidao-a-momento-de-fe\/","name":"Na terceira noite de #SouManaus2023, Padre F\u00e1bio de Melo conduz multid\u00e3o a momento de f\u00e9","isPartOf":{"@id":"https:\/\/www.manaus.am.gov.br\/manauscult\/#website"},"primaryImageOfPage":{"@id":"https:\/\/www.manaus.am.gov.br\/manauscult\/na-terceira-noite-de-soumanaus2023-padre-fabio-de-melo-conduz-multidao-a-momento-de-fe\/#primaryimage"},"image":{"@id":"https:\/\/www.manaus.am.gov.br\/manauscult\/na-terceira-noite-de-soumanaus2023-padre-fabio-de-melo-conduz-multidao-a-momento-de-fe\/#primaryimage"},"thumbnailUrl":"https:\/\/www.manaus.am.gov.br\/manauscult\/wp-content\/uploads\/sites\/11\/2023\/09\/53172024139_471bef48b1_c.jpg","datePublished":"2023-09-08T04:27:48+00:00","dateModified":"2023-09-08T04:27:50+00:00","author":{"@id":"https:\/\/www.manaus.am.gov.br\/manauscult\/#\/schema\/person\/4e49f4e267757a06ca072ec61b2b9968"},"description":"A terceira noite do #SouManaus2023, no centro hist\u00f3rico da cidade, contagiou uma multid\u00e3o de fi\u00e9is embalada por grandes shows do maior festival de artes integradas da regi\u00e3o Norte. A grande atra\u00e7\u00e3o desta quinta-feira, 7\/9, o Padre F\u00e1bio de Melo, levou os fi\u00e9is a cantarem com f\u00e9 e devo\u00e7\u00e3o.","breadcrumb":{"@id":"https:\/\/www.manaus.am.gov.br\/manauscult\/na-terceira-noite-de-soumanaus2023-padre-fabio-de-melo-conduz-multidao-a-momento-de-fe\/#breadcrumb"},"inLanguage":"pt-BR","potentialAction":[{"@type":"ReadAction","target":["https:\/\/www.manaus.am.gov.br\/manauscult\/na-terceira-noite-de-soumanaus2023-padre-fabio-de-melo-conduz-multidao-a-momento-de-fe\/"]}]},{"@type":"ImageObject","inLanguage":"pt-BR","@id":"https:\/\/www.manaus.am.gov.br\/manauscult\/na-terceira-noite-de-soumanaus2023-padre-fabio-de-melo-conduz-multidao-a-momento-de-fe\/#primaryimage","url":"https:\/\/www.manaus.am.gov.br\/manauscult\/wp-content\/uploads\/sites\/11\/2023\/09\/53172024139_471bef48b1_c.jpg","contentUrl":"https:\/\/www.manaus.am.gov.br\/manauscult\/wp-content\/uploads\/sites\/11\/2023\/09\/53172024139_471bef48b1_c.jpg","width":799,"height":533},{"@type":"BreadcrumbList","@id":"https:\/\/www.manaus.am.gov.br\/manauscult\/na-terceira-noite-de-soumanaus2023-padre-fabio-de-melo-conduz-multidao-a-momento-de-fe\/#breadcrumb","itemListElement":[{"@type":"ListItem","position":1,"name":"Home","item":"https:\/\/www.manaus.am.gov.br\/manauscult\/"},{"@type":"ListItem","position":2,"name":"Na terceira noite de #SouManaus2023, Padre F\u00e1bio de Melo conduz multid\u00e3o a momento de f\u00e9"}]},{"@type":"WebSite","@id":"https:\/\/www.manaus.am.gov.br\/manauscult\/#website","url":"https:\/\/www.manaus.am.gov.br\/manauscult\/","name":"MANAUSCULT","description":"Prefeitura de Manaus","potentialAction":[{"@type":"SearchAction","target":{"@type":"EntryPoint","urlTemplate":"https:\/\/www.manaus.am.gov.br\/manauscult\/?s={search_term_string}"},"query-input":"required name=search_term_string"}],"inLanguage":"pt-BR"},{"@type":"Person","@id":"https:\/\/www.manaus.am.gov.br\/manauscult\/#\/schema\/person\/4e49f4e267757a06ca072ec61b2b9968","name":"Adriana Costa","image":{"@type":"ImageObject","inLanguage":"pt-BR","@id":"https:\/\/www.manaus.am.gov.br\/manauscult\/#\/schema\/person\/image\/","url":"https:\/\/secure.gravatar.com\/avatar\/576258617ef7194f718179e766d57bd4?s=96&d=mm&r=g","contentUrl":"https:\/\/secure.gravatar.com\/avatar\/576258617ef7194f718179e766d57bd4?s=96&d=mm&r=g","caption":"Adriana Costa"}}]}},"_links":{"self":[{"href":"https:\/\/www.manaus.am.gov.br\/manauscult\/wp-json\/wp\/v2\/posts\/1497"}],"collection":[{"href":"https:\/\/www.manaus.am.gov.br\/manauscult\/wp-json\/wp\/v2\/posts"}],"about":[{"href":"https:\/\/www.manaus.am.gov.br\/manauscult\/wp-json\/wp\/v2\/types\/post"}],"author":[{"embeddable":true,"href":"https:\/\/www.manaus.am.gov.br\/manauscult\/wp-json\/wp\/v2\/users\/23"}],"replies":[{"embeddable":true,"href":"https:\/\/www.manaus.am.gov.br\/manauscult\/wp-json\/wp\/v2\/comments?post=1497"}],"version-history":[{"count":0,"href":"https:\/\/www.manaus.am.gov.br\/manauscult\/wp-json\/wp\/v2\/posts\/1497\/revisions"}],"wp:featuredmedia":[{"embeddable":true,"href":"https:\/\/www.manaus.am.gov.br\/manauscult\/wp-json\/wp\/v2\/media\/1498"}],"wp:attachment":[{"href":"https:\/\/www.manaus.am.gov.br\/manauscult\/wp-json\/wp\/v2\/media?parent=1497"}],"wp:term":[{"taxonomy":"category","embeddable":true,"href":"https:\/\/www.manaus.am.gov.br\/manauscult\/wp-json\/wp\/v2\/categories?post=1497"},{"taxonomy":"post_tag","embeddable":true,"href":"https:\/\/www.manaus.am.gov.br\/manauscult\/wp-json\/wp\/v2\/tags?post=1497"}],"curies":[{"name":"wp","href":"https:\/\/api.w.org\/{rel}","templated":true}]}}