{"id":1493,"date":"2023-09-07T23:36:45","date_gmt":"2023-09-08T03:36:45","guid":{"rendered":"https:\/\/www.manaus.am.gov.br\/manauscult\/prefeito-destaca-soumanaus-como-um-evento-para-todos-os-publicos\/"},"modified":"2023-09-07T23:36:47","modified_gmt":"2023-09-08T03:36:47","slug":"prefeito-destaca-soumanaus-como-um-evento-para-todos-os-publicos","status":"publish","type":"post","link":"https:\/\/www.manaus.am.gov.br\/manauscult\/prefeito-destaca-soumanaus-como-um-evento-para-todos-os-publicos\/","title":{"rendered":"<strong>Prefeito destaca #SouManaus como um evento para todos os p\u00fablicos<\/strong>"},"content":{"rendered":"\n<p>Encerrando o \u00faltimo dia, nesta quinta-feira, 7\/9, com uma&nbsp;<em>line-up<\/em>&nbsp;religioso e infantil, o maior festival de artes integradas do Norte, o \u201c#SouManaus Passo a Pa\u00e7o 2023\u201d, se consolida, oficialmente, como um evento para todos os p\u00fablicos. O festival, que iniciou no \u00faltimo dia 5, levou, para o centro hist\u00f3rico de Manaus, os maiores nomes do rock, do samba e pagode, funk, danchell, al\u00e9m de outros ritmos.<\/p>\n\n\n\n<p>Segundo o prefeito, o objetivo do festival \u00e9 atender uma diversidade de p\u00fablico, e ampliar cada vez mais a programa\u00e7\u00e3o. \u201cAlcan\u00e7ar todos os p\u00fablicos \u00e9 o alvo do nosso evento, \u00e9 um festival de artes integradas, aqui acontece uma competi\u00e7\u00e3o de cosplay, de k-pop, uma competi\u00e7\u00e3o de gamer. Em outro ponto, tem competi\u00e7\u00e3o de parkour, de hip-hop, s\u00e3o as artes integradas, e, nossa, est\u00e1 todo mundo feliz. O povo est\u00e1 muito feliz. Eu estou mais feliz ainda\u201d, afirmou Almeida.<\/p>\n\n\n\n<p>O chefe do Executivo municipal garantiu, ainda, que pensa em uma edi\u00e7\u00e3o maior para o ano que vem, visto que a cidade ganha um novo ponto tur\u00edstico no centro da cidade. \u201cE, n\u00f3s j\u00e1 temos um&nbsp;<em>spoiler<\/em>&nbsp;para a pr\u00f3xima edi\u00e7\u00e3o. Ano que vem, j\u00e1 teremos inaugurado o largo da Ilha de S\u00e3o Vicente e o mirante L\u00facia Almeida, com o&nbsp;<em>pier<\/em>&nbsp;tur\u00edstico, um pier de 195 metros de comprimento, por 80 metros de largura, que n\u00f3s vamos antecipar para o final de julho, come\u00e7o de agosto, para pegar o rio cheio e fazermos, no final da tarde, eventos n\u00e1uticos de jet ski, de lancha, de canoa, n\u00f3s vamos aproveitar essa quest\u00e3o do rio para fazer esses eventos n\u00e1uticos, que ir\u00e3o se unir tamb\u00e9m&nbsp; ao #SouManaus\u201d, completou o prefeito.<\/p>\n\n\n\n<p>A \u00faltima noite contou com grandes atra\u00e7\u00f5es voltadas para o p\u00fablico religioso na \u00e1rea portu\u00e1ria da cidade. Artistas, como padre F\u00e1bio de Melo, Isadora Pompeo e banda Am\u00e9m se apresentaram nos palcos \u2018Bradesco &#8211; Guardi\u00e3o da Amaz\u00f4nia\u2019 e \u2018Amazona\u2019, com acesso livre e gratuito.<\/p>\n\n\n\n<p>O cantor Israel Salazar tamb\u00e9m estava entre as atra\u00e7\u00f5es e, depois de um show que animou o p\u00fablico de um dos principais palcos, ele falou da import\u00e2ncia de um festival que engloba tantas \u00e1reas, mas tem um dia reservado para o p\u00fablico crist\u00e3o.<\/p>\n\n\n\n<p>\u201cFeliz de estar aqui, muito alegre de poder fazer parte. A melhor coisa da festa \u00e9 ser convidado para ela, e \u00e9 muito legal. Eu estava conversando com o prefeito David sobre como a prefeitura da cidade est\u00e1 preocupada na qualidade de vida do jovem, do adulto. Ent\u00e3o, esse festival \u00e9 para todos os gostos, e poder abrir para igreja de Jesus \u00e9 muito especial\u201d, disse Salazar.<\/p>\n\n\n\n<p><strong>Programa\u00e7\u00e3o Kids<\/strong><\/p>\n\n\n\n<p>Com uma programa\u00e7\u00e3o especial, o \u201cPassinho Kids\u201d contou com shows, desfiles e brincadeiras para a crian\u00e7ada, no palco do Coreto, localizado na pra\u00e7a Dom Pedro 2\u00b0.<\/p>\n\n\n\n<p>No local, se apresentaram as atra\u00e7\u00f5es musicais Fazendinha da Zelda, Alexa Yngrid, Matheus Ribeiro e Isabelle Ribeiro, entre outros artistas.<\/p>\n\n\n\n<p>As crian\u00e7as com Transtorno do Espectro Autista (TEA) tamb\u00e9m contaram com seus espa\u00e7os de atividades com painel sensorial, brincadeiras com monitores, sem qualquer tipo de presen\u00e7a de efeito sonoro em alto n\u00edvel.<\/p>\n\n\n\n<p>&#8212; &#8212; &#8212;<\/p>\n\n\n\n<p><strong>Texto<\/strong>&nbsp;\u2013 Beathriz Torres\/Semcom<\/p>\n\n\n\n<p><strong>Fotos<\/strong>&nbsp;\u2013 Cl\u00f3vis Miranda\/Semcom e Dhyeizo Lemos\/Semcom<\/p>\n","protected":false},"excerpt":{"rendered":"","protected":false},"author":23,"featured_media":1494,"comment_status":"closed","ping_status":"closed","sticky":false,"template":"","format":"standard","meta":{"footnotes":""},"categories":[508],"tags":[658,659,16],"acf":[],"yoast_head":"<!-- This site is optimized with the Yoast SEO plugin v23.0 - https:\/\/yoast.com\/wordpress\/plugins\/seo\/ -->\n<title>Prefeito destaca #SouManaus como um evento para todos os p\u00fablicos<\/title>\n<meta name=\"description\" content=\"Encerrando o \u00faltimo dia, nesta quinta-feira, 7\/9, com uma line-up religioso e infantil, o maior festival de artes integradas do Norte, o \u201c#SouManaus Passo a Pa\u00e7o 2023\u201d, se consolida, oficialmente, como um evento para todos os p\u00fablicos. O festival, que iniciou no \u00faltimo dia 5, levou, para o centro hist\u00f3rico de Manaus, os maiores nomes do rock, do samba e pagode, funk, danchell, al\u00e9m de outros ritmos.\" \/>\n<meta name=\"robots\" content=\"noindex, follow\" \/>\n<meta property=\"og:locale\" content=\"pt_BR\" \/>\n<meta property=\"og:type\" content=\"article\" \/>\n<meta property=\"og:title\" content=\"Prefeito destaca #SouManaus como um evento para todos os p\u00fablicos\" \/>\n<meta property=\"og:description\" content=\"Encerrando o \u00faltimo dia, nesta quinta-feira, 7\/9, com uma line-up religioso e infantil, o maior festival de artes integradas do Norte, o \u201c#SouManaus Passo a Pa\u00e7o 2023\u201d, se consolida, oficialmente, como um evento para todos os p\u00fablicos. O festival, que iniciou no \u00faltimo dia 5, levou, para o centro hist\u00f3rico de Manaus, os maiores nomes do rock, do samba e pagode, funk, danchell, al\u00e9m de outros ritmos.\" \/>\n<meta property=\"og:url\" content=\"https:\/\/www.manaus.am.gov.br\/manauscult\/prefeito-destaca-soumanaus-como-um-evento-para-todos-os-publicos\/\" \/>\n<meta property=\"og:site_name\" content=\"MANAUSCULT\" \/>\n<meta property=\"article:published_time\" content=\"2023-09-08T03:36:45+00:00\" \/>\n<meta property=\"article:modified_time\" content=\"2023-09-08T03:36:47+00:00\" \/>\n<meta property=\"og:image\" content=\"https:\/\/www.manaus.am.gov.br\/manauscult\/wp-content\/uploads\/sites\/11\/2023\/09\/WhatsApp-Image-2023-09-07-at-23.26.59.jpeg\" \/>\n\t<meta property=\"og:image:width\" content=\"4128\" \/>\n\t<meta property=\"og:image:height\" content=\"2752\" \/>\n\t<meta property=\"og:image:type\" content=\"image\/jpeg\" \/>\n<meta name=\"author\" content=\"Adriana Costa\" \/>\n<meta name=\"twitter:card\" content=\"summary_large_image\" \/>\n<meta name=\"twitter:label1\" content=\"Written by\" \/>\n\t<meta name=\"twitter:data1\" content=\"Adriana Costa\" \/>\n\t<meta name=\"twitter:label2\" content=\"Est. reading time\" \/>\n\t<meta name=\"twitter:data2\" content=\"3 minutos\" \/>\n<script type=\"application\/ld+json\" class=\"yoast-schema-graph\">{\"@context\":\"https:\/\/schema.org\",\"@graph\":[{\"@type\":\"WebPage\",\"@id\":\"https:\/\/www.manaus.am.gov.br\/manauscult\/prefeito-destaca-soumanaus-como-um-evento-para-todos-os-publicos\/\",\"url\":\"https:\/\/www.manaus.am.gov.br\/manauscult\/prefeito-destaca-soumanaus-como-um-evento-para-todos-os-publicos\/\",\"name\":\"Prefeito destaca #SouManaus como um evento para todos os p\u00fablicos\",\"isPartOf\":{\"@id\":\"https:\/\/www.manaus.am.gov.br\/manauscult\/#website\"},\"primaryImageOfPage\":{\"@id\":\"https:\/\/www.manaus.am.gov.br\/manauscult\/prefeito-destaca-soumanaus-como-um-evento-para-todos-os-publicos\/#primaryimage\"},\"image\":{\"@id\":\"https:\/\/www.manaus.am.gov.br\/manauscult\/prefeito-destaca-soumanaus-como-um-evento-para-todos-os-publicos\/#primaryimage\"},\"thumbnailUrl\":\"https:\/\/www.manaus.am.gov.br\/manauscult\/wp-content\/uploads\/sites\/11\/2023\/09\/WhatsApp-Image-2023-09-07-at-23.26.59.jpeg\",\"datePublished\":\"2023-09-08T03:36:45+00:00\",\"dateModified\":\"2023-09-08T03:36:47+00:00\",\"author\":{\"@id\":\"https:\/\/www.manaus.am.gov.br\/manauscult\/#\/schema\/person\/4e49f4e267757a06ca072ec61b2b9968\"},\"description\":\"Encerrando o \u00faltimo dia, nesta quinta-feira, 7\/9, com uma line-up religioso e infantil, o maior festival de artes integradas do Norte, o \u201c#SouManaus Passo a Pa\u00e7o 2023\u201d, se consolida, oficialmente, como um evento para todos os p\u00fablicos. O festival, que iniciou no \u00faltimo dia 5, levou, para o centro hist\u00f3rico de Manaus, os maiores nomes do rock, do samba e pagode, funk, danchell, al\u00e9m de outros ritmos.\",\"breadcrumb\":{\"@id\":\"https:\/\/www.manaus.am.gov.br\/manauscult\/prefeito-destaca-soumanaus-como-um-evento-para-todos-os-publicos\/#breadcrumb\"},\"inLanguage\":\"pt-BR\",\"potentialAction\":[{\"@type\":\"ReadAction\",\"target\":[\"https:\/\/www.manaus.am.gov.br\/manauscult\/prefeito-destaca-soumanaus-como-um-evento-para-todos-os-publicos\/\"]}]},{\"@type\":\"ImageObject\",\"inLanguage\":\"pt-BR\",\"@id\":\"https:\/\/www.manaus.am.gov.br\/manauscult\/prefeito-destaca-soumanaus-como-um-evento-para-todos-os-publicos\/#primaryimage\",\"url\":\"https:\/\/www.manaus.am.gov.br\/manauscult\/wp-content\/uploads\/sites\/11\/2023\/09\/WhatsApp-Image-2023-09-07-at-23.26.59.jpeg\",\"contentUrl\":\"https:\/\/www.manaus.am.gov.br\/manauscult\/wp-content\/uploads\/sites\/11\/2023\/09\/WhatsApp-Image-2023-09-07-at-23.26.59.jpeg\",\"width\":4128,\"height\":2752},{\"@type\":\"BreadcrumbList\",\"@id\":\"https:\/\/www.manaus.am.gov.br\/manauscult\/prefeito-destaca-soumanaus-como-um-evento-para-todos-os-publicos\/#breadcrumb\",\"itemListElement\":[{\"@type\":\"ListItem\",\"position\":1,\"name\":\"Home\",\"item\":\"https:\/\/www.manaus.am.gov.br\/manauscult\/\"},{\"@type\":\"ListItem\",\"position\":2,\"name\":\"Prefeito destaca #SouManaus como um evento para todos os p\u00fablicos\"}]},{\"@type\":\"WebSite\",\"@id\":\"https:\/\/www.manaus.am.gov.br\/manauscult\/#website\",\"url\":\"https:\/\/www.manaus.am.gov.br\/manauscult\/\",\"name\":\"MANAUSCULT\",\"description\":\"Prefeitura de Manaus\",\"potentialAction\":[{\"@type\":\"SearchAction\",\"target\":{\"@type\":\"EntryPoint\",\"urlTemplate\":\"https:\/\/www.manaus.am.gov.br\/manauscult\/?s={search_term_string}\"},\"query-input\":\"required name=search_term_string\"}],\"inLanguage\":\"pt-BR\"},{\"@type\":\"Person\",\"@id\":\"https:\/\/www.manaus.am.gov.br\/manauscult\/#\/schema\/person\/4e49f4e267757a06ca072ec61b2b9968\",\"name\":\"Adriana Costa\",\"image\":{\"@type\":\"ImageObject\",\"inLanguage\":\"pt-BR\",\"@id\":\"https:\/\/www.manaus.am.gov.br\/manauscult\/#\/schema\/person\/image\/\",\"url\":\"https:\/\/secure.gravatar.com\/avatar\/576258617ef7194f718179e766d57bd4?s=96&d=mm&r=g\",\"contentUrl\":\"https:\/\/secure.gravatar.com\/avatar\/576258617ef7194f718179e766d57bd4?s=96&d=mm&r=g\",\"caption\":\"Adriana Costa\"}}]}<\/script>\n<!-- \/ Yoast SEO plugin. -->","yoast_head_json":{"title":"Prefeito destaca #SouManaus como um evento para todos os p\u00fablicos","description":"Encerrando o \u00faltimo dia, nesta quinta-feira, 7\/9, com uma line-up religioso e infantil, o maior festival de artes integradas do Norte, o \u201c#SouManaus Passo a Pa\u00e7o 2023\u201d, se consolida, oficialmente, como um evento para todos os p\u00fablicos. O festival, que iniciou no \u00faltimo dia 5, levou, para o centro hist\u00f3rico de Manaus, os maiores nomes do rock, do samba e pagode, funk, danchell, al\u00e9m de outros ritmos.","robots":{"index":"noindex","follow":"follow"},"og_locale":"pt_BR","og_type":"article","og_title":"Prefeito destaca #SouManaus como um evento para todos os p\u00fablicos","og_description":"Encerrando o \u00faltimo dia, nesta quinta-feira, 7\/9, com uma line-up religioso e infantil, o maior festival de artes integradas do Norte, o \u201c#SouManaus Passo a Pa\u00e7o 2023\u201d, se consolida, oficialmente, como um evento para todos os p\u00fablicos. O festival, que iniciou no \u00faltimo dia 5, levou, para o centro hist\u00f3rico de Manaus, os maiores nomes do rock, do samba e pagode, funk, danchell, al\u00e9m de outros ritmos.","og_url":"https:\/\/www.manaus.am.gov.br\/manauscult\/prefeito-destaca-soumanaus-como-um-evento-para-todos-os-publicos\/","og_site_name":"MANAUSCULT","article_published_time":"2023-09-08T03:36:45+00:00","article_modified_time":"2023-09-08T03:36:47+00:00","og_image":[{"width":4128,"height":2752,"url":"https:\/\/www.manaus.am.gov.br\/manauscult\/wp-content\/uploads\/sites\/11\/2023\/09\/WhatsApp-Image-2023-09-07-at-23.26.59.jpeg","type":"image\/jpeg"}],"author":"Adriana Costa","twitter_card":"summary_large_image","twitter_misc":{"Written by":"Adriana Costa","Est. reading time":"3 minutos"},"schema":{"@context":"https:\/\/schema.org","@graph":[{"@type":"WebPage","@id":"https:\/\/www.manaus.am.gov.br\/manauscult\/prefeito-destaca-soumanaus-como-um-evento-para-todos-os-publicos\/","url":"https:\/\/www.manaus.am.gov.br\/manauscult\/prefeito-destaca-soumanaus-como-um-evento-para-todos-os-publicos\/","name":"Prefeito destaca #SouManaus como um evento para todos os p\u00fablicos","isPartOf":{"@id":"https:\/\/www.manaus.am.gov.br\/manauscult\/#website"},"primaryImageOfPage":{"@id":"https:\/\/www.manaus.am.gov.br\/manauscult\/prefeito-destaca-soumanaus-como-um-evento-para-todos-os-publicos\/#primaryimage"},"image":{"@id":"https:\/\/www.manaus.am.gov.br\/manauscult\/prefeito-destaca-soumanaus-como-um-evento-para-todos-os-publicos\/#primaryimage"},"thumbnailUrl":"https:\/\/www.manaus.am.gov.br\/manauscult\/wp-content\/uploads\/sites\/11\/2023\/09\/WhatsApp-Image-2023-09-07-at-23.26.59.jpeg","datePublished":"2023-09-08T03:36:45+00:00","dateModified":"2023-09-08T03:36:47+00:00","author":{"@id":"https:\/\/www.manaus.am.gov.br\/manauscult\/#\/schema\/person\/4e49f4e267757a06ca072ec61b2b9968"},"description":"Encerrando o \u00faltimo dia, nesta quinta-feira, 7\/9, com uma line-up religioso e infantil, o maior festival de artes integradas do Norte, o \u201c#SouManaus Passo a Pa\u00e7o 2023\u201d, se consolida, oficialmente, como um evento para todos os p\u00fablicos. O festival, que iniciou no \u00faltimo dia 5, levou, para o centro hist\u00f3rico de Manaus, os maiores nomes do rock, do samba e pagode, funk, danchell, al\u00e9m de outros ritmos.","breadcrumb":{"@id":"https:\/\/www.manaus.am.gov.br\/manauscult\/prefeito-destaca-soumanaus-como-um-evento-para-todos-os-publicos\/#breadcrumb"},"inLanguage":"pt-BR","potentialAction":[{"@type":"ReadAction","target":["https:\/\/www.manaus.am.gov.br\/manauscult\/prefeito-destaca-soumanaus-como-um-evento-para-todos-os-publicos\/"]}]},{"@type":"ImageObject","inLanguage":"pt-BR","@id":"https:\/\/www.manaus.am.gov.br\/manauscult\/prefeito-destaca-soumanaus-como-um-evento-para-todos-os-publicos\/#primaryimage","url":"https:\/\/www.manaus.am.gov.br\/manauscult\/wp-content\/uploads\/sites\/11\/2023\/09\/WhatsApp-Image-2023-09-07-at-23.26.59.jpeg","contentUrl":"https:\/\/www.manaus.am.gov.br\/manauscult\/wp-content\/uploads\/sites\/11\/2023\/09\/WhatsApp-Image-2023-09-07-at-23.26.59.jpeg","width":4128,"height":2752},{"@type":"BreadcrumbList","@id":"https:\/\/www.manaus.am.gov.br\/manauscult\/prefeito-destaca-soumanaus-como-um-evento-para-todos-os-publicos\/#breadcrumb","itemListElement":[{"@type":"ListItem","position":1,"name":"Home","item":"https:\/\/www.manaus.am.gov.br\/manauscult\/"},{"@type":"ListItem","position":2,"name":"Prefeito destaca #SouManaus como um evento para todos os p\u00fablicos"}]},{"@type":"WebSite","@id":"https:\/\/www.manaus.am.gov.br\/manauscult\/#website","url":"https:\/\/www.manaus.am.gov.br\/manauscult\/","name":"MANAUSCULT","description":"Prefeitura de Manaus","potentialAction":[{"@type":"SearchAction","target":{"@type":"EntryPoint","urlTemplate":"https:\/\/www.manaus.am.gov.br\/manauscult\/?s={search_term_string}"},"query-input":"required name=search_term_string"}],"inLanguage":"pt-BR"},{"@type":"Person","@id":"https:\/\/www.manaus.am.gov.br\/manauscult\/#\/schema\/person\/4e49f4e267757a06ca072ec61b2b9968","name":"Adriana Costa","image":{"@type":"ImageObject","inLanguage":"pt-BR","@id":"https:\/\/www.manaus.am.gov.br\/manauscult\/#\/schema\/person\/image\/","url":"https:\/\/secure.gravatar.com\/avatar\/576258617ef7194f718179e766d57bd4?s=96&d=mm&r=g","contentUrl":"https:\/\/secure.gravatar.com\/avatar\/576258617ef7194f718179e766d57bd4?s=96&d=mm&r=g","caption":"Adriana Costa"}}]}},"_links":{"self":[{"href":"https:\/\/www.manaus.am.gov.br\/manauscult\/wp-json\/wp\/v2\/posts\/1493"}],"collection":[{"href":"https:\/\/www.manaus.am.gov.br\/manauscult\/wp-json\/wp\/v2\/posts"}],"about":[{"href":"https:\/\/www.manaus.am.gov.br\/manauscult\/wp-json\/wp\/v2\/types\/post"}],"author":[{"embeddable":true,"href":"https:\/\/www.manaus.am.gov.br\/manauscult\/wp-json\/wp\/v2\/users\/23"}],"replies":[{"embeddable":true,"href":"https:\/\/www.manaus.am.gov.br\/manauscult\/wp-json\/wp\/v2\/comments?post=1493"}],"version-history":[{"count":0,"href":"https:\/\/www.manaus.am.gov.br\/manauscult\/wp-json\/wp\/v2\/posts\/1493\/revisions"}],"wp:featuredmedia":[{"embeddable":true,"href":"https:\/\/www.manaus.am.gov.br\/manauscult\/wp-json\/wp\/v2\/media\/1494"}],"wp:attachment":[{"href":"https:\/\/www.manaus.am.gov.br\/manauscult\/wp-json\/wp\/v2\/media?parent=1493"}],"wp:term":[{"taxonomy":"category","embeddable":true,"href":"https:\/\/www.manaus.am.gov.br\/manauscult\/wp-json\/wp\/v2\/categories?post=1493"},{"taxonomy":"post_tag","embeddable":true,"href":"https:\/\/www.manaus.am.gov.br\/manauscult\/wp-json\/wp\/v2\/tags?post=1493"}],"curies":[{"name":"wp","href":"https:\/\/api.w.org\/{rel}","templated":true}]}}