{"id":1491,"date":"2023-09-07T23:30:38","date_gmt":"2023-09-08T03:30:38","guid":{"rendered":"https:\/\/www.manaus.am.gov.br\/manauscult\/festival-assume-compromisso-com-a-gestao-ambiental-por-meio-dos-residuos-reciclados\/"},"modified":"2023-09-07T23:30:40","modified_gmt":"2023-09-08T03:30:40","slug":"festival-assume-compromisso-com-a-gestao-ambiental-por-meio-dos-residuos-reciclados","status":"publish","type":"post","link":"https:\/\/www.manaus.am.gov.br\/manauscult\/festival-assume-compromisso-com-a-gestao-ambiental-por-meio-dos-residuos-reciclados\/","title":{"rendered":"<strong>Festival assume compromisso com a gest\u00e3o ambiental por meio dos res\u00edduos reciclados<\/strong>"},"content":{"rendered":"\n<p>O \u201c#SouManaus Passo a Pa\u00e7o 2023\u201d n\u00e3o \u00e9 apenas uma celebra\u00e7\u00e3o da cultura e da arte da nossa cidade, mas tamb\u00e9m um exemplo inspirador de comprometimento com a sustentabilidade ambiental. Um dos principais destaques desse evento foi o papel fundamental desempenhado pela Secretaria Municipal de Limpeza Urbana (Semulsp) na gest\u00e3o eficaz do lixo recicl\u00e1vel coletado durante todo o festival.<\/p>\n\n\n\n<p>Desde a sua estreia, o \u201c#SouManaus Passo a Pa\u00e7o\u201d tem sido um dos eventos culturais mais esperados da cidade, com uma programa\u00e7\u00e3o repleta de m\u00fasica, dan\u00e7a, arte e gastronomia, que atrai milhares de pessoas a cada edi\u00e7\u00e3o. No entanto, com a divers\u00e3o, tamb\u00e9m v\u00eam res\u00edduos, ent\u00e3o a Semulsp entra em cena.<\/p>\n\n\n\n<p>Com sua equipe dedicada, tem trabalhado incansavelmente para garantir que a coleta seletiva de res\u00edduos seja feita de forma correta durante todo festival. Lixeiras foram estrategicamente posicionadas em todo o local do evento para incentivar quem participou do evento a realizar o descarte do seu lixo de maneira respons\u00e1vel. Al\u00e9m disso, equipes de limpeza estiveram de prontid\u00e3o para garantir que o processo de coleta de res\u00edduos fosse eficiente e eficaz.<\/p>\n\n\n\n<p>Segundo o coordenador de coleta seletiva, Luiz Paz Loureiro, todo lixo \u00e9 recolhido e direcionado para uma tenda e feita a separa\u00e7\u00e3o. \u201cN\u00f3s j\u00e1 temos grande quantidade de res\u00edduos recolhidos, como garrafas PETs, latinhas, pl\u00e1sticos e papel\u00e3o. Todos esses res\u00edduos recolhidos aqui ser\u00e3o doados para as associa\u00e7\u00f5es, assim evitando que eles v\u00e3o para os aterros e at\u00e9 mesmo os igarap\u00e9s\u201d.<\/p>\n\n\n\n<p>Para Kassiane Ribeiro, a a\u00e7\u00e3o realizada pela Semulsp \u00e9 a melhor forma de conscientizar a popula\u00e7\u00e3o a descartar seu lixo de forma correta. \u201cEsse projeto est\u00e1 sendo maravilhoso e est\u00e1 sendo a forma das pessoas n\u00e3o jogarem lixo no ch\u00e3o e assim manter o ambiente limpo. A troca de garrafas PETs por ingressos \u00e9 uma forma das pessoas praticarem a reciclagem\u201d, enfatizou.<\/p>\n\n\n\n<p>Robson Ara\u00fajo, que acompanha o #SouManaus h\u00e1 alguns anos, destaca que o evento deste ano \u00e9 o melhor em rela\u00e7\u00e3o \u00e0 limpeza. \u201cSensacional em compara\u00e7\u00e3o aos anos anteriores\u201d, finalizou.<\/p>\n\n\n\n<p>Durante todo o #SouManaus, a Semulsp tem desempenhado um papel fundamental na promo\u00e7\u00e3o da sustentabilidade, provando que \u00e9 poss\u00edvel celebrar a cultura e a arte de forma respons\u00e1vel e ecol\u00f3gica.<\/p>\n\n\n\n<p>&#8212; &#8212; &#8212;<\/p>\n\n\n\n<p><strong>Texto<\/strong> &#8211; Messias Ramos \/ Semcom<\/p>\n\n\n\n<p><strong>Fotos<\/strong> &#8211; Gabrielle Medeiros \/ Semcom<\/p>\n","protected":false},"excerpt":{"rendered":"","protected":false},"author":25,"featured_media":1492,"comment_status":"closed","ping_status":"closed","sticky":false,"template":"","format":"standard","meta":{"footnotes":""},"categories":[508],"tags":[657,73,279],"acf":[],"yoast_head":"<!-- This site is optimized with the Yoast SEO plugin v23.0 - https:\/\/yoast.com\/wordpress\/plugins\/seo\/ -->\n<title>Festival assume compromisso com a gest\u00e3o ambiental por meio dos res\u00edduos reciclados<\/title>\n<meta name=\"description\" content=\"O \u201c#SouManaus Passo a Pa\u00e7o 2023\u201d n\u00e3o \u00e9 apenas uma celebra\u00e7\u00e3o da cultura e da arte da nossa cidade, mas tamb\u00e9m um exemplo inspirador de comprometimento com a sustentabilidade ambiental\" \/>\n<meta name=\"robots\" content=\"noindex, follow\" \/>\n<meta property=\"og:locale\" content=\"pt_BR\" \/>\n<meta property=\"og:type\" content=\"article\" \/>\n<meta property=\"og:title\" content=\"Festival assume compromisso com a gest\u00e3o ambiental por meio dos res\u00edduos reciclados\" \/>\n<meta property=\"og:description\" content=\"O \u201c#SouManaus Passo a Pa\u00e7o 2023\u201d n\u00e3o \u00e9 apenas uma celebra\u00e7\u00e3o da cultura e da arte da nossa cidade, mas tamb\u00e9m um exemplo inspirador de comprometimento com a sustentabilidade ambiental\" \/>\n<meta property=\"og:url\" content=\"https:\/\/www.manaus.am.gov.br\/manauscult\/festival-assume-compromisso-com-a-gestao-ambiental-por-meio-dos-residuos-reciclados\/\" \/>\n<meta property=\"og:site_name\" content=\"MANAUSCULT\" \/>\n<meta property=\"article:published_time\" content=\"2023-09-08T03:30:38+00:00\" \/>\n<meta property=\"article:modified_time\" content=\"2023-09-08T03:30:40+00:00\" \/>\n<meta property=\"og:image\" content=\"https:\/\/www.manaus.am.gov.br\/manauscult\/wp-content\/uploads\/sites\/11\/2023\/09\/WhatsApp-Image-2023-09-07-at-23.20.20.jpeg\" \/>\n\t<meta property=\"og:image:width\" content=\"4032\" \/>\n\t<meta property=\"og:image:height\" content=\"3024\" \/>\n\t<meta property=\"og:image:type\" content=\"image\/jpeg\" \/>\n<meta name=\"author\" content=\"Maur\u00edcio Freire\" \/>\n<meta name=\"twitter:card\" content=\"summary_large_image\" \/>\n<meta name=\"twitter:label1\" content=\"Written by\" \/>\n\t<meta name=\"twitter:data1\" content=\"Maur\u00edcio Freire\" \/>\n\t<meta name=\"twitter:label2\" content=\"Est. reading time\" \/>\n\t<meta name=\"twitter:data2\" content=\"3 minutos\" \/>\n<script type=\"application\/ld+json\" class=\"yoast-schema-graph\">{\"@context\":\"https:\/\/schema.org\",\"@graph\":[{\"@type\":\"WebPage\",\"@id\":\"https:\/\/www.manaus.am.gov.br\/manauscult\/festival-assume-compromisso-com-a-gestao-ambiental-por-meio-dos-residuos-reciclados\/\",\"url\":\"https:\/\/www.manaus.am.gov.br\/manauscult\/festival-assume-compromisso-com-a-gestao-ambiental-por-meio-dos-residuos-reciclados\/\",\"name\":\"Festival assume compromisso com a gest\u00e3o ambiental por meio dos res\u00edduos reciclados\",\"isPartOf\":{\"@id\":\"https:\/\/www.manaus.am.gov.br\/manauscult\/#website\"},\"primaryImageOfPage\":{\"@id\":\"https:\/\/www.manaus.am.gov.br\/manauscult\/festival-assume-compromisso-com-a-gestao-ambiental-por-meio-dos-residuos-reciclados\/#primaryimage\"},\"image\":{\"@id\":\"https:\/\/www.manaus.am.gov.br\/manauscult\/festival-assume-compromisso-com-a-gestao-ambiental-por-meio-dos-residuos-reciclados\/#primaryimage\"},\"thumbnailUrl\":\"https:\/\/www.manaus.am.gov.br\/manauscult\/wp-content\/uploads\/sites\/11\/2023\/09\/WhatsApp-Image-2023-09-07-at-23.20.20.jpeg\",\"datePublished\":\"2023-09-08T03:30:38+00:00\",\"dateModified\":\"2023-09-08T03:30:40+00:00\",\"author\":{\"@id\":\"https:\/\/www.manaus.am.gov.br\/manauscult\/#\/schema\/person\/587989a23a463cde5618e6a028977a9a\"},\"description\":\"O \u201c#SouManaus Passo a Pa\u00e7o 2023\u201d n\u00e3o \u00e9 apenas uma celebra\u00e7\u00e3o da cultura e da arte da nossa cidade, mas tamb\u00e9m um exemplo inspirador de comprometimento com a sustentabilidade ambiental\",\"breadcrumb\":{\"@id\":\"https:\/\/www.manaus.am.gov.br\/manauscult\/festival-assume-compromisso-com-a-gestao-ambiental-por-meio-dos-residuos-reciclados\/#breadcrumb\"},\"inLanguage\":\"pt-BR\",\"potentialAction\":[{\"@type\":\"ReadAction\",\"target\":[\"https:\/\/www.manaus.am.gov.br\/manauscult\/festival-assume-compromisso-com-a-gestao-ambiental-por-meio-dos-residuos-reciclados\/\"]}]},{\"@type\":\"ImageObject\",\"inLanguage\":\"pt-BR\",\"@id\":\"https:\/\/www.manaus.am.gov.br\/manauscult\/festival-assume-compromisso-com-a-gestao-ambiental-por-meio-dos-residuos-reciclados\/#primaryimage\",\"url\":\"https:\/\/www.manaus.am.gov.br\/manauscult\/wp-content\/uploads\/sites\/11\/2023\/09\/WhatsApp-Image-2023-09-07-at-23.20.20.jpeg\",\"contentUrl\":\"https:\/\/www.manaus.am.gov.br\/manauscult\/wp-content\/uploads\/sites\/11\/2023\/09\/WhatsApp-Image-2023-09-07-at-23.20.20.jpeg\",\"width\":4032,\"height\":3024},{\"@type\":\"BreadcrumbList\",\"@id\":\"https:\/\/www.manaus.am.gov.br\/manauscult\/festival-assume-compromisso-com-a-gestao-ambiental-por-meio-dos-residuos-reciclados\/#breadcrumb\",\"itemListElement\":[{\"@type\":\"ListItem\",\"position\":1,\"name\":\"Home\",\"item\":\"https:\/\/www.manaus.am.gov.br\/manauscult\/\"},{\"@type\":\"ListItem\",\"position\":2,\"name\":\"Festival assume compromisso com a gest\u00e3o ambiental por meio dos res\u00edduos reciclados\"}]},{\"@type\":\"WebSite\",\"@id\":\"https:\/\/www.manaus.am.gov.br\/manauscult\/#website\",\"url\":\"https:\/\/www.manaus.am.gov.br\/manauscult\/\",\"name\":\"MANAUSCULT\",\"description\":\"Prefeitura de Manaus\",\"potentialAction\":[{\"@type\":\"SearchAction\",\"target\":{\"@type\":\"EntryPoint\",\"urlTemplate\":\"https:\/\/www.manaus.am.gov.br\/manauscult\/?s={search_term_string}\"},\"query-input\":\"required name=search_term_string\"}],\"inLanguage\":\"pt-BR\"},{\"@type\":\"Person\",\"@id\":\"https:\/\/www.manaus.am.gov.br\/manauscult\/#\/schema\/person\/587989a23a463cde5618e6a028977a9a\",\"name\":\"Maur\u00edcio Freire\",\"image\":{\"@type\":\"ImageObject\",\"inLanguage\":\"pt-BR\",\"@id\":\"https:\/\/www.manaus.am.gov.br\/manauscult\/#\/schema\/person\/image\/\",\"url\":\"https:\/\/secure.gravatar.com\/avatar\/dc1481799a1f75c733ac3b2634cd6749?s=96&d=mm&r=g\",\"contentUrl\":\"https:\/\/secure.gravatar.com\/avatar\/dc1481799a1f75c733ac3b2634cd6749?s=96&d=mm&r=g\",\"caption\":\"Maur\u00edcio Freire\"}}]}<\/script>\n<!-- \/ Yoast SEO plugin. -->","yoast_head_json":{"title":"Festival assume compromisso com a gest\u00e3o ambiental por meio dos res\u00edduos reciclados","description":"O \u201c#SouManaus Passo a Pa\u00e7o 2023\u201d n\u00e3o \u00e9 apenas uma celebra\u00e7\u00e3o da cultura e da arte da nossa cidade, mas tamb\u00e9m um exemplo inspirador de comprometimento com a sustentabilidade ambiental","robots":{"index":"noindex","follow":"follow"},"og_locale":"pt_BR","og_type":"article","og_title":"Festival assume compromisso com a gest\u00e3o ambiental por meio dos res\u00edduos reciclados","og_description":"O \u201c#SouManaus Passo a Pa\u00e7o 2023\u201d n\u00e3o \u00e9 apenas uma celebra\u00e7\u00e3o da cultura e da arte da nossa cidade, mas tamb\u00e9m um exemplo inspirador de comprometimento com a sustentabilidade ambiental","og_url":"https:\/\/www.manaus.am.gov.br\/manauscult\/festival-assume-compromisso-com-a-gestao-ambiental-por-meio-dos-residuos-reciclados\/","og_site_name":"MANAUSCULT","article_published_time":"2023-09-08T03:30:38+00:00","article_modified_time":"2023-09-08T03:30:40+00:00","og_image":[{"width":4032,"height":3024,"url":"https:\/\/www.manaus.am.gov.br\/manauscult\/wp-content\/uploads\/sites\/11\/2023\/09\/WhatsApp-Image-2023-09-07-at-23.20.20.jpeg","type":"image\/jpeg"}],"author":"Maur\u00edcio Freire","twitter_card":"summary_large_image","twitter_misc":{"Written by":"Maur\u00edcio Freire","Est. reading time":"3 minutos"},"schema":{"@context":"https:\/\/schema.org","@graph":[{"@type":"WebPage","@id":"https:\/\/www.manaus.am.gov.br\/manauscult\/festival-assume-compromisso-com-a-gestao-ambiental-por-meio-dos-residuos-reciclados\/","url":"https:\/\/www.manaus.am.gov.br\/manauscult\/festival-assume-compromisso-com-a-gestao-ambiental-por-meio-dos-residuos-reciclados\/","name":"Festival assume compromisso com a gest\u00e3o ambiental por meio dos res\u00edduos reciclados","isPartOf":{"@id":"https:\/\/www.manaus.am.gov.br\/manauscult\/#website"},"primaryImageOfPage":{"@id":"https:\/\/www.manaus.am.gov.br\/manauscult\/festival-assume-compromisso-com-a-gestao-ambiental-por-meio-dos-residuos-reciclados\/#primaryimage"},"image":{"@id":"https:\/\/www.manaus.am.gov.br\/manauscult\/festival-assume-compromisso-com-a-gestao-ambiental-por-meio-dos-residuos-reciclados\/#primaryimage"},"thumbnailUrl":"https:\/\/www.manaus.am.gov.br\/manauscult\/wp-content\/uploads\/sites\/11\/2023\/09\/WhatsApp-Image-2023-09-07-at-23.20.20.jpeg","datePublished":"2023-09-08T03:30:38+00:00","dateModified":"2023-09-08T03:30:40+00:00","author":{"@id":"https:\/\/www.manaus.am.gov.br\/manauscult\/#\/schema\/person\/587989a23a463cde5618e6a028977a9a"},"description":"O \u201c#SouManaus Passo a Pa\u00e7o 2023\u201d n\u00e3o \u00e9 apenas uma celebra\u00e7\u00e3o da cultura e da arte da nossa cidade, mas tamb\u00e9m um exemplo inspirador de comprometimento com a sustentabilidade ambiental","breadcrumb":{"@id":"https:\/\/www.manaus.am.gov.br\/manauscult\/festival-assume-compromisso-com-a-gestao-ambiental-por-meio-dos-residuos-reciclados\/#breadcrumb"},"inLanguage":"pt-BR","potentialAction":[{"@type":"ReadAction","target":["https:\/\/www.manaus.am.gov.br\/manauscult\/festival-assume-compromisso-com-a-gestao-ambiental-por-meio-dos-residuos-reciclados\/"]}]},{"@type":"ImageObject","inLanguage":"pt-BR","@id":"https:\/\/www.manaus.am.gov.br\/manauscult\/festival-assume-compromisso-com-a-gestao-ambiental-por-meio-dos-residuos-reciclados\/#primaryimage","url":"https:\/\/www.manaus.am.gov.br\/manauscult\/wp-content\/uploads\/sites\/11\/2023\/09\/WhatsApp-Image-2023-09-07-at-23.20.20.jpeg","contentUrl":"https:\/\/www.manaus.am.gov.br\/manauscult\/wp-content\/uploads\/sites\/11\/2023\/09\/WhatsApp-Image-2023-09-07-at-23.20.20.jpeg","width":4032,"height":3024},{"@type":"BreadcrumbList","@id":"https:\/\/www.manaus.am.gov.br\/manauscult\/festival-assume-compromisso-com-a-gestao-ambiental-por-meio-dos-residuos-reciclados\/#breadcrumb","itemListElement":[{"@type":"ListItem","position":1,"name":"Home","item":"https:\/\/www.manaus.am.gov.br\/manauscult\/"},{"@type":"ListItem","position":2,"name":"Festival assume compromisso com a gest\u00e3o ambiental por meio dos res\u00edduos reciclados"}]},{"@type":"WebSite","@id":"https:\/\/www.manaus.am.gov.br\/manauscult\/#website","url":"https:\/\/www.manaus.am.gov.br\/manauscult\/","name":"MANAUSCULT","description":"Prefeitura de Manaus","potentialAction":[{"@type":"SearchAction","target":{"@type":"EntryPoint","urlTemplate":"https:\/\/www.manaus.am.gov.br\/manauscult\/?s={search_term_string}"},"query-input":"required name=search_term_string"}],"inLanguage":"pt-BR"},{"@type":"Person","@id":"https:\/\/www.manaus.am.gov.br\/manauscult\/#\/schema\/person\/587989a23a463cde5618e6a028977a9a","name":"Maur\u00edcio Freire","image":{"@type":"ImageObject","inLanguage":"pt-BR","@id":"https:\/\/www.manaus.am.gov.br\/manauscult\/#\/schema\/person\/image\/","url":"https:\/\/secure.gravatar.com\/avatar\/dc1481799a1f75c733ac3b2634cd6749?s=96&d=mm&r=g","contentUrl":"https:\/\/secure.gravatar.com\/avatar\/dc1481799a1f75c733ac3b2634cd6749?s=96&d=mm&r=g","caption":"Maur\u00edcio Freire"}}]}},"_links":{"self":[{"href":"https:\/\/www.manaus.am.gov.br\/manauscult\/wp-json\/wp\/v2\/posts\/1491"}],"collection":[{"href":"https:\/\/www.manaus.am.gov.br\/manauscult\/wp-json\/wp\/v2\/posts"}],"about":[{"href":"https:\/\/www.manaus.am.gov.br\/manauscult\/wp-json\/wp\/v2\/types\/post"}],"author":[{"embeddable":true,"href":"https:\/\/www.manaus.am.gov.br\/manauscult\/wp-json\/wp\/v2\/users\/25"}],"replies":[{"embeddable":true,"href":"https:\/\/www.manaus.am.gov.br\/manauscult\/wp-json\/wp\/v2\/comments?post=1491"}],"version-history":[{"count":0,"href":"https:\/\/www.manaus.am.gov.br\/manauscult\/wp-json\/wp\/v2\/posts\/1491\/revisions"}],"wp:featuredmedia":[{"embeddable":true,"href":"https:\/\/www.manaus.am.gov.br\/manauscult\/wp-json\/wp\/v2\/media\/1492"}],"wp:attachment":[{"href":"https:\/\/www.manaus.am.gov.br\/manauscult\/wp-json\/wp\/v2\/media?parent=1491"}],"wp:term":[{"taxonomy":"category","embeddable":true,"href":"https:\/\/www.manaus.am.gov.br\/manauscult\/wp-json\/wp\/v2\/categories?post=1491"},{"taxonomy":"post_tag","embeddable":true,"href":"https:\/\/www.manaus.am.gov.br\/manauscult\/wp-json\/wp\/v2\/tags?post=1491"}],"curies":[{"name":"wp","href":"https:\/\/api.w.org\/{rel}","templated":true}]}}