{"id":1489,"date":"2023-09-07T22:46:22","date_gmt":"2023-09-08T02:46:22","guid":{"rendered":"https:\/\/www.manaus.am.gov.br\/manauscult\/potencial-criativo-da-danca-de-rua-tem-vez-e-voz-no-espaco-urbano-do-soumanaus-passo-a-paco-2023\/"},"modified":"2023-09-07T22:46:24","modified_gmt":"2023-09-08T02:46:24","slug":"potencial-criativo-da-danca-de-rua-tem-vez-e-voz-no-espaco-urbano-do-soumanaus-passo-a-paco-2023","status":"publish","type":"post","link":"https:\/\/www.manaus.am.gov.br\/manauscult\/potencial-criativo-da-danca-de-rua-tem-vez-e-voz-no-espaco-urbano-do-soumanaus-passo-a-paco-2023\/","title":{"rendered":"<strong>Potencial criativo da dan\u00e7a de rua tem vez e voz no Espa\u00e7o Urbano do \u2018#SouManaus Passo a Pa\u00e7o 2023\u2019<\/strong>"},"content":{"rendered":"\n<p>A expressividade da dan\u00e7a de rua tomou conta do Espa\u00e7o Urbano, na quinta-feira, 7\/9, terceiro dia do \u201c#SouManaus Passo a Pa\u00e7o 2023\u201d, o maior festival de artes da regi\u00e3o Norte, promovido pela Prefeitura de Manaus. Aliando coordena\u00e7\u00e3o, equil\u00edbrio e ritmo, os grupos de dan\u00e7a mostraram toda a sua t\u00e9cnica e pot\u00eancia criativa na Batalha All Style, proposta que contempla todos os estilos de dan\u00e7a urbana.<\/p>\n\n\n\n<p>Embaladas pela DJ Pammy, as&nbsp; competi\u00e7\u00f5es eliminat\u00f3rias mobilizaram 81 participantes, que mostraram desenvoltura misturando breaking, locking, popping, o krumping, hip hop, dance, house e outros estilos as suas performances.<\/p>\n\n\n\n<p>O apresentador Felipe Garcia, o Flip, que tamb\u00e9m participou da organiza\u00e7\u00e3o da competi\u00e7\u00e3o, explicou que essas manifesta\u00e7\u00f5es nascem do cotidiano das cidades e o #SouManaus est\u00e1 dando uma importante contribui\u00e7\u00e3o para o fortalecimento da cena da dan\u00e7a de rua na capital.<\/p>\n\n\n\n<p>\u201cEst\u00e1 j\u00e1 \u00e9 a segunda edi\u00e7\u00e3o do evento que a cultura urbana \u00e9 reconhecida. \u00c9 muito gratificante fazer parte disso. Temos aqui um espa\u00e7o em que dan\u00e7a, parkour, skate,&nbsp; grafite e dan\u00e7a criam um contexto art\u00edstico muito rico. Estamos vendo pessoas de todas as idades nos prestigiando e isso \u00e9 muito bom\u201d, acentuou.<\/p>\n\n\n\n<p>A fot\u00f3grafa Kimberly Garcia fez quest\u00e3o de prestigiar o evento e torcer pelo marido Jorge, que participa das eliminat\u00f3rias. A filha Ana Valentina, de apenas um ano,&nbsp; tamb\u00e9m estava na torcida pelo pai.<\/p>\n\n\n\n<p>\u201cAqui est\u00e1 supertranquilo e seguro. Ela est\u00e1 se divertindo e estou me sentindo muito segura. Tudo est\u00e1 maravilhoso\u201c, pontuou.<\/p>\n\n\n\n<p><strong>Eliminat\u00f3rias<\/strong><\/p>\n\n\n\n<p>Dos 81 performers inscritos,&nbsp; 16 ser\u00e3o escolhidos para disputar as oitavas, quartas, semifinal e final.<\/p>\n\n\n\n<p>A premia\u00e7\u00e3o ser\u00e1 de R$ 3 mil para o primeiro lugar e R$ 2 mil e R$ 1 mil para o segundo e terceiro lugares, respectivamente. Os vencedores ser\u00e3o conhecidos ainda hoje, 7\/9.<\/p>\n\n\n\n<p>A Prefeitura de Manaus mobilizou mais de 600 trabalhadores dos segmentos da Dan\u00e7a, Teatro, M\u00fasica, Literatura, Artevisual, Circo&nbsp; e Cultura Urbana (hip-hop, bboys, grafiteiros raps, DJs, slackline, skatistas e bmcross), para o \u201c#SouManaus&nbsp; Passo a Pa\u00e7o 2023\u201d.<\/p>\n\n\n\n<p>&#8212; &#8212; &#8212;<\/p>\n\n\n\n<p><strong>Texto<\/strong>&nbsp;&#8211; T\u00e2nia Brand\u00e3o\/Semcom<\/p>\n\n\n\n<p><strong>Fotos<\/strong>&nbsp;&#8211; Artur Barbosa\/Semcom<\/p>\n","protected":false},"excerpt":{"rendered":"","protected":false},"author":23,"featured_media":1490,"comment_status":"closed","ping_status":"closed","sticky":false,"template":"","format":"standard","meta":{"footnotes":""},"categories":[508],"tags":[183,656,625,11],"acf":[],"yoast_head":"<!-- This site is optimized with the Yoast SEO plugin v23.0 - https:\/\/yoast.com\/wordpress\/plugins\/seo\/ -->\n<title>Potencial criativo da dan\u00e7a de rua tem vez e voz no Espa\u00e7o Urbano do \u2018#SouManaus Passo a Pa\u00e7o 2023\u2019<\/title>\n<meta name=\"description\" content=\"A expressividade da dan\u00e7a de rua tomou conta do Espa\u00e7o Urbano, na quinta-feira, 7\/9, terceiro dia do \u201c#SouManaus Passo a Pa\u00e7o 2023\u201d, o maior festival de artes da regi\u00e3o Norte, promovido pela Prefeitura de Manaus. Aliando coordena\u00e7\u00e3o, equil\u00edbrio e ritmo, os grupos de dan\u00e7a mostraram toda a sua t\u00e9cnica e pot\u00eancia criativa na Batalha All Style, proposta que contempla todos os estilos de dan\u00e7a urbana.\" \/>\n<meta name=\"robots\" content=\"noindex, follow\" \/>\n<meta property=\"og:locale\" content=\"pt_BR\" \/>\n<meta property=\"og:type\" content=\"article\" \/>\n<meta property=\"og:title\" content=\"Potencial criativo da dan\u00e7a de rua tem vez e voz no Espa\u00e7o Urbano do \u2018#SouManaus Passo a Pa\u00e7o 2023\u2019\" \/>\n<meta property=\"og:description\" content=\"A expressividade da dan\u00e7a de rua tomou conta do Espa\u00e7o Urbano, na quinta-feira, 7\/9, terceiro dia do \u201c#SouManaus Passo a Pa\u00e7o 2023\u201d, o maior festival de artes da regi\u00e3o Norte, promovido pela Prefeitura de Manaus. Aliando coordena\u00e7\u00e3o, equil\u00edbrio e ritmo, os grupos de dan\u00e7a mostraram toda a sua t\u00e9cnica e pot\u00eancia criativa na Batalha All Style, proposta que contempla todos os estilos de dan\u00e7a urbana.\" \/>\n<meta property=\"og:url\" content=\"https:\/\/www.manaus.am.gov.br\/manauscult\/potencial-criativo-da-danca-de-rua-tem-vez-e-voz-no-espaco-urbano-do-soumanaus-passo-a-paco-2023\/\" \/>\n<meta property=\"og:site_name\" content=\"MANAUSCULT\" \/>\n<meta property=\"article:published_time\" content=\"2023-09-08T02:46:22+00:00\" \/>\n<meta property=\"article:modified_time\" content=\"2023-09-08T02:46:24+00:00\" \/>\n<meta property=\"og:image\" content=\"https:\/\/www.manaus.am.gov.br\/manauscult\/wp-content\/uploads\/sites\/11\/2023\/09\/WhatsApp-Image-2023-09-07-at-21.39.10.jpeg\" \/>\n\t<meta property=\"og:image:width\" content=\"1280\" \/>\n\t<meta property=\"og:image:height\" content=\"854\" \/>\n\t<meta property=\"og:image:type\" content=\"image\/jpeg\" \/>\n<meta name=\"author\" content=\"Adriana Costa\" \/>\n<meta name=\"twitter:card\" content=\"summary_large_image\" \/>\n<meta name=\"twitter:label1\" content=\"Written by\" \/>\n\t<meta name=\"twitter:data1\" content=\"Adriana Costa\" \/>\n\t<meta name=\"twitter:label2\" content=\"Est. reading time\" \/>\n\t<meta name=\"twitter:data2\" content=\"2 minutos\" \/>\n<script type=\"application\/ld+json\" class=\"yoast-schema-graph\">{\"@context\":\"https:\/\/schema.org\",\"@graph\":[{\"@type\":\"WebPage\",\"@id\":\"https:\/\/www.manaus.am.gov.br\/manauscult\/potencial-criativo-da-danca-de-rua-tem-vez-e-voz-no-espaco-urbano-do-soumanaus-passo-a-paco-2023\/\",\"url\":\"https:\/\/www.manaus.am.gov.br\/manauscult\/potencial-criativo-da-danca-de-rua-tem-vez-e-voz-no-espaco-urbano-do-soumanaus-passo-a-paco-2023\/\",\"name\":\"Potencial criativo da dan\u00e7a de rua tem vez e voz no Espa\u00e7o Urbano do \u2018#SouManaus Passo a Pa\u00e7o 2023\u2019\",\"isPartOf\":{\"@id\":\"https:\/\/www.manaus.am.gov.br\/manauscult\/#website\"},\"primaryImageOfPage\":{\"@id\":\"https:\/\/www.manaus.am.gov.br\/manauscult\/potencial-criativo-da-danca-de-rua-tem-vez-e-voz-no-espaco-urbano-do-soumanaus-passo-a-paco-2023\/#primaryimage\"},\"image\":{\"@id\":\"https:\/\/www.manaus.am.gov.br\/manauscult\/potencial-criativo-da-danca-de-rua-tem-vez-e-voz-no-espaco-urbano-do-soumanaus-passo-a-paco-2023\/#primaryimage\"},\"thumbnailUrl\":\"https:\/\/www.manaus.am.gov.br\/manauscult\/wp-content\/uploads\/sites\/11\/2023\/09\/WhatsApp-Image-2023-09-07-at-21.39.10.jpeg\",\"datePublished\":\"2023-09-08T02:46:22+00:00\",\"dateModified\":\"2023-09-08T02:46:24+00:00\",\"author\":{\"@id\":\"https:\/\/www.manaus.am.gov.br\/manauscult\/#\/schema\/person\/4e49f4e267757a06ca072ec61b2b9968\"},\"description\":\"A expressividade da dan\u00e7a de rua tomou conta do Espa\u00e7o Urbano, na quinta-feira, 7\/9, terceiro dia do \u201c#SouManaus Passo a Pa\u00e7o 2023\u201d, o maior festival de artes da regi\u00e3o Norte, promovido pela Prefeitura de Manaus. Aliando coordena\u00e7\u00e3o, equil\u00edbrio e ritmo, os grupos de dan\u00e7a mostraram toda a sua t\u00e9cnica e pot\u00eancia criativa na Batalha All Style, proposta que contempla todos os estilos de dan\u00e7a urbana.\",\"breadcrumb\":{\"@id\":\"https:\/\/www.manaus.am.gov.br\/manauscult\/potencial-criativo-da-danca-de-rua-tem-vez-e-voz-no-espaco-urbano-do-soumanaus-passo-a-paco-2023\/#breadcrumb\"},\"inLanguage\":\"pt-BR\",\"potentialAction\":[{\"@type\":\"ReadAction\",\"target\":[\"https:\/\/www.manaus.am.gov.br\/manauscult\/potencial-criativo-da-danca-de-rua-tem-vez-e-voz-no-espaco-urbano-do-soumanaus-passo-a-paco-2023\/\"]}]},{\"@type\":\"ImageObject\",\"inLanguage\":\"pt-BR\",\"@id\":\"https:\/\/www.manaus.am.gov.br\/manauscult\/potencial-criativo-da-danca-de-rua-tem-vez-e-voz-no-espaco-urbano-do-soumanaus-passo-a-paco-2023\/#primaryimage\",\"url\":\"https:\/\/www.manaus.am.gov.br\/manauscult\/wp-content\/uploads\/sites\/11\/2023\/09\/WhatsApp-Image-2023-09-07-at-21.39.10.jpeg\",\"contentUrl\":\"https:\/\/www.manaus.am.gov.br\/manauscult\/wp-content\/uploads\/sites\/11\/2023\/09\/WhatsApp-Image-2023-09-07-at-21.39.10.jpeg\",\"width\":1280,\"height\":854},{\"@type\":\"BreadcrumbList\",\"@id\":\"https:\/\/www.manaus.am.gov.br\/manauscult\/potencial-criativo-da-danca-de-rua-tem-vez-e-voz-no-espaco-urbano-do-soumanaus-passo-a-paco-2023\/#breadcrumb\",\"itemListElement\":[{\"@type\":\"ListItem\",\"position\":1,\"name\":\"Home\",\"item\":\"https:\/\/www.manaus.am.gov.br\/manauscult\/\"},{\"@type\":\"ListItem\",\"position\":2,\"name\":\"Potencial criativo da dan\u00e7a de rua tem vez e voz no Espa\u00e7o Urbano do \u2018#SouManaus Passo a Pa\u00e7o 2023\u2019\"}]},{\"@type\":\"WebSite\",\"@id\":\"https:\/\/www.manaus.am.gov.br\/manauscult\/#website\",\"url\":\"https:\/\/www.manaus.am.gov.br\/manauscult\/\",\"name\":\"MANAUSCULT\",\"description\":\"Prefeitura de Manaus\",\"potentialAction\":[{\"@type\":\"SearchAction\",\"target\":{\"@type\":\"EntryPoint\",\"urlTemplate\":\"https:\/\/www.manaus.am.gov.br\/manauscult\/?s={search_term_string}\"},\"query-input\":\"required name=search_term_string\"}],\"inLanguage\":\"pt-BR\"},{\"@type\":\"Person\",\"@id\":\"https:\/\/www.manaus.am.gov.br\/manauscult\/#\/schema\/person\/4e49f4e267757a06ca072ec61b2b9968\",\"name\":\"Adriana Costa\",\"image\":{\"@type\":\"ImageObject\",\"inLanguage\":\"pt-BR\",\"@id\":\"https:\/\/www.manaus.am.gov.br\/manauscult\/#\/schema\/person\/image\/\",\"url\":\"https:\/\/secure.gravatar.com\/avatar\/576258617ef7194f718179e766d57bd4?s=96&d=mm&r=g\",\"contentUrl\":\"https:\/\/secure.gravatar.com\/avatar\/576258617ef7194f718179e766d57bd4?s=96&d=mm&r=g\",\"caption\":\"Adriana Costa\"}}]}<\/script>\n<!-- \/ Yoast SEO plugin. -->","yoast_head_json":{"title":"Potencial criativo da dan\u00e7a de rua tem vez e voz no Espa\u00e7o Urbano do \u2018#SouManaus Passo a Pa\u00e7o 2023\u2019","description":"A expressividade da dan\u00e7a de rua tomou conta do Espa\u00e7o Urbano, na quinta-feira, 7\/9, terceiro dia do \u201c#SouManaus Passo a Pa\u00e7o 2023\u201d, o maior festival de artes da regi\u00e3o Norte, promovido pela Prefeitura de Manaus. Aliando coordena\u00e7\u00e3o, equil\u00edbrio e ritmo, os grupos de dan\u00e7a mostraram toda a sua t\u00e9cnica e pot\u00eancia criativa na Batalha All Style, proposta que contempla todos os estilos de dan\u00e7a urbana.","robots":{"index":"noindex","follow":"follow"},"og_locale":"pt_BR","og_type":"article","og_title":"Potencial criativo da dan\u00e7a de rua tem vez e voz no Espa\u00e7o Urbano do \u2018#SouManaus Passo a Pa\u00e7o 2023\u2019","og_description":"A expressividade da dan\u00e7a de rua tomou conta do Espa\u00e7o Urbano, na quinta-feira, 7\/9, terceiro dia do \u201c#SouManaus Passo a Pa\u00e7o 2023\u201d, o maior festival de artes da regi\u00e3o Norte, promovido pela Prefeitura de Manaus. Aliando coordena\u00e7\u00e3o, equil\u00edbrio e ritmo, os grupos de dan\u00e7a mostraram toda a sua t\u00e9cnica e pot\u00eancia criativa na Batalha All Style, proposta que contempla todos os estilos de dan\u00e7a urbana.","og_url":"https:\/\/www.manaus.am.gov.br\/manauscult\/potencial-criativo-da-danca-de-rua-tem-vez-e-voz-no-espaco-urbano-do-soumanaus-passo-a-paco-2023\/","og_site_name":"MANAUSCULT","article_published_time":"2023-09-08T02:46:22+00:00","article_modified_time":"2023-09-08T02:46:24+00:00","og_image":[{"width":1280,"height":854,"url":"https:\/\/www.manaus.am.gov.br\/manauscult\/wp-content\/uploads\/sites\/11\/2023\/09\/WhatsApp-Image-2023-09-07-at-21.39.10.jpeg","type":"image\/jpeg"}],"author":"Adriana Costa","twitter_card":"summary_large_image","twitter_misc":{"Written by":"Adriana Costa","Est. reading time":"2 minutos"},"schema":{"@context":"https:\/\/schema.org","@graph":[{"@type":"WebPage","@id":"https:\/\/www.manaus.am.gov.br\/manauscult\/potencial-criativo-da-danca-de-rua-tem-vez-e-voz-no-espaco-urbano-do-soumanaus-passo-a-paco-2023\/","url":"https:\/\/www.manaus.am.gov.br\/manauscult\/potencial-criativo-da-danca-de-rua-tem-vez-e-voz-no-espaco-urbano-do-soumanaus-passo-a-paco-2023\/","name":"Potencial criativo da dan\u00e7a de rua tem vez e voz no Espa\u00e7o Urbano do \u2018#SouManaus Passo a Pa\u00e7o 2023\u2019","isPartOf":{"@id":"https:\/\/www.manaus.am.gov.br\/manauscult\/#website"},"primaryImageOfPage":{"@id":"https:\/\/www.manaus.am.gov.br\/manauscult\/potencial-criativo-da-danca-de-rua-tem-vez-e-voz-no-espaco-urbano-do-soumanaus-passo-a-paco-2023\/#primaryimage"},"image":{"@id":"https:\/\/www.manaus.am.gov.br\/manauscult\/potencial-criativo-da-danca-de-rua-tem-vez-e-voz-no-espaco-urbano-do-soumanaus-passo-a-paco-2023\/#primaryimage"},"thumbnailUrl":"https:\/\/www.manaus.am.gov.br\/manauscult\/wp-content\/uploads\/sites\/11\/2023\/09\/WhatsApp-Image-2023-09-07-at-21.39.10.jpeg","datePublished":"2023-09-08T02:46:22+00:00","dateModified":"2023-09-08T02:46:24+00:00","author":{"@id":"https:\/\/www.manaus.am.gov.br\/manauscult\/#\/schema\/person\/4e49f4e267757a06ca072ec61b2b9968"},"description":"A expressividade da dan\u00e7a de rua tomou conta do Espa\u00e7o Urbano, na quinta-feira, 7\/9, terceiro dia do \u201c#SouManaus Passo a Pa\u00e7o 2023\u201d, o maior festival de artes da regi\u00e3o Norte, promovido pela Prefeitura de Manaus. Aliando coordena\u00e7\u00e3o, equil\u00edbrio e ritmo, os grupos de dan\u00e7a mostraram toda a sua t\u00e9cnica e pot\u00eancia criativa na Batalha All Style, proposta que contempla todos os estilos de dan\u00e7a urbana.","breadcrumb":{"@id":"https:\/\/www.manaus.am.gov.br\/manauscult\/potencial-criativo-da-danca-de-rua-tem-vez-e-voz-no-espaco-urbano-do-soumanaus-passo-a-paco-2023\/#breadcrumb"},"inLanguage":"pt-BR","potentialAction":[{"@type":"ReadAction","target":["https:\/\/www.manaus.am.gov.br\/manauscult\/potencial-criativo-da-danca-de-rua-tem-vez-e-voz-no-espaco-urbano-do-soumanaus-passo-a-paco-2023\/"]}]},{"@type":"ImageObject","inLanguage":"pt-BR","@id":"https:\/\/www.manaus.am.gov.br\/manauscult\/potencial-criativo-da-danca-de-rua-tem-vez-e-voz-no-espaco-urbano-do-soumanaus-passo-a-paco-2023\/#primaryimage","url":"https:\/\/www.manaus.am.gov.br\/manauscult\/wp-content\/uploads\/sites\/11\/2023\/09\/WhatsApp-Image-2023-09-07-at-21.39.10.jpeg","contentUrl":"https:\/\/www.manaus.am.gov.br\/manauscult\/wp-content\/uploads\/sites\/11\/2023\/09\/WhatsApp-Image-2023-09-07-at-21.39.10.jpeg","width":1280,"height":854},{"@type":"BreadcrumbList","@id":"https:\/\/www.manaus.am.gov.br\/manauscult\/potencial-criativo-da-danca-de-rua-tem-vez-e-voz-no-espaco-urbano-do-soumanaus-passo-a-paco-2023\/#breadcrumb","itemListElement":[{"@type":"ListItem","position":1,"name":"Home","item":"https:\/\/www.manaus.am.gov.br\/manauscult\/"},{"@type":"ListItem","position":2,"name":"Potencial criativo da dan\u00e7a de rua tem vez e voz no Espa\u00e7o Urbano do \u2018#SouManaus Passo a Pa\u00e7o 2023\u2019"}]},{"@type":"WebSite","@id":"https:\/\/www.manaus.am.gov.br\/manauscult\/#website","url":"https:\/\/www.manaus.am.gov.br\/manauscult\/","name":"MANAUSCULT","description":"Prefeitura de Manaus","potentialAction":[{"@type":"SearchAction","target":{"@type":"EntryPoint","urlTemplate":"https:\/\/www.manaus.am.gov.br\/manauscult\/?s={search_term_string}"},"query-input":"required name=search_term_string"}],"inLanguage":"pt-BR"},{"@type":"Person","@id":"https:\/\/www.manaus.am.gov.br\/manauscult\/#\/schema\/person\/4e49f4e267757a06ca072ec61b2b9968","name":"Adriana Costa","image":{"@type":"ImageObject","inLanguage":"pt-BR","@id":"https:\/\/www.manaus.am.gov.br\/manauscult\/#\/schema\/person\/image\/","url":"https:\/\/secure.gravatar.com\/avatar\/576258617ef7194f718179e766d57bd4?s=96&d=mm&r=g","contentUrl":"https:\/\/secure.gravatar.com\/avatar\/576258617ef7194f718179e766d57bd4?s=96&d=mm&r=g","caption":"Adriana Costa"}}]}},"_links":{"self":[{"href":"https:\/\/www.manaus.am.gov.br\/manauscult\/wp-json\/wp\/v2\/posts\/1489"}],"collection":[{"href":"https:\/\/www.manaus.am.gov.br\/manauscult\/wp-json\/wp\/v2\/posts"}],"about":[{"href":"https:\/\/www.manaus.am.gov.br\/manauscult\/wp-json\/wp\/v2\/types\/post"}],"author":[{"embeddable":true,"href":"https:\/\/www.manaus.am.gov.br\/manauscult\/wp-json\/wp\/v2\/users\/23"}],"replies":[{"embeddable":true,"href":"https:\/\/www.manaus.am.gov.br\/manauscult\/wp-json\/wp\/v2\/comments?post=1489"}],"version-history":[{"count":0,"href":"https:\/\/www.manaus.am.gov.br\/manauscult\/wp-json\/wp\/v2\/posts\/1489\/revisions"}],"wp:featuredmedia":[{"embeddable":true,"href":"https:\/\/www.manaus.am.gov.br\/manauscult\/wp-json\/wp\/v2\/media\/1490"}],"wp:attachment":[{"href":"https:\/\/www.manaus.am.gov.br\/manauscult\/wp-json\/wp\/v2\/media?parent=1489"}],"wp:term":[{"taxonomy":"category","embeddable":true,"href":"https:\/\/www.manaus.am.gov.br\/manauscult\/wp-json\/wp\/v2\/categories?post=1489"},{"taxonomy":"post_tag","embeddable":true,"href":"https:\/\/www.manaus.am.gov.br\/manauscult\/wp-json\/wp\/v2\/tags?post=1489"}],"curies":[{"name":"wp","href":"https:\/\/api.w.org\/{rel}","templated":true}]}}