{"id":1487,"date":"2023-09-07T22:38:35","date_gmt":"2023-09-08T02:38:35","guid":{"rendered":"https:\/\/www.manaus.am.gov.br\/manauscult\/passinho-kids-se-consolida-como-um-dos-espacos-com-mais-atividades-infantis-simultaneas-no-ultimo-dia-do-soumanaus\/"},"modified":"2023-09-07T22:38:36","modified_gmt":"2023-09-08T02:38:36","slug":"passinho-kids-se-consolida-como-um-dos-espacos-com-mais-atividades-infantis-simultaneas-no-ultimo-dia-do-soumanaus","status":"publish","type":"post","link":"https:\/\/www.manaus.am.gov.br\/manauscult\/passinho-kids-se-consolida-como-um-dos-espacos-com-mais-atividades-infantis-simultaneas-no-ultimo-dia-do-soumanaus\/","title":{"rendered":"<strong>\u2018Passinho Kids\u2019 se consolida como um dos espa\u00e7os com mais atividades infantis simult\u00e2neas no \u00faltimo dia do #SouManaus<\/strong>"},"content":{"rendered":"\n<p>A crian\u00e7ada faz a festa e se diverte no terceiro e \u00faltimo dia do maior evento de artes integradas do Norte do pa\u00eds, o \u201c#SouManaus Passo a Pa\u00e7o 2023\u201d. A programa\u00e7\u00e3o do espa\u00e7o&nbsp; \u201cPassinho Kids\u201d \u2013 que \u00e9 toda voltada para as crian\u00e7as \u2013 teve in\u00edcio \u00e0s 17h, com a apresenta\u00e7\u00e3o&nbsp; da banda de rock gospel &#8220;Fam\u00edlia Seven&#8221;, no palco Coreto, da pra\u00e7a Dom Pedro 2\u00b0, no centro hist\u00f3rico.<\/p>\n\n\n\n<p>Formada por Vieira Seven, a esposa Kayla Franco de Moura, e os filhos: Victor Gabriel de Moura Vieira, 15; Kaliel de Moura Vieira, 13; Davi de Moura Vieira, 10; e Anna Gabrielly de Moura Vieira, 7, que roubou a cena com seu solo nos teclados.<\/p>\n\n\n\n<p>&#8220;Eu amei tocar no \u2018#SouManaus Passo a Pa\u00e7o 2023\u2019. Quero agradecer&nbsp; ao prefeito David Almeida e \u00e0 Manauscult pela oportunidade&#8221;, destacou a tecladista&nbsp; Gabrielly de Moura.<\/p>\n\n\n\n<p>Al\u00e9m de curtir as atra\u00e7\u00f5es musicais, as crian\u00e7as tamb\u00e9m se divertem no espa\u00e7os montados na pra\u00e7a pelo \u201cAteliR\u00ea\u201d, que oferece, simultaneamente, pintura facial; pula-pula; oficina divertida; pinturas corporais e em tela;&nbsp; bolhas de sab\u00e3o; e apresenta\u00e7\u00f5es circenses em tecido acrob\u00e1tico.<\/p>\n\n\n\n<p>\u00c9 a primeira vez que a industri\u00e1ria Carla Pereira, 37, participa do festival e trouxe a filha Bianca Pereira, de 7 anos.<\/p>\n\n\n\n<p>&#8220;Estou encantada com a estrutura e organiza\u00e7\u00e3o deste evento que \u00e9 feito para a fam\u00edlia.&nbsp; Minha filha est\u00e1 se divertindo bastante e pensar que temos toda essa estrutura gratuita \u00e9 ainda mais maravilhoso\u201d, &nbsp;agradeceu Carla.<\/p>\n\n\n\n<p>A pequena Bianca Pereira, 7, participou de muitas atividades e elegeu a sua preferida. &#8220;Estou gostando muito do Passinho Kids, j\u00e1 brinquei, dancei, pintei o rosto, mas o que mais gostei foram essas bolas de sab\u00e3o gigantes&#8221;, explicou Bianca.<\/p>\n\n\n\n<p>&#8220;Estou me divertindo muito, \u00e9 tudo t\u00e3o lindo, tem tanta brincadeira que fica dif\u00edcil at\u00e9 decidir qual eu vou agora&#8221;, comemorou a pequena Maria Eduarda Castro, de 7 anos.<\/p>\n\n\n\n<p>As crian\u00e7as com Transtorno do Espectro Autista (TEA) tamb\u00e9m receberam um espa\u00e7o de atividades com painel sensorial, brincadeiras com monitores.<\/p>\n\n\n\n<p>A apresenta\u00e7\u00e3o da banda Saci foi uma das mais aplaudidas pelo p\u00fablico infantil. O trio de artistas que comp\u00f5em a banda, apresentam m\u00fasica infantil, de forma interativa, com recrea\u00e7\u00e3o, divertindo as crian\u00e7as com est\u00edmulo musical.<\/p>\n\n\n\n<p>&#8220;\u00c9 uma emo\u00e7\u00e3o enorme, o p\u00fablico \u00e9 maravilhoso, eles agitam, se divertem. \u00c9 a primeira vez que a banda Saci se apresenta em um evento dessa magnitude, com essa estrutura de som e&nbsp; ilumina\u00e7\u00e3o. Estou muito feliz da nossa banda fazer parte desse festival grandioso, levando anima\u00e7\u00e3o e alegria \u00e0s crian\u00e7as&#8221;, agradeceu Israel Nunes, vocalista da banda.<\/p>\n\n\n\n<p>Ao todo, o festival \u201c#Sou Manaus Passo a Pa\u00e7o\u201d contou com 77 artistas musicais regionais, beneficiando mais de 600 trabalhadores da cultura local, mais de 160 trabalhadores da cenografia do evento, 75 artes\u00e3os, e 200 manipuladores de alimentos, gerando mais de 5 mil empregos diretos e indiretos na prepara\u00e7\u00e3o e opera\u00e7\u00e3o do evento.&nbsp;<\/p>\n\n\n\n<p>&#8212; &#8212; &#8212;<\/p>\n\n\n\n<p><strong>Texto<\/strong>&nbsp;\u2013 Valesca Martins\/Semcom<\/p>\n\n\n\n<p><strong>Fotos<\/strong>&nbsp;\u2013 M\u00e1rcio Melo\/Semcom<\/p>\n","protected":false},"excerpt":{"rendered":"","protected":false},"author":23,"featured_media":1488,"comment_status":"closed","ping_status":"closed","sticky":false,"template":"","format":"standard","meta":{"footnotes":""},"categories":[508],"tags":[168,651,11],"acf":[],"yoast_head":"<!-- This site is optimized with the Yoast SEO plugin v23.0 - https:\/\/yoast.com\/wordpress\/plugins\/seo\/ -->\n<title>\u2018Passinho Kids\u2019 se consolida como um dos espa\u00e7os com mais atividades infantis simult\u00e2neas no \u00faltimo dia do #SouManaus - MANAUSCULT<\/title>\n<meta name=\"robots\" content=\"noindex, follow\" \/>\n<meta property=\"og:locale\" content=\"pt_BR\" \/>\n<meta property=\"og:type\" content=\"article\" \/>\n<meta property=\"og:title\" content=\"\u2018Passinho Kids\u2019 se consolida como um dos espa\u00e7os com mais atividades infantis simult\u00e2neas no \u00faltimo dia do #SouManaus - MANAUSCULT\" \/>\n<meta property=\"og:url\" content=\"https:\/\/www.manaus.am.gov.br\/manauscult\/passinho-kids-se-consolida-como-um-dos-espacos-com-mais-atividades-infantis-simultaneas-no-ultimo-dia-do-soumanaus\/\" \/>\n<meta property=\"og:site_name\" content=\"MANAUSCULT\" \/>\n<meta property=\"article:published_time\" content=\"2023-09-08T02:38:35+00:00\" \/>\n<meta property=\"article:modified_time\" content=\"2023-09-08T02:38:36+00:00\" \/>\n<meta property=\"og:image\" content=\"https:\/\/www.manaus.am.gov.br\/manauscult\/wp-content\/uploads\/sites\/11\/2023\/09\/MELO2163-1024x683.jpg\" \/>\n\t<meta property=\"og:image:width\" content=\"1024\" \/>\n\t<meta property=\"og:image:height\" content=\"683\" \/>\n\t<meta property=\"og:image:type\" content=\"image\/jpeg\" \/>\n<meta name=\"author\" content=\"Adriana Costa\" \/>\n<meta name=\"twitter:card\" content=\"summary_large_image\" \/>\n<meta name=\"twitter:label1\" content=\"Written by\" \/>\n\t<meta name=\"twitter:data1\" content=\"Adriana Costa\" \/>\n\t<meta name=\"twitter:label2\" content=\"Est. reading time\" \/>\n\t<meta name=\"twitter:data2\" content=\"3 minutos\" \/>\n<script type=\"application\/ld+json\" class=\"yoast-schema-graph\">{\"@context\":\"https:\/\/schema.org\",\"@graph\":[{\"@type\":\"WebPage\",\"@id\":\"https:\/\/www.manaus.am.gov.br\/manauscult\/passinho-kids-se-consolida-como-um-dos-espacos-com-mais-atividades-infantis-simultaneas-no-ultimo-dia-do-soumanaus\/\",\"url\":\"https:\/\/www.manaus.am.gov.br\/manauscult\/passinho-kids-se-consolida-como-um-dos-espacos-com-mais-atividades-infantis-simultaneas-no-ultimo-dia-do-soumanaus\/\",\"name\":\"\u2018Passinho Kids\u2019 se consolida como um dos espa\u00e7os com mais atividades infantis simult\u00e2neas no \u00faltimo dia do #SouManaus - MANAUSCULT\",\"isPartOf\":{\"@id\":\"https:\/\/www.manaus.am.gov.br\/manauscult\/#website\"},\"primaryImageOfPage\":{\"@id\":\"https:\/\/www.manaus.am.gov.br\/manauscult\/passinho-kids-se-consolida-como-um-dos-espacos-com-mais-atividades-infantis-simultaneas-no-ultimo-dia-do-soumanaus\/#primaryimage\"},\"image\":{\"@id\":\"https:\/\/www.manaus.am.gov.br\/manauscult\/passinho-kids-se-consolida-como-um-dos-espacos-com-mais-atividades-infantis-simultaneas-no-ultimo-dia-do-soumanaus\/#primaryimage\"},\"thumbnailUrl\":\"https:\/\/www.manaus.am.gov.br\/manauscult\/wp-content\/uploads\/sites\/11\/2023\/09\/MELO2163.jpg\",\"datePublished\":\"2023-09-08T02:38:35+00:00\",\"dateModified\":\"2023-09-08T02:38:36+00:00\",\"author\":{\"@id\":\"https:\/\/www.manaus.am.gov.br\/manauscult\/#\/schema\/person\/4e49f4e267757a06ca072ec61b2b9968\"},\"breadcrumb\":{\"@id\":\"https:\/\/www.manaus.am.gov.br\/manauscult\/passinho-kids-se-consolida-como-um-dos-espacos-com-mais-atividades-infantis-simultaneas-no-ultimo-dia-do-soumanaus\/#breadcrumb\"},\"inLanguage\":\"pt-BR\",\"potentialAction\":[{\"@type\":\"ReadAction\",\"target\":[\"https:\/\/www.manaus.am.gov.br\/manauscult\/passinho-kids-se-consolida-como-um-dos-espacos-com-mais-atividades-infantis-simultaneas-no-ultimo-dia-do-soumanaus\/\"]}]},{\"@type\":\"ImageObject\",\"inLanguage\":\"pt-BR\",\"@id\":\"https:\/\/www.manaus.am.gov.br\/manauscult\/passinho-kids-se-consolida-como-um-dos-espacos-com-mais-atividades-infantis-simultaneas-no-ultimo-dia-do-soumanaus\/#primaryimage\",\"url\":\"https:\/\/www.manaus.am.gov.br\/manauscult\/wp-content\/uploads\/sites\/11\/2023\/09\/MELO2163.jpg\",\"contentUrl\":\"https:\/\/www.manaus.am.gov.br\/manauscult\/wp-content\/uploads\/sites\/11\/2023\/09\/MELO2163.jpg\",\"width\":6720,\"height\":4480},{\"@type\":\"BreadcrumbList\",\"@id\":\"https:\/\/www.manaus.am.gov.br\/manauscult\/passinho-kids-se-consolida-como-um-dos-espacos-com-mais-atividades-infantis-simultaneas-no-ultimo-dia-do-soumanaus\/#breadcrumb\",\"itemListElement\":[{\"@type\":\"ListItem\",\"position\":1,\"name\":\"Home\",\"item\":\"https:\/\/www.manaus.am.gov.br\/manauscult\/\"},{\"@type\":\"ListItem\",\"position\":2,\"name\":\"\u2018Passinho Kids\u2019 se consolida como um dos espa\u00e7os com mais atividades infantis simult\u00e2neas no \u00faltimo dia do #SouManaus\"}]},{\"@type\":\"WebSite\",\"@id\":\"https:\/\/www.manaus.am.gov.br\/manauscult\/#website\",\"url\":\"https:\/\/www.manaus.am.gov.br\/manauscult\/\",\"name\":\"MANAUSCULT\",\"description\":\"Prefeitura de Manaus\",\"potentialAction\":[{\"@type\":\"SearchAction\",\"target\":{\"@type\":\"EntryPoint\",\"urlTemplate\":\"https:\/\/www.manaus.am.gov.br\/manauscult\/?s={search_term_string}\"},\"query-input\":\"required name=search_term_string\"}],\"inLanguage\":\"pt-BR\"},{\"@type\":\"Person\",\"@id\":\"https:\/\/www.manaus.am.gov.br\/manauscult\/#\/schema\/person\/4e49f4e267757a06ca072ec61b2b9968\",\"name\":\"Adriana Costa\",\"image\":{\"@type\":\"ImageObject\",\"inLanguage\":\"pt-BR\",\"@id\":\"https:\/\/www.manaus.am.gov.br\/manauscult\/#\/schema\/person\/image\/\",\"url\":\"https:\/\/secure.gravatar.com\/avatar\/576258617ef7194f718179e766d57bd4?s=96&d=mm&r=g\",\"contentUrl\":\"https:\/\/secure.gravatar.com\/avatar\/576258617ef7194f718179e766d57bd4?s=96&d=mm&r=g\",\"caption\":\"Adriana Costa\"}}]}<\/script>\n<!-- \/ Yoast SEO plugin. -->","yoast_head_json":{"title":"\u2018Passinho Kids\u2019 se consolida como um dos espa\u00e7os com mais atividades infantis simult\u00e2neas no \u00faltimo dia do #SouManaus - MANAUSCULT","robots":{"index":"noindex","follow":"follow"},"og_locale":"pt_BR","og_type":"article","og_title":"\u2018Passinho Kids\u2019 se consolida como um dos espa\u00e7os com mais atividades infantis simult\u00e2neas no \u00faltimo dia do #SouManaus - MANAUSCULT","og_url":"https:\/\/www.manaus.am.gov.br\/manauscult\/passinho-kids-se-consolida-como-um-dos-espacos-com-mais-atividades-infantis-simultaneas-no-ultimo-dia-do-soumanaus\/","og_site_name":"MANAUSCULT","article_published_time":"2023-09-08T02:38:35+00:00","article_modified_time":"2023-09-08T02:38:36+00:00","og_image":[{"width":1024,"height":683,"url":"https:\/\/www.manaus.am.gov.br\/manauscult\/wp-content\/uploads\/sites\/11\/2023\/09\/MELO2163-1024x683.jpg","type":"image\/jpeg"}],"author":"Adriana Costa","twitter_card":"summary_large_image","twitter_misc":{"Written by":"Adriana Costa","Est. reading time":"3 minutos"},"schema":{"@context":"https:\/\/schema.org","@graph":[{"@type":"WebPage","@id":"https:\/\/www.manaus.am.gov.br\/manauscult\/passinho-kids-se-consolida-como-um-dos-espacos-com-mais-atividades-infantis-simultaneas-no-ultimo-dia-do-soumanaus\/","url":"https:\/\/www.manaus.am.gov.br\/manauscult\/passinho-kids-se-consolida-como-um-dos-espacos-com-mais-atividades-infantis-simultaneas-no-ultimo-dia-do-soumanaus\/","name":"\u2018Passinho Kids\u2019 se consolida como um dos espa\u00e7os com mais atividades infantis simult\u00e2neas no \u00faltimo dia do #SouManaus - MANAUSCULT","isPartOf":{"@id":"https:\/\/www.manaus.am.gov.br\/manauscult\/#website"},"primaryImageOfPage":{"@id":"https:\/\/www.manaus.am.gov.br\/manauscult\/passinho-kids-se-consolida-como-um-dos-espacos-com-mais-atividades-infantis-simultaneas-no-ultimo-dia-do-soumanaus\/#primaryimage"},"image":{"@id":"https:\/\/www.manaus.am.gov.br\/manauscult\/passinho-kids-se-consolida-como-um-dos-espacos-com-mais-atividades-infantis-simultaneas-no-ultimo-dia-do-soumanaus\/#primaryimage"},"thumbnailUrl":"https:\/\/www.manaus.am.gov.br\/manauscult\/wp-content\/uploads\/sites\/11\/2023\/09\/MELO2163.jpg","datePublished":"2023-09-08T02:38:35+00:00","dateModified":"2023-09-08T02:38:36+00:00","author":{"@id":"https:\/\/www.manaus.am.gov.br\/manauscult\/#\/schema\/person\/4e49f4e267757a06ca072ec61b2b9968"},"breadcrumb":{"@id":"https:\/\/www.manaus.am.gov.br\/manauscult\/passinho-kids-se-consolida-como-um-dos-espacos-com-mais-atividades-infantis-simultaneas-no-ultimo-dia-do-soumanaus\/#breadcrumb"},"inLanguage":"pt-BR","potentialAction":[{"@type":"ReadAction","target":["https:\/\/www.manaus.am.gov.br\/manauscult\/passinho-kids-se-consolida-como-um-dos-espacos-com-mais-atividades-infantis-simultaneas-no-ultimo-dia-do-soumanaus\/"]}]},{"@type":"ImageObject","inLanguage":"pt-BR","@id":"https:\/\/www.manaus.am.gov.br\/manauscult\/passinho-kids-se-consolida-como-um-dos-espacos-com-mais-atividades-infantis-simultaneas-no-ultimo-dia-do-soumanaus\/#primaryimage","url":"https:\/\/www.manaus.am.gov.br\/manauscult\/wp-content\/uploads\/sites\/11\/2023\/09\/MELO2163.jpg","contentUrl":"https:\/\/www.manaus.am.gov.br\/manauscult\/wp-content\/uploads\/sites\/11\/2023\/09\/MELO2163.jpg","width":6720,"height":4480},{"@type":"BreadcrumbList","@id":"https:\/\/www.manaus.am.gov.br\/manauscult\/passinho-kids-se-consolida-como-um-dos-espacos-com-mais-atividades-infantis-simultaneas-no-ultimo-dia-do-soumanaus\/#breadcrumb","itemListElement":[{"@type":"ListItem","position":1,"name":"Home","item":"https:\/\/www.manaus.am.gov.br\/manauscult\/"},{"@type":"ListItem","position":2,"name":"\u2018Passinho Kids\u2019 se consolida como um dos espa\u00e7os com mais atividades infantis simult\u00e2neas no \u00faltimo dia do #SouManaus"}]},{"@type":"WebSite","@id":"https:\/\/www.manaus.am.gov.br\/manauscult\/#website","url":"https:\/\/www.manaus.am.gov.br\/manauscult\/","name":"MANAUSCULT","description":"Prefeitura de Manaus","potentialAction":[{"@type":"SearchAction","target":{"@type":"EntryPoint","urlTemplate":"https:\/\/www.manaus.am.gov.br\/manauscult\/?s={search_term_string}"},"query-input":"required name=search_term_string"}],"inLanguage":"pt-BR"},{"@type":"Person","@id":"https:\/\/www.manaus.am.gov.br\/manauscult\/#\/schema\/person\/4e49f4e267757a06ca072ec61b2b9968","name":"Adriana Costa","image":{"@type":"ImageObject","inLanguage":"pt-BR","@id":"https:\/\/www.manaus.am.gov.br\/manauscult\/#\/schema\/person\/image\/","url":"https:\/\/secure.gravatar.com\/avatar\/576258617ef7194f718179e766d57bd4?s=96&d=mm&r=g","contentUrl":"https:\/\/secure.gravatar.com\/avatar\/576258617ef7194f718179e766d57bd4?s=96&d=mm&r=g","caption":"Adriana Costa"}}]}},"_links":{"self":[{"href":"https:\/\/www.manaus.am.gov.br\/manauscult\/wp-json\/wp\/v2\/posts\/1487"}],"collection":[{"href":"https:\/\/www.manaus.am.gov.br\/manauscult\/wp-json\/wp\/v2\/posts"}],"about":[{"href":"https:\/\/www.manaus.am.gov.br\/manauscult\/wp-json\/wp\/v2\/types\/post"}],"author":[{"embeddable":true,"href":"https:\/\/www.manaus.am.gov.br\/manauscult\/wp-json\/wp\/v2\/users\/23"}],"replies":[{"embeddable":true,"href":"https:\/\/www.manaus.am.gov.br\/manauscult\/wp-json\/wp\/v2\/comments?post=1487"}],"version-history":[{"count":0,"href":"https:\/\/www.manaus.am.gov.br\/manauscult\/wp-json\/wp\/v2\/posts\/1487\/revisions"}],"wp:featuredmedia":[{"embeddable":true,"href":"https:\/\/www.manaus.am.gov.br\/manauscult\/wp-json\/wp\/v2\/media\/1488"}],"wp:attachment":[{"href":"https:\/\/www.manaus.am.gov.br\/manauscult\/wp-json\/wp\/v2\/media?parent=1487"}],"wp:term":[{"taxonomy":"category","embeddable":true,"href":"https:\/\/www.manaus.am.gov.br\/manauscult\/wp-json\/wp\/v2\/categories?post=1487"},{"taxonomy":"post_tag","embeddable":true,"href":"https:\/\/www.manaus.am.gov.br\/manauscult\/wp-json\/wp\/v2\/tags?post=1487"}],"curies":[{"name":"wp","href":"https:\/\/api.w.org\/{rel}","templated":true}]}}