{"id":1485,"date":"2023-09-07T22:31:33","date_gmt":"2023-09-08T02:31:33","guid":{"rendered":"https:\/\/www.manaus.am.gov.br\/manauscult\/festival-aquece-o-comercio-informal-para-mil-vendedores-cadastrados-pela-prefeitura-de-manaus\/"},"modified":"2023-09-07T22:31:34","modified_gmt":"2023-09-08T02:31:34","slug":"festival-aquece-o-comercio-informal-para-mil-vendedores-cadastrados-pela-prefeitura-de-manaus","status":"publish","type":"post","link":"https:\/\/www.manaus.am.gov.br\/manauscult\/festival-aquece-o-comercio-informal-para-mil-vendedores-cadastrados-pela-prefeitura-de-manaus\/","title":{"rendered":"<strong>Festival aquece o com\u00e9rcio informal para mil vendedores cadastrados pela Prefeitura de Manaus<\/strong>"},"content":{"rendered":"\n<p>O \u201c#SouManaus Passo a Pa\u00e7o 2023\u201d, al\u00e9m de trazer divers\u00e3o, garantiu tamb\u00e9m o aquecimento no com\u00e9rcio informal da cidade, onde mil ambulantes cadastrados pela Prefeitura de Manaus, por meio da Secretaria Municipal de Agricultura, Abastecimento, Centro e Com\u00e9rcio Informal ( Semacc), trabalharam durante os tr\u00eas dias do evento em barracas montadas no entorno do centro hist\u00f3rico.<\/p>\n\n\n\n<p>De acordo com Luciano Mendes, diretor do Com\u00e9rcio Informal da Semacc, a felicidade dos vendedores \u00e9 satisfat\u00f3ria para todos da equipe Semacc, pois foi um trabalho realizado com muita determina\u00e7\u00e3o, organiza\u00e7\u00e3o e parceria entre os trabalhadores e fiscais.<\/p>\n\n\n\n<p>\u201cTodos os mil vendedores, muitos deles trabalhando pela primeira vez no evento, est\u00e3o satisfeitos com a renda extra e j\u00e1 esperam o pr\u00f3ximo ano. A Semacc trabalhou com todos eles cadastrados e identificados com credencial oferecendo seguran\u00e7a e apoio facilitando o trabalho de todos\u201d, disse Mendes.<\/p>\n\n\n\n<p>Trabalhando com a venda de bananas fritas, o vendedor Joandre de Souza, veio de Iranduba para vender cerca de 200 pacotes do seu produto, por dia, garantindo uma renda extra que n\u00e3o era nem esperada.<\/p>\n\n\n\n<p>\u201cEstou muito feliz, o p\u00fablico veio com tudo e vendi todo meu produto. Vim do outro lado da ponte para trabalhar neste evento e garantir meu sustento. Quando soube da festa, vim r\u00e1pido para conseguir meu espa\u00e7o. Gra\u00e7as a Deus deu certo, e agora ainda tenho meu cadastro para trabalhar em outras festas\u201d, enfatizou Joandre.<\/p>\n\n\n\n<p>J\u00e1 Zeina dos Santos, vendedora informal, que trabalha com a venda de comidas quentes, est\u00e1 acostumada com eventos, mas se disse surpresa com a organiza\u00e7\u00e3o, p\u00fablico e o tamanho da festa deste ano.<\/p>\n\n\n\n<p>\u201cEstou surpresa com o evento, com esse grande p\u00fablico e a organiza\u00e7\u00e3o de tudo, inclusive aqui das vendas. Que espet\u00e1culo, pude ver e ouvi muitos falarem. Estou muito grata com a oportunidade, as vendas foram muito boas, superando nossas expectativas, gra\u00e7as a Deus. E ano que vem quero poder estar aqui de novo e ganhar um extra\u201d, disse Zaira.<\/p>\n\n\n\n<p>No seu \u00faltimo dia de programa\u00e7\u00e3o nesta quinta-feira, no \u201c#SouManaus Passo a Pa\u00e7o 2023\u201d, promovido pela Prefeitura de Manaus, por meio da Funda\u00e7\u00e3o Municipal de Cultura, Turismo e Eventos (Manauscult), se consagra como o maior festival de artes integradas da regi\u00e3o Norte, n\u00e3o s\u00f3 pela organiza\u00e7\u00e3o, mas por toda a variedade de divers\u00e3o oferecidas, de forma gratuita, \u00e0 popula\u00e7\u00e3o.<\/p>\n\n\n\n<p>&#8212; &#8212; &#8212;<\/p>\n\n\n\n<p><strong>Texto<\/strong> &#8211; Polyana Brelaz&nbsp;\/ Semacc<\/p>\n\n\n\n<p><strong>Fotos<\/strong> &#8211; Gildo Smith \/ Semacc&nbsp;<\/p>\n","protected":false},"excerpt":{"rendered":"","protected":false},"author":25,"featured_media":1486,"comment_status":"closed","ping_status":"closed","sticky":false,"template":"","format":"standard","meta":{"footnotes":""},"categories":[508],"tags":[279,655],"acf":[],"yoast_head":"<!-- This site is optimized with the Yoast SEO plugin v23.0 - https:\/\/yoast.com\/wordpress\/plugins\/seo\/ -->\n<title>Festival aquece o com\u00e9rcio informal para mil vendedores cadastrados pela Prefeitura de Manaus<\/title>\n<meta name=\"description\" content=\"O \u201c#SouManaus Passo a Pa\u00e7o 2023\u201d, al\u00e9m de trazer divers\u00e3o, garantiu tamb\u00e9m o aquecimento no com\u00e9rcio informal da cidade\" \/>\n<meta name=\"robots\" content=\"noindex, follow\" \/>\n<meta property=\"og:locale\" content=\"pt_BR\" \/>\n<meta property=\"og:type\" content=\"article\" \/>\n<meta property=\"og:title\" content=\"Festival aquece o com\u00e9rcio informal para mil vendedores cadastrados pela Prefeitura de Manaus\" \/>\n<meta property=\"og:description\" content=\"O \u201c#SouManaus Passo a Pa\u00e7o 2023\u201d, al\u00e9m de trazer divers\u00e3o, garantiu tamb\u00e9m o aquecimento no com\u00e9rcio informal da cidade\" \/>\n<meta property=\"og:url\" content=\"https:\/\/www.manaus.am.gov.br\/manauscult\/festival-aquece-o-comercio-informal-para-mil-vendedores-cadastrados-pela-prefeitura-de-manaus\/\" \/>\n<meta property=\"og:site_name\" content=\"MANAUSCULT\" \/>\n<meta property=\"article:published_time\" content=\"2023-09-08T02:31:33+00:00\" \/>\n<meta property=\"article:modified_time\" content=\"2023-09-08T02:31:34+00:00\" \/>\n<meta property=\"og:image\" content=\"https:\/\/www.manaus.am.gov.br\/manauscult\/wp-content\/uploads\/sites\/11\/2023\/09\/image00002-1024x768.jpeg\" \/>\n\t<meta property=\"og:image:width\" content=\"1024\" \/>\n\t<meta property=\"og:image:height\" content=\"768\" \/>\n\t<meta property=\"og:image:type\" content=\"image\/jpeg\" \/>\n<meta name=\"author\" content=\"Maur\u00edcio Freire\" \/>\n<meta name=\"twitter:card\" content=\"summary_large_image\" \/>\n<meta name=\"twitter:label1\" content=\"Written by\" \/>\n\t<meta name=\"twitter:data1\" content=\"Maur\u00edcio Freire\" \/>\n\t<meta name=\"twitter:label2\" content=\"Est. reading time\" \/>\n\t<meta name=\"twitter:data2\" content=\"3 minutos\" \/>\n<script type=\"application\/ld+json\" class=\"yoast-schema-graph\">{\"@context\":\"https:\/\/schema.org\",\"@graph\":[{\"@type\":\"WebPage\",\"@id\":\"https:\/\/www.manaus.am.gov.br\/manauscult\/festival-aquece-o-comercio-informal-para-mil-vendedores-cadastrados-pela-prefeitura-de-manaus\/\",\"url\":\"https:\/\/www.manaus.am.gov.br\/manauscult\/festival-aquece-o-comercio-informal-para-mil-vendedores-cadastrados-pela-prefeitura-de-manaus\/\",\"name\":\"Festival aquece o com\u00e9rcio informal para mil vendedores cadastrados pela Prefeitura de Manaus\",\"isPartOf\":{\"@id\":\"https:\/\/www.manaus.am.gov.br\/manauscult\/#website\"},\"primaryImageOfPage\":{\"@id\":\"https:\/\/www.manaus.am.gov.br\/manauscult\/festival-aquece-o-comercio-informal-para-mil-vendedores-cadastrados-pela-prefeitura-de-manaus\/#primaryimage\"},\"image\":{\"@id\":\"https:\/\/www.manaus.am.gov.br\/manauscult\/festival-aquece-o-comercio-informal-para-mil-vendedores-cadastrados-pela-prefeitura-de-manaus\/#primaryimage\"},\"thumbnailUrl\":\"https:\/\/www.manaus.am.gov.br\/manauscult\/wp-content\/uploads\/sites\/11\/2023\/09\/image00002.jpeg\",\"datePublished\":\"2023-09-08T02:31:33+00:00\",\"dateModified\":\"2023-09-08T02:31:34+00:00\",\"author\":{\"@id\":\"https:\/\/www.manaus.am.gov.br\/manauscult\/#\/schema\/person\/587989a23a463cde5618e6a028977a9a\"},\"description\":\"O \u201c#SouManaus Passo a Pa\u00e7o 2023\u201d, al\u00e9m de trazer divers\u00e3o, garantiu tamb\u00e9m o aquecimento no com\u00e9rcio informal da cidade\",\"breadcrumb\":{\"@id\":\"https:\/\/www.manaus.am.gov.br\/manauscult\/festival-aquece-o-comercio-informal-para-mil-vendedores-cadastrados-pela-prefeitura-de-manaus\/#breadcrumb\"},\"inLanguage\":\"pt-BR\",\"potentialAction\":[{\"@type\":\"ReadAction\",\"target\":[\"https:\/\/www.manaus.am.gov.br\/manauscult\/festival-aquece-o-comercio-informal-para-mil-vendedores-cadastrados-pela-prefeitura-de-manaus\/\"]}]},{\"@type\":\"ImageObject\",\"inLanguage\":\"pt-BR\",\"@id\":\"https:\/\/www.manaus.am.gov.br\/manauscult\/festival-aquece-o-comercio-informal-para-mil-vendedores-cadastrados-pela-prefeitura-de-manaus\/#primaryimage\",\"url\":\"https:\/\/www.manaus.am.gov.br\/manauscult\/wp-content\/uploads\/sites\/11\/2023\/09\/image00002.jpeg\",\"contentUrl\":\"https:\/\/www.manaus.am.gov.br\/manauscult\/wp-content\/uploads\/sites\/11\/2023\/09\/image00002.jpeg\",\"width\":4032,\"height\":3024,\"caption\":\"default\"},{\"@type\":\"BreadcrumbList\",\"@id\":\"https:\/\/www.manaus.am.gov.br\/manauscult\/festival-aquece-o-comercio-informal-para-mil-vendedores-cadastrados-pela-prefeitura-de-manaus\/#breadcrumb\",\"itemListElement\":[{\"@type\":\"ListItem\",\"position\":1,\"name\":\"Home\",\"item\":\"https:\/\/www.manaus.am.gov.br\/manauscult\/\"},{\"@type\":\"ListItem\",\"position\":2,\"name\":\"Festival aquece o com\u00e9rcio informal para mil vendedores cadastrados pela Prefeitura de Manaus\"}]},{\"@type\":\"WebSite\",\"@id\":\"https:\/\/www.manaus.am.gov.br\/manauscult\/#website\",\"url\":\"https:\/\/www.manaus.am.gov.br\/manauscult\/\",\"name\":\"MANAUSCULT\",\"description\":\"Prefeitura de Manaus\",\"potentialAction\":[{\"@type\":\"SearchAction\",\"target\":{\"@type\":\"EntryPoint\",\"urlTemplate\":\"https:\/\/www.manaus.am.gov.br\/manauscult\/?s={search_term_string}\"},\"query-input\":\"required name=search_term_string\"}],\"inLanguage\":\"pt-BR\"},{\"@type\":\"Person\",\"@id\":\"https:\/\/www.manaus.am.gov.br\/manauscult\/#\/schema\/person\/587989a23a463cde5618e6a028977a9a\",\"name\":\"Maur\u00edcio Freire\",\"image\":{\"@type\":\"ImageObject\",\"inLanguage\":\"pt-BR\",\"@id\":\"https:\/\/www.manaus.am.gov.br\/manauscult\/#\/schema\/person\/image\/\",\"url\":\"https:\/\/secure.gravatar.com\/avatar\/dc1481799a1f75c733ac3b2634cd6749?s=96&d=mm&r=g\",\"contentUrl\":\"https:\/\/secure.gravatar.com\/avatar\/dc1481799a1f75c733ac3b2634cd6749?s=96&d=mm&r=g\",\"caption\":\"Maur\u00edcio Freire\"}}]}<\/script>\n<!-- \/ Yoast SEO plugin. -->","yoast_head_json":{"title":"Festival aquece o com\u00e9rcio informal para mil vendedores cadastrados pela Prefeitura de Manaus","description":"O \u201c#SouManaus Passo a Pa\u00e7o 2023\u201d, al\u00e9m de trazer divers\u00e3o, garantiu tamb\u00e9m o aquecimento no com\u00e9rcio informal da cidade","robots":{"index":"noindex","follow":"follow"},"og_locale":"pt_BR","og_type":"article","og_title":"Festival aquece o com\u00e9rcio informal para mil vendedores cadastrados pela Prefeitura de Manaus","og_description":"O \u201c#SouManaus Passo a Pa\u00e7o 2023\u201d, al\u00e9m de trazer divers\u00e3o, garantiu tamb\u00e9m o aquecimento no com\u00e9rcio informal da cidade","og_url":"https:\/\/www.manaus.am.gov.br\/manauscult\/festival-aquece-o-comercio-informal-para-mil-vendedores-cadastrados-pela-prefeitura-de-manaus\/","og_site_name":"MANAUSCULT","article_published_time":"2023-09-08T02:31:33+00:00","article_modified_time":"2023-09-08T02:31:34+00:00","og_image":[{"width":1024,"height":768,"url":"https:\/\/www.manaus.am.gov.br\/manauscult\/wp-content\/uploads\/sites\/11\/2023\/09\/image00002-1024x768.jpeg","type":"image\/jpeg"}],"author":"Maur\u00edcio Freire","twitter_card":"summary_large_image","twitter_misc":{"Written by":"Maur\u00edcio Freire","Est. reading time":"3 minutos"},"schema":{"@context":"https:\/\/schema.org","@graph":[{"@type":"WebPage","@id":"https:\/\/www.manaus.am.gov.br\/manauscult\/festival-aquece-o-comercio-informal-para-mil-vendedores-cadastrados-pela-prefeitura-de-manaus\/","url":"https:\/\/www.manaus.am.gov.br\/manauscult\/festival-aquece-o-comercio-informal-para-mil-vendedores-cadastrados-pela-prefeitura-de-manaus\/","name":"Festival aquece o com\u00e9rcio informal para mil vendedores cadastrados pela Prefeitura de Manaus","isPartOf":{"@id":"https:\/\/www.manaus.am.gov.br\/manauscult\/#website"},"primaryImageOfPage":{"@id":"https:\/\/www.manaus.am.gov.br\/manauscult\/festival-aquece-o-comercio-informal-para-mil-vendedores-cadastrados-pela-prefeitura-de-manaus\/#primaryimage"},"image":{"@id":"https:\/\/www.manaus.am.gov.br\/manauscult\/festival-aquece-o-comercio-informal-para-mil-vendedores-cadastrados-pela-prefeitura-de-manaus\/#primaryimage"},"thumbnailUrl":"https:\/\/www.manaus.am.gov.br\/manauscult\/wp-content\/uploads\/sites\/11\/2023\/09\/image00002.jpeg","datePublished":"2023-09-08T02:31:33+00:00","dateModified":"2023-09-08T02:31:34+00:00","author":{"@id":"https:\/\/www.manaus.am.gov.br\/manauscult\/#\/schema\/person\/587989a23a463cde5618e6a028977a9a"},"description":"O \u201c#SouManaus Passo a Pa\u00e7o 2023\u201d, al\u00e9m de trazer divers\u00e3o, garantiu tamb\u00e9m o aquecimento no com\u00e9rcio informal da cidade","breadcrumb":{"@id":"https:\/\/www.manaus.am.gov.br\/manauscult\/festival-aquece-o-comercio-informal-para-mil-vendedores-cadastrados-pela-prefeitura-de-manaus\/#breadcrumb"},"inLanguage":"pt-BR","potentialAction":[{"@type":"ReadAction","target":["https:\/\/www.manaus.am.gov.br\/manauscult\/festival-aquece-o-comercio-informal-para-mil-vendedores-cadastrados-pela-prefeitura-de-manaus\/"]}]},{"@type":"ImageObject","inLanguage":"pt-BR","@id":"https:\/\/www.manaus.am.gov.br\/manauscult\/festival-aquece-o-comercio-informal-para-mil-vendedores-cadastrados-pela-prefeitura-de-manaus\/#primaryimage","url":"https:\/\/www.manaus.am.gov.br\/manauscult\/wp-content\/uploads\/sites\/11\/2023\/09\/image00002.jpeg","contentUrl":"https:\/\/www.manaus.am.gov.br\/manauscult\/wp-content\/uploads\/sites\/11\/2023\/09\/image00002.jpeg","width":4032,"height":3024,"caption":"default"},{"@type":"BreadcrumbList","@id":"https:\/\/www.manaus.am.gov.br\/manauscult\/festival-aquece-o-comercio-informal-para-mil-vendedores-cadastrados-pela-prefeitura-de-manaus\/#breadcrumb","itemListElement":[{"@type":"ListItem","position":1,"name":"Home","item":"https:\/\/www.manaus.am.gov.br\/manauscult\/"},{"@type":"ListItem","position":2,"name":"Festival aquece o com\u00e9rcio informal para mil vendedores cadastrados pela Prefeitura de Manaus"}]},{"@type":"WebSite","@id":"https:\/\/www.manaus.am.gov.br\/manauscult\/#website","url":"https:\/\/www.manaus.am.gov.br\/manauscult\/","name":"MANAUSCULT","description":"Prefeitura de Manaus","potentialAction":[{"@type":"SearchAction","target":{"@type":"EntryPoint","urlTemplate":"https:\/\/www.manaus.am.gov.br\/manauscult\/?s={search_term_string}"},"query-input":"required name=search_term_string"}],"inLanguage":"pt-BR"},{"@type":"Person","@id":"https:\/\/www.manaus.am.gov.br\/manauscult\/#\/schema\/person\/587989a23a463cde5618e6a028977a9a","name":"Maur\u00edcio Freire","image":{"@type":"ImageObject","inLanguage":"pt-BR","@id":"https:\/\/www.manaus.am.gov.br\/manauscult\/#\/schema\/person\/image\/","url":"https:\/\/secure.gravatar.com\/avatar\/dc1481799a1f75c733ac3b2634cd6749?s=96&d=mm&r=g","contentUrl":"https:\/\/secure.gravatar.com\/avatar\/dc1481799a1f75c733ac3b2634cd6749?s=96&d=mm&r=g","caption":"Maur\u00edcio Freire"}}]}},"_links":{"self":[{"href":"https:\/\/www.manaus.am.gov.br\/manauscult\/wp-json\/wp\/v2\/posts\/1485"}],"collection":[{"href":"https:\/\/www.manaus.am.gov.br\/manauscult\/wp-json\/wp\/v2\/posts"}],"about":[{"href":"https:\/\/www.manaus.am.gov.br\/manauscult\/wp-json\/wp\/v2\/types\/post"}],"author":[{"embeddable":true,"href":"https:\/\/www.manaus.am.gov.br\/manauscult\/wp-json\/wp\/v2\/users\/25"}],"replies":[{"embeddable":true,"href":"https:\/\/www.manaus.am.gov.br\/manauscult\/wp-json\/wp\/v2\/comments?post=1485"}],"version-history":[{"count":0,"href":"https:\/\/www.manaus.am.gov.br\/manauscult\/wp-json\/wp\/v2\/posts\/1485\/revisions"}],"wp:featuredmedia":[{"embeddable":true,"href":"https:\/\/www.manaus.am.gov.br\/manauscult\/wp-json\/wp\/v2\/media\/1486"}],"wp:attachment":[{"href":"https:\/\/www.manaus.am.gov.br\/manauscult\/wp-json\/wp\/v2\/media?parent=1485"}],"wp:term":[{"taxonomy":"category","embeddable":true,"href":"https:\/\/www.manaus.am.gov.br\/manauscult\/wp-json\/wp\/v2\/categories?post=1485"},{"taxonomy":"post_tag","embeddable":true,"href":"https:\/\/www.manaus.am.gov.br\/manauscult\/wp-json\/wp\/v2\/tags?post=1485"}],"curies":[{"name":"wp","href":"https:\/\/api.w.org\/{rel}","templated":true}]}}