{"id":1483,"date":"2023-09-07T22:10:51","date_gmt":"2023-09-08T02:10:51","guid":{"rendered":"https:\/\/www.manaus.am.gov.br\/manauscult\/prefeito-destaca-tres-noites-historicas-do-soumanaus-2023-e-anuncia-edicao-maior-e-em-novas-datas-no-ano-que-vem\/"},"modified":"2023-09-07T22:10:51","modified_gmt":"2023-09-08T02:10:51","slug":"prefeito-destaca-tres-noites-historicas-do-soumanaus-2023-e-anuncia-edicao-maior-e-em-novas-datas-no-ano-que-vem","status":"publish","type":"post","link":"https:\/\/www.manaus.am.gov.br\/manauscult\/prefeito-destaca-tres-noites-historicas-do-soumanaus-2023-e-anuncia-edicao-maior-e-em-novas-datas-no-ano-que-vem\/","title":{"rendered":"<strong>Prefeito destaca tr\u00eas noites hist\u00f3ricas do #SouManaus 2023 e anuncia edi\u00e7\u00e3o maior e em novas datas no ano que vem<\/strong>"},"content":{"rendered":"\n<p>O prefeito de Manaus, David Almeida, enfatizou, durante a abertura oficial do terceiro dia do festival \u201c#SouManaus Passo a Pa\u00e7o 2023\u201d, realizado, nesta quinta-feira, 7\/9, a grandiosidade dos tr\u00eas dias do maior evento de artes integradas do Norte do Brasil e anunciou que em 2024 o festival ser\u00e1 ainda maior e em novas datas.<\/p>\n\n\n\n<p>De acordo com a Funda\u00e7\u00e3o Municipal de Cultura, Turismo e Eventos (Manauscult), nos dois primeiros dias, mais de 320 mil pessoas passaram pelo complexo de mais de 44 mil metros quadrados reservados para o #SouManaus 2023, no centro hist\u00f3rico. Esse grande comparecimento foi destacado pelo prefeito David Almeida.<\/p>\n\n\n\n<p>\u201cNoites memor\u00e1veis, noites hist\u00f3ricas. Hoje, estamos na expectativa de que o povo possa novamente comparecer e fazer uma bela festa. Lembrando que \u00e9 um evento realizado 85% com recursos privados, vamos enfatizar isso. O povo entendeu, um evento seguro. N\u00e3o tivemos uma intercorr\u00eancia de furtos, assaltos. N\u00e3o tivemos confus\u00f5es, brigas. O nosso controle de acesso foi perfeito\u201d, salientou Almeida.<\/p>\n\n\n\n<p>O chefe do Executivo municipal tamb\u00e9m aproveitou a oportunidade para adiantar que j\u00e1 existem muitos planos para a edi\u00e7\u00e3o de 2024 que ser\u00e1 ainda maior. Al\u00e9m da mudan\u00e7a do per\u00edodo de execu\u00e7\u00e3o para o final do m\u00eas de julho para aproveitar o alto n\u00edvel das \u00e1guas do rio Negro, David Almeida anunciou que a pr\u00f3xima edi\u00e7\u00e3o contar\u00e1 com tr\u00eas atra\u00e7\u00f5es do mesmo n\u00edvel do DJ franc\u00eas David Guetta.<\/p>\n\n\n\n<p>\u201cA execu\u00e7\u00e3o do plano foi exitosa e vou deixar um spoiller para a popula\u00e7\u00e3o j\u00e1 para o ano que vem. A popula\u00e7\u00e3o da cidade de Manaus merece os grandes eventos. N\u00f3s estamos prospectando coisas bem melhores como, por exemplo, essa noite gospel ficar\u00e1 restrita a um grande palco e n\u00f3s teremos tr\u00eas grandes atra\u00e7\u00f5es de n\u00edvel nacional e internacional como David Guetta sempre para que possamos premiar e brindar o povo da cidade de Manaus com o que h\u00e1 de melhor em cultura, arte, entretenimento e gastronomia\u201d, concluiu.<\/p>\n\n\n\n<p><strong>Emo\u00e7\u00e3o<\/strong><\/p>\n\n\n\n<p>Primeiro a se apresentar no palco Guardi\u00e3o da Floresta, o padre Duda se emocionou ao cantar pela primeira vez no #SouManaus. \u201cO convite foi muito bom, porque eu sempre participei como p\u00fablico, agora estou aqui trazendo um pouco do ritmo nordestino nas m\u00fasicas cat\u00f3licas e um pouco da nossa cultura do boi-bumb\u00e1. Al\u00e9m disso, o festival mexe com toda economia e com a energia do povo. Manaus mexe a sua grandeza. Esse lugar acolhedor, bonito que \u00e9 de Deus. Foi maravilhoso estar tocando nesse palco. Foi 10\u201d, disse.<\/p>\n\n\n\n<p>&#8212; &#8212; &#8212;<\/p>\n\n\n\n<p><strong>Texto <\/strong>\u2013 Thiago Fernando \/ Semcom<\/p>\n\n\n\n<p><strong>Fotos<\/strong> \u2013 Cl\u00f3vis Miranda \/ Semcom<\/p>\n\n\n\n<p><strong>Dispon\u00edveis em<\/strong> &#8211; <a href=\"https:\/\/flic.kr\/s\/aHBqjATTKL\">https:\/\/flic.kr\/s\/aHBqjATTKL<\/a><\/p>\n","protected":false},"excerpt":{"rendered":"","protected":false},"author":25,"featured_media":1484,"comment_status":"closed","ping_status":"closed","sticky":false,"template":"","format":"standard","meta":{"footnotes":""},"categories":[508],"tags":[67,279],"acf":[],"yoast_head":"<!-- This site is optimized with the Yoast SEO plugin v23.0 - https:\/\/yoast.com\/wordpress\/plugins\/seo\/ -->\n<title>Prefeito destaca tr\u00eas noites hist\u00f3ricas do #SouManaus 2023 e anuncia edi\u00e7\u00e3o maior e em novas datas no ano que vem<\/title>\n<meta name=\"description\" content=\"O prefeito de Manaus, David Almeida, enfatizou, durante a abertura oficial do terceiro dia do festival \u201c#SouManaus Passo a Pa\u00e7o 2023\u201d\" \/>\n<meta name=\"robots\" content=\"noindex, follow\" \/>\n<meta property=\"og:locale\" content=\"pt_BR\" \/>\n<meta property=\"og:type\" content=\"article\" \/>\n<meta property=\"og:title\" content=\"Prefeito destaca tr\u00eas noites hist\u00f3ricas do #SouManaus 2023 e anuncia edi\u00e7\u00e3o maior e em novas datas no ano que vem\" \/>\n<meta property=\"og:description\" content=\"O prefeito de Manaus, David Almeida, enfatizou, durante a abertura oficial do terceiro dia do festival \u201c#SouManaus Passo a Pa\u00e7o 2023\u201d\" \/>\n<meta property=\"og:url\" content=\"https:\/\/www.manaus.am.gov.br\/manauscult\/prefeito-destaca-tres-noites-historicas-do-soumanaus-2023-e-anuncia-edicao-maior-e-em-novas-datas-no-ano-que-vem\/\" \/>\n<meta property=\"og:site_name\" content=\"MANAUSCULT\" \/>\n<meta property=\"article:published_time\" content=\"2023-09-08T02:10:51+00:00\" \/>\n<meta property=\"og:image\" content=\"https:\/\/www.manaus.am.gov.br\/manauscult\/wp-content\/uploads\/sites\/11\/2023\/09\/53172020774_3ddba36a5f_c.jpg\" \/>\n\t<meta property=\"og:image:width\" content=\"799\" \/>\n\t<meta property=\"og:image:height\" content=\"533\" \/>\n\t<meta property=\"og:image:type\" content=\"image\/jpeg\" \/>\n<meta name=\"author\" content=\"Maur\u00edcio Freire\" \/>\n<meta name=\"twitter:card\" content=\"summary_large_image\" \/>\n<meta name=\"twitter:label1\" content=\"Written by\" \/>\n\t<meta name=\"twitter:data1\" content=\"Maur\u00edcio Freire\" \/>\n\t<meta name=\"twitter:label2\" content=\"Est. reading time\" \/>\n\t<meta name=\"twitter:data2\" content=\"3 minutos\" \/>\n<script type=\"application\/ld+json\" class=\"yoast-schema-graph\">{\"@context\":\"https:\/\/schema.org\",\"@graph\":[{\"@type\":\"WebPage\",\"@id\":\"https:\/\/www.manaus.am.gov.br\/manauscult\/prefeito-destaca-tres-noites-historicas-do-soumanaus-2023-e-anuncia-edicao-maior-e-em-novas-datas-no-ano-que-vem\/\",\"url\":\"https:\/\/www.manaus.am.gov.br\/manauscult\/prefeito-destaca-tres-noites-historicas-do-soumanaus-2023-e-anuncia-edicao-maior-e-em-novas-datas-no-ano-que-vem\/\",\"name\":\"Prefeito destaca tr\u00eas noites hist\u00f3ricas do #SouManaus 2023 e anuncia edi\u00e7\u00e3o maior e em novas datas no ano que vem\",\"isPartOf\":{\"@id\":\"https:\/\/www.manaus.am.gov.br\/manauscult\/#website\"},\"primaryImageOfPage\":{\"@id\":\"https:\/\/www.manaus.am.gov.br\/manauscult\/prefeito-destaca-tres-noites-historicas-do-soumanaus-2023-e-anuncia-edicao-maior-e-em-novas-datas-no-ano-que-vem\/#primaryimage\"},\"image\":{\"@id\":\"https:\/\/www.manaus.am.gov.br\/manauscult\/prefeito-destaca-tres-noites-historicas-do-soumanaus-2023-e-anuncia-edicao-maior-e-em-novas-datas-no-ano-que-vem\/#primaryimage\"},\"thumbnailUrl\":\"https:\/\/www.manaus.am.gov.br\/manauscult\/wp-content\/uploads\/sites\/11\/2023\/09\/53172020774_3ddba36a5f_c.jpg\",\"datePublished\":\"2023-09-08T02:10:51+00:00\",\"dateModified\":\"2023-09-08T02:10:51+00:00\",\"author\":{\"@id\":\"https:\/\/www.manaus.am.gov.br\/manauscult\/#\/schema\/person\/587989a23a463cde5618e6a028977a9a\"},\"description\":\"O prefeito de Manaus, David Almeida, enfatizou, durante a abertura oficial do terceiro dia do festival \u201c#SouManaus Passo a Pa\u00e7o 2023\u201d\",\"breadcrumb\":{\"@id\":\"https:\/\/www.manaus.am.gov.br\/manauscult\/prefeito-destaca-tres-noites-historicas-do-soumanaus-2023-e-anuncia-edicao-maior-e-em-novas-datas-no-ano-que-vem\/#breadcrumb\"},\"inLanguage\":\"pt-BR\",\"potentialAction\":[{\"@type\":\"ReadAction\",\"target\":[\"https:\/\/www.manaus.am.gov.br\/manauscult\/prefeito-destaca-tres-noites-historicas-do-soumanaus-2023-e-anuncia-edicao-maior-e-em-novas-datas-no-ano-que-vem\/\"]}]},{\"@type\":\"ImageObject\",\"inLanguage\":\"pt-BR\",\"@id\":\"https:\/\/www.manaus.am.gov.br\/manauscult\/prefeito-destaca-tres-noites-historicas-do-soumanaus-2023-e-anuncia-edicao-maior-e-em-novas-datas-no-ano-que-vem\/#primaryimage\",\"url\":\"https:\/\/www.manaus.am.gov.br\/manauscult\/wp-content\/uploads\/sites\/11\/2023\/09\/53172020774_3ddba36a5f_c.jpg\",\"contentUrl\":\"https:\/\/www.manaus.am.gov.br\/manauscult\/wp-content\/uploads\/sites\/11\/2023\/09\/53172020774_3ddba36a5f_c.jpg\",\"width\":799,\"height\":533},{\"@type\":\"BreadcrumbList\",\"@id\":\"https:\/\/www.manaus.am.gov.br\/manauscult\/prefeito-destaca-tres-noites-historicas-do-soumanaus-2023-e-anuncia-edicao-maior-e-em-novas-datas-no-ano-que-vem\/#breadcrumb\",\"itemListElement\":[{\"@type\":\"ListItem\",\"position\":1,\"name\":\"Home\",\"item\":\"https:\/\/www.manaus.am.gov.br\/manauscult\/\"},{\"@type\":\"ListItem\",\"position\":2,\"name\":\"Prefeito destaca tr\u00eas noites hist\u00f3ricas do #SouManaus 2023 e anuncia edi\u00e7\u00e3o maior e em novas datas no ano que vem\"}]},{\"@type\":\"WebSite\",\"@id\":\"https:\/\/www.manaus.am.gov.br\/manauscult\/#website\",\"url\":\"https:\/\/www.manaus.am.gov.br\/manauscult\/\",\"name\":\"MANAUSCULT\",\"description\":\"Prefeitura de Manaus\",\"potentialAction\":[{\"@type\":\"SearchAction\",\"target\":{\"@type\":\"EntryPoint\",\"urlTemplate\":\"https:\/\/www.manaus.am.gov.br\/manauscult\/?s={search_term_string}\"},\"query-input\":\"required name=search_term_string\"}],\"inLanguage\":\"pt-BR\"},{\"@type\":\"Person\",\"@id\":\"https:\/\/www.manaus.am.gov.br\/manauscult\/#\/schema\/person\/587989a23a463cde5618e6a028977a9a\",\"name\":\"Maur\u00edcio Freire\",\"image\":{\"@type\":\"ImageObject\",\"inLanguage\":\"pt-BR\",\"@id\":\"https:\/\/www.manaus.am.gov.br\/manauscult\/#\/schema\/person\/image\/\",\"url\":\"https:\/\/secure.gravatar.com\/avatar\/dc1481799a1f75c733ac3b2634cd6749?s=96&d=mm&r=g\",\"contentUrl\":\"https:\/\/secure.gravatar.com\/avatar\/dc1481799a1f75c733ac3b2634cd6749?s=96&d=mm&r=g\",\"caption\":\"Maur\u00edcio Freire\"}}]}<\/script>\n<!-- \/ Yoast SEO plugin. -->","yoast_head_json":{"title":"Prefeito destaca tr\u00eas noites hist\u00f3ricas do #SouManaus 2023 e anuncia edi\u00e7\u00e3o maior e em novas datas no ano que vem","description":"O prefeito de Manaus, David Almeida, enfatizou, durante a abertura oficial do terceiro dia do festival \u201c#SouManaus Passo a Pa\u00e7o 2023\u201d","robots":{"index":"noindex","follow":"follow"},"og_locale":"pt_BR","og_type":"article","og_title":"Prefeito destaca tr\u00eas noites hist\u00f3ricas do #SouManaus 2023 e anuncia edi\u00e7\u00e3o maior e em novas datas no ano que vem","og_description":"O prefeito de Manaus, David Almeida, enfatizou, durante a abertura oficial do terceiro dia do festival \u201c#SouManaus Passo a Pa\u00e7o 2023\u201d","og_url":"https:\/\/www.manaus.am.gov.br\/manauscult\/prefeito-destaca-tres-noites-historicas-do-soumanaus-2023-e-anuncia-edicao-maior-e-em-novas-datas-no-ano-que-vem\/","og_site_name":"MANAUSCULT","article_published_time":"2023-09-08T02:10:51+00:00","og_image":[{"width":799,"height":533,"url":"https:\/\/www.manaus.am.gov.br\/manauscult\/wp-content\/uploads\/sites\/11\/2023\/09\/53172020774_3ddba36a5f_c.jpg","type":"image\/jpeg"}],"author":"Maur\u00edcio Freire","twitter_card":"summary_large_image","twitter_misc":{"Written by":"Maur\u00edcio Freire","Est. reading time":"3 minutos"},"schema":{"@context":"https:\/\/schema.org","@graph":[{"@type":"WebPage","@id":"https:\/\/www.manaus.am.gov.br\/manauscult\/prefeito-destaca-tres-noites-historicas-do-soumanaus-2023-e-anuncia-edicao-maior-e-em-novas-datas-no-ano-que-vem\/","url":"https:\/\/www.manaus.am.gov.br\/manauscult\/prefeito-destaca-tres-noites-historicas-do-soumanaus-2023-e-anuncia-edicao-maior-e-em-novas-datas-no-ano-que-vem\/","name":"Prefeito destaca tr\u00eas noites hist\u00f3ricas do #SouManaus 2023 e anuncia edi\u00e7\u00e3o maior e em novas datas no ano que vem","isPartOf":{"@id":"https:\/\/www.manaus.am.gov.br\/manauscult\/#website"},"primaryImageOfPage":{"@id":"https:\/\/www.manaus.am.gov.br\/manauscult\/prefeito-destaca-tres-noites-historicas-do-soumanaus-2023-e-anuncia-edicao-maior-e-em-novas-datas-no-ano-que-vem\/#primaryimage"},"image":{"@id":"https:\/\/www.manaus.am.gov.br\/manauscult\/prefeito-destaca-tres-noites-historicas-do-soumanaus-2023-e-anuncia-edicao-maior-e-em-novas-datas-no-ano-que-vem\/#primaryimage"},"thumbnailUrl":"https:\/\/www.manaus.am.gov.br\/manauscult\/wp-content\/uploads\/sites\/11\/2023\/09\/53172020774_3ddba36a5f_c.jpg","datePublished":"2023-09-08T02:10:51+00:00","dateModified":"2023-09-08T02:10:51+00:00","author":{"@id":"https:\/\/www.manaus.am.gov.br\/manauscult\/#\/schema\/person\/587989a23a463cde5618e6a028977a9a"},"description":"O prefeito de Manaus, David Almeida, enfatizou, durante a abertura oficial do terceiro dia do festival \u201c#SouManaus Passo a Pa\u00e7o 2023\u201d","breadcrumb":{"@id":"https:\/\/www.manaus.am.gov.br\/manauscult\/prefeito-destaca-tres-noites-historicas-do-soumanaus-2023-e-anuncia-edicao-maior-e-em-novas-datas-no-ano-que-vem\/#breadcrumb"},"inLanguage":"pt-BR","potentialAction":[{"@type":"ReadAction","target":["https:\/\/www.manaus.am.gov.br\/manauscult\/prefeito-destaca-tres-noites-historicas-do-soumanaus-2023-e-anuncia-edicao-maior-e-em-novas-datas-no-ano-que-vem\/"]}]},{"@type":"ImageObject","inLanguage":"pt-BR","@id":"https:\/\/www.manaus.am.gov.br\/manauscult\/prefeito-destaca-tres-noites-historicas-do-soumanaus-2023-e-anuncia-edicao-maior-e-em-novas-datas-no-ano-que-vem\/#primaryimage","url":"https:\/\/www.manaus.am.gov.br\/manauscult\/wp-content\/uploads\/sites\/11\/2023\/09\/53172020774_3ddba36a5f_c.jpg","contentUrl":"https:\/\/www.manaus.am.gov.br\/manauscult\/wp-content\/uploads\/sites\/11\/2023\/09\/53172020774_3ddba36a5f_c.jpg","width":799,"height":533},{"@type":"BreadcrumbList","@id":"https:\/\/www.manaus.am.gov.br\/manauscult\/prefeito-destaca-tres-noites-historicas-do-soumanaus-2023-e-anuncia-edicao-maior-e-em-novas-datas-no-ano-que-vem\/#breadcrumb","itemListElement":[{"@type":"ListItem","position":1,"name":"Home","item":"https:\/\/www.manaus.am.gov.br\/manauscult\/"},{"@type":"ListItem","position":2,"name":"Prefeito destaca tr\u00eas noites hist\u00f3ricas do #SouManaus 2023 e anuncia edi\u00e7\u00e3o maior e em novas datas no ano que vem"}]},{"@type":"WebSite","@id":"https:\/\/www.manaus.am.gov.br\/manauscult\/#website","url":"https:\/\/www.manaus.am.gov.br\/manauscult\/","name":"MANAUSCULT","description":"Prefeitura de Manaus","potentialAction":[{"@type":"SearchAction","target":{"@type":"EntryPoint","urlTemplate":"https:\/\/www.manaus.am.gov.br\/manauscult\/?s={search_term_string}"},"query-input":"required name=search_term_string"}],"inLanguage":"pt-BR"},{"@type":"Person","@id":"https:\/\/www.manaus.am.gov.br\/manauscult\/#\/schema\/person\/587989a23a463cde5618e6a028977a9a","name":"Maur\u00edcio Freire","image":{"@type":"ImageObject","inLanguage":"pt-BR","@id":"https:\/\/www.manaus.am.gov.br\/manauscult\/#\/schema\/person\/image\/","url":"https:\/\/secure.gravatar.com\/avatar\/dc1481799a1f75c733ac3b2634cd6749?s=96&d=mm&r=g","contentUrl":"https:\/\/secure.gravatar.com\/avatar\/dc1481799a1f75c733ac3b2634cd6749?s=96&d=mm&r=g","caption":"Maur\u00edcio Freire"}}]}},"_links":{"self":[{"href":"https:\/\/www.manaus.am.gov.br\/manauscult\/wp-json\/wp\/v2\/posts\/1483"}],"collection":[{"href":"https:\/\/www.manaus.am.gov.br\/manauscult\/wp-json\/wp\/v2\/posts"}],"about":[{"href":"https:\/\/www.manaus.am.gov.br\/manauscult\/wp-json\/wp\/v2\/types\/post"}],"author":[{"embeddable":true,"href":"https:\/\/www.manaus.am.gov.br\/manauscult\/wp-json\/wp\/v2\/users\/25"}],"replies":[{"embeddable":true,"href":"https:\/\/www.manaus.am.gov.br\/manauscult\/wp-json\/wp\/v2\/comments?post=1483"}],"version-history":[{"count":0,"href":"https:\/\/www.manaus.am.gov.br\/manauscult\/wp-json\/wp\/v2\/posts\/1483\/revisions"}],"wp:featuredmedia":[{"embeddable":true,"href":"https:\/\/www.manaus.am.gov.br\/manauscult\/wp-json\/wp\/v2\/media\/1484"}],"wp:attachment":[{"href":"https:\/\/www.manaus.am.gov.br\/manauscult\/wp-json\/wp\/v2\/media?parent=1483"}],"wp:term":[{"taxonomy":"category","embeddable":true,"href":"https:\/\/www.manaus.am.gov.br\/manauscult\/wp-json\/wp\/v2\/categories?post=1483"},{"taxonomy":"post_tag","embeddable":true,"href":"https:\/\/www.manaus.am.gov.br\/manauscult\/wp-json\/wp\/v2\/tags?post=1483"}],"curies":[{"name":"wp","href":"https:\/\/api.w.org\/{rel}","templated":true}]}}