{"id":1481,"date":"2023-09-07T22:07:25","date_gmt":"2023-09-08T02:07:25","guid":{"rendered":"https:\/\/www.manaus.am.gov.br\/manauscult\/fieis-curtem-programacao-religiosa-no-ultimo-dia-de-soumanaus\/"},"modified":"2023-09-07T22:07:26","modified_gmt":"2023-09-08T02:07:26","slug":"fieis-curtem-programacao-religiosa-no-ultimo-dia-de-soumanaus","status":"publish","type":"post","link":"https:\/\/www.manaus.am.gov.br\/manauscult\/fieis-curtem-programacao-religiosa-no-ultimo-dia-de-soumanaus\/","title":{"rendered":"<strong>Fi\u00e9is curtem programa\u00e7\u00e3o religiosa no \u00faltimo dia de #SouManaus<\/strong>"},"content":{"rendered":"\n<p>Com uma programa\u00e7\u00e3o musical religiosa, a terceira e \u00faltima noite do \u201c#SouManaus Passo a Pa\u00e7o 2023\u201d reuniu, nesta quinta-feira, 7\/9, milhares de fi\u00e9is, tomados por muita emo\u00e7\u00e3o.<\/p>\n\n\n\n<p>A manicure Jeane Felix, 54, confidenciou que espera receber a cura de um problema de sa\u00fade com a prega\u00e7\u00e3o do Padre F\u00e1bio de Melo, uma das atra\u00e7\u00f5es do encerramento do festival, promovido pela Prefeitura de Manaus.<\/p>\n\n\n\n<p>O religioso subiu ao palco principal do evento, o Bradesco &#8211; Guardi\u00e3o da Amaz\u00f4nia \u00e0s 19h28. No repert\u00f3rio, al\u00e9m de can\u00e7\u00f5es cat\u00f3licas, o artista emocionou o p\u00fablico com os hits \u201cT\u00e1 Escrito\u201d, \u201cClareou\u201d, \u201cConselho\u201d e \u201cTrem-Bala\u201d.<\/p>\n\n\n\n<p>\u201cEstou muito feliz em estar aqui. A Prefeitura de Manaus nos presenteou com essa programa\u00e7\u00e3o especial. Tinha muita vontade de assistir a uma apresenta\u00e7\u00e3o do Padre F\u00e1bio de Melo e hoje estou tendo essa oportunidade, gratuitamente\u201d, declarou Felix.<\/p>\n\n\n\n<p>Para a dom\u00e9stica Maria Tereza, 59, a experi\u00eancia est\u00e1 sendo maravilhosa. \u201cAno passado vim ver o padre Ant\u00f4nio Maria. Neste ano, o padre F\u00e1bio de Melo. Estou achando muito bonito e organizado. Muita gente n\u00e3o tem condi\u00e7\u00f5es de pagar para assistir esses artistas, ent\u00e3o o prefeito David Almeida est\u00e1 de parab\u00e9ns, por proporcionar isso para a gente\u201d, disse.<\/p>\n\n\n\n<p>Al\u00e9m de Padre F\u00e1bio de Melo, a terceira e \u00faltima noite do #SouManaus Passo a Pa\u00e7o tem, na programa\u00e7\u00e3o, as apresenta\u00e7\u00f5es da influenciadora digital, cantora e compositora de m\u00fasica crist\u00e3 contempor\u00e2nea Isadora Pompeo&nbsp; e do cantor e compositor Israel Salazar.<\/p>\n\n\n\n<p>O #SouManaus surgiu com o prop\u00f3sito de reavivar e valorizar o Pa\u00e7o da Liberdade, al\u00e9m de valorizar e ressignificar o espa\u00e7o onde nasceu Manaus: \u00e0s margens do rio Negro.<\/p>\n\n\n\n<p>Um festival que cresceu exponencialmente. E, neste ano, j\u00e1 na primeira noite, reuniu, de forma rotativa, p\u00fablico estimado em 170 mil pessoas.<\/p>\n\n\n\n<p>&#8212; &#8212; &#8212;<\/p>\n\n\n\n<p><strong>Texto<\/strong>&nbsp;&#8211; Geanne Fernandes \/Semcom<\/p>\n\n\n\n<p><strong>Foto<\/strong>&nbsp;&#8211; Cl\u00f3vis Miranda \/Semcom<\/p>\n","protected":false},"excerpt":{"rendered":"","protected":false},"author":23,"featured_media":1482,"comment_status":"closed","ping_status":"closed","sticky":false,"template":"","format":"standard","meta":{"footnotes":""},"categories":[508],"tags":[183,11,654,574],"acf":[],"yoast_head":"<!-- This site is optimized with the Yoast SEO plugin v23.0 - https:\/\/yoast.com\/wordpress\/plugins\/seo\/ -->\n<title>Fi\u00e9is curtem programa\u00e7\u00e3o religiosa no \u00faltimo dia de #SouManaus<\/title>\n<meta name=\"description\" content=\"Com uma programa\u00e7\u00e3o musical religiosa, a terceira e \u00faltima noite do \u201c#SouManaus Passo a Pa\u00e7o 2023\u201d reuniu, nesta quinta-feira, 7\/9, milhares de fi\u00e9is, tomados por muita emo\u00e7\u00e3o.\" \/>\n<meta name=\"robots\" content=\"noindex, follow\" \/>\n<meta property=\"og:locale\" content=\"pt_BR\" \/>\n<meta property=\"og:type\" content=\"article\" \/>\n<meta property=\"og:title\" content=\"Fi\u00e9is curtem programa\u00e7\u00e3o religiosa no \u00faltimo dia de #SouManaus\" \/>\n<meta property=\"og:description\" content=\"Com uma programa\u00e7\u00e3o musical religiosa, a terceira e \u00faltima noite do \u201c#SouManaus Passo a Pa\u00e7o 2023\u201d reuniu, nesta quinta-feira, 7\/9, milhares de fi\u00e9is, tomados por muita emo\u00e7\u00e3o.\" \/>\n<meta property=\"og:url\" content=\"https:\/\/www.manaus.am.gov.br\/manauscult\/fieis-curtem-programacao-religiosa-no-ultimo-dia-de-soumanaus\/\" \/>\n<meta property=\"og:site_name\" content=\"MANAUSCULT\" \/>\n<meta property=\"article:published_time\" content=\"2023-09-08T02:07:25+00:00\" \/>\n<meta property=\"article:modified_time\" content=\"2023-09-08T02:07:26+00:00\" \/>\n<meta property=\"og:image\" content=\"https:\/\/www.manaus.am.gov.br\/manauscult\/wp-content\/uploads\/sites\/11\/2023\/09\/WhatsApp-Image-2023-09-07-at-21.22.28.jpeg\" \/>\n\t<meta property=\"og:image:width\" content=\"1280\" \/>\n\t<meta property=\"og:image:height\" content=\"853\" \/>\n\t<meta property=\"og:image:type\" content=\"image\/jpeg\" \/>\n<meta name=\"author\" content=\"Adriana Costa\" \/>\n<meta name=\"twitter:card\" content=\"summary_large_image\" \/>\n<meta name=\"twitter:label1\" content=\"Written by\" \/>\n\t<meta name=\"twitter:data1\" content=\"Adriana Costa\" \/>\n\t<meta name=\"twitter:label2\" content=\"Est. reading time\" \/>\n\t<meta name=\"twitter:data2\" content=\"2 minutos\" \/>\n<script type=\"application\/ld+json\" class=\"yoast-schema-graph\">{\"@context\":\"https:\/\/schema.org\",\"@graph\":[{\"@type\":\"WebPage\",\"@id\":\"https:\/\/www.manaus.am.gov.br\/manauscult\/fieis-curtem-programacao-religiosa-no-ultimo-dia-de-soumanaus\/\",\"url\":\"https:\/\/www.manaus.am.gov.br\/manauscult\/fieis-curtem-programacao-religiosa-no-ultimo-dia-de-soumanaus\/\",\"name\":\"Fi\u00e9is curtem programa\u00e7\u00e3o religiosa no \u00faltimo dia de #SouManaus\",\"isPartOf\":{\"@id\":\"https:\/\/www.manaus.am.gov.br\/manauscult\/#website\"},\"primaryImageOfPage\":{\"@id\":\"https:\/\/www.manaus.am.gov.br\/manauscult\/fieis-curtem-programacao-religiosa-no-ultimo-dia-de-soumanaus\/#primaryimage\"},\"image\":{\"@id\":\"https:\/\/www.manaus.am.gov.br\/manauscult\/fieis-curtem-programacao-religiosa-no-ultimo-dia-de-soumanaus\/#primaryimage\"},\"thumbnailUrl\":\"https:\/\/www.manaus.am.gov.br\/manauscult\/wp-content\/uploads\/sites\/11\/2023\/09\/WhatsApp-Image-2023-09-07-at-21.22.28.jpeg\",\"datePublished\":\"2023-09-08T02:07:25+00:00\",\"dateModified\":\"2023-09-08T02:07:26+00:00\",\"author\":{\"@id\":\"https:\/\/www.manaus.am.gov.br\/manauscult\/#\/schema\/person\/4e49f4e267757a06ca072ec61b2b9968\"},\"description\":\"Com uma programa\u00e7\u00e3o musical religiosa, a terceira e \u00faltima noite do \u201c#SouManaus Passo a Pa\u00e7o 2023\u201d reuniu, nesta quinta-feira, 7\/9, milhares de fi\u00e9is, tomados por muita emo\u00e7\u00e3o.\",\"breadcrumb\":{\"@id\":\"https:\/\/www.manaus.am.gov.br\/manauscult\/fieis-curtem-programacao-religiosa-no-ultimo-dia-de-soumanaus\/#breadcrumb\"},\"inLanguage\":\"pt-BR\",\"potentialAction\":[{\"@type\":\"ReadAction\",\"target\":[\"https:\/\/www.manaus.am.gov.br\/manauscult\/fieis-curtem-programacao-religiosa-no-ultimo-dia-de-soumanaus\/\"]}]},{\"@type\":\"ImageObject\",\"inLanguage\":\"pt-BR\",\"@id\":\"https:\/\/www.manaus.am.gov.br\/manauscult\/fieis-curtem-programacao-religiosa-no-ultimo-dia-de-soumanaus\/#primaryimage\",\"url\":\"https:\/\/www.manaus.am.gov.br\/manauscult\/wp-content\/uploads\/sites\/11\/2023\/09\/WhatsApp-Image-2023-09-07-at-21.22.28.jpeg\",\"contentUrl\":\"https:\/\/www.manaus.am.gov.br\/manauscult\/wp-content\/uploads\/sites\/11\/2023\/09\/WhatsApp-Image-2023-09-07-at-21.22.28.jpeg\",\"width\":1280,\"height\":853},{\"@type\":\"BreadcrumbList\",\"@id\":\"https:\/\/www.manaus.am.gov.br\/manauscult\/fieis-curtem-programacao-religiosa-no-ultimo-dia-de-soumanaus\/#breadcrumb\",\"itemListElement\":[{\"@type\":\"ListItem\",\"position\":1,\"name\":\"Home\",\"item\":\"https:\/\/www.manaus.am.gov.br\/manauscult\/\"},{\"@type\":\"ListItem\",\"position\":2,\"name\":\"Fi\u00e9is curtem programa\u00e7\u00e3o religiosa no \u00faltimo dia de #SouManaus\"}]},{\"@type\":\"WebSite\",\"@id\":\"https:\/\/www.manaus.am.gov.br\/manauscult\/#website\",\"url\":\"https:\/\/www.manaus.am.gov.br\/manauscult\/\",\"name\":\"MANAUSCULT\",\"description\":\"Prefeitura de Manaus\",\"potentialAction\":[{\"@type\":\"SearchAction\",\"target\":{\"@type\":\"EntryPoint\",\"urlTemplate\":\"https:\/\/www.manaus.am.gov.br\/manauscult\/?s={search_term_string}\"},\"query-input\":\"required name=search_term_string\"}],\"inLanguage\":\"pt-BR\"},{\"@type\":\"Person\",\"@id\":\"https:\/\/www.manaus.am.gov.br\/manauscult\/#\/schema\/person\/4e49f4e267757a06ca072ec61b2b9968\",\"name\":\"Adriana Costa\",\"image\":{\"@type\":\"ImageObject\",\"inLanguage\":\"pt-BR\",\"@id\":\"https:\/\/www.manaus.am.gov.br\/manauscult\/#\/schema\/person\/image\/\",\"url\":\"https:\/\/secure.gravatar.com\/avatar\/576258617ef7194f718179e766d57bd4?s=96&d=mm&r=g\",\"contentUrl\":\"https:\/\/secure.gravatar.com\/avatar\/576258617ef7194f718179e766d57bd4?s=96&d=mm&r=g\",\"caption\":\"Adriana Costa\"}}]}<\/script>\n<!-- \/ Yoast SEO plugin. -->","yoast_head_json":{"title":"Fi\u00e9is curtem programa\u00e7\u00e3o religiosa no \u00faltimo dia de #SouManaus","description":"Com uma programa\u00e7\u00e3o musical religiosa, a terceira e \u00faltima noite do \u201c#SouManaus Passo a Pa\u00e7o 2023\u201d reuniu, nesta quinta-feira, 7\/9, milhares de fi\u00e9is, tomados por muita emo\u00e7\u00e3o.","robots":{"index":"noindex","follow":"follow"},"og_locale":"pt_BR","og_type":"article","og_title":"Fi\u00e9is curtem programa\u00e7\u00e3o religiosa no \u00faltimo dia de #SouManaus","og_description":"Com uma programa\u00e7\u00e3o musical religiosa, a terceira e \u00faltima noite do \u201c#SouManaus Passo a Pa\u00e7o 2023\u201d reuniu, nesta quinta-feira, 7\/9, milhares de fi\u00e9is, tomados por muita emo\u00e7\u00e3o.","og_url":"https:\/\/www.manaus.am.gov.br\/manauscult\/fieis-curtem-programacao-religiosa-no-ultimo-dia-de-soumanaus\/","og_site_name":"MANAUSCULT","article_published_time":"2023-09-08T02:07:25+00:00","article_modified_time":"2023-09-08T02:07:26+00:00","og_image":[{"width":1280,"height":853,"url":"https:\/\/www.manaus.am.gov.br\/manauscult\/wp-content\/uploads\/sites\/11\/2023\/09\/WhatsApp-Image-2023-09-07-at-21.22.28.jpeg","type":"image\/jpeg"}],"author":"Adriana Costa","twitter_card":"summary_large_image","twitter_misc":{"Written by":"Adriana Costa","Est. reading time":"2 minutos"},"schema":{"@context":"https:\/\/schema.org","@graph":[{"@type":"WebPage","@id":"https:\/\/www.manaus.am.gov.br\/manauscult\/fieis-curtem-programacao-religiosa-no-ultimo-dia-de-soumanaus\/","url":"https:\/\/www.manaus.am.gov.br\/manauscult\/fieis-curtem-programacao-religiosa-no-ultimo-dia-de-soumanaus\/","name":"Fi\u00e9is curtem programa\u00e7\u00e3o religiosa no \u00faltimo dia de #SouManaus","isPartOf":{"@id":"https:\/\/www.manaus.am.gov.br\/manauscult\/#website"},"primaryImageOfPage":{"@id":"https:\/\/www.manaus.am.gov.br\/manauscult\/fieis-curtem-programacao-religiosa-no-ultimo-dia-de-soumanaus\/#primaryimage"},"image":{"@id":"https:\/\/www.manaus.am.gov.br\/manauscult\/fieis-curtem-programacao-religiosa-no-ultimo-dia-de-soumanaus\/#primaryimage"},"thumbnailUrl":"https:\/\/www.manaus.am.gov.br\/manauscult\/wp-content\/uploads\/sites\/11\/2023\/09\/WhatsApp-Image-2023-09-07-at-21.22.28.jpeg","datePublished":"2023-09-08T02:07:25+00:00","dateModified":"2023-09-08T02:07:26+00:00","author":{"@id":"https:\/\/www.manaus.am.gov.br\/manauscult\/#\/schema\/person\/4e49f4e267757a06ca072ec61b2b9968"},"description":"Com uma programa\u00e7\u00e3o musical religiosa, a terceira e \u00faltima noite do \u201c#SouManaus Passo a Pa\u00e7o 2023\u201d reuniu, nesta quinta-feira, 7\/9, milhares de fi\u00e9is, tomados por muita emo\u00e7\u00e3o.","breadcrumb":{"@id":"https:\/\/www.manaus.am.gov.br\/manauscult\/fieis-curtem-programacao-religiosa-no-ultimo-dia-de-soumanaus\/#breadcrumb"},"inLanguage":"pt-BR","potentialAction":[{"@type":"ReadAction","target":["https:\/\/www.manaus.am.gov.br\/manauscult\/fieis-curtem-programacao-religiosa-no-ultimo-dia-de-soumanaus\/"]}]},{"@type":"ImageObject","inLanguage":"pt-BR","@id":"https:\/\/www.manaus.am.gov.br\/manauscult\/fieis-curtem-programacao-religiosa-no-ultimo-dia-de-soumanaus\/#primaryimage","url":"https:\/\/www.manaus.am.gov.br\/manauscult\/wp-content\/uploads\/sites\/11\/2023\/09\/WhatsApp-Image-2023-09-07-at-21.22.28.jpeg","contentUrl":"https:\/\/www.manaus.am.gov.br\/manauscult\/wp-content\/uploads\/sites\/11\/2023\/09\/WhatsApp-Image-2023-09-07-at-21.22.28.jpeg","width":1280,"height":853},{"@type":"BreadcrumbList","@id":"https:\/\/www.manaus.am.gov.br\/manauscult\/fieis-curtem-programacao-religiosa-no-ultimo-dia-de-soumanaus\/#breadcrumb","itemListElement":[{"@type":"ListItem","position":1,"name":"Home","item":"https:\/\/www.manaus.am.gov.br\/manauscult\/"},{"@type":"ListItem","position":2,"name":"Fi\u00e9is curtem programa\u00e7\u00e3o religiosa no \u00faltimo dia de #SouManaus"}]},{"@type":"WebSite","@id":"https:\/\/www.manaus.am.gov.br\/manauscult\/#website","url":"https:\/\/www.manaus.am.gov.br\/manauscult\/","name":"MANAUSCULT","description":"Prefeitura de Manaus","potentialAction":[{"@type":"SearchAction","target":{"@type":"EntryPoint","urlTemplate":"https:\/\/www.manaus.am.gov.br\/manauscult\/?s={search_term_string}"},"query-input":"required name=search_term_string"}],"inLanguage":"pt-BR"},{"@type":"Person","@id":"https:\/\/www.manaus.am.gov.br\/manauscult\/#\/schema\/person\/4e49f4e267757a06ca072ec61b2b9968","name":"Adriana Costa","image":{"@type":"ImageObject","inLanguage":"pt-BR","@id":"https:\/\/www.manaus.am.gov.br\/manauscult\/#\/schema\/person\/image\/","url":"https:\/\/secure.gravatar.com\/avatar\/576258617ef7194f718179e766d57bd4?s=96&d=mm&r=g","contentUrl":"https:\/\/secure.gravatar.com\/avatar\/576258617ef7194f718179e766d57bd4?s=96&d=mm&r=g","caption":"Adriana Costa"}}]}},"_links":{"self":[{"href":"https:\/\/www.manaus.am.gov.br\/manauscult\/wp-json\/wp\/v2\/posts\/1481"}],"collection":[{"href":"https:\/\/www.manaus.am.gov.br\/manauscult\/wp-json\/wp\/v2\/posts"}],"about":[{"href":"https:\/\/www.manaus.am.gov.br\/manauscult\/wp-json\/wp\/v2\/types\/post"}],"author":[{"embeddable":true,"href":"https:\/\/www.manaus.am.gov.br\/manauscult\/wp-json\/wp\/v2\/users\/23"}],"replies":[{"embeddable":true,"href":"https:\/\/www.manaus.am.gov.br\/manauscult\/wp-json\/wp\/v2\/comments?post=1481"}],"version-history":[{"count":0,"href":"https:\/\/www.manaus.am.gov.br\/manauscult\/wp-json\/wp\/v2\/posts\/1481\/revisions"}],"wp:featuredmedia":[{"embeddable":true,"href":"https:\/\/www.manaus.am.gov.br\/manauscult\/wp-json\/wp\/v2\/media\/1482"}],"wp:attachment":[{"href":"https:\/\/www.manaus.am.gov.br\/manauscult\/wp-json\/wp\/v2\/media?parent=1481"}],"wp:term":[{"taxonomy":"category","embeddable":true,"href":"https:\/\/www.manaus.am.gov.br\/manauscult\/wp-json\/wp\/v2\/categories?post=1481"},{"taxonomy":"post_tag","embeddable":true,"href":"https:\/\/www.manaus.am.gov.br\/manauscult\/wp-json\/wp\/v2\/tags?post=1481"}],"curies":[{"name":"wp","href":"https:\/\/api.w.org\/{rel}","templated":true}]}}