{"id":1479,"date":"2023-09-07T21:42:02","date_gmt":"2023-09-08T01:42:02","guid":{"rendered":"https:\/\/www.manaus.am.gov.br\/manauscult\/ultimo-dia-de-festival-soumanaus-oferece-delicias-regionais-com-precos-atrativos\/"},"modified":"2023-09-07T21:42:04","modified_gmt":"2023-09-08T01:42:04","slug":"ultimo-dia-de-festival-soumanaus-oferece-delicias-regionais-com-precos-atrativos","status":"publish","type":"post","link":"https:\/\/www.manaus.am.gov.br\/manauscult\/ultimo-dia-de-festival-soumanaus-oferece-delicias-regionais-com-precos-atrativos\/","title":{"rendered":"<strong>\u00daltimo dia de festival #SouManaus oferece del\u00edcias regionais com pre\u00e7os atrativos<\/strong>"},"content":{"rendered":"\n<p>O festival \u201c#SouManaus Passo a Pa\u00e7o 2023\u201d chega ao fim, nesta quinta-feira, 7\/9, com mais uma edi\u00e7\u00e3o memor\u00e1vel de arte e cultura integradas, composta por tr\u00eas dias repletos de atra\u00e7\u00f5es regionais, nacionais e at\u00e9 internacional. Al\u00e9m da vasta programa\u00e7\u00e3o art\u00edstica, um dos grandes destaques do evento \u00e9 a sua feira gastron\u00f4mica, localizada pr\u00f3xima \u00e0 pra\u00e7a Dom Pedro 2\u00b0, encantando paladares e explorando os sabores aut\u00eanticos da regi\u00e3o amaz\u00f4nica.<\/p>\n\n\n\n<p>A feira gastron\u00f4mica do #SouManaus \u00e9 uma celebra\u00e7\u00e3o da riqueza gastron\u00f4mica do Amazonas e do Brasil. Os visitantes t\u00eam a oportunidade de degustar dos pratos t\u00edpicos da regi\u00e3o, lanches saborosos, guloseimas irresist\u00edveis e uma ampla variedade de comidas de festival que agradam a todos os gostos.<\/p>\n\n\n\n<p>Os alimentos na feira s\u00e3o adquiridos diretamente nas barracas, proporcionando uma experi\u00eancia \u00fanica de conex\u00e3o com os&nbsp;<em>chefs<\/em>&nbsp;e empreendedores locais.<\/p>\n\n\n\n<p>\u201cEsta \u00e9 a nossa segunda vez aqui no festival, a primeira como barraca. A experi\u00eancia est\u00e1 sendo \u00f3tima, as vendas no segundo e terceiro dia est\u00e3o sendo muito boas\u201d, contou Carina Cerqueira, 27 anos, vendedora da Candyman Doces.<\/p>\n\n\n\n<p>Uma das atra\u00e7\u00f5es imperd\u00edveis da feira gastron\u00f4mica \u00e9 a possibilidade de degustar diferentes pratos da culin\u00e1ria local. Desde os sabores intensos do tucum\u00e3 at\u00e9 os peixes frescos da regi\u00e3o, cada prato \u00e9 uma jornada de descoberta sensorial que reflete a diversidade da Amaz\u00f4nia.<\/p>\n\n\n\n<p>\u201cO espa\u00e7o gastron\u00f4mico oferece uma grande variedade para todos os gostos; o que provamos at\u00e9 agora est\u00e1 muito bom e tem sido muito proveitoso\u201d, relatou La\u00eds Andrade, 25 anos, estudante.<\/p>\n\n\n\n<p><strong>Sabores para todos os bolsos<\/strong><\/p>\n\n\n\n<p>A feira gastron\u00f4mica do festival \u00e9 inclusiva e acess\u00edvel a todos. Os pre\u00e7os variam de R$ 3 a R$ 35, permitindo que os visitantes escolham de acordo com seus gostos e or\u00e7amentos pessoais.<\/p>\n\n\n\n<p>A Prefeitura de Manaus desempenha um papel fundamental na realiza\u00e7\u00e3o da feira gastron\u00f4mica, cedendo espa\u00e7os e estrutura para as barracas. Essa iniciativa incentiva o empreendedorismo local, possibilitando que&nbsp;<em>chefs<\/em>&nbsp;e comerciantes compartilhem suas paix\u00f5es e talentos com um p\u00fablico diversificado.<\/p>\n\n\n\n<p>&#8212; &#8212; &#8212;<\/p>\n\n\n\n<p><strong>Texto<\/strong>&nbsp;&#8211; Luiz Soares \/ Semcom<\/p>\n\n\n\n<p><strong>Fotos<\/strong>&nbsp;&#8211; Victor Hugo \/ Semcom<\/p>\n","protected":false},"excerpt":{"rendered":"","protected":false},"author":23,"featured_media":1480,"comment_status":"closed","ping_status":"closed","sticky":false,"template":"","format":"standard","meta":{"footnotes":""},"categories":[508],"tags":[183,653,11],"acf":[],"yoast_head":"<!-- This site is optimized with the Yoast SEO plugin v23.0 - https:\/\/yoast.com\/wordpress\/plugins\/seo\/ -->\n<title>\u00daltimo dia de festival #SouManaus oferece del\u00edcias regionais com pre\u00e7os atrativos<\/title>\n<meta name=\"description\" content=\"O festival \u201c#SouManaus Passo a Pa\u00e7o 2023\u201d chega ao fim, nesta quinta-feira, 7\/9, com mais uma edi\u00e7\u00e3o memor\u00e1vel de arte e cultura integradas, composta por tr\u00eas dias repletos de atra\u00e7\u00f5es regionais, nacionais e at\u00e9 internacional. Al\u00e9m da vasta programa\u00e7\u00e3o art\u00edstica, um dos grandes destaques do evento \u00e9 a sua feira gastron\u00f4mica, localizada pr\u00f3xima \u00e0 pra\u00e7a Dom Pedro 2\u00b0, encantando paladares e explorando os sabores aut\u00eanticos da regi\u00e3o amaz\u00f4nica.\" \/>\n<meta name=\"robots\" content=\"noindex, follow\" \/>\n<meta property=\"og:locale\" content=\"pt_BR\" \/>\n<meta property=\"og:type\" content=\"article\" \/>\n<meta property=\"og:title\" content=\"\u00daltimo dia de festival #SouManaus oferece del\u00edcias regionais com pre\u00e7os atrativos\" \/>\n<meta property=\"og:description\" content=\"O festival \u201c#SouManaus Passo a Pa\u00e7o 2023\u201d chega ao fim, nesta quinta-feira, 7\/9, com mais uma edi\u00e7\u00e3o memor\u00e1vel de arte e cultura integradas, composta por tr\u00eas dias repletos de atra\u00e7\u00f5es regionais, nacionais e at\u00e9 internacional. Al\u00e9m da vasta programa\u00e7\u00e3o art\u00edstica, um dos grandes destaques do evento \u00e9 a sua feira gastron\u00f4mica, localizada pr\u00f3xima \u00e0 pra\u00e7a Dom Pedro 2\u00b0, encantando paladares e explorando os sabores aut\u00eanticos da regi\u00e3o amaz\u00f4nica.\" \/>\n<meta property=\"og:url\" content=\"https:\/\/www.manaus.am.gov.br\/manauscult\/ultimo-dia-de-festival-soumanaus-oferece-delicias-regionais-com-precos-atrativos\/\" \/>\n<meta property=\"og:site_name\" content=\"MANAUSCULT\" \/>\n<meta property=\"article:published_time\" content=\"2023-09-08T01:42:02+00:00\" \/>\n<meta property=\"article:modified_time\" content=\"2023-09-08T01:42:04+00:00\" \/>\n<meta property=\"og:image\" content=\"https:\/\/www.manaus.am.gov.br\/manauscult\/wp-content\/uploads\/sites\/11\/2023\/09\/IMG_1567-1024x683.jpg\" \/>\n\t<meta property=\"og:image:width\" content=\"1024\" \/>\n\t<meta property=\"og:image:height\" content=\"683\" \/>\n\t<meta property=\"og:image:type\" content=\"image\/jpeg\" \/>\n<meta name=\"author\" content=\"Adriana Costa\" \/>\n<meta name=\"twitter:card\" content=\"summary_large_image\" \/>\n<meta name=\"twitter:label1\" content=\"Written by\" \/>\n\t<meta name=\"twitter:data1\" content=\"Adriana Costa\" \/>\n\t<meta name=\"twitter:label2\" content=\"Est. reading time\" \/>\n\t<meta name=\"twitter:data2\" content=\"2 minutos\" \/>\n<script type=\"application\/ld+json\" class=\"yoast-schema-graph\">{\"@context\":\"https:\/\/schema.org\",\"@graph\":[{\"@type\":\"WebPage\",\"@id\":\"https:\/\/www.manaus.am.gov.br\/manauscult\/ultimo-dia-de-festival-soumanaus-oferece-delicias-regionais-com-precos-atrativos\/\",\"url\":\"https:\/\/www.manaus.am.gov.br\/manauscult\/ultimo-dia-de-festival-soumanaus-oferece-delicias-regionais-com-precos-atrativos\/\",\"name\":\"\u00daltimo dia de festival #SouManaus oferece del\u00edcias regionais com pre\u00e7os atrativos\",\"isPartOf\":{\"@id\":\"https:\/\/www.manaus.am.gov.br\/manauscult\/#website\"},\"primaryImageOfPage\":{\"@id\":\"https:\/\/www.manaus.am.gov.br\/manauscult\/ultimo-dia-de-festival-soumanaus-oferece-delicias-regionais-com-precos-atrativos\/#primaryimage\"},\"image\":{\"@id\":\"https:\/\/www.manaus.am.gov.br\/manauscult\/ultimo-dia-de-festival-soumanaus-oferece-delicias-regionais-com-precos-atrativos\/#primaryimage\"},\"thumbnailUrl\":\"https:\/\/www.manaus.am.gov.br\/manauscult\/wp-content\/uploads\/sites\/11\/2023\/09\/IMG_1567.jpg\",\"datePublished\":\"2023-09-08T01:42:02+00:00\",\"dateModified\":\"2023-09-08T01:42:04+00:00\",\"author\":{\"@id\":\"https:\/\/www.manaus.am.gov.br\/manauscult\/#\/schema\/person\/4e49f4e267757a06ca072ec61b2b9968\"},\"description\":\"O festival \u201c#SouManaus Passo a Pa\u00e7o 2023\u201d chega ao fim, nesta quinta-feira, 7\/9, com mais uma edi\u00e7\u00e3o memor\u00e1vel de arte e cultura integradas, composta por tr\u00eas dias repletos de atra\u00e7\u00f5es regionais, nacionais e at\u00e9 internacional. Al\u00e9m da vasta programa\u00e7\u00e3o art\u00edstica, um dos grandes destaques do evento \u00e9 a sua feira gastron\u00f4mica, localizada pr\u00f3xima \u00e0 pra\u00e7a Dom Pedro 2\u00b0, encantando paladares e explorando os sabores aut\u00eanticos da regi\u00e3o amaz\u00f4nica.\",\"breadcrumb\":{\"@id\":\"https:\/\/www.manaus.am.gov.br\/manauscult\/ultimo-dia-de-festival-soumanaus-oferece-delicias-regionais-com-precos-atrativos\/#breadcrumb\"},\"inLanguage\":\"pt-BR\",\"potentialAction\":[{\"@type\":\"ReadAction\",\"target\":[\"https:\/\/www.manaus.am.gov.br\/manauscult\/ultimo-dia-de-festival-soumanaus-oferece-delicias-regionais-com-precos-atrativos\/\"]}]},{\"@type\":\"ImageObject\",\"inLanguage\":\"pt-BR\",\"@id\":\"https:\/\/www.manaus.am.gov.br\/manauscult\/ultimo-dia-de-festival-soumanaus-oferece-delicias-regionais-com-precos-atrativos\/#primaryimage\",\"url\":\"https:\/\/www.manaus.am.gov.br\/manauscult\/wp-content\/uploads\/sites\/11\/2023\/09\/IMG_1567.jpg\",\"contentUrl\":\"https:\/\/www.manaus.am.gov.br\/manauscult\/wp-content\/uploads\/sites\/11\/2023\/09\/IMG_1567.jpg\",\"width\":6240,\"height\":4160},{\"@type\":\"BreadcrumbList\",\"@id\":\"https:\/\/www.manaus.am.gov.br\/manauscult\/ultimo-dia-de-festival-soumanaus-oferece-delicias-regionais-com-precos-atrativos\/#breadcrumb\",\"itemListElement\":[{\"@type\":\"ListItem\",\"position\":1,\"name\":\"Home\",\"item\":\"https:\/\/www.manaus.am.gov.br\/manauscult\/\"},{\"@type\":\"ListItem\",\"position\":2,\"name\":\"\u00daltimo dia de festival #SouManaus oferece del\u00edcias regionais com pre\u00e7os atrativos\"}]},{\"@type\":\"WebSite\",\"@id\":\"https:\/\/www.manaus.am.gov.br\/manauscult\/#website\",\"url\":\"https:\/\/www.manaus.am.gov.br\/manauscult\/\",\"name\":\"MANAUSCULT\",\"description\":\"Prefeitura de Manaus\",\"potentialAction\":[{\"@type\":\"SearchAction\",\"target\":{\"@type\":\"EntryPoint\",\"urlTemplate\":\"https:\/\/www.manaus.am.gov.br\/manauscult\/?s={search_term_string}\"},\"query-input\":\"required name=search_term_string\"}],\"inLanguage\":\"pt-BR\"},{\"@type\":\"Person\",\"@id\":\"https:\/\/www.manaus.am.gov.br\/manauscult\/#\/schema\/person\/4e49f4e267757a06ca072ec61b2b9968\",\"name\":\"Adriana Costa\",\"image\":{\"@type\":\"ImageObject\",\"inLanguage\":\"pt-BR\",\"@id\":\"https:\/\/www.manaus.am.gov.br\/manauscult\/#\/schema\/person\/image\/\",\"url\":\"https:\/\/secure.gravatar.com\/avatar\/576258617ef7194f718179e766d57bd4?s=96&d=mm&r=g\",\"contentUrl\":\"https:\/\/secure.gravatar.com\/avatar\/576258617ef7194f718179e766d57bd4?s=96&d=mm&r=g\",\"caption\":\"Adriana Costa\"}}]}<\/script>\n<!-- \/ Yoast SEO plugin. -->","yoast_head_json":{"title":"\u00daltimo dia de festival #SouManaus oferece del\u00edcias regionais com pre\u00e7os atrativos","description":"O festival \u201c#SouManaus Passo a Pa\u00e7o 2023\u201d chega ao fim, nesta quinta-feira, 7\/9, com mais uma edi\u00e7\u00e3o memor\u00e1vel de arte e cultura integradas, composta por tr\u00eas dias repletos de atra\u00e7\u00f5es regionais, nacionais e at\u00e9 internacional. Al\u00e9m da vasta programa\u00e7\u00e3o art\u00edstica, um dos grandes destaques do evento \u00e9 a sua feira gastron\u00f4mica, localizada pr\u00f3xima \u00e0 pra\u00e7a Dom Pedro 2\u00b0, encantando paladares e explorando os sabores aut\u00eanticos da regi\u00e3o amaz\u00f4nica.","robots":{"index":"noindex","follow":"follow"},"og_locale":"pt_BR","og_type":"article","og_title":"\u00daltimo dia de festival #SouManaus oferece del\u00edcias regionais com pre\u00e7os atrativos","og_description":"O festival \u201c#SouManaus Passo a Pa\u00e7o 2023\u201d chega ao fim, nesta quinta-feira, 7\/9, com mais uma edi\u00e7\u00e3o memor\u00e1vel de arte e cultura integradas, composta por tr\u00eas dias repletos de atra\u00e7\u00f5es regionais, nacionais e at\u00e9 internacional. Al\u00e9m da vasta programa\u00e7\u00e3o art\u00edstica, um dos grandes destaques do evento \u00e9 a sua feira gastron\u00f4mica, localizada pr\u00f3xima \u00e0 pra\u00e7a Dom Pedro 2\u00b0, encantando paladares e explorando os sabores aut\u00eanticos da regi\u00e3o amaz\u00f4nica.","og_url":"https:\/\/www.manaus.am.gov.br\/manauscult\/ultimo-dia-de-festival-soumanaus-oferece-delicias-regionais-com-precos-atrativos\/","og_site_name":"MANAUSCULT","article_published_time":"2023-09-08T01:42:02+00:00","article_modified_time":"2023-09-08T01:42:04+00:00","og_image":[{"width":1024,"height":683,"url":"https:\/\/www.manaus.am.gov.br\/manauscult\/wp-content\/uploads\/sites\/11\/2023\/09\/IMG_1567-1024x683.jpg","type":"image\/jpeg"}],"author":"Adriana Costa","twitter_card":"summary_large_image","twitter_misc":{"Written by":"Adriana Costa","Est. reading time":"2 minutos"},"schema":{"@context":"https:\/\/schema.org","@graph":[{"@type":"WebPage","@id":"https:\/\/www.manaus.am.gov.br\/manauscult\/ultimo-dia-de-festival-soumanaus-oferece-delicias-regionais-com-precos-atrativos\/","url":"https:\/\/www.manaus.am.gov.br\/manauscult\/ultimo-dia-de-festival-soumanaus-oferece-delicias-regionais-com-precos-atrativos\/","name":"\u00daltimo dia de festival #SouManaus oferece del\u00edcias regionais com pre\u00e7os atrativos","isPartOf":{"@id":"https:\/\/www.manaus.am.gov.br\/manauscult\/#website"},"primaryImageOfPage":{"@id":"https:\/\/www.manaus.am.gov.br\/manauscult\/ultimo-dia-de-festival-soumanaus-oferece-delicias-regionais-com-precos-atrativos\/#primaryimage"},"image":{"@id":"https:\/\/www.manaus.am.gov.br\/manauscult\/ultimo-dia-de-festival-soumanaus-oferece-delicias-regionais-com-precos-atrativos\/#primaryimage"},"thumbnailUrl":"https:\/\/www.manaus.am.gov.br\/manauscult\/wp-content\/uploads\/sites\/11\/2023\/09\/IMG_1567.jpg","datePublished":"2023-09-08T01:42:02+00:00","dateModified":"2023-09-08T01:42:04+00:00","author":{"@id":"https:\/\/www.manaus.am.gov.br\/manauscult\/#\/schema\/person\/4e49f4e267757a06ca072ec61b2b9968"},"description":"O festival \u201c#SouManaus Passo a Pa\u00e7o 2023\u201d chega ao fim, nesta quinta-feira, 7\/9, com mais uma edi\u00e7\u00e3o memor\u00e1vel de arte e cultura integradas, composta por tr\u00eas dias repletos de atra\u00e7\u00f5es regionais, nacionais e at\u00e9 internacional. Al\u00e9m da vasta programa\u00e7\u00e3o art\u00edstica, um dos grandes destaques do evento \u00e9 a sua feira gastron\u00f4mica, localizada pr\u00f3xima \u00e0 pra\u00e7a Dom Pedro 2\u00b0, encantando paladares e explorando os sabores aut\u00eanticos da regi\u00e3o amaz\u00f4nica.","breadcrumb":{"@id":"https:\/\/www.manaus.am.gov.br\/manauscult\/ultimo-dia-de-festival-soumanaus-oferece-delicias-regionais-com-precos-atrativos\/#breadcrumb"},"inLanguage":"pt-BR","potentialAction":[{"@type":"ReadAction","target":["https:\/\/www.manaus.am.gov.br\/manauscult\/ultimo-dia-de-festival-soumanaus-oferece-delicias-regionais-com-precos-atrativos\/"]}]},{"@type":"ImageObject","inLanguage":"pt-BR","@id":"https:\/\/www.manaus.am.gov.br\/manauscult\/ultimo-dia-de-festival-soumanaus-oferece-delicias-regionais-com-precos-atrativos\/#primaryimage","url":"https:\/\/www.manaus.am.gov.br\/manauscult\/wp-content\/uploads\/sites\/11\/2023\/09\/IMG_1567.jpg","contentUrl":"https:\/\/www.manaus.am.gov.br\/manauscult\/wp-content\/uploads\/sites\/11\/2023\/09\/IMG_1567.jpg","width":6240,"height":4160},{"@type":"BreadcrumbList","@id":"https:\/\/www.manaus.am.gov.br\/manauscult\/ultimo-dia-de-festival-soumanaus-oferece-delicias-regionais-com-precos-atrativos\/#breadcrumb","itemListElement":[{"@type":"ListItem","position":1,"name":"Home","item":"https:\/\/www.manaus.am.gov.br\/manauscult\/"},{"@type":"ListItem","position":2,"name":"\u00daltimo dia de festival #SouManaus oferece del\u00edcias regionais com pre\u00e7os atrativos"}]},{"@type":"WebSite","@id":"https:\/\/www.manaus.am.gov.br\/manauscult\/#website","url":"https:\/\/www.manaus.am.gov.br\/manauscult\/","name":"MANAUSCULT","description":"Prefeitura de Manaus","potentialAction":[{"@type":"SearchAction","target":{"@type":"EntryPoint","urlTemplate":"https:\/\/www.manaus.am.gov.br\/manauscult\/?s={search_term_string}"},"query-input":"required name=search_term_string"}],"inLanguage":"pt-BR"},{"@type":"Person","@id":"https:\/\/www.manaus.am.gov.br\/manauscult\/#\/schema\/person\/4e49f4e267757a06ca072ec61b2b9968","name":"Adriana Costa","image":{"@type":"ImageObject","inLanguage":"pt-BR","@id":"https:\/\/www.manaus.am.gov.br\/manauscult\/#\/schema\/person\/image\/","url":"https:\/\/secure.gravatar.com\/avatar\/576258617ef7194f718179e766d57bd4?s=96&d=mm&r=g","contentUrl":"https:\/\/secure.gravatar.com\/avatar\/576258617ef7194f718179e766d57bd4?s=96&d=mm&r=g","caption":"Adriana Costa"}}]}},"_links":{"self":[{"href":"https:\/\/www.manaus.am.gov.br\/manauscult\/wp-json\/wp\/v2\/posts\/1479"}],"collection":[{"href":"https:\/\/www.manaus.am.gov.br\/manauscult\/wp-json\/wp\/v2\/posts"}],"about":[{"href":"https:\/\/www.manaus.am.gov.br\/manauscult\/wp-json\/wp\/v2\/types\/post"}],"author":[{"embeddable":true,"href":"https:\/\/www.manaus.am.gov.br\/manauscult\/wp-json\/wp\/v2\/users\/23"}],"replies":[{"embeddable":true,"href":"https:\/\/www.manaus.am.gov.br\/manauscult\/wp-json\/wp\/v2\/comments?post=1479"}],"version-history":[{"count":0,"href":"https:\/\/www.manaus.am.gov.br\/manauscult\/wp-json\/wp\/v2\/posts\/1479\/revisions"}],"wp:featuredmedia":[{"embeddable":true,"href":"https:\/\/www.manaus.am.gov.br\/manauscult\/wp-json\/wp\/v2\/media\/1480"}],"wp:attachment":[{"href":"https:\/\/www.manaus.am.gov.br\/manauscult\/wp-json\/wp\/v2\/media?parent=1479"}],"wp:term":[{"taxonomy":"category","embeddable":true,"href":"https:\/\/www.manaus.am.gov.br\/manauscult\/wp-json\/wp\/v2\/categories?post=1479"},{"taxonomy":"post_tag","embeddable":true,"href":"https:\/\/www.manaus.am.gov.br\/manauscult\/wp-json\/wp\/v2\/tags?post=1479"}],"curies":[{"name":"wp","href":"https:\/\/api.w.org\/{rel}","templated":true}]}}