{"id":1471,"date":"2023-09-07T20:50:53","date_gmt":"2023-09-08T00:50:53","guid":{"rendered":"https:\/\/www.manaus.am.gov.br\/manauscult\/passinho-leva-acessibilidade-para-criancas-com-autismo-e-tdah\/"},"modified":"2023-09-07T20:50:55","modified_gmt":"2023-09-08T00:50:55","slug":"passinho-leva-acessibilidade-para-criancas-com-autismo-e-tdah","status":"publish","type":"post","link":"https:\/\/www.manaus.am.gov.br\/manauscult\/passinho-leva-acessibilidade-para-criancas-com-autismo-e-tdah\/","title":{"rendered":"<strong>\u2018Passinho\u2019 leva acessibilidade para crian\u00e7as com autismo e TDAH<\/strong>"},"content":{"rendered":"\n<p>A pra\u00e7a Dom Pedro 2\u00b0, no centro hist\u00f3rico da cidade, se transformou um espa\u00e7o de muita alegria, em mais uma atividade no espa\u00e7o infantil &#8220;Passinho Kids&#8221;, no #SouManaus. Nesta quinta-feira, 7\/9, a&nbsp; crian\u00e7ada se divertiu com os palha\u00e7os Spoleta e Pa\u00e7oca, al\u00e9m de brincadeiras com Ateli\u00ea R\u00ea, cineminha, artistas circenses, bandas e muito mais, tudo voltado para o p\u00fablico infantil.<\/p>\n\n\n\n<p>Um dos grandes destaques deste ano foi o espa\u00e7o idealizado pela Prefeitura de Manaus que garantiu a participa\u00e7\u00e3o de crian\u00e7as com Transtorno de Espectro do Autismo (TEA) ou TDAH, a partir de brincadeiras sensoriais adaptadas para esse p\u00fablico.<\/p>\n\n\n\n<p>&#8220;Somos pais de uma crian\u00e7a com autismo e vimos que este evento foi projetado para acolher fam\u00edlias como a nossa, \u00e9 importante encontrar ambientes inclusivos como este&#8221;, contou a dona de casa Renata Fonseca.<\/p>\n\n\n\n<p>A empres\u00e1ria Fabiana Santos, m\u00e3e da pequena Eloisa, de 8 anos, disse que essa \u00e9 sua terceira participa\u00e7\u00e3o no evento. &#8220;A gente aguarda ansiosamente esse dia, inclusive, este ano, a gente a trouxe nossas vizinhas com os filhos para aproveitarem o evento tamb\u00e9m&#8221;.<\/p>\n\n\n\n<p>Brincadeiras como corda, el\u00e1stico, bambol\u00ea, cama de gato, jogo da velha, peteca, pe\u00e3o, perna de pau, minhoc\u00e3o, livros, bolha de sab\u00e3o fizeram a divers\u00e3o das crian\u00e7as.&nbsp;<\/p>\n\n\n\n<p>Os irm\u00e3os Maria Lu\u00edsa, 5 anos, e Gustavo Botelho, 10 anos, se divertiram com as bolhas de sab\u00e3o. &#8220;Gostei de brincar com as bolhas de sab\u00e3o e da brincadeira com o palha\u00e7o&#8221;.<\/p>\n\n\n\n<p>&#8212; &#8212; &#8212;&nbsp;<\/p>\n\n\n\n<p><strong>Texto<\/strong>&nbsp;\u2013 Naira Nascimento\/Semcom<\/p>\n\n\n\n<p><strong>Fotos<\/strong>&nbsp;\u2013 Phil Limma\/Semcom<\/p>\n","protected":false},"excerpt":{"rendered":"","protected":false},"author":23,"featured_media":1472,"comment_status":"closed","ping_status":"closed","sticky":false,"template":"","format":"standard","meta":{"footnotes":""},"categories":[508],"tags":[183,651,11,652],"acf":[],"yoast_head":"<!-- This site is optimized with the Yoast SEO plugin v23.0 - https:\/\/yoast.com\/wordpress\/plugins\/seo\/ -->\n<title>\u2018Passinho\u2019 leva acessibilidade para crian\u00e7as com autismo e TDAH<\/title>\n<meta name=\"description\" content=\"A pra\u00e7a Dom Pedro 2\u00b0, no centro hist\u00f3rico da cidade, se transformou um espa\u00e7o de muita alegria, em mais uma atividade no espa\u00e7o infantil &quot;Passinho Kids&quot;, no #SouManaus. Nesta quinta-feira, 7\/9, a crian\u00e7ada se divertiu com os palha\u00e7os Spoleta e Pa\u00e7oca, al\u00e9m de brincadeiras com Ateli\u00ea R\u00ea, cineminha, artistas circenses, bandas e muito mais, tudo voltado para o p\u00fablico infantil.\" \/>\n<meta name=\"robots\" content=\"noindex, follow\" \/>\n<meta property=\"og:locale\" content=\"pt_BR\" \/>\n<meta property=\"og:type\" content=\"article\" \/>\n<meta property=\"og:title\" content=\"\u2018Passinho\u2019 leva acessibilidade para crian\u00e7as com autismo e TDAH\" \/>\n<meta property=\"og:description\" content=\"A pra\u00e7a Dom Pedro 2\u00b0, no centro hist\u00f3rico da cidade, se transformou um espa\u00e7o de muita alegria, em mais uma atividade no espa\u00e7o infantil &quot;Passinho Kids&quot;, no #SouManaus. Nesta quinta-feira, 7\/9, a crian\u00e7ada se divertiu com os palha\u00e7os Spoleta e Pa\u00e7oca, al\u00e9m de brincadeiras com Ateli\u00ea R\u00ea, cineminha, artistas circenses, bandas e muito mais, tudo voltado para o p\u00fablico infantil.\" \/>\n<meta property=\"og:url\" content=\"https:\/\/www.manaus.am.gov.br\/manauscult\/passinho-leva-acessibilidade-para-criancas-com-autismo-e-tdah\/\" \/>\n<meta property=\"og:site_name\" content=\"MANAUSCULT\" \/>\n<meta property=\"article:published_time\" content=\"2023-09-08T00:50:53+00:00\" \/>\n<meta property=\"article:modified_time\" content=\"2023-09-08T00:50:55+00:00\" \/>\n<meta property=\"og:image\" content=\"https:\/\/www.manaus.am.gov.br\/manauscult\/wp-content\/uploads\/sites\/11\/2023\/09\/Passinho-Kids-3.jpg\" \/>\n\t<meta property=\"og:image:width\" content=\"1920\" \/>\n\t<meta property=\"og:image:height\" content=\"1280\" \/>\n\t<meta property=\"og:image:type\" content=\"image\/jpeg\" \/>\n<meta name=\"author\" content=\"Adriana Costa\" \/>\n<meta name=\"twitter:card\" content=\"summary_large_image\" \/>\n<meta name=\"twitter:label1\" content=\"Written by\" \/>\n\t<meta name=\"twitter:data1\" content=\"Adriana Costa\" \/>\n\t<meta name=\"twitter:label2\" content=\"Est. reading time\" \/>\n\t<meta name=\"twitter:data2\" content=\"2 minutos\" \/>\n<script type=\"application\/ld+json\" class=\"yoast-schema-graph\">{\"@context\":\"https:\/\/schema.org\",\"@graph\":[{\"@type\":\"WebPage\",\"@id\":\"https:\/\/www.manaus.am.gov.br\/manauscult\/passinho-leva-acessibilidade-para-criancas-com-autismo-e-tdah\/\",\"url\":\"https:\/\/www.manaus.am.gov.br\/manauscult\/passinho-leva-acessibilidade-para-criancas-com-autismo-e-tdah\/\",\"name\":\"\u2018Passinho\u2019 leva acessibilidade para crian\u00e7as com autismo e TDAH\",\"isPartOf\":{\"@id\":\"https:\/\/www.manaus.am.gov.br\/manauscult\/#website\"},\"primaryImageOfPage\":{\"@id\":\"https:\/\/www.manaus.am.gov.br\/manauscult\/passinho-leva-acessibilidade-para-criancas-com-autismo-e-tdah\/#primaryimage\"},\"image\":{\"@id\":\"https:\/\/www.manaus.am.gov.br\/manauscult\/passinho-leva-acessibilidade-para-criancas-com-autismo-e-tdah\/#primaryimage\"},\"thumbnailUrl\":\"https:\/\/www.manaus.am.gov.br\/manauscult\/wp-content\/uploads\/sites\/11\/2023\/09\/Passinho-Kids-3.jpg\",\"datePublished\":\"2023-09-08T00:50:53+00:00\",\"dateModified\":\"2023-09-08T00:50:55+00:00\",\"author\":{\"@id\":\"https:\/\/www.manaus.am.gov.br\/manauscult\/#\/schema\/person\/4e49f4e267757a06ca072ec61b2b9968\"},\"description\":\"A pra\u00e7a Dom Pedro 2\u00b0, no centro hist\u00f3rico da cidade, se transformou um espa\u00e7o de muita alegria, em mais uma atividade no espa\u00e7o infantil \\\"Passinho Kids\\\", no #SouManaus. Nesta quinta-feira, 7\/9, a crian\u00e7ada se divertiu com os palha\u00e7os Spoleta e Pa\u00e7oca, al\u00e9m de brincadeiras com Ateli\u00ea R\u00ea, cineminha, artistas circenses, bandas e muito mais, tudo voltado para o p\u00fablico infantil.\",\"breadcrumb\":{\"@id\":\"https:\/\/www.manaus.am.gov.br\/manauscult\/passinho-leva-acessibilidade-para-criancas-com-autismo-e-tdah\/#breadcrumb\"},\"inLanguage\":\"pt-BR\",\"potentialAction\":[{\"@type\":\"ReadAction\",\"target\":[\"https:\/\/www.manaus.am.gov.br\/manauscult\/passinho-leva-acessibilidade-para-criancas-com-autismo-e-tdah\/\"]}]},{\"@type\":\"ImageObject\",\"inLanguage\":\"pt-BR\",\"@id\":\"https:\/\/www.manaus.am.gov.br\/manauscult\/passinho-leva-acessibilidade-para-criancas-com-autismo-e-tdah\/#primaryimage\",\"url\":\"https:\/\/www.manaus.am.gov.br\/manauscult\/wp-content\/uploads\/sites\/11\/2023\/09\/Passinho-Kids-3.jpg\",\"contentUrl\":\"https:\/\/www.manaus.am.gov.br\/manauscult\/wp-content\/uploads\/sites\/11\/2023\/09\/Passinho-Kids-3.jpg\",\"width\":1920,\"height\":1280},{\"@type\":\"BreadcrumbList\",\"@id\":\"https:\/\/www.manaus.am.gov.br\/manauscult\/passinho-leva-acessibilidade-para-criancas-com-autismo-e-tdah\/#breadcrumb\",\"itemListElement\":[{\"@type\":\"ListItem\",\"position\":1,\"name\":\"Home\",\"item\":\"https:\/\/www.manaus.am.gov.br\/manauscult\/\"},{\"@type\":\"ListItem\",\"position\":2,\"name\":\"\u2018Passinho\u2019 leva acessibilidade para crian\u00e7as com autismo e TDAH\"}]},{\"@type\":\"WebSite\",\"@id\":\"https:\/\/www.manaus.am.gov.br\/manauscult\/#website\",\"url\":\"https:\/\/www.manaus.am.gov.br\/manauscult\/\",\"name\":\"MANAUSCULT\",\"description\":\"Prefeitura de Manaus\",\"potentialAction\":[{\"@type\":\"SearchAction\",\"target\":{\"@type\":\"EntryPoint\",\"urlTemplate\":\"https:\/\/www.manaus.am.gov.br\/manauscult\/?s={search_term_string}\"},\"query-input\":\"required name=search_term_string\"}],\"inLanguage\":\"pt-BR\"},{\"@type\":\"Person\",\"@id\":\"https:\/\/www.manaus.am.gov.br\/manauscult\/#\/schema\/person\/4e49f4e267757a06ca072ec61b2b9968\",\"name\":\"Adriana Costa\",\"image\":{\"@type\":\"ImageObject\",\"inLanguage\":\"pt-BR\",\"@id\":\"https:\/\/www.manaus.am.gov.br\/manauscult\/#\/schema\/person\/image\/\",\"url\":\"https:\/\/secure.gravatar.com\/avatar\/576258617ef7194f718179e766d57bd4?s=96&d=mm&r=g\",\"contentUrl\":\"https:\/\/secure.gravatar.com\/avatar\/576258617ef7194f718179e766d57bd4?s=96&d=mm&r=g\",\"caption\":\"Adriana Costa\"}}]}<\/script>\n<!-- \/ Yoast SEO plugin. -->","yoast_head_json":{"title":"\u2018Passinho\u2019 leva acessibilidade para crian\u00e7as com autismo e TDAH","description":"A pra\u00e7a Dom Pedro 2\u00b0, no centro hist\u00f3rico da cidade, se transformou um espa\u00e7o de muita alegria, em mais uma atividade no espa\u00e7o infantil \"Passinho Kids\", no #SouManaus. Nesta quinta-feira, 7\/9, a crian\u00e7ada se divertiu com os palha\u00e7os Spoleta e Pa\u00e7oca, al\u00e9m de brincadeiras com Ateli\u00ea R\u00ea, cineminha, artistas circenses, bandas e muito mais, tudo voltado para o p\u00fablico infantil.","robots":{"index":"noindex","follow":"follow"},"og_locale":"pt_BR","og_type":"article","og_title":"\u2018Passinho\u2019 leva acessibilidade para crian\u00e7as com autismo e TDAH","og_description":"A pra\u00e7a Dom Pedro 2\u00b0, no centro hist\u00f3rico da cidade, se transformou um espa\u00e7o de muita alegria, em mais uma atividade no espa\u00e7o infantil \"Passinho Kids\", no #SouManaus. Nesta quinta-feira, 7\/9, a crian\u00e7ada se divertiu com os palha\u00e7os Spoleta e Pa\u00e7oca, al\u00e9m de brincadeiras com Ateli\u00ea R\u00ea, cineminha, artistas circenses, bandas e muito mais, tudo voltado para o p\u00fablico infantil.","og_url":"https:\/\/www.manaus.am.gov.br\/manauscult\/passinho-leva-acessibilidade-para-criancas-com-autismo-e-tdah\/","og_site_name":"MANAUSCULT","article_published_time":"2023-09-08T00:50:53+00:00","article_modified_time":"2023-09-08T00:50:55+00:00","og_image":[{"width":1920,"height":1280,"url":"https:\/\/www.manaus.am.gov.br\/manauscult\/wp-content\/uploads\/sites\/11\/2023\/09\/Passinho-Kids-3.jpg","type":"image\/jpeg"}],"author":"Adriana Costa","twitter_card":"summary_large_image","twitter_misc":{"Written by":"Adriana Costa","Est. reading time":"2 minutos"},"schema":{"@context":"https:\/\/schema.org","@graph":[{"@type":"WebPage","@id":"https:\/\/www.manaus.am.gov.br\/manauscult\/passinho-leva-acessibilidade-para-criancas-com-autismo-e-tdah\/","url":"https:\/\/www.manaus.am.gov.br\/manauscult\/passinho-leva-acessibilidade-para-criancas-com-autismo-e-tdah\/","name":"\u2018Passinho\u2019 leva acessibilidade para crian\u00e7as com autismo e TDAH","isPartOf":{"@id":"https:\/\/www.manaus.am.gov.br\/manauscult\/#website"},"primaryImageOfPage":{"@id":"https:\/\/www.manaus.am.gov.br\/manauscult\/passinho-leva-acessibilidade-para-criancas-com-autismo-e-tdah\/#primaryimage"},"image":{"@id":"https:\/\/www.manaus.am.gov.br\/manauscult\/passinho-leva-acessibilidade-para-criancas-com-autismo-e-tdah\/#primaryimage"},"thumbnailUrl":"https:\/\/www.manaus.am.gov.br\/manauscult\/wp-content\/uploads\/sites\/11\/2023\/09\/Passinho-Kids-3.jpg","datePublished":"2023-09-08T00:50:53+00:00","dateModified":"2023-09-08T00:50:55+00:00","author":{"@id":"https:\/\/www.manaus.am.gov.br\/manauscult\/#\/schema\/person\/4e49f4e267757a06ca072ec61b2b9968"},"description":"A pra\u00e7a Dom Pedro 2\u00b0, no centro hist\u00f3rico da cidade, se transformou um espa\u00e7o de muita alegria, em mais uma atividade no espa\u00e7o infantil \"Passinho Kids\", no #SouManaus. Nesta quinta-feira, 7\/9, a crian\u00e7ada se divertiu com os palha\u00e7os Spoleta e Pa\u00e7oca, al\u00e9m de brincadeiras com Ateli\u00ea R\u00ea, cineminha, artistas circenses, bandas e muito mais, tudo voltado para o p\u00fablico infantil.","breadcrumb":{"@id":"https:\/\/www.manaus.am.gov.br\/manauscult\/passinho-leva-acessibilidade-para-criancas-com-autismo-e-tdah\/#breadcrumb"},"inLanguage":"pt-BR","potentialAction":[{"@type":"ReadAction","target":["https:\/\/www.manaus.am.gov.br\/manauscult\/passinho-leva-acessibilidade-para-criancas-com-autismo-e-tdah\/"]}]},{"@type":"ImageObject","inLanguage":"pt-BR","@id":"https:\/\/www.manaus.am.gov.br\/manauscult\/passinho-leva-acessibilidade-para-criancas-com-autismo-e-tdah\/#primaryimage","url":"https:\/\/www.manaus.am.gov.br\/manauscult\/wp-content\/uploads\/sites\/11\/2023\/09\/Passinho-Kids-3.jpg","contentUrl":"https:\/\/www.manaus.am.gov.br\/manauscult\/wp-content\/uploads\/sites\/11\/2023\/09\/Passinho-Kids-3.jpg","width":1920,"height":1280},{"@type":"BreadcrumbList","@id":"https:\/\/www.manaus.am.gov.br\/manauscult\/passinho-leva-acessibilidade-para-criancas-com-autismo-e-tdah\/#breadcrumb","itemListElement":[{"@type":"ListItem","position":1,"name":"Home","item":"https:\/\/www.manaus.am.gov.br\/manauscult\/"},{"@type":"ListItem","position":2,"name":"\u2018Passinho\u2019 leva acessibilidade para crian\u00e7as com autismo e TDAH"}]},{"@type":"WebSite","@id":"https:\/\/www.manaus.am.gov.br\/manauscult\/#website","url":"https:\/\/www.manaus.am.gov.br\/manauscult\/","name":"MANAUSCULT","description":"Prefeitura de Manaus","potentialAction":[{"@type":"SearchAction","target":{"@type":"EntryPoint","urlTemplate":"https:\/\/www.manaus.am.gov.br\/manauscult\/?s={search_term_string}"},"query-input":"required name=search_term_string"}],"inLanguage":"pt-BR"},{"@type":"Person","@id":"https:\/\/www.manaus.am.gov.br\/manauscult\/#\/schema\/person\/4e49f4e267757a06ca072ec61b2b9968","name":"Adriana Costa","image":{"@type":"ImageObject","inLanguage":"pt-BR","@id":"https:\/\/www.manaus.am.gov.br\/manauscult\/#\/schema\/person\/image\/","url":"https:\/\/secure.gravatar.com\/avatar\/576258617ef7194f718179e766d57bd4?s=96&d=mm&r=g","contentUrl":"https:\/\/secure.gravatar.com\/avatar\/576258617ef7194f718179e766d57bd4?s=96&d=mm&r=g","caption":"Adriana Costa"}}]}},"_links":{"self":[{"href":"https:\/\/www.manaus.am.gov.br\/manauscult\/wp-json\/wp\/v2\/posts\/1471"}],"collection":[{"href":"https:\/\/www.manaus.am.gov.br\/manauscult\/wp-json\/wp\/v2\/posts"}],"about":[{"href":"https:\/\/www.manaus.am.gov.br\/manauscult\/wp-json\/wp\/v2\/types\/post"}],"author":[{"embeddable":true,"href":"https:\/\/www.manaus.am.gov.br\/manauscult\/wp-json\/wp\/v2\/users\/23"}],"replies":[{"embeddable":true,"href":"https:\/\/www.manaus.am.gov.br\/manauscult\/wp-json\/wp\/v2\/comments?post=1471"}],"version-history":[{"count":0,"href":"https:\/\/www.manaus.am.gov.br\/manauscult\/wp-json\/wp\/v2\/posts\/1471\/revisions"}],"wp:featuredmedia":[{"embeddable":true,"href":"https:\/\/www.manaus.am.gov.br\/manauscult\/wp-json\/wp\/v2\/media\/1472"}],"wp:attachment":[{"href":"https:\/\/www.manaus.am.gov.br\/manauscult\/wp-json\/wp\/v2\/media?parent=1471"}],"wp:term":[{"taxonomy":"category","embeddable":true,"href":"https:\/\/www.manaus.am.gov.br\/manauscult\/wp-json\/wp\/v2\/categories?post=1471"},{"taxonomy":"post_tag","embeddable":true,"href":"https:\/\/www.manaus.am.gov.br\/manauscult\/wp-json\/wp\/v2\/tags?post=1471"}],"curies":[{"name":"wp","href":"https:\/\/api.w.org\/{rel}","templated":true}]}}