{"id":1468,"date":"2023-09-07T19:38:19","date_gmt":"2023-09-07T23:38:19","guid":{"rendered":"https:\/\/www.manaus.am.gov.br\/manauscult\/soumanaus-permite-populacao-vivenciar-o-centro-e-acessar-areas-fechadas-visualizando-o-porto-galpoes-e-belos-edificios-historicos\/"},"modified":"2023-09-07T20:29:43","modified_gmt":"2023-09-08T00:29:43","slug":"soumanaus-permite-populacao-vivenciar-o-centro-e-acessar-areas-fechadas-visualizando-o-porto-galpoes-e-belos-edificios-historicos","status":"publish","type":"post","link":"https:\/\/www.manaus.am.gov.br\/manauscult\/soumanaus-permite-populacao-vivenciar-o-centro-e-acessar-areas-fechadas-visualizando-o-porto-galpoes-e-belos-edificios-historicos\/","title":{"rendered":"<strong>#SouManaus permite popula\u00e7\u00e3o vivenciar o Centro e acessar \u00e1reas fechadas, visualizando o porto, galp\u00f5es e belos edif\u00edcios hist\u00f3ricos<\/strong>"},"content":{"rendered":"\n<p>Palco de grandes sobrados, resid\u00eancias dos bar\u00f5es da borracha, de pol\u00edticos e comerciantes de vis\u00e3o, al\u00e9m de igrejas, pra\u00e7as e sedes dos poderes, o rico acervo arquitet\u00f4nico do centro hist\u00f3rico da capital amazonense \u00e9 um cap\u00edtulo \u00e0 parte no &#8220;#SouManaus Passo a Pa\u00e7o 2023&#8221;, realizado pela Prefeitura de Manaus, em uma \u00e1rea tombada pelo patrim\u00f4nio por ser um exemplar singular de urbanismo e arquitetura nacionais, que representam um recorte da hist\u00f3ria da cidade.<\/p>\n\n\n\n<p>Se na Amaz\u00f4nia, a&nbsp;<em>Belle \u00c9poque<\/em>&nbsp;significou a euforia do triunfo da burguesia no final do s\u00e9culo 19, dois s\u00e9culos depois a prefeitura atua intensamente na revitaliza\u00e7\u00e3o do Centro, onde, hoje, acontece o festival, levando milhares de pessoas a conviver, viver e ter, ainda, outras milhares de experi\u00eancias neste lugar, que pertence a todos.<\/p>\n\n\n\n<p>Manaus \u00e9 uma das sete capitais do Brasil que est\u00e3o apostando na reabilita\u00e7\u00e3o do seu centro antigo para devolver vida e ebuli\u00e7\u00e3o ao local, que tem farta infraestrutura e oferta de transporte e servi\u00e7os. O plano urban\u00edstico da prefeitura foi lan\u00e7ado em 2021 e conta com obras em constru\u00e7\u00e3o, do programa &#8220;Nosso Centro&#8221;, que ser\u00e3o inauguradas em dezembro deste ano pelo prefeito David Almeida.<\/p>\n\n\n\n<p>Na \u00e1rea do complexo, h\u00e1 um patrim\u00f4nio edificado e arqueol\u00f3gico fant\u00e1stico, al\u00e9m dos bens tombados. &#8220;Eventos como o #SouManaus s\u00e3o de suma import\u00e2ncia para o processo de revitaliza\u00e7\u00e3o da \u00e1rea e possibilitam que as pessoas, que n\u00e3o costumam ter esse espa\u00e7o como parte do seu cotidiano, ou n\u00e3o costumam circular por essas \u00e1reas, possam ver a import\u00e2ncia e toda a exuber\u00e2ncia do patrim\u00f4nio cultural e edificado, o pr\u00f3prio conjunto tombado, que d\u00e1 essa unidade para a cidade&#8221;, destacou o coordenador t\u00e9cnico do Instituto do Patrim\u00f4nio Hist\u00f3rico e Art\u00edstico Nacional (Iphan), no Amazonas, arquiteto e urbanista Rafael Azevedo, que foi conferir o evento, a circula\u00e7\u00e3o e shows.<\/p>\n\n\n\n<p>Para ele, a import\u00e2ncia do festival reproduz as estrat\u00e9gias do programa municipal &#8220;Nosso Centro&#8221;, de ter mais vida, mais neg\u00f3cios e mais hist\u00f3ria. &#8220;E que isso ocorra mais vezes, n\u00e3o s\u00f3 em eventos, como o pr\u00f3prio #SouManaus, que tem uma escala adequada para a pra\u00e7a e no porto onde se re\u00fanem os grandes shows, mas de possibilitar interven\u00e7\u00f5es constantes para ocupar. Que as pessoas possam ter isso em outras datas e possam visitar esses espa\u00e7os&#8221;, comentou.<\/p>\n\n\n\n<p>O arquiteto lembrou, ainda, de que apenas no #SouManaus a popula\u00e7\u00e3o consegue ter acesso \u00e0 \u00e1rea do porto, que \u00e9 fechada, mas que, no festival, permite acesso \u00e0s ruas internas, aos galp\u00f5es e at\u00e9 mesmo ver a estrutura da Casa do Tesouro. &#8220;E principalmente esse que \u00e9 o nosso principal patrim\u00f4nio, do ponto de vista natural, que \u00e9 o rio Negro, a rela\u00e7\u00e3o que a cidade tem com o rio, poder estar junto deste espelho d&#8217;\u00e1gua, no entorno, \u00e9 uma oportunidade fant\u00e1stica que o evento permite. E est\u00e1 alinhado com o programa &#8216;Nosso Centro'&#8221;, disse Azevedo.<\/p>\n\n\n\n<p>A grande \u00e1rea de interven\u00e7\u00e3o onde acontece o #SouManaus fica em territ\u00f3rio com tombamento federal, na vizinhan\u00e7a de outros edif\u00edcios hist\u00f3ricos, como o Centro Cultural \u00d3scar Ramos, Museu da Cidade de Manaus, pra\u00e7a Dom Pedro 2\u00b0, Casar\u00e3o da Inova\u00e7\u00e3o Cassina, Pal\u00e1cio Rio Branco, dentre outros.<\/p>\n\n\n\n<p>&#8220;O #SouManaus traz as pessoas para viverem o Centro, para essa rela\u00e7\u00e3o de afeto com a regi\u00e3o, de importante mem\u00f3ria e viv\u00eancias nesses edif\u00edcios hist\u00f3ricos que carregam cultura, hist\u00f3rias e singularidades do tempo. Como arquitetos e urbanistas, \u00e9 nosso papel desenhar estes espa\u00e7os e caminhos de transforma\u00e7\u00f5es para a sua reabilita\u00e7\u00e3o&#8221;, disse a tamb\u00e9m arquiteta e urbanista Melissa Toledo.<\/p>\n\n\n\n<p>&#8212; &#8212; &#8212;<\/p>\n\n\n\n<p><strong>Texto<\/strong>&nbsp;&#8211; Cl\u00e1udia do Valle\/Semcom<\/p>\n\n\n\n<p><strong>Fotos<\/strong>&nbsp;&#8211; Aguilar Abecassis\/Semcom<\/p>\n\n\n\n<p><strong>Dispon\u00edveis em<\/strong> &#8211; <a href=\"https:\/\/flic.kr\/s\/aHBqjATS4i\">https:\/\/flic.kr\/s\/aHBqjATS4i<\/a><\/p>\n","protected":false},"excerpt":{"rendered":"","protected":false},"author":23,"featured_media":1469,"comment_status":"closed","ping_status":"closed","sticky":false,"template":"","format":"standard","meta":{"footnotes":""},"categories":[508],"tags":[168,646,647,648,649,650,11],"acf":[],"yoast_head":"<!-- This site is optimized with the Yoast SEO plugin v23.0 - https:\/\/yoast.com\/wordpress\/plugins\/seo\/ -->\n<title>#SouManaus permite popula\u00e7\u00e3o vivenciar o Centro e acessar \u00e1reas fechadas, visualizando o porto, galp\u00f5es e belos edif\u00edcios hist\u00f3ricos<\/title>\n<meta name=\"description\" content=\"Palco de grandes sobrados, resid\u00eancias dos bar\u00f5es da borracha, de pol\u00edticos e comerciantes de vis\u00e3o, al\u00e9m de igrejas, pra\u00e7as e sedes dos poderes, o rico acervo arquitet\u00f4nico do centro hist\u00f3rico da capital amazonense \u00e9 um cap\u00edtulo \u00e0 parte no &quot;#SouManaus Passo a Pa\u00e7o 2023&quot;, realizado pela Prefeitura de Manaus, em uma \u00e1rea tombada pelo patrim\u00f4nio por ser um exemplar singular de urbanismo e arquitetura nacionais, que representam um recorte da hist\u00f3ria da cidade.\" \/>\n<meta name=\"robots\" content=\"noindex, follow\" \/>\n<meta property=\"og:locale\" content=\"pt_BR\" \/>\n<meta property=\"og:type\" content=\"article\" \/>\n<meta property=\"og:title\" content=\"#SouManaus permite popula\u00e7\u00e3o vivenciar o Centro e acessar \u00e1reas fechadas, visualizando o porto, galp\u00f5es e belos edif\u00edcios hist\u00f3ricos\" \/>\n<meta property=\"og:description\" content=\"Palco de grandes sobrados, resid\u00eancias dos bar\u00f5es da borracha, de pol\u00edticos e comerciantes de vis\u00e3o, al\u00e9m de igrejas, pra\u00e7as e sedes dos poderes, o rico acervo arquitet\u00f4nico do centro hist\u00f3rico da capital amazonense \u00e9 um cap\u00edtulo \u00e0 parte no &quot;#SouManaus Passo a Pa\u00e7o 2023&quot;, realizado pela Prefeitura de Manaus, em uma \u00e1rea tombada pelo patrim\u00f4nio por ser um exemplar singular de urbanismo e arquitetura nacionais, que representam um recorte da hist\u00f3ria da cidade.\" \/>\n<meta property=\"og:url\" content=\"https:\/\/www.manaus.am.gov.br\/manauscult\/soumanaus-permite-populacao-vivenciar-o-centro-e-acessar-areas-fechadas-visualizando-o-porto-galpoes-e-belos-edificios-historicos\/\" \/>\n<meta property=\"og:site_name\" content=\"MANAUSCULT\" \/>\n<meta property=\"article:published_time\" content=\"2023-09-07T23:38:19+00:00\" \/>\n<meta property=\"article:modified_time\" content=\"2023-09-08T00:29:43+00:00\" \/>\n<meta property=\"og:image\" content=\"https:\/\/www.manaus.am.gov.br\/manauscult\/wp-content\/uploads\/sites\/11\/2023\/09\/53171639821_628e68316b_c.jpg\" \/>\n\t<meta property=\"og:image:width\" content=\"799\" \/>\n\t<meta property=\"og:image:height\" content=\"533\" \/>\n\t<meta property=\"og:image:type\" content=\"image\/jpeg\" \/>\n<meta name=\"author\" content=\"Adriana Costa\" \/>\n<meta name=\"twitter:card\" content=\"summary_large_image\" \/>\n<meta name=\"twitter:label1\" content=\"Written by\" \/>\n\t<meta name=\"twitter:data1\" content=\"Adriana Costa\" \/>\n\t<meta name=\"twitter:label2\" content=\"Est. reading time\" \/>\n\t<meta name=\"twitter:data2\" content=\"4 minutos\" \/>\n<script type=\"application\/ld+json\" class=\"yoast-schema-graph\">{\"@context\":\"https:\/\/schema.org\",\"@graph\":[{\"@type\":\"WebPage\",\"@id\":\"https:\/\/www.manaus.am.gov.br\/manauscult\/soumanaus-permite-populacao-vivenciar-o-centro-e-acessar-areas-fechadas-visualizando-o-porto-galpoes-e-belos-edificios-historicos\/\",\"url\":\"https:\/\/www.manaus.am.gov.br\/manauscult\/soumanaus-permite-populacao-vivenciar-o-centro-e-acessar-areas-fechadas-visualizando-o-porto-galpoes-e-belos-edificios-historicos\/\",\"name\":\"#SouManaus permite popula\u00e7\u00e3o vivenciar o Centro e acessar \u00e1reas fechadas, visualizando o porto, galp\u00f5es e belos edif\u00edcios hist\u00f3ricos\",\"isPartOf\":{\"@id\":\"https:\/\/www.manaus.am.gov.br\/manauscult\/#website\"},\"primaryImageOfPage\":{\"@id\":\"https:\/\/www.manaus.am.gov.br\/manauscult\/soumanaus-permite-populacao-vivenciar-o-centro-e-acessar-areas-fechadas-visualizando-o-porto-galpoes-e-belos-edificios-historicos\/#primaryimage\"},\"image\":{\"@id\":\"https:\/\/www.manaus.am.gov.br\/manauscult\/soumanaus-permite-populacao-vivenciar-o-centro-e-acessar-areas-fechadas-visualizando-o-porto-galpoes-e-belos-edificios-historicos\/#primaryimage\"},\"thumbnailUrl\":\"https:\/\/www.manaus.am.gov.br\/manauscult\/wp-content\/uploads\/sites\/11\/2023\/09\/53171639821_628e68316b_c.jpg\",\"datePublished\":\"2023-09-07T23:38:19+00:00\",\"dateModified\":\"2023-09-08T00:29:43+00:00\",\"author\":{\"@id\":\"https:\/\/www.manaus.am.gov.br\/manauscult\/#\/schema\/person\/4e49f4e267757a06ca072ec61b2b9968\"},\"description\":\"Palco de grandes sobrados, resid\u00eancias dos bar\u00f5es da borracha, de pol\u00edticos e comerciantes de vis\u00e3o, al\u00e9m de igrejas, pra\u00e7as e sedes dos poderes, o rico acervo arquitet\u00f4nico do centro hist\u00f3rico da capital amazonense \u00e9 um cap\u00edtulo \u00e0 parte no \\\"#SouManaus Passo a Pa\u00e7o 2023\\\", realizado pela Prefeitura de Manaus, em uma \u00e1rea tombada pelo patrim\u00f4nio por ser um exemplar singular de urbanismo e arquitetura nacionais, que representam um recorte da hist\u00f3ria da cidade.\",\"breadcrumb\":{\"@id\":\"https:\/\/www.manaus.am.gov.br\/manauscult\/soumanaus-permite-populacao-vivenciar-o-centro-e-acessar-areas-fechadas-visualizando-o-porto-galpoes-e-belos-edificios-historicos\/#breadcrumb\"},\"inLanguage\":\"pt-BR\",\"potentialAction\":[{\"@type\":\"ReadAction\",\"target\":[\"https:\/\/www.manaus.am.gov.br\/manauscult\/soumanaus-permite-populacao-vivenciar-o-centro-e-acessar-areas-fechadas-visualizando-o-porto-galpoes-e-belos-edificios-historicos\/\"]}]},{\"@type\":\"ImageObject\",\"inLanguage\":\"pt-BR\",\"@id\":\"https:\/\/www.manaus.am.gov.br\/manauscult\/soumanaus-permite-populacao-vivenciar-o-centro-e-acessar-areas-fechadas-visualizando-o-porto-galpoes-e-belos-edificios-historicos\/#primaryimage\",\"url\":\"https:\/\/www.manaus.am.gov.br\/manauscult\/wp-content\/uploads\/sites\/11\/2023\/09\/53171639821_628e68316b_c.jpg\",\"contentUrl\":\"https:\/\/www.manaus.am.gov.br\/manauscult\/wp-content\/uploads\/sites\/11\/2023\/09\/53171639821_628e68316b_c.jpg\",\"width\":799,\"height\":533},{\"@type\":\"BreadcrumbList\",\"@id\":\"https:\/\/www.manaus.am.gov.br\/manauscult\/soumanaus-permite-populacao-vivenciar-o-centro-e-acessar-areas-fechadas-visualizando-o-porto-galpoes-e-belos-edificios-historicos\/#breadcrumb\",\"itemListElement\":[{\"@type\":\"ListItem\",\"position\":1,\"name\":\"Home\",\"item\":\"https:\/\/www.manaus.am.gov.br\/manauscult\/\"},{\"@type\":\"ListItem\",\"position\":2,\"name\":\"#SouManaus permite popula\u00e7\u00e3o vivenciar o Centro e acessar \u00e1reas fechadas, visualizando o porto, galp\u00f5es e belos edif\u00edcios hist\u00f3ricos\"}]},{\"@type\":\"WebSite\",\"@id\":\"https:\/\/www.manaus.am.gov.br\/manauscult\/#website\",\"url\":\"https:\/\/www.manaus.am.gov.br\/manauscult\/\",\"name\":\"MANAUSCULT\",\"description\":\"Prefeitura de Manaus\",\"potentialAction\":[{\"@type\":\"SearchAction\",\"target\":{\"@type\":\"EntryPoint\",\"urlTemplate\":\"https:\/\/www.manaus.am.gov.br\/manauscult\/?s={search_term_string}\"},\"query-input\":\"required name=search_term_string\"}],\"inLanguage\":\"pt-BR\"},{\"@type\":\"Person\",\"@id\":\"https:\/\/www.manaus.am.gov.br\/manauscult\/#\/schema\/person\/4e49f4e267757a06ca072ec61b2b9968\",\"name\":\"Adriana Costa\",\"image\":{\"@type\":\"ImageObject\",\"inLanguage\":\"pt-BR\",\"@id\":\"https:\/\/www.manaus.am.gov.br\/manauscult\/#\/schema\/person\/image\/\",\"url\":\"https:\/\/secure.gravatar.com\/avatar\/576258617ef7194f718179e766d57bd4?s=96&d=mm&r=g\",\"contentUrl\":\"https:\/\/secure.gravatar.com\/avatar\/576258617ef7194f718179e766d57bd4?s=96&d=mm&r=g\",\"caption\":\"Adriana Costa\"}}]}<\/script>\n<!-- \/ Yoast SEO plugin. -->","yoast_head_json":{"title":"#SouManaus permite popula\u00e7\u00e3o vivenciar o Centro e acessar \u00e1reas fechadas, visualizando o porto, galp\u00f5es e belos edif\u00edcios hist\u00f3ricos","description":"Palco de grandes sobrados, resid\u00eancias dos bar\u00f5es da borracha, de pol\u00edticos e comerciantes de vis\u00e3o, al\u00e9m de igrejas, pra\u00e7as e sedes dos poderes, o rico acervo arquitet\u00f4nico do centro hist\u00f3rico da capital amazonense \u00e9 um cap\u00edtulo \u00e0 parte no \"#SouManaus Passo a Pa\u00e7o 2023\", realizado pela Prefeitura de Manaus, em uma \u00e1rea tombada pelo patrim\u00f4nio por ser um exemplar singular de urbanismo e arquitetura nacionais, que representam um recorte da hist\u00f3ria da cidade.","robots":{"index":"noindex","follow":"follow"},"og_locale":"pt_BR","og_type":"article","og_title":"#SouManaus permite popula\u00e7\u00e3o vivenciar o Centro e acessar \u00e1reas fechadas, visualizando o porto, galp\u00f5es e belos edif\u00edcios hist\u00f3ricos","og_description":"Palco de grandes sobrados, resid\u00eancias dos bar\u00f5es da borracha, de pol\u00edticos e comerciantes de vis\u00e3o, al\u00e9m de igrejas, pra\u00e7as e sedes dos poderes, o rico acervo arquitet\u00f4nico do centro hist\u00f3rico da capital amazonense \u00e9 um cap\u00edtulo \u00e0 parte no \"#SouManaus Passo a Pa\u00e7o 2023\", realizado pela Prefeitura de Manaus, em uma \u00e1rea tombada pelo patrim\u00f4nio por ser um exemplar singular de urbanismo e arquitetura nacionais, que representam um recorte da hist\u00f3ria da cidade.","og_url":"https:\/\/www.manaus.am.gov.br\/manauscult\/soumanaus-permite-populacao-vivenciar-o-centro-e-acessar-areas-fechadas-visualizando-o-porto-galpoes-e-belos-edificios-historicos\/","og_site_name":"MANAUSCULT","article_published_time":"2023-09-07T23:38:19+00:00","article_modified_time":"2023-09-08T00:29:43+00:00","og_image":[{"width":799,"height":533,"url":"https:\/\/www.manaus.am.gov.br\/manauscult\/wp-content\/uploads\/sites\/11\/2023\/09\/53171639821_628e68316b_c.jpg","type":"image\/jpeg"}],"author":"Adriana Costa","twitter_card":"summary_large_image","twitter_misc":{"Written by":"Adriana Costa","Est. reading time":"4 minutos"},"schema":{"@context":"https:\/\/schema.org","@graph":[{"@type":"WebPage","@id":"https:\/\/www.manaus.am.gov.br\/manauscult\/soumanaus-permite-populacao-vivenciar-o-centro-e-acessar-areas-fechadas-visualizando-o-porto-galpoes-e-belos-edificios-historicos\/","url":"https:\/\/www.manaus.am.gov.br\/manauscult\/soumanaus-permite-populacao-vivenciar-o-centro-e-acessar-areas-fechadas-visualizando-o-porto-galpoes-e-belos-edificios-historicos\/","name":"#SouManaus permite popula\u00e7\u00e3o vivenciar o Centro e acessar \u00e1reas fechadas, visualizando o porto, galp\u00f5es e belos edif\u00edcios hist\u00f3ricos","isPartOf":{"@id":"https:\/\/www.manaus.am.gov.br\/manauscult\/#website"},"primaryImageOfPage":{"@id":"https:\/\/www.manaus.am.gov.br\/manauscult\/soumanaus-permite-populacao-vivenciar-o-centro-e-acessar-areas-fechadas-visualizando-o-porto-galpoes-e-belos-edificios-historicos\/#primaryimage"},"image":{"@id":"https:\/\/www.manaus.am.gov.br\/manauscult\/soumanaus-permite-populacao-vivenciar-o-centro-e-acessar-areas-fechadas-visualizando-o-porto-galpoes-e-belos-edificios-historicos\/#primaryimage"},"thumbnailUrl":"https:\/\/www.manaus.am.gov.br\/manauscult\/wp-content\/uploads\/sites\/11\/2023\/09\/53171639821_628e68316b_c.jpg","datePublished":"2023-09-07T23:38:19+00:00","dateModified":"2023-09-08T00:29:43+00:00","author":{"@id":"https:\/\/www.manaus.am.gov.br\/manauscult\/#\/schema\/person\/4e49f4e267757a06ca072ec61b2b9968"},"description":"Palco de grandes sobrados, resid\u00eancias dos bar\u00f5es da borracha, de pol\u00edticos e comerciantes de vis\u00e3o, al\u00e9m de igrejas, pra\u00e7as e sedes dos poderes, o rico acervo arquitet\u00f4nico do centro hist\u00f3rico da capital amazonense \u00e9 um cap\u00edtulo \u00e0 parte no \"#SouManaus Passo a Pa\u00e7o 2023\", realizado pela Prefeitura de Manaus, em uma \u00e1rea tombada pelo patrim\u00f4nio por ser um exemplar singular de urbanismo e arquitetura nacionais, que representam um recorte da hist\u00f3ria da cidade.","breadcrumb":{"@id":"https:\/\/www.manaus.am.gov.br\/manauscult\/soumanaus-permite-populacao-vivenciar-o-centro-e-acessar-areas-fechadas-visualizando-o-porto-galpoes-e-belos-edificios-historicos\/#breadcrumb"},"inLanguage":"pt-BR","potentialAction":[{"@type":"ReadAction","target":["https:\/\/www.manaus.am.gov.br\/manauscult\/soumanaus-permite-populacao-vivenciar-o-centro-e-acessar-areas-fechadas-visualizando-o-porto-galpoes-e-belos-edificios-historicos\/"]}]},{"@type":"ImageObject","inLanguage":"pt-BR","@id":"https:\/\/www.manaus.am.gov.br\/manauscult\/soumanaus-permite-populacao-vivenciar-o-centro-e-acessar-areas-fechadas-visualizando-o-porto-galpoes-e-belos-edificios-historicos\/#primaryimage","url":"https:\/\/www.manaus.am.gov.br\/manauscult\/wp-content\/uploads\/sites\/11\/2023\/09\/53171639821_628e68316b_c.jpg","contentUrl":"https:\/\/www.manaus.am.gov.br\/manauscult\/wp-content\/uploads\/sites\/11\/2023\/09\/53171639821_628e68316b_c.jpg","width":799,"height":533},{"@type":"BreadcrumbList","@id":"https:\/\/www.manaus.am.gov.br\/manauscult\/soumanaus-permite-populacao-vivenciar-o-centro-e-acessar-areas-fechadas-visualizando-o-porto-galpoes-e-belos-edificios-historicos\/#breadcrumb","itemListElement":[{"@type":"ListItem","position":1,"name":"Home","item":"https:\/\/www.manaus.am.gov.br\/manauscult\/"},{"@type":"ListItem","position":2,"name":"#SouManaus permite popula\u00e7\u00e3o vivenciar o Centro e acessar \u00e1reas fechadas, visualizando o porto, galp\u00f5es e belos edif\u00edcios hist\u00f3ricos"}]},{"@type":"WebSite","@id":"https:\/\/www.manaus.am.gov.br\/manauscult\/#website","url":"https:\/\/www.manaus.am.gov.br\/manauscult\/","name":"MANAUSCULT","description":"Prefeitura de Manaus","potentialAction":[{"@type":"SearchAction","target":{"@type":"EntryPoint","urlTemplate":"https:\/\/www.manaus.am.gov.br\/manauscult\/?s={search_term_string}"},"query-input":"required name=search_term_string"}],"inLanguage":"pt-BR"},{"@type":"Person","@id":"https:\/\/www.manaus.am.gov.br\/manauscult\/#\/schema\/person\/4e49f4e267757a06ca072ec61b2b9968","name":"Adriana Costa","image":{"@type":"ImageObject","inLanguage":"pt-BR","@id":"https:\/\/www.manaus.am.gov.br\/manauscult\/#\/schema\/person\/image\/","url":"https:\/\/secure.gravatar.com\/avatar\/576258617ef7194f718179e766d57bd4?s=96&d=mm&r=g","contentUrl":"https:\/\/secure.gravatar.com\/avatar\/576258617ef7194f718179e766d57bd4?s=96&d=mm&r=g","caption":"Adriana Costa"}}]}},"_links":{"self":[{"href":"https:\/\/www.manaus.am.gov.br\/manauscult\/wp-json\/wp\/v2\/posts\/1468"}],"collection":[{"href":"https:\/\/www.manaus.am.gov.br\/manauscult\/wp-json\/wp\/v2\/posts"}],"about":[{"href":"https:\/\/www.manaus.am.gov.br\/manauscult\/wp-json\/wp\/v2\/types\/post"}],"author":[{"embeddable":true,"href":"https:\/\/www.manaus.am.gov.br\/manauscult\/wp-json\/wp\/v2\/users\/23"}],"replies":[{"embeddable":true,"href":"https:\/\/www.manaus.am.gov.br\/manauscult\/wp-json\/wp\/v2\/comments?post=1468"}],"version-history":[{"count":1,"href":"https:\/\/www.manaus.am.gov.br\/manauscult\/wp-json\/wp\/v2\/posts\/1468\/revisions"}],"predecessor-version":[{"id":1470,"href":"https:\/\/www.manaus.am.gov.br\/manauscult\/wp-json\/wp\/v2\/posts\/1468\/revisions\/1470"}],"wp:featuredmedia":[{"embeddable":true,"href":"https:\/\/www.manaus.am.gov.br\/manauscult\/wp-json\/wp\/v2\/media\/1469"}],"wp:attachment":[{"href":"https:\/\/www.manaus.am.gov.br\/manauscult\/wp-json\/wp\/v2\/media?parent=1468"}],"wp:term":[{"taxonomy":"category","embeddable":true,"href":"https:\/\/www.manaus.am.gov.br\/manauscult\/wp-json\/wp\/v2\/categories?post=1468"},{"taxonomy":"post_tag","embeddable":true,"href":"https:\/\/www.manaus.am.gov.br\/manauscult\/wp-json\/wp\/v2\/tags?post=1468"}],"curies":[{"name":"wp","href":"https:\/\/api.w.org\/{rel}","templated":true}]}}