{"id":1466,"date":"2023-09-07T20:22:48","date_gmt":"2023-09-08T00:22:48","guid":{"rendered":"https:\/\/www.manaus.am.gov.br\/manauscult\/festival-soumanaus-faz-historia-e-marca-vida-e-memorias-do-publico-de-jovem-mae-e-ate-idosos\/"},"modified":"2023-09-07T20:23:12","modified_gmt":"2023-09-08T00:23:12","slug":"festival-soumanaus-faz-historia-e-marca-vida-e-memorias-do-publico-de-jovem-mae-e-ate-idosos","status":"publish","type":"post","link":"https:\/\/www.manaus.am.gov.br\/manauscult\/festival-soumanaus-faz-historia-e-marca-vida-e-memorias-do-publico-de-jovem-mae-e-ate-idosos\/","title":{"rendered":"<strong>Festival #SouManaus faz hist\u00f3ria e marca vida e mem\u00f3rias do p\u00fablico, de jovem, m\u00e3e e at\u00e9 idosos<\/strong>"},"content":{"rendered":"\n<p>Festivais s\u00e3o feitos de hist\u00f3rias de supera\u00e7\u00f5es, de ineditismo, de quebra de marcas e n\u00fameros, mas, principalmente, por entrarem para a hist\u00f3ria de vida de milhares de pessoas como acontece no maior evento de artes do Norte do Brasil, o \u201c#SouManaus Passo a Pa\u00e7o 2023\u201d, realizado pela Prefeitura de Manaus.<\/p>\n\n\n\n<p>E o #SouManaus deste ano foi um \u201cdivisor de \u00e1guas\u201d desde sua divulga\u00e7\u00e3o, sendo lan\u00e7ado para o mundo ver em plena Times Square, em Nova Iorque (EUA), at\u00e9 a sele\u00e7\u00e3o de estrelas e&nbsp;<em>headliners,<\/em>&nbsp;como o maior DJ do mundo, David Guetta, que bateu o recorde de p\u00fablico no palco Bradesco &#8211; Guardi\u00e3o da Amaz\u00f4nia, transformado em uma das maiores pistas de dan\u00e7a do mundo.<\/p>\n\n\n\n<p>O festival faz parte da vida do pequeno Bento, de apenas 10 meses, que no ano passado estava na barriga da m\u00e3e, a despachante Karen Luna, 36. Ela estava gr\u00e1vida, quando curtiu o show da recifense Duda Beat, conhecida como rainha da sofr\u00eancia pop.<\/p>\n\n\n\n<p>\u201cAno passado, o Bento estava na minha barriga e, este ano, trouxe ele para curtir o Passinho. O festival \u00e9 \u00fanico por ser uma linda oportunidade, tem uma ampla diversidade e, hoje, estou aproveitando a programa\u00e7\u00e3o infantil e saud\u00e1vel. Estou muito feliz por estar aqui, para ele curtir. Este ano, teve o DJ David Guetta, mas n\u00e3o pude assistir. Ano que vem, acho que vai ter atra\u00e7\u00e3o bem interessante e, com o Bento maior, ser\u00e1 melhor. Quem sabe o festival n\u00e3o traga artistas como Gilberto Gil e Caetano. Seria um sonho\u201d, disse a jovem.<\/p>\n\n\n\n<p>J\u00e1 a aposentada e cadeirante&nbsp; Vivaldina Andrade, 87 anos, n\u00e3o perde um #SouManaus e, nesta edi\u00e7\u00e3o, estava ansiosa pelo show do padre F\u00e1bio de Melo, no palco Bradesco &#8211; Guardi\u00e3o da Amaz\u00f4nia. Cat\u00f3lica e moradora do bairro Bet\u00e2nia, ela, que teve nove filhos e j\u00e1 perdeu a conta de quantos netos e bisnetos t\u00eam, veio com o neto Jean Andrade, 33, analista de Recursos Humanos. Enquanto na ter\u00e7a-feira (5\/9), Jean curtia o internacional David Guetta, hoje estava com a av\u00f3, aproveitando o festival em fam\u00edlia. E se \u201cdona Vida\u201d, como \u00e9 carinhosamente chamada pela fam\u00edlia, pudesse escolher uma atra\u00e7\u00e3o para assistir em 2024, seria Julio Iglesias. J\u00e1 Jean gostaria de ter um Djavan ou Roupa Nova nos palcos. \u201cTive filhos muito cedo e na minha \u00e9poca n\u00e3o tinha isso. Hoje, curto bastante e me divirto\u201d, disse, emocionada com o show do padre.<\/p>\n\n\n\n<p>Com apenas 3 meses, Levy estava, na \u00faltima noite do festival, no espa\u00e7o infantil com os pais Raissa dos Santos, 18, e Lucas da Silva Costa, 26. \u201cMoramos no Tarum\u00e3 e ficamos animados para vir ao evento e aproveitar o feriado em fam\u00edlia, tendo uma divers\u00e3o. N\u00e3o &nbsp;conhec\u00edamos essa \u00e1rea da cidade. N\u00e3o imagin\u00e1vamos que a estrutura era t\u00e3o grande, superando nossas expectativas. Vamos voltar ano que vem\u201d, assegurou Lucas.<\/p>\n\n\n\n<p><strong>Festival<\/strong><\/p>\n\n\n\n<p>Este ano, o #SouManaus recebeu atra\u00e7\u00f5es como Biquini, Kevin o Cris, Zeca Pagodinho, Z\u00e9 Felipe e Virg\u00ednia Fonseca, Humberto Gessinger, L\u00e9o Magalh\u00e3es, Murilo Huff, Marina Sena, Lob\u00e3o e o DJ Internacional David Guetta.<\/p>\n\n\n\n<p>Para o prefeito David Almeida, poder apresentar a cidade para os maiores&nbsp;<em>players<\/em>&nbsp;do turismo, por meio do megaevento, \u00e9 uma revolu\u00e7\u00e3o de impactos positivos em v\u00e1rios aspectos.<\/p>\n\n\n\n<p>E o que ser\u00e1 que 2024 trar\u00e1 de novas hist\u00f3rias de vida para todos esses personagens? A certeza de dias felizes, alegres e mem\u00f3rias.<\/p>\n\n\n\n<p>&#8212; &#8212; &#8212;<\/p>\n\n\n\n<p><strong>Texto<\/strong>&nbsp;&#8211; Cl\u00e1udia do Valle\/Semcom<\/p>\n\n\n\n<p><strong>Fotos<\/strong>&nbsp;&#8211; Aguilar Abecassis\/Semcom<\/p>\n","protected":false},"excerpt":{"rendered":"","protected":false},"author":23,"featured_media":1467,"comment_status":"closed","ping_status":"closed","sticky":false,"template":"","format":"standard","meta":{"footnotes":""},"categories":[508],"tags":[168,98,642,643,644,645,11],"acf":[],"yoast_head":"<!-- This site is optimized with the Yoast SEO plugin v23.0 - https:\/\/yoast.com\/wordpress\/plugins\/seo\/ -->\n<title>Festival #SouManaus faz hist\u00f3ria e marca vida e mem\u00f3rias do p\u00fablico, de jovem, m\u00e3e e at\u00e9 idosos<\/title>\n<meta name=\"description\" content=\"Festivais s\u00e3o feitos de hist\u00f3rias de supera\u00e7\u00f5es, de ineditismo, de quebra de marcas e n\u00fameros, mas, principalmente, por entrarem para a hist\u00f3ria de vida de milhares de pessoas como acontece no maior evento de artes do Norte do Brasil, o \u201c#SouManaus Passo a Pa\u00e7o 2023\u201d, realizado pela Prefeitura de Manaus.\" \/>\n<meta name=\"robots\" content=\"noindex, follow\" \/>\n<meta property=\"og:locale\" content=\"pt_BR\" \/>\n<meta property=\"og:type\" content=\"article\" \/>\n<meta property=\"og:title\" content=\"Festival #SouManaus faz hist\u00f3ria e marca vida e mem\u00f3rias do p\u00fablico, de jovem, m\u00e3e e at\u00e9 idosos\" \/>\n<meta property=\"og:description\" content=\"Festivais s\u00e3o feitos de hist\u00f3rias de supera\u00e7\u00f5es, de ineditismo, de quebra de marcas e n\u00fameros, mas, principalmente, por entrarem para a hist\u00f3ria de vida de milhares de pessoas como acontece no maior evento de artes do Norte do Brasil, o \u201c#SouManaus Passo a Pa\u00e7o 2023\u201d, realizado pela Prefeitura de Manaus.\" \/>\n<meta property=\"og:url\" content=\"https:\/\/www.manaus.am.gov.br\/manauscult\/festival-soumanaus-faz-historia-e-marca-vida-e-memorias-do-publico-de-jovem-mae-e-ate-idosos\/\" \/>\n<meta property=\"og:site_name\" content=\"MANAUSCULT\" \/>\n<meta property=\"article:published_time\" content=\"2023-09-08T00:22:48+00:00\" \/>\n<meta property=\"article:modified_time\" content=\"2023-09-08T00:23:12+00:00\" \/>\n<meta property=\"og:image\" content=\"https:\/\/www.manaus.am.gov.br\/manauscult\/wp-content\/uploads\/sites\/11\/2023\/09\/WhatsApp-Image-2023-09-07-at-20.00.47.jpeg\" \/>\n\t<meta property=\"og:image:width\" content=\"3500\" \/>\n\t<meta property=\"og:image:height\" content=\"2333\" \/>\n\t<meta property=\"og:image:type\" content=\"image\/jpeg\" \/>\n<meta name=\"author\" content=\"Adriana Costa\" \/>\n<meta name=\"twitter:card\" content=\"summary_large_image\" \/>\n<meta name=\"twitter:label1\" content=\"Written by\" \/>\n\t<meta name=\"twitter:data1\" content=\"Adriana Costa\" \/>\n\t<meta name=\"twitter:label2\" content=\"Est. reading time\" \/>\n\t<meta name=\"twitter:data2\" content=\"4 minutos\" \/>\n<script type=\"application\/ld+json\" class=\"yoast-schema-graph\">{\"@context\":\"https:\/\/schema.org\",\"@graph\":[{\"@type\":\"WebPage\",\"@id\":\"https:\/\/www.manaus.am.gov.br\/manauscult\/festival-soumanaus-faz-historia-e-marca-vida-e-memorias-do-publico-de-jovem-mae-e-ate-idosos\/\",\"url\":\"https:\/\/www.manaus.am.gov.br\/manauscult\/festival-soumanaus-faz-historia-e-marca-vida-e-memorias-do-publico-de-jovem-mae-e-ate-idosos\/\",\"name\":\"Festival #SouManaus faz hist\u00f3ria e marca vida e mem\u00f3rias do p\u00fablico, de jovem, m\u00e3e e at\u00e9 idosos\",\"isPartOf\":{\"@id\":\"https:\/\/www.manaus.am.gov.br\/manauscult\/#website\"},\"primaryImageOfPage\":{\"@id\":\"https:\/\/www.manaus.am.gov.br\/manauscult\/festival-soumanaus-faz-historia-e-marca-vida-e-memorias-do-publico-de-jovem-mae-e-ate-idosos\/#primaryimage\"},\"image\":{\"@id\":\"https:\/\/www.manaus.am.gov.br\/manauscult\/festival-soumanaus-faz-historia-e-marca-vida-e-memorias-do-publico-de-jovem-mae-e-ate-idosos\/#primaryimage\"},\"thumbnailUrl\":\"https:\/\/www.manaus.am.gov.br\/manauscult\/wp-content\/uploads\/sites\/11\/2023\/09\/WhatsApp-Image-2023-09-07-at-20.00.47.jpeg\",\"datePublished\":\"2023-09-08T00:22:48+00:00\",\"dateModified\":\"2023-09-08T00:23:12+00:00\",\"author\":{\"@id\":\"https:\/\/www.manaus.am.gov.br\/manauscult\/#\/schema\/person\/4e49f4e267757a06ca072ec61b2b9968\"},\"description\":\"Festivais s\u00e3o feitos de hist\u00f3rias de supera\u00e7\u00f5es, de ineditismo, de quebra de marcas e n\u00fameros, mas, principalmente, por entrarem para a hist\u00f3ria de vida de milhares de pessoas como acontece no maior evento de artes do Norte do Brasil, o \u201c#SouManaus Passo a Pa\u00e7o 2023\u201d, realizado pela Prefeitura de Manaus.\",\"breadcrumb\":{\"@id\":\"https:\/\/www.manaus.am.gov.br\/manauscult\/festival-soumanaus-faz-historia-e-marca-vida-e-memorias-do-publico-de-jovem-mae-e-ate-idosos\/#breadcrumb\"},\"inLanguage\":\"pt-BR\",\"potentialAction\":[{\"@type\":\"ReadAction\",\"target\":[\"https:\/\/www.manaus.am.gov.br\/manauscult\/festival-soumanaus-faz-historia-e-marca-vida-e-memorias-do-publico-de-jovem-mae-e-ate-idosos\/\"]}]},{\"@type\":\"ImageObject\",\"inLanguage\":\"pt-BR\",\"@id\":\"https:\/\/www.manaus.am.gov.br\/manauscult\/festival-soumanaus-faz-historia-e-marca-vida-e-memorias-do-publico-de-jovem-mae-e-ate-idosos\/#primaryimage\",\"url\":\"https:\/\/www.manaus.am.gov.br\/manauscult\/wp-content\/uploads\/sites\/11\/2023\/09\/WhatsApp-Image-2023-09-07-at-20.00.47.jpeg\",\"contentUrl\":\"https:\/\/www.manaus.am.gov.br\/manauscult\/wp-content\/uploads\/sites\/11\/2023\/09\/WhatsApp-Image-2023-09-07-at-20.00.47.jpeg\",\"width\":3500,\"height\":2333},{\"@type\":\"BreadcrumbList\",\"@id\":\"https:\/\/www.manaus.am.gov.br\/manauscult\/festival-soumanaus-faz-historia-e-marca-vida-e-memorias-do-publico-de-jovem-mae-e-ate-idosos\/#breadcrumb\",\"itemListElement\":[{\"@type\":\"ListItem\",\"position\":1,\"name\":\"Home\",\"item\":\"https:\/\/www.manaus.am.gov.br\/manauscult\/\"},{\"@type\":\"ListItem\",\"position\":2,\"name\":\"Festival #SouManaus faz hist\u00f3ria e marca vida e mem\u00f3rias do p\u00fablico, de jovem, m\u00e3e e at\u00e9 idosos\"}]},{\"@type\":\"WebSite\",\"@id\":\"https:\/\/www.manaus.am.gov.br\/manauscult\/#website\",\"url\":\"https:\/\/www.manaus.am.gov.br\/manauscult\/\",\"name\":\"MANAUSCULT\",\"description\":\"Prefeitura de Manaus\",\"potentialAction\":[{\"@type\":\"SearchAction\",\"target\":{\"@type\":\"EntryPoint\",\"urlTemplate\":\"https:\/\/www.manaus.am.gov.br\/manauscult\/?s={search_term_string}\"},\"query-input\":\"required name=search_term_string\"}],\"inLanguage\":\"pt-BR\"},{\"@type\":\"Person\",\"@id\":\"https:\/\/www.manaus.am.gov.br\/manauscult\/#\/schema\/person\/4e49f4e267757a06ca072ec61b2b9968\",\"name\":\"Adriana Costa\",\"image\":{\"@type\":\"ImageObject\",\"inLanguage\":\"pt-BR\",\"@id\":\"https:\/\/www.manaus.am.gov.br\/manauscult\/#\/schema\/person\/image\/\",\"url\":\"https:\/\/secure.gravatar.com\/avatar\/576258617ef7194f718179e766d57bd4?s=96&d=mm&r=g\",\"contentUrl\":\"https:\/\/secure.gravatar.com\/avatar\/576258617ef7194f718179e766d57bd4?s=96&d=mm&r=g\",\"caption\":\"Adriana Costa\"}}]}<\/script>\n<!-- \/ Yoast SEO plugin. -->","yoast_head_json":{"title":"Festival #SouManaus faz hist\u00f3ria e marca vida e mem\u00f3rias do p\u00fablico, de jovem, m\u00e3e e at\u00e9 idosos","description":"Festivais s\u00e3o feitos de hist\u00f3rias de supera\u00e7\u00f5es, de ineditismo, de quebra de marcas e n\u00fameros, mas, principalmente, por entrarem para a hist\u00f3ria de vida de milhares de pessoas como acontece no maior evento de artes do Norte do Brasil, o \u201c#SouManaus Passo a Pa\u00e7o 2023\u201d, realizado pela Prefeitura de Manaus.","robots":{"index":"noindex","follow":"follow"},"og_locale":"pt_BR","og_type":"article","og_title":"Festival #SouManaus faz hist\u00f3ria e marca vida e mem\u00f3rias do p\u00fablico, de jovem, m\u00e3e e at\u00e9 idosos","og_description":"Festivais s\u00e3o feitos de hist\u00f3rias de supera\u00e7\u00f5es, de ineditismo, de quebra de marcas e n\u00fameros, mas, principalmente, por entrarem para a hist\u00f3ria de vida de milhares de pessoas como acontece no maior evento de artes do Norte do Brasil, o \u201c#SouManaus Passo a Pa\u00e7o 2023\u201d, realizado pela Prefeitura de Manaus.","og_url":"https:\/\/www.manaus.am.gov.br\/manauscult\/festival-soumanaus-faz-historia-e-marca-vida-e-memorias-do-publico-de-jovem-mae-e-ate-idosos\/","og_site_name":"MANAUSCULT","article_published_time":"2023-09-08T00:22:48+00:00","article_modified_time":"2023-09-08T00:23:12+00:00","og_image":[{"width":3500,"height":2333,"url":"https:\/\/www.manaus.am.gov.br\/manauscult\/wp-content\/uploads\/sites\/11\/2023\/09\/WhatsApp-Image-2023-09-07-at-20.00.47.jpeg","type":"image\/jpeg"}],"author":"Adriana Costa","twitter_card":"summary_large_image","twitter_misc":{"Written by":"Adriana Costa","Est. reading time":"4 minutos"},"schema":{"@context":"https:\/\/schema.org","@graph":[{"@type":"WebPage","@id":"https:\/\/www.manaus.am.gov.br\/manauscult\/festival-soumanaus-faz-historia-e-marca-vida-e-memorias-do-publico-de-jovem-mae-e-ate-idosos\/","url":"https:\/\/www.manaus.am.gov.br\/manauscult\/festival-soumanaus-faz-historia-e-marca-vida-e-memorias-do-publico-de-jovem-mae-e-ate-idosos\/","name":"Festival #SouManaus faz hist\u00f3ria e marca vida e mem\u00f3rias do p\u00fablico, de jovem, m\u00e3e e at\u00e9 idosos","isPartOf":{"@id":"https:\/\/www.manaus.am.gov.br\/manauscult\/#website"},"primaryImageOfPage":{"@id":"https:\/\/www.manaus.am.gov.br\/manauscult\/festival-soumanaus-faz-historia-e-marca-vida-e-memorias-do-publico-de-jovem-mae-e-ate-idosos\/#primaryimage"},"image":{"@id":"https:\/\/www.manaus.am.gov.br\/manauscult\/festival-soumanaus-faz-historia-e-marca-vida-e-memorias-do-publico-de-jovem-mae-e-ate-idosos\/#primaryimage"},"thumbnailUrl":"https:\/\/www.manaus.am.gov.br\/manauscult\/wp-content\/uploads\/sites\/11\/2023\/09\/WhatsApp-Image-2023-09-07-at-20.00.47.jpeg","datePublished":"2023-09-08T00:22:48+00:00","dateModified":"2023-09-08T00:23:12+00:00","author":{"@id":"https:\/\/www.manaus.am.gov.br\/manauscult\/#\/schema\/person\/4e49f4e267757a06ca072ec61b2b9968"},"description":"Festivais s\u00e3o feitos de hist\u00f3rias de supera\u00e7\u00f5es, de ineditismo, de quebra de marcas e n\u00fameros, mas, principalmente, por entrarem para a hist\u00f3ria de vida de milhares de pessoas como acontece no maior evento de artes do Norte do Brasil, o \u201c#SouManaus Passo a Pa\u00e7o 2023\u201d, realizado pela Prefeitura de Manaus.","breadcrumb":{"@id":"https:\/\/www.manaus.am.gov.br\/manauscult\/festival-soumanaus-faz-historia-e-marca-vida-e-memorias-do-publico-de-jovem-mae-e-ate-idosos\/#breadcrumb"},"inLanguage":"pt-BR","potentialAction":[{"@type":"ReadAction","target":["https:\/\/www.manaus.am.gov.br\/manauscult\/festival-soumanaus-faz-historia-e-marca-vida-e-memorias-do-publico-de-jovem-mae-e-ate-idosos\/"]}]},{"@type":"ImageObject","inLanguage":"pt-BR","@id":"https:\/\/www.manaus.am.gov.br\/manauscult\/festival-soumanaus-faz-historia-e-marca-vida-e-memorias-do-publico-de-jovem-mae-e-ate-idosos\/#primaryimage","url":"https:\/\/www.manaus.am.gov.br\/manauscult\/wp-content\/uploads\/sites\/11\/2023\/09\/WhatsApp-Image-2023-09-07-at-20.00.47.jpeg","contentUrl":"https:\/\/www.manaus.am.gov.br\/manauscult\/wp-content\/uploads\/sites\/11\/2023\/09\/WhatsApp-Image-2023-09-07-at-20.00.47.jpeg","width":3500,"height":2333},{"@type":"BreadcrumbList","@id":"https:\/\/www.manaus.am.gov.br\/manauscult\/festival-soumanaus-faz-historia-e-marca-vida-e-memorias-do-publico-de-jovem-mae-e-ate-idosos\/#breadcrumb","itemListElement":[{"@type":"ListItem","position":1,"name":"Home","item":"https:\/\/www.manaus.am.gov.br\/manauscult\/"},{"@type":"ListItem","position":2,"name":"Festival #SouManaus faz hist\u00f3ria e marca vida e mem\u00f3rias do p\u00fablico, de jovem, m\u00e3e e at\u00e9 idosos"}]},{"@type":"WebSite","@id":"https:\/\/www.manaus.am.gov.br\/manauscult\/#website","url":"https:\/\/www.manaus.am.gov.br\/manauscult\/","name":"MANAUSCULT","description":"Prefeitura de Manaus","potentialAction":[{"@type":"SearchAction","target":{"@type":"EntryPoint","urlTemplate":"https:\/\/www.manaus.am.gov.br\/manauscult\/?s={search_term_string}"},"query-input":"required name=search_term_string"}],"inLanguage":"pt-BR"},{"@type":"Person","@id":"https:\/\/www.manaus.am.gov.br\/manauscult\/#\/schema\/person\/4e49f4e267757a06ca072ec61b2b9968","name":"Adriana Costa","image":{"@type":"ImageObject","inLanguage":"pt-BR","@id":"https:\/\/www.manaus.am.gov.br\/manauscult\/#\/schema\/person\/image\/","url":"https:\/\/secure.gravatar.com\/avatar\/576258617ef7194f718179e766d57bd4?s=96&d=mm&r=g","contentUrl":"https:\/\/secure.gravatar.com\/avatar\/576258617ef7194f718179e766d57bd4?s=96&d=mm&r=g","caption":"Adriana Costa"}}]}},"_links":{"self":[{"href":"https:\/\/www.manaus.am.gov.br\/manauscult\/wp-json\/wp\/v2\/posts\/1466"}],"collection":[{"href":"https:\/\/www.manaus.am.gov.br\/manauscult\/wp-json\/wp\/v2\/posts"}],"about":[{"href":"https:\/\/www.manaus.am.gov.br\/manauscult\/wp-json\/wp\/v2\/types\/post"}],"author":[{"embeddable":true,"href":"https:\/\/www.manaus.am.gov.br\/manauscult\/wp-json\/wp\/v2\/users\/23"}],"replies":[{"embeddable":true,"href":"https:\/\/www.manaus.am.gov.br\/manauscult\/wp-json\/wp\/v2\/comments?post=1466"}],"version-history":[{"count":0,"href":"https:\/\/www.manaus.am.gov.br\/manauscult\/wp-json\/wp\/v2\/posts\/1466\/revisions"}],"wp:featuredmedia":[{"embeddable":true,"href":"https:\/\/www.manaus.am.gov.br\/manauscult\/wp-json\/wp\/v2\/media\/1467"}],"wp:attachment":[{"href":"https:\/\/www.manaus.am.gov.br\/manauscult\/wp-json\/wp\/v2\/media?parent=1466"}],"wp:term":[{"taxonomy":"category","embeddable":true,"href":"https:\/\/www.manaus.am.gov.br\/manauscult\/wp-json\/wp\/v2\/categories?post=1466"},{"taxonomy":"post_tag","embeddable":true,"href":"https:\/\/www.manaus.am.gov.br\/manauscult\/wp-json\/wp\/v2\/tags?post=1466"}],"curies":[{"name":"wp","href":"https:\/\/api.w.org\/{rel}","templated":true}]}}