{"id":1464,"date":"2023-09-07T20:19:37","date_gmt":"2023-09-08T00:19:37","guid":{"rendered":"https:\/\/www.manaus.am.gov.br\/manauscult\/soumanaus-passo-a-paco-2023-e-vitrine-para-o-artesanato-local\/"},"modified":"2023-09-07T20:19:39","modified_gmt":"2023-09-08T00:19:39","slug":"soumanaus-passo-a-paco-2023-e-vitrine-para-o-artesanato-local","status":"publish","type":"post","link":"https:\/\/www.manaus.am.gov.br\/manauscult\/soumanaus-passo-a-paco-2023-e-vitrine-para-o-artesanato-local\/","title":{"rendered":"<strong>#SouManaus Passo a Pa\u00e7o 2023 \u00e9 vitrine para o artesanato local<\/strong>"},"content":{"rendered":"\n<p>Nem s\u00f3 de apresenta\u00e7\u00f5es musicais vive o #SouManaus2023, os participantes tamb\u00e9m aproveitaram a visita para conhecer ainda mais a produ\u00e7\u00e3o artesanal local. Para isto, o p\u00fablico teve a oportunidade de prestigiar a Feira de Artesanatos que contou com a participa\u00e7\u00e3o de mais de 75 artes\u00e3os em 25 stands.<\/p>\n\n\n\n<p>No espa\u00e7o, est\u00e3o expostos produtos confeccionados \u00e0 m\u00e3o, como artigos feitos com material reciclado, madeira, casca de \u00e1rvore, sementes, fibras da floresta, al\u00e9m do grafismo ind\u00edgena.<\/p>\n\n\n\n<p>Contemplada pela primeira vez na feira com a venda de artigos feitos com fibra e sementes da Amaz\u00f4nia, a empreendedora Vanessa Dias Pinho, 42 anos, destaca que foi uma grata experi\u00eancia a participa\u00e7\u00e3o da feira no #SouManaus. Ela trabalha com croch\u00ea e fabrica amigurumi (t\u00e9cnica que utiliza croch\u00ea para produzir bichinhos de pel\u00facia).<\/p>\n\n\n\n<p>\u201c\u00c9 a primeira vez que eu participo e at\u00e9 o momento o resultado tem sido bastante positivo. Hoje, as vendas est\u00e3o bem e recebemos muitas visitas tamb\u00e9m de turistas de outras regi\u00f5es do pa\u00eds e at\u00e9 de fora\u201d, afirmou Vanessa.<\/p>\n\n\n\n<p>A corretora de im\u00f3veis Nayane Cristina Queiroz Galv\u00e3o Ferreira, 33 anos, visitou o espa\u00e7o e ficou surpresa com a variedade de produtos ofertados. \u201cSempre frequento a feira da (avenida) Eduardo Ribeiro e gosto de conhecer artesanato feito na regi\u00e3o. Esta foi uma oportunidade para incentivar a economia local. Infelizmente, hoje muitas coisas s\u00e3o vendidas pela internet e ter esse contato f\u00edsico \u00e9 muito positivo\u201d, frisou.<\/p>\n\n\n\n<p>&#8212; &#8212; &#8212;<\/p>\n\n\n\n<p><strong>Texto<\/strong> &#8211; Alisson Castro \/ Semcom<\/p>\n\n\n\n<p><strong>Fotos<\/strong> \u2013 Phill Limma \/ Semcom<\/p>\n","protected":false},"excerpt":{"rendered":"","protected":false},"author":25,"featured_media":1465,"comment_status":"closed","ping_status":"closed","sticky":false,"template":"","format":"standard","meta":{"footnotes":""},"categories":[508],"tags":[538,279],"acf":[],"yoast_head":"<!-- This site is optimized with the Yoast SEO plugin v23.0 - https:\/\/yoast.com\/wordpress\/plugins\/seo\/ -->\n<title>#SouManaus Passo a Pa\u00e7o 2023 \u00e9 vitrine para o artesanato local<\/title>\n<meta name=\"robots\" content=\"noindex, follow\" \/>\n<meta property=\"og:locale\" content=\"pt_BR\" \/>\n<meta property=\"og:type\" content=\"article\" \/>\n<meta property=\"og:title\" content=\"#SouManaus Passo a Pa\u00e7o 2023 \u00e9 vitrine para o artesanato local\" \/>\n<meta property=\"og:url\" content=\"https:\/\/www.manaus.am.gov.br\/manauscult\/soumanaus-passo-a-paco-2023-e-vitrine-para-o-artesanato-local\/\" \/>\n<meta property=\"og:site_name\" content=\"MANAUSCULT\" \/>\n<meta property=\"article:published_time\" content=\"2023-09-08T00:19:37+00:00\" \/>\n<meta property=\"article:modified_time\" content=\"2023-09-08T00:19:39+00:00\" \/>\n<meta property=\"og:image\" content=\"https:\/\/www.manaus.am.gov.br\/manauscult\/wp-content\/uploads\/sites\/11\/2023\/09\/2C9A4444.jpg\" \/>\n\t<meta property=\"og:image:width\" content=\"1920\" \/>\n\t<meta property=\"og:image:height\" content=\"1280\" \/>\n\t<meta property=\"og:image:type\" content=\"image\/jpeg\" \/>\n<meta name=\"author\" content=\"Maur\u00edcio Freire\" \/>\n<meta name=\"twitter:card\" content=\"summary_large_image\" \/>\n<meta name=\"twitter:label1\" content=\"Written by\" \/>\n\t<meta name=\"twitter:data1\" content=\"Maur\u00edcio Freire\" \/>\n\t<meta name=\"twitter:label2\" content=\"Est. reading time\" \/>\n\t<meta name=\"twitter:data2\" content=\"2 minutos\" \/>\n<script type=\"application\/ld+json\" class=\"yoast-schema-graph\">{\"@context\":\"https:\/\/schema.org\",\"@graph\":[{\"@type\":\"WebPage\",\"@id\":\"https:\/\/www.manaus.am.gov.br\/manauscult\/soumanaus-passo-a-paco-2023-e-vitrine-para-o-artesanato-local\/\",\"url\":\"https:\/\/www.manaus.am.gov.br\/manauscult\/soumanaus-passo-a-paco-2023-e-vitrine-para-o-artesanato-local\/\",\"name\":\"#SouManaus Passo a Pa\u00e7o 2023 \u00e9 vitrine para o artesanato local\",\"isPartOf\":{\"@id\":\"https:\/\/www.manaus.am.gov.br\/manauscult\/#website\"},\"primaryImageOfPage\":{\"@id\":\"https:\/\/www.manaus.am.gov.br\/manauscult\/soumanaus-passo-a-paco-2023-e-vitrine-para-o-artesanato-local\/#primaryimage\"},\"image\":{\"@id\":\"https:\/\/www.manaus.am.gov.br\/manauscult\/soumanaus-passo-a-paco-2023-e-vitrine-para-o-artesanato-local\/#primaryimage\"},\"thumbnailUrl\":\"https:\/\/www.manaus.am.gov.br\/manauscult\/wp-content\/uploads\/sites\/11\/2023\/09\/2C9A4444.jpg\",\"datePublished\":\"2023-09-08T00:19:37+00:00\",\"dateModified\":\"2023-09-08T00:19:39+00:00\",\"author\":{\"@id\":\"https:\/\/www.manaus.am.gov.br\/manauscult\/#\/schema\/person\/587989a23a463cde5618e6a028977a9a\"},\"breadcrumb\":{\"@id\":\"https:\/\/www.manaus.am.gov.br\/manauscult\/soumanaus-passo-a-paco-2023-e-vitrine-para-o-artesanato-local\/#breadcrumb\"},\"inLanguage\":\"pt-BR\",\"potentialAction\":[{\"@type\":\"ReadAction\",\"target\":[\"https:\/\/www.manaus.am.gov.br\/manauscult\/soumanaus-passo-a-paco-2023-e-vitrine-para-o-artesanato-local\/\"]}]},{\"@type\":\"ImageObject\",\"inLanguage\":\"pt-BR\",\"@id\":\"https:\/\/www.manaus.am.gov.br\/manauscult\/soumanaus-passo-a-paco-2023-e-vitrine-para-o-artesanato-local\/#primaryimage\",\"url\":\"https:\/\/www.manaus.am.gov.br\/manauscult\/wp-content\/uploads\/sites\/11\/2023\/09\/2C9A4444.jpg\",\"contentUrl\":\"https:\/\/www.manaus.am.gov.br\/manauscult\/wp-content\/uploads\/sites\/11\/2023\/09\/2C9A4444.jpg\",\"width\":1920,\"height\":1280},{\"@type\":\"BreadcrumbList\",\"@id\":\"https:\/\/www.manaus.am.gov.br\/manauscult\/soumanaus-passo-a-paco-2023-e-vitrine-para-o-artesanato-local\/#breadcrumb\",\"itemListElement\":[{\"@type\":\"ListItem\",\"position\":1,\"name\":\"Home\",\"item\":\"https:\/\/www.manaus.am.gov.br\/manauscult\/\"},{\"@type\":\"ListItem\",\"position\":2,\"name\":\"#SouManaus Passo a Pa\u00e7o 2023 \u00e9 vitrine para o artesanato local\"}]},{\"@type\":\"WebSite\",\"@id\":\"https:\/\/www.manaus.am.gov.br\/manauscult\/#website\",\"url\":\"https:\/\/www.manaus.am.gov.br\/manauscult\/\",\"name\":\"MANAUSCULT\",\"description\":\"Prefeitura de Manaus\",\"potentialAction\":[{\"@type\":\"SearchAction\",\"target\":{\"@type\":\"EntryPoint\",\"urlTemplate\":\"https:\/\/www.manaus.am.gov.br\/manauscult\/?s={search_term_string}\"},\"query-input\":\"required name=search_term_string\"}],\"inLanguage\":\"pt-BR\"},{\"@type\":\"Person\",\"@id\":\"https:\/\/www.manaus.am.gov.br\/manauscult\/#\/schema\/person\/587989a23a463cde5618e6a028977a9a\",\"name\":\"Maur\u00edcio Freire\",\"image\":{\"@type\":\"ImageObject\",\"inLanguage\":\"pt-BR\",\"@id\":\"https:\/\/www.manaus.am.gov.br\/manauscult\/#\/schema\/person\/image\/\",\"url\":\"https:\/\/secure.gravatar.com\/avatar\/dc1481799a1f75c733ac3b2634cd6749?s=96&d=mm&r=g\",\"contentUrl\":\"https:\/\/secure.gravatar.com\/avatar\/dc1481799a1f75c733ac3b2634cd6749?s=96&d=mm&r=g\",\"caption\":\"Maur\u00edcio Freire\"}}]}<\/script>\n<!-- \/ Yoast SEO plugin. -->","yoast_head_json":{"title":"#SouManaus Passo a Pa\u00e7o 2023 \u00e9 vitrine para o artesanato local","robots":{"index":"noindex","follow":"follow"},"og_locale":"pt_BR","og_type":"article","og_title":"#SouManaus Passo a Pa\u00e7o 2023 \u00e9 vitrine para o artesanato local","og_url":"https:\/\/www.manaus.am.gov.br\/manauscult\/soumanaus-passo-a-paco-2023-e-vitrine-para-o-artesanato-local\/","og_site_name":"MANAUSCULT","article_published_time":"2023-09-08T00:19:37+00:00","article_modified_time":"2023-09-08T00:19:39+00:00","og_image":[{"width":1920,"height":1280,"url":"https:\/\/www.manaus.am.gov.br\/manauscult\/wp-content\/uploads\/sites\/11\/2023\/09\/2C9A4444.jpg","type":"image\/jpeg"}],"author":"Maur\u00edcio Freire","twitter_card":"summary_large_image","twitter_misc":{"Written by":"Maur\u00edcio Freire","Est. reading time":"2 minutos"},"schema":{"@context":"https:\/\/schema.org","@graph":[{"@type":"WebPage","@id":"https:\/\/www.manaus.am.gov.br\/manauscult\/soumanaus-passo-a-paco-2023-e-vitrine-para-o-artesanato-local\/","url":"https:\/\/www.manaus.am.gov.br\/manauscult\/soumanaus-passo-a-paco-2023-e-vitrine-para-o-artesanato-local\/","name":"#SouManaus Passo a Pa\u00e7o 2023 \u00e9 vitrine para o artesanato local","isPartOf":{"@id":"https:\/\/www.manaus.am.gov.br\/manauscult\/#website"},"primaryImageOfPage":{"@id":"https:\/\/www.manaus.am.gov.br\/manauscult\/soumanaus-passo-a-paco-2023-e-vitrine-para-o-artesanato-local\/#primaryimage"},"image":{"@id":"https:\/\/www.manaus.am.gov.br\/manauscult\/soumanaus-passo-a-paco-2023-e-vitrine-para-o-artesanato-local\/#primaryimage"},"thumbnailUrl":"https:\/\/www.manaus.am.gov.br\/manauscult\/wp-content\/uploads\/sites\/11\/2023\/09\/2C9A4444.jpg","datePublished":"2023-09-08T00:19:37+00:00","dateModified":"2023-09-08T00:19:39+00:00","author":{"@id":"https:\/\/www.manaus.am.gov.br\/manauscult\/#\/schema\/person\/587989a23a463cde5618e6a028977a9a"},"breadcrumb":{"@id":"https:\/\/www.manaus.am.gov.br\/manauscult\/soumanaus-passo-a-paco-2023-e-vitrine-para-o-artesanato-local\/#breadcrumb"},"inLanguage":"pt-BR","potentialAction":[{"@type":"ReadAction","target":["https:\/\/www.manaus.am.gov.br\/manauscult\/soumanaus-passo-a-paco-2023-e-vitrine-para-o-artesanato-local\/"]}]},{"@type":"ImageObject","inLanguage":"pt-BR","@id":"https:\/\/www.manaus.am.gov.br\/manauscult\/soumanaus-passo-a-paco-2023-e-vitrine-para-o-artesanato-local\/#primaryimage","url":"https:\/\/www.manaus.am.gov.br\/manauscult\/wp-content\/uploads\/sites\/11\/2023\/09\/2C9A4444.jpg","contentUrl":"https:\/\/www.manaus.am.gov.br\/manauscult\/wp-content\/uploads\/sites\/11\/2023\/09\/2C9A4444.jpg","width":1920,"height":1280},{"@type":"BreadcrumbList","@id":"https:\/\/www.manaus.am.gov.br\/manauscult\/soumanaus-passo-a-paco-2023-e-vitrine-para-o-artesanato-local\/#breadcrumb","itemListElement":[{"@type":"ListItem","position":1,"name":"Home","item":"https:\/\/www.manaus.am.gov.br\/manauscult\/"},{"@type":"ListItem","position":2,"name":"#SouManaus Passo a Pa\u00e7o 2023 \u00e9 vitrine para o artesanato local"}]},{"@type":"WebSite","@id":"https:\/\/www.manaus.am.gov.br\/manauscult\/#website","url":"https:\/\/www.manaus.am.gov.br\/manauscult\/","name":"MANAUSCULT","description":"Prefeitura de Manaus","potentialAction":[{"@type":"SearchAction","target":{"@type":"EntryPoint","urlTemplate":"https:\/\/www.manaus.am.gov.br\/manauscult\/?s={search_term_string}"},"query-input":"required name=search_term_string"}],"inLanguage":"pt-BR"},{"@type":"Person","@id":"https:\/\/www.manaus.am.gov.br\/manauscult\/#\/schema\/person\/587989a23a463cde5618e6a028977a9a","name":"Maur\u00edcio Freire","image":{"@type":"ImageObject","inLanguage":"pt-BR","@id":"https:\/\/www.manaus.am.gov.br\/manauscult\/#\/schema\/person\/image\/","url":"https:\/\/secure.gravatar.com\/avatar\/dc1481799a1f75c733ac3b2634cd6749?s=96&d=mm&r=g","contentUrl":"https:\/\/secure.gravatar.com\/avatar\/dc1481799a1f75c733ac3b2634cd6749?s=96&d=mm&r=g","caption":"Maur\u00edcio Freire"}}]}},"_links":{"self":[{"href":"https:\/\/www.manaus.am.gov.br\/manauscult\/wp-json\/wp\/v2\/posts\/1464"}],"collection":[{"href":"https:\/\/www.manaus.am.gov.br\/manauscult\/wp-json\/wp\/v2\/posts"}],"about":[{"href":"https:\/\/www.manaus.am.gov.br\/manauscult\/wp-json\/wp\/v2\/types\/post"}],"author":[{"embeddable":true,"href":"https:\/\/www.manaus.am.gov.br\/manauscult\/wp-json\/wp\/v2\/users\/25"}],"replies":[{"embeddable":true,"href":"https:\/\/www.manaus.am.gov.br\/manauscult\/wp-json\/wp\/v2\/comments?post=1464"}],"version-history":[{"count":0,"href":"https:\/\/www.manaus.am.gov.br\/manauscult\/wp-json\/wp\/v2\/posts\/1464\/revisions"}],"wp:featuredmedia":[{"embeddable":true,"href":"https:\/\/www.manaus.am.gov.br\/manauscult\/wp-json\/wp\/v2\/media\/1465"}],"wp:attachment":[{"href":"https:\/\/www.manaus.am.gov.br\/manauscult\/wp-json\/wp\/v2\/media?parent=1464"}],"wp:term":[{"taxonomy":"category","embeddable":true,"href":"https:\/\/www.manaus.am.gov.br\/manauscult\/wp-json\/wp\/v2\/categories?post=1464"},{"taxonomy":"post_tag","embeddable":true,"href":"https:\/\/www.manaus.am.gov.br\/manauscult\/wp-json\/wp\/v2\/tags?post=1464"}],"curies":[{"name":"wp","href":"https:\/\/api.w.org\/{rel}","templated":true}]}}