{"id":1443,"date":"2023-09-07T16:24:25","date_gmt":"2023-09-07T20:24:25","guid":{"rendered":"https:\/\/www.manaus.am.gov.br\/manauscult\/casal-de-titanio-conheca-os-noivos-notados-por-david-guetta-no-sou-manaus\/"},"modified":"2023-09-07T21:08:39","modified_gmt":"2023-09-08T01:08:39","slug":"casal-de-titanio-conheca-os-noivos-notados-por-david-guetta-no-sou-manaus","status":"publish","type":"post","link":"https:\/\/www.manaus.am.gov.br\/manauscult\/casal-de-titanio-conheca-os-noivos-notados-por-david-guetta-no-sou-manaus\/","title":{"rendered":"<strong>Casal de &#8220;tit\u00e2nio&#8221;: conhe\u00e7a os noivos notados por David Guetta no #SouManaus<\/strong>"},"content":{"rendered":"\n<p>Imagine s\u00f3 viver um dos melhores dias da sua vida, seu casamento, ao som do maior DJ do mundo e ainda conseguir a aten\u00e7\u00e3o dele em meio a uma multid\u00e3o? Assim foi com o casal Marcos Galv\u00e3o Marinho, militar do Ex\u00e9rcito, e Ana Larissa Galv\u00e3o, supervisora em Radiologia M\u00e9dica, que oficializaram a uni\u00e3o e foram direto para o #SouManaus Passo a Pa\u00e7o 2023 curtir o show de David Guetta.<\/p>\n\n\n\n<p>A oportunidade de fechar o dia do casamento com a atra\u00e7\u00e3o internacional do maior festival de artes integradas do Norte do Brasil pareceu perfeita para os noivos, juntos h\u00e1 pouco mais de um ano e insepar\u00e1veis desde o primeiro encontro. &#8220;A gente se conheceu em um pagode e adoramos tamb\u00e9m m\u00fasica eletr\u00f4nica. Quando a cerim\u00f4nia finalizou, n\u00e3o pensamos duas vezes em nos deslocarmos de imediato para o evento e assistir \u00e0 apresenta\u00e7\u00e3o do David, pois gostamos muito do trabalho dele&#8221;, contou Marcos.<\/p>\n\n\n\n<p>Ir em casa mudar o figurino n\u00e3o parecia uma op\u00e7\u00e3o vi\u00e1vel. Ent\u00e3o, para n\u00e3o perder o show, os dois foram com a mesma roupa do cas\u00f3rio ao palco Guardi\u00e3o da Amaz\u00f4nia, onde cerca de 80 mil pessoas aguardavam ansiosas pelo DJ franc\u00eas. &#8220;Mesmo com a cauda do vestido na m\u00e3o, consegui ir e est\u00e1vamos felizes e euf\u00f3ricos. Ao chegar no local do show, muitos nos aplaudiam, tiravam fotos e abriam espa\u00e7o para que cheg\u00e1ssemos mais perto do palco&#8221;, relembrou Ana Larissa.<\/p>\n\n\n\n<p><strong>Reconhecimento<\/strong><\/p>\n\n\n\n<p>O que era para ser uma noite de celebra\u00e7\u00e3o de noivos, acabou se tornando maior do que se imaginou. O casal foi registrado por v\u00e1rias pessoas que estavam ali e logo as imagens viralizaram nas redes sociais. &#8220;Fomos apenas para aproveitar o nosso momento e, de repente, toda a aten\u00e7\u00e3o se voltou para n\u00f3s, inclusive, do pr\u00f3prio Guetta. Quando a suspendi em meus ombros e ele a viu, foi sensacional&#8221;, relatou o militar sobre o instante em que o artista os notou e logo registrou sua esposa com seu celular no meio da apresenta\u00e7\u00e3o.<\/p>\n\n\n\n<figure class=\"wp-block-image size-large\"><img loading=\"lazy\" decoding=\"async\" width=\"1024\" height=\"857\" src=\"https:\/\/www.manaus.am.gov.br\/manauscult\/wp-content\/uploads\/sites\/11\/2023\/09\/noivosd_soumanaus_capa_valendo-3-1024x857.jpg\" alt=\"\" class=\"wp-image-1477\" srcset=\"https:\/\/www.manaus.am.gov.br\/manauscult\/wp-content\/uploads\/sites\/11\/2023\/09\/noivosd_soumanaus_capa_valendo-3-1024x857.jpg 1024w, https:\/\/www.manaus.am.gov.br\/manauscult\/wp-content\/uploads\/sites\/11\/2023\/09\/noivosd_soumanaus_capa_valendo-3-300x251.jpg 300w, https:\/\/www.manaus.am.gov.br\/manauscult\/wp-content\/uploads\/sites\/11\/2023\/09\/noivosd_soumanaus_capa_valendo-3-768x643.jpg 768w, https:\/\/www.manaus.am.gov.br\/manauscult\/wp-content\/uploads\/sites\/11\/2023\/09\/noivosd_soumanaus_capa_valendo-3.jpg 1054w\" sizes=\"(max-width: 1024px) 100vw, 1024px\" \/><\/figure>\n\n\n\n<p>&#8220;N\u00f3s s\u00f3 quer\u00edamos curtir a nossa noite at\u00e9 o \u00faltimo segundo, o m\u00e1ximo que pud\u00e9ssemos, e no melhor que havia na cidade naquele momento. Fomos filmados pelo David Guetta e isso foi muito legal. Nos sentimos acolhidos por ele e por todos os manauaras presentes&#8221;, disse Larissa, que \u00e9 natural do Cear\u00e1, mas que j\u00e1 ama o calor humano amazonense.<\/p>\n\n\n\n<p>A edi\u00e7\u00e3o de 2023 do #SouManaus Passo a Pa\u00e7o, que acontece num complexo de mais de 44 mil metros quadrados, com dez \u00e1reas de ocupa\u00e7\u00e3o, sendo sete palcos, foi, tamb\u00e9m, elogiada pelo casal. &#8220;Achamos tudo muito bonito e organizado, principalmente, a disposi\u00e7\u00e3o das entradas e sa\u00eddas. A Prefeitura est\u00e1 de parab\u00e9ns&#8221;, comentou Marcos.<\/p>\n\n\n\n<p>Com um trabalho grandioso, esta edi\u00e7\u00e3o do #SouManaus fica marcada, tamb\u00e9m, como a &#8220;cereja do bolo&#8221; de casamento de Marcos e Ana Larissa, em um momento hist\u00f3rico em suas vidas. A Prefeitura de Manaus deseja uma uni\u00e3o harmoniosa e que sejam &#8220;felizes para sempre&#8221;!<\/p>\n\n\n\n<p>&#8212;&#8211;<\/p>\n\n\n\n<p><strong>Texto &#8211;<\/strong> Sidney William\/Semcom<\/p>\n\n\n\n<p><strong>Fotos &#8211;<\/strong> Arquivo Pessoal\/Reprodu\u00e7\u00e3o redes sociais<\/p>\n","protected":false},"excerpt":{"rendered":"","protected":false},"author":52,"featured_media":1462,"comment_status":"closed","ping_status":"closed","sticky":false,"template":"","format":"standard","meta":{"footnotes":""},"categories":[508],"tags":[640,641,428,11,636],"acf":[],"yoast_head":"<!-- This site is optimized with the Yoast SEO plugin v23.0 - https:\/\/yoast.com\/wordpress\/plugins\/seo\/ -->\n<title>Casal de &quot;tit\u00e2nio&quot;: conhe\u00e7a os noivos notados por David Guetta no #SouManaus<\/title>\n<meta name=\"description\" content=\"Imagine s\u00f3 viver um dos melhores dias da sua vida, seu casamento, ao som do maior DJ do mundo e ainda conseguir a aten\u00e7\u00e3o.\" \/>\n<meta name=\"robots\" content=\"noindex, follow\" \/>\n<meta property=\"og:locale\" content=\"pt_BR\" \/>\n<meta property=\"og:type\" content=\"article\" \/>\n<meta property=\"og:title\" content=\"Casal de &quot;tit\u00e2nio&quot;: conhe\u00e7a os noivos notados por David Guetta no #SouManaus\" \/>\n<meta property=\"og:description\" content=\"Imagine s\u00f3 viver um dos melhores dias da sua vida, seu casamento, ao som do maior DJ do mundo e ainda conseguir a aten\u00e7\u00e3o.\" \/>\n<meta property=\"og:url\" content=\"https:\/\/www.manaus.am.gov.br\/manauscult\/casal-de-titanio-conheca-os-noivos-notados-por-david-guetta-no-sou-manaus\/\" \/>\n<meta property=\"og:site_name\" content=\"MANAUSCULT\" \/>\n<meta property=\"article:published_time\" content=\"2023-09-07T20:24:25+00:00\" \/>\n<meta property=\"article:modified_time\" content=\"2023-09-08T01:08:39+00:00\" \/>\n<meta property=\"og:image\" content=\"https:\/\/www.manaus.am.gov.br\/manauscult\/wp-content\/uploads\/sites\/11\/2023\/09\/noivos_capa_valendo.jpg\" \/>\n\t<meta property=\"og:image:width\" content=\"1392\" \/>\n\t<meta property=\"og:image:height\" content=\"1080\" \/>\n\t<meta property=\"og:image:type\" content=\"image\/jpeg\" \/>\n<meta name=\"author\" content=\"csilveira\" \/>\n<meta name=\"twitter:card\" content=\"summary_large_image\" \/>\n<meta name=\"twitter:label1\" content=\"Written by\" \/>\n\t<meta name=\"twitter:data1\" content=\"csilveira\" \/>\n\t<meta name=\"twitter:label2\" content=\"Est. reading time\" \/>\n\t<meta name=\"twitter:data2\" content=\"3 minutos\" \/>\n<script type=\"application\/ld+json\" class=\"yoast-schema-graph\">{\"@context\":\"https:\/\/schema.org\",\"@graph\":[{\"@type\":\"WebPage\",\"@id\":\"https:\/\/www.manaus.am.gov.br\/manauscult\/casal-de-titanio-conheca-os-noivos-notados-por-david-guetta-no-sou-manaus\/\",\"url\":\"https:\/\/www.manaus.am.gov.br\/manauscult\/casal-de-titanio-conheca-os-noivos-notados-por-david-guetta-no-sou-manaus\/\",\"name\":\"Casal de \\\"tit\u00e2nio\\\": conhe\u00e7a os noivos notados por David Guetta no #SouManaus\",\"isPartOf\":{\"@id\":\"https:\/\/www.manaus.am.gov.br\/manauscult\/#website\"},\"primaryImageOfPage\":{\"@id\":\"https:\/\/www.manaus.am.gov.br\/manauscult\/casal-de-titanio-conheca-os-noivos-notados-por-david-guetta-no-sou-manaus\/#primaryimage\"},\"image\":{\"@id\":\"https:\/\/www.manaus.am.gov.br\/manauscult\/casal-de-titanio-conheca-os-noivos-notados-por-david-guetta-no-sou-manaus\/#primaryimage\"},\"thumbnailUrl\":\"https:\/\/www.manaus.am.gov.br\/manauscult\/wp-content\/uploads\/sites\/11\/2023\/09\/noivos_capa_valendo.jpg\",\"datePublished\":\"2023-09-07T20:24:25+00:00\",\"dateModified\":\"2023-09-08T01:08:39+00:00\",\"author\":{\"@id\":\"https:\/\/www.manaus.am.gov.br\/manauscult\/#\/schema\/person\/bfafc779be2e19b3d3ef4a59d418b606\"},\"description\":\"Imagine s\u00f3 viver um dos melhores dias da sua vida, seu casamento, ao som do maior DJ do mundo e ainda conseguir a aten\u00e7\u00e3o.\",\"breadcrumb\":{\"@id\":\"https:\/\/www.manaus.am.gov.br\/manauscult\/casal-de-titanio-conheca-os-noivos-notados-por-david-guetta-no-sou-manaus\/#breadcrumb\"},\"inLanguage\":\"pt-BR\",\"potentialAction\":[{\"@type\":\"ReadAction\",\"target\":[\"https:\/\/www.manaus.am.gov.br\/manauscult\/casal-de-titanio-conheca-os-noivos-notados-por-david-guetta-no-sou-manaus\/\"]}]},{\"@type\":\"ImageObject\",\"inLanguage\":\"pt-BR\",\"@id\":\"https:\/\/www.manaus.am.gov.br\/manauscult\/casal-de-titanio-conheca-os-noivos-notados-por-david-guetta-no-sou-manaus\/#primaryimage\",\"url\":\"https:\/\/www.manaus.am.gov.br\/manauscult\/wp-content\/uploads\/sites\/11\/2023\/09\/noivos_capa_valendo.jpg\",\"contentUrl\":\"https:\/\/www.manaus.am.gov.br\/manauscult\/wp-content\/uploads\/sites\/11\/2023\/09\/noivos_capa_valendo.jpg\",\"width\":1392,\"height\":1080},{\"@type\":\"BreadcrumbList\",\"@id\":\"https:\/\/www.manaus.am.gov.br\/manauscult\/casal-de-titanio-conheca-os-noivos-notados-por-david-guetta-no-sou-manaus\/#breadcrumb\",\"itemListElement\":[{\"@type\":\"ListItem\",\"position\":1,\"name\":\"Home\",\"item\":\"https:\/\/www.manaus.am.gov.br\/manauscult\/\"},{\"@type\":\"ListItem\",\"position\":2,\"name\":\"Casal de &#8220;tit\u00e2nio&#8221;: conhe\u00e7a os noivos notados por David Guetta no #SouManaus\"}]},{\"@type\":\"WebSite\",\"@id\":\"https:\/\/www.manaus.am.gov.br\/manauscult\/#website\",\"url\":\"https:\/\/www.manaus.am.gov.br\/manauscult\/\",\"name\":\"MANAUSCULT\",\"description\":\"Prefeitura de Manaus\",\"potentialAction\":[{\"@type\":\"SearchAction\",\"target\":{\"@type\":\"EntryPoint\",\"urlTemplate\":\"https:\/\/www.manaus.am.gov.br\/manauscult\/?s={search_term_string}\"},\"query-input\":\"required name=search_term_string\"}],\"inLanguage\":\"pt-BR\"},{\"@type\":\"Person\",\"@id\":\"https:\/\/www.manaus.am.gov.br\/manauscult\/#\/schema\/person\/bfafc779be2e19b3d3ef4a59d418b606\",\"name\":\"csilveira\",\"image\":{\"@type\":\"ImageObject\",\"inLanguage\":\"pt-BR\",\"@id\":\"https:\/\/www.manaus.am.gov.br\/manauscult\/#\/schema\/person\/image\/\",\"url\":\"https:\/\/secure.gravatar.com\/avatar\/9c2e2f00138fcd35401c748bd030d3b5?s=96&d=mm&r=g\",\"contentUrl\":\"https:\/\/secure.gravatar.com\/avatar\/9c2e2f00138fcd35401c748bd030d3b5?s=96&d=mm&r=g\",\"caption\":\"csilveira\"}}]}<\/script>\n<!-- \/ Yoast SEO plugin. -->","yoast_head_json":{"title":"Casal de \"tit\u00e2nio\": conhe\u00e7a os noivos notados por David Guetta no #SouManaus","description":"Imagine s\u00f3 viver um dos melhores dias da sua vida, seu casamento, ao som do maior DJ do mundo e ainda conseguir a aten\u00e7\u00e3o.","robots":{"index":"noindex","follow":"follow"},"og_locale":"pt_BR","og_type":"article","og_title":"Casal de \"tit\u00e2nio\": conhe\u00e7a os noivos notados por David Guetta no #SouManaus","og_description":"Imagine s\u00f3 viver um dos melhores dias da sua vida, seu casamento, ao som do maior DJ do mundo e ainda conseguir a aten\u00e7\u00e3o.","og_url":"https:\/\/www.manaus.am.gov.br\/manauscult\/casal-de-titanio-conheca-os-noivos-notados-por-david-guetta-no-sou-manaus\/","og_site_name":"MANAUSCULT","article_published_time":"2023-09-07T20:24:25+00:00","article_modified_time":"2023-09-08T01:08:39+00:00","og_image":[{"width":1392,"height":1080,"url":"https:\/\/www.manaus.am.gov.br\/manauscult\/wp-content\/uploads\/sites\/11\/2023\/09\/noivos_capa_valendo.jpg","type":"image\/jpeg"}],"author":"csilveira","twitter_card":"summary_large_image","twitter_misc":{"Written by":"csilveira","Est. reading time":"3 minutos"},"schema":{"@context":"https:\/\/schema.org","@graph":[{"@type":"WebPage","@id":"https:\/\/www.manaus.am.gov.br\/manauscult\/casal-de-titanio-conheca-os-noivos-notados-por-david-guetta-no-sou-manaus\/","url":"https:\/\/www.manaus.am.gov.br\/manauscult\/casal-de-titanio-conheca-os-noivos-notados-por-david-guetta-no-sou-manaus\/","name":"Casal de \"tit\u00e2nio\": conhe\u00e7a os noivos notados por David Guetta no #SouManaus","isPartOf":{"@id":"https:\/\/www.manaus.am.gov.br\/manauscult\/#website"},"primaryImageOfPage":{"@id":"https:\/\/www.manaus.am.gov.br\/manauscult\/casal-de-titanio-conheca-os-noivos-notados-por-david-guetta-no-sou-manaus\/#primaryimage"},"image":{"@id":"https:\/\/www.manaus.am.gov.br\/manauscult\/casal-de-titanio-conheca-os-noivos-notados-por-david-guetta-no-sou-manaus\/#primaryimage"},"thumbnailUrl":"https:\/\/www.manaus.am.gov.br\/manauscult\/wp-content\/uploads\/sites\/11\/2023\/09\/noivos_capa_valendo.jpg","datePublished":"2023-09-07T20:24:25+00:00","dateModified":"2023-09-08T01:08:39+00:00","author":{"@id":"https:\/\/www.manaus.am.gov.br\/manauscult\/#\/schema\/person\/bfafc779be2e19b3d3ef4a59d418b606"},"description":"Imagine s\u00f3 viver um dos melhores dias da sua vida, seu casamento, ao som do maior DJ do mundo e ainda conseguir a aten\u00e7\u00e3o.","breadcrumb":{"@id":"https:\/\/www.manaus.am.gov.br\/manauscult\/casal-de-titanio-conheca-os-noivos-notados-por-david-guetta-no-sou-manaus\/#breadcrumb"},"inLanguage":"pt-BR","potentialAction":[{"@type":"ReadAction","target":["https:\/\/www.manaus.am.gov.br\/manauscult\/casal-de-titanio-conheca-os-noivos-notados-por-david-guetta-no-sou-manaus\/"]}]},{"@type":"ImageObject","inLanguage":"pt-BR","@id":"https:\/\/www.manaus.am.gov.br\/manauscult\/casal-de-titanio-conheca-os-noivos-notados-por-david-guetta-no-sou-manaus\/#primaryimage","url":"https:\/\/www.manaus.am.gov.br\/manauscult\/wp-content\/uploads\/sites\/11\/2023\/09\/noivos_capa_valendo.jpg","contentUrl":"https:\/\/www.manaus.am.gov.br\/manauscult\/wp-content\/uploads\/sites\/11\/2023\/09\/noivos_capa_valendo.jpg","width":1392,"height":1080},{"@type":"BreadcrumbList","@id":"https:\/\/www.manaus.am.gov.br\/manauscult\/casal-de-titanio-conheca-os-noivos-notados-por-david-guetta-no-sou-manaus\/#breadcrumb","itemListElement":[{"@type":"ListItem","position":1,"name":"Home","item":"https:\/\/www.manaus.am.gov.br\/manauscult\/"},{"@type":"ListItem","position":2,"name":"Casal de &#8220;tit\u00e2nio&#8221;: conhe\u00e7a os noivos notados por David Guetta no #SouManaus"}]},{"@type":"WebSite","@id":"https:\/\/www.manaus.am.gov.br\/manauscult\/#website","url":"https:\/\/www.manaus.am.gov.br\/manauscult\/","name":"MANAUSCULT","description":"Prefeitura de Manaus","potentialAction":[{"@type":"SearchAction","target":{"@type":"EntryPoint","urlTemplate":"https:\/\/www.manaus.am.gov.br\/manauscult\/?s={search_term_string}"},"query-input":"required name=search_term_string"}],"inLanguage":"pt-BR"},{"@type":"Person","@id":"https:\/\/www.manaus.am.gov.br\/manauscult\/#\/schema\/person\/bfafc779be2e19b3d3ef4a59d418b606","name":"csilveira","image":{"@type":"ImageObject","inLanguage":"pt-BR","@id":"https:\/\/www.manaus.am.gov.br\/manauscult\/#\/schema\/person\/image\/","url":"https:\/\/secure.gravatar.com\/avatar\/9c2e2f00138fcd35401c748bd030d3b5?s=96&d=mm&r=g","contentUrl":"https:\/\/secure.gravatar.com\/avatar\/9c2e2f00138fcd35401c748bd030d3b5?s=96&d=mm&r=g","caption":"csilveira"}}]}},"_links":{"self":[{"href":"https:\/\/www.manaus.am.gov.br\/manauscult\/wp-json\/wp\/v2\/posts\/1443"}],"collection":[{"href":"https:\/\/www.manaus.am.gov.br\/manauscult\/wp-json\/wp\/v2\/posts"}],"about":[{"href":"https:\/\/www.manaus.am.gov.br\/manauscult\/wp-json\/wp\/v2\/types\/post"}],"author":[{"embeddable":true,"href":"https:\/\/www.manaus.am.gov.br\/manauscult\/wp-json\/wp\/v2\/users\/52"}],"replies":[{"embeddable":true,"href":"https:\/\/www.manaus.am.gov.br\/manauscult\/wp-json\/wp\/v2\/comments?post=1443"}],"version-history":[{"count":13,"href":"https:\/\/www.manaus.am.gov.br\/manauscult\/wp-json\/wp\/v2\/posts\/1443\/revisions"}],"predecessor-version":[{"id":1478,"href":"https:\/\/www.manaus.am.gov.br\/manauscult\/wp-json\/wp\/v2\/posts\/1443\/revisions\/1478"}],"wp:featuredmedia":[{"embeddable":true,"href":"https:\/\/www.manaus.am.gov.br\/manauscult\/wp-json\/wp\/v2\/media\/1462"}],"wp:attachment":[{"href":"https:\/\/www.manaus.am.gov.br\/manauscult\/wp-json\/wp\/v2\/media?parent=1443"}],"wp:term":[{"taxonomy":"category","embeddable":true,"href":"https:\/\/www.manaus.am.gov.br\/manauscult\/wp-json\/wp\/v2\/categories?post=1443"},{"taxonomy":"post_tag","embeddable":true,"href":"https:\/\/www.manaus.am.gov.br\/manauscult\/wp-json\/wp\/v2\/tags?post=1443"}],"curies":[{"name":"wp","href":"https:\/\/api.w.org\/{rel}","templated":true}]}}