{"id":1441,"date":"2023-09-07T15:16:31","date_gmt":"2023-09-07T19:16:31","guid":{"rendered":"https:\/\/www.manaus.am.gov.br\/manauscult\/prefeito-comemora-sucesso-do-segundo-dia-de-festival-e-promete-evento-ainda-maiot-para-2024\/"},"modified":"2023-09-07T15:16:32","modified_gmt":"2023-09-07T19:16:32","slug":"prefeito-comemora-sucesso-do-segundo-dia-de-festival-e-promete-evento-ainda-maiot-para-2024","status":"publish","type":"post","link":"https:\/\/www.manaus.am.gov.br\/manauscult\/prefeito-comemora-sucesso-do-segundo-dia-de-festival-e-promete-evento-ainda-maiot-para-2024\/","title":{"rendered":"Prefeito comemora sucesso do segundo dia de #SouManaus e promete evento ainda maior para 2024"},"content":{"rendered":"\n<p>O prefeito de Manaus, David Almeida, acompanhou de perto o segundo dia do festival #SouManaus Passo a Pa\u00e7o 2023, que aconteceu nesta quarta-feira, 6\/9, no Centro Hist\u00f3rico da capital amazonense, e reuniu mais de 150 mil pessoas.<\/p>\n\n\n\n<p>Abra\u00e7ado pela popula\u00e7\u00e3o manauara, o maior evento de artes integradas do Brasil contou com as apresenta\u00e7\u00f5es dos cantores Lob\u00e3o, Kevin o Cris, Marina Sena, Zeca Pagodinho e da banda Biquini.<\/p>\n\n\n\n<p>Para David Almeida, Manaus mostrou, mais uma vez, que est\u00e1 preparada para receber grandes eventos e garantiu ao p\u00fablico que a edi\u00e7\u00e3o 2024 do festival ser\u00e1 ainda maior.<\/p>\n\n\n\n<p>\u201c\u00c9 uma festa, uma celebra\u00e7\u00e3o. Sucesso de p\u00fablico. Os artistas est\u00e3o felizes, o p\u00fablico est\u00e1 radiante, e n\u00f3s, da Prefeitura de Manaus, estamos em \u00eaxtase, pois o #SouManaus \u00e9 um verdadeiro sucesso, e j\u00e1 nos desafia para o ano que vem. N\u00e3o esperem menos do que est\u00e3o vendo hoje\u201d, enfatizou Almeida.<\/p>\n\n\n\n<p>Os dois primeiros dias do #SouManaus 2023 foram marcados pela sua organiza\u00e7\u00e3o e alegria do p\u00fablico. Todos os 44 mil metros quadrados do evento est\u00e3o sendo monitorados pelas c\u00e2meras do Centro de Coopera\u00e7\u00e3o da Cidade (CCC), que instalou uma base de monitoramento no Pal\u00e1cio Rio Branco, localizado na avenida 7 de Setembro.<\/p>\n\n\n\n<p>Al\u00e9m disso, equipes da Secretaria Municipal de Seguran\u00e7a P\u00fablica e Defesa Social (Semseg) est\u00e3o espalhadas por todo o festival, garantindo a seguran\u00e7a dos presentes.<\/p>\n\n\n\n<p>Para o diretor-presidente da Funda\u00e7\u00e3o Municipal de Cultura, Turismo e Eventos (ManausCult), Osvaldo Cardoso, essa organiza\u00e7\u00e3o enfatiza a prepara\u00e7\u00e3o realizada pela Prefeitura de Manaus, visando o bem-estar de todos os presentes nos tr\u00eas dias do #SouManaus.<\/p>\n\n\n\n<p>\u201cO evento est\u00e1 sendo um verdadeiro sucesso. N\u00e3o tivemos ocorr\u00eancias nos dois primeiros dias. Nossas bases de controle monitoraram todo o festival. Quem passou mal, rapidamente foi atendido pela equipe da Semsa, que est\u00e1 com uma base instalada no palco principal. Fora isso, o p\u00fablico est\u00e1 aproveitando a feira gastron\u00f4mica e de artesanato. Por isso, s\u00f3 temos que comemorar, pois Manaus comprova que \u00e9 uma cidade pronta para receber os grandes eventos mundiais\u201d, finalizou.<\/p>\n\n\n\n<p><strong>Dia 3<\/strong><\/p>\n\n\n\n<p>Nesta quinta-feira, 7\/9, o #SouManaus 2023 vai trazer atra\u00e7\u00f5es voltadas para o p\u00fablico gospel, cat\u00f3lico e infantil. Entre as apresenta\u00e7\u00f5es est\u00e1 o padre F\u00e1bio de Melo, a cantora Isadora Pompeu e o cantor Israel Salazar.<\/p>\n\n\n\n<p>Vale destacar que para este terceiro dia n\u00e3o \u00e9 necess\u00e1rio pulseira para ter acesso aos palcos principais. As apresenta\u00e7\u00f5es iniciam \u00e0s 17h.<\/p>\n\n\n\n<p>&#8212;-<\/p>\n\n\n\n<p><strong>Texto&nbsp;<\/strong>\u2013 Thiago Fernando \/Semcom<\/p>\n\n\n\n<p><strong>Fotos \u2013 <\/strong>Dhyeizo Lemos \/ Semcom<\/p>\n","protected":false},"excerpt":{"rendered":"","protected":false},"author":52,"featured_media":1442,"comment_status":"closed","ping_status":"closed","sticky":false,"template":"","format":"standard","meta":{"footnotes":""},"categories":[508],"tags":[11,636],"acf":[],"yoast_head":"<!-- This site is optimized with the Yoast SEO plugin v23.0 - https:\/\/yoast.com\/wordpress\/plugins\/seo\/ -->\n<title>Prefeito comemora sucesso do segundo dia de festival e promete evento ainda maior para 2024<\/title>\n<meta name=\"description\" content=\"O prefeito de Manaus, David Almeida, acompanhou de perto o segundo dia do festival #SouManaus Passo a Pa\u00e7o 2023, que aconteceu.\" \/>\n<meta name=\"robots\" content=\"noindex, follow\" \/>\n<meta property=\"og:locale\" content=\"pt_BR\" \/>\n<meta property=\"og:type\" content=\"article\" \/>\n<meta property=\"og:title\" content=\"Prefeito comemora sucesso do segundo dia de festival e promete evento ainda maior para 2024\" \/>\n<meta property=\"og:description\" content=\"O prefeito de Manaus, David Almeida, acompanhou de perto o segundo dia do festival #SouManaus Passo a Pa\u00e7o 2023, que aconteceu.\" \/>\n<meta property=\"og:url\" content=\"https:\/\/www.manaus.am.gov.br\/manauscult\/prefeito-comemora-sucesso-do-segundo-dia-de-festival-e-promete-evento-ainda-maiot-para-2024\/\" \/>\n<meta property=\"og:site_name\" content=\"MANAUSCULT\" \/>\n<meta property=\"article:published_time\" content=\"2023-09-07T19:16:31+00:00\" \/>\n<meta property=\"article:modified_time\" content=\"2023-09-07T19:16:32+00:00\" \/>\n<meta property=\"og:image\" content=\"https:\/\/www.manaus.am.gov.br\/manauscult\/wp-content\/uploads\/sites\/11\/2023\/09\/prefeito-David_SouManaus.jpg\" \/>\n\t<meta property=\"og:image:width\" content=\"3674\" \/>\n\t<meta property=\"og:image:height\" content=\"2449\" \/>\n\t<meta property=\"og:image:type\" content=\"image\/jpeg\" \/>\n<meta name=\"author\" content=\"csilveira\" \/>\n<meta name=\"twitter:card\" content=\"summary_large_image\" \/>\n<meta name=\"twitter:label1\" content=\"Written by\" \/>\n\t<meta name=\"twitter:data1\" content=\"csilveira\" \/>\n\t<meta name=\"twitter:label2\" content=\"Est. reading time\" \/>\n\t<meta name=\"twitter:data2\" content=\"3 minutos\" \/>\n<script type=\"application\/ld+json\" class=\"yoast-schema-graph\">{\"@context\":\"https:\/\/schema.org\",\"@graph\":[{\"@type\":\"WebPage\",\"@id\":\"https:\/\/www.manaus.am.gov.br\/manauscult\/prefeito-comemora-sucesso-do-segundo-dia-de-festival-e-promete-evento-ainda-maiot-para-2024\/\",\"url\":\"https:\/\/www.manaus.am.gov.br\/manauscult\/prefeito-comemora-sucesso-do-segundo-dia-de-festival-e-promete-evento-ainda-maiot-para-2024\/\",\"name\":\"Prefeito comemora sucesso do segundo dia de festival e promete evento ainda maior para 2024\",\"isPartOf\":{\"@id\":\"https:\/\/www.manaus.am.gov.br\/manauscult\/#website\"},\"primaryImageOfPage\":{\"@id\":\"https:\/\/www.manaus.am.gov.br\/manauscult\/prefeito-comemora-sucesso-do-segundo-dia-de-festival-e-promete-evento-ainda-maiot-para-2024\/#primaryimage\"},\"image\":{\"@id\":\"https:\/\/www.manaus.am.gov.br\/manauscult\/prefeito-comemora-sucesso-do-segundo-dia-de-festival-e-promete-evento-ainda-maiot-para-2024\/#primaryimage\"},\"thumbnailUrl\":\"https:\/\/www.manaus.am.gov.br\/manauscult\/wp-content\/uploads\/sites\/11\/2023\/09\/prefeito-David_SouManaus.jpg\",\"datePublished\":\"2023-09-07T19:16:31+00:00\",\"dateModified\":\"2023-09-07T19:16:32+00:00\",\"author\":{\"@id\":\"https:\/\/www.manaus.am.gov.br\/manauscult\/#\/schema\/person\/bfafc779be2e19b3d3ef4a59d418b606\"},\"description\":\"O prefeito de Manaus, David Almeida, acompanhou de perto o segundo dia do festival #SouManaus Passo a Pa\u00e7o 2023, que aconteceu.\",\"breadcrumb\":{\"@id\":\"https:\/\/www.manaus.am.gov.br\/manauscult\/prefeito-comemora-sucesso-do-segundo-dia-de-festival-e-promete-evento-ainda-maiot-para-2024\/#breadcrumb\"},\"inLanguage\":\"pt-BR\",\"potentialAction\":[{\"@type\":\"ReadAction\",\"target\":[\"https:\/\/www.manaus.am.gov.br\/manauscult\/prefeito-comemora-sucesso-do-segundo-dia-de-festival-e-promete-evento-ainda-maiot-para-2024\/\"]}]},{\"@type\":\"ImageObject\",\"inLanguage\":\"pt-BR\",\"@id\":\"https:\/\/www.manaus.am.gov.br\/manauscult\/prefeito-comemora-sucesso-do-segundo-dia-de-festival-e-promete-evento-ainda-maiot-para-2024\/#primaryimage\",\"url\":\"https:\/\/www.manaus.am.gov.br\/manauscult\/wp-content\/uploads\/sites\/11\/2023\/09\/prefeito-David_SouManaus.jpg\",\"contentUrl\":\"https:\/\/www.manaus.am.gov.br\/manauscult\/wp-content\/uploads\/sites\/11\/2023\/09\/prefeito-David_SouManaus.jpg\",\"width\":3674,\"height\":2449},{\"@type\":\"BreadcrumbList\",\"@id\":\"https:\/\/www.manaus.am.gov.br\/manauscult\/prefeito-comemora-sucesso-do-segundo-dia-de-festival-e-promete-evento-ainda-maiot-para-2024\/#breadcrumb\",\"itemListElement\":[{\"@type\":\"ListItem\",\"position\":1,\"name\":\"Home\",\"item\":\"https:\/\/www.manaus.am.gov.br\/manauscult\/\"},{\"@type\":\"ListItem\",\"position\":2,\"name\":\"Prefeito comemora sucesso do segundo dia de #SouManaus e promete evento ainda maior para 2024\"}]},{\"@type\":\"WebSite\",\"@id\":\"https:\/\/www.manaus.am.gov.br\/manauscult\/#website\",\"url\":\"https:\/\/www.manaus.am.gov.br\/manauscult\/\",\"name\":\"MANAUSCULT\",\"description\":\"Prefeitura de Manaus\",\"potentialAction\":[{\"@type\":\"SearchAction\",\"target\":{\"@type\":\"EntryPoint\",\"urlTemplate\":\"https:\/\/www.manaus.am.gov.br\/manauscult\/?s={search_term_string}\"},\"query-input\":\"required name=search_term_string\"}],\"inLanguage\":\"pt-BR\"},{\"@type\":\"Person\",\"@id\":\"https:\/\/www.manaus.am.gov.br\/manauscult\/#\/schema\/person\/bfafc779be2e19b3d3ef4a59d418b606\",\"name\":\"csilveira\",\"image\":{\"@type\":\"ImageObject\",\"inLanguage\":\"pt-BR\",\"@id\":\"https:\/\/www.manaus.am.gov.br\/manauscult\/#\/schema\/person\/image\/\",\"url\":\"https:\/\/secure.gravatar.com\/avatar\/9c2e2f00138fcd35401c748bd030d3b5?s=96&d=mm&r=g\",\"contentUrl\":\"https:\/\/secure.gravatar.com\/avatar\/9c2e2f00138fcd35401c748bd030d3b5?s=96&d=mm&r=g\",\"caption\":\"csilveira\"}}]}<\/script>\n<!-- \/ Yoast SEO plugin. -->","yoast_head_json":{"title":"Prefeito comemora sucesso do segundo dia de festival e promete evento ainda maior para 2024","description":"O prefeito de Manaus, David Almeida, acompanhou de perto o segundo dia do festival #SouManaus Passo a Pa\u00e7o 2023, que aconteceu.","robots":{"index":"noindex","follow":"follow"},"og_locale":"pt_BR","og_type":"article","og_title":"Prefeito comemora sucesso do segundo dia de festival e promete evento ainda maior para 2024","og_description":"O prefeito de Manaus, David Almeida, acompanhou de perto o segundo dia do festival #SouManaus Passo a Pa\u00e7o 2023, que aconteceu.","og_url":"https:\/\/www.manaus.am.gov.br\/manauscult\/prefeito-comemora-sucesso-do-segundo-dia-de-festival-e-promete-evento-ainda-maiot-para-2024\/","og_site_name":"MANAUSCULT","article_published_time":"2023-09-07T19:16:31+00:00","article_modified_time":"2023-09-07T19:16:32+00:00","og_image":[{"width":3674,"height":2449,"url":"https:\/\/www.manaus.am.gov.br\/manauscult\/wp-content\/uploads\/sites\/11\/2023\/09\/prefeito-David_SouManaus.jpg","type":"image\/jpeg"}],"author":"csilveira","twitter_card":"summary_large_image","twitter_misc":{"Written by":"csilveira","Est. reading time":"3 minutos"},"schema":{"@context":"https:\/\/schema.org","@graph":[{"@type":"WebPage","@id":"https:\/\/www.manaus.am.gov.br\/manauscult\/prefeito-comemora-sucesso-do-segundo-dia-de-festival-e-promete-evento-ainda-maiot-para-2024\/","url":"https:\/\/www.manaus.am.gov.br\/manauscult\/prefeito-comemora-sucesso-do-segundo-dia-de-festival-e-promete-evento-ainda-maiot-para-2024\/","name":"Prefeito comemora sucesso do segundo dia de festival e promete evento ainda maior para 2024","isPartOf":{"@id":"https:\/\/www.manaus.am.gov.br\/manauscult\/#website"},"primaryImageOfPage":{"@id":"https:\/\/www.manaus.am.gov.br\/manauscult\/prefeito-comemora-sucesso-do-segundo-dia-de-festival-e-promete-evento-ainda-maiot-para-2024\/#primaryimage"},"image":{"@id":"https:\/\/www.manaus.am.gov.br\/manauscult\/prefeito-comemora-sucesso-do-segundo-dia-de-festival-e-promete-evento-ainda-maiot-para-2024\/#primaryimage"},"thumbnailUrl":"https:\/\/www.manaus.am.gov.br\/manauscult\/wp-content\/uploads\/sites\/11\/2023\/09\/prefeito-David_SouManaus.jpg","datePublished":"2023-09-07T19:16:31+00:00","dateModified":"2023-09-07T19:16:32+00:00","author":{"@id":"https:\/\/www.manaus.am.gov.br\/manauscult\/#\/schema\/person\/bfafc779be2e19b3d3ef4a59d418b606"},"description":"O prefeito de Manaus, David Almeida, acompanhou de perto o segundo dia do festival #SouManaus Passo a Pa\u00e7o 2023, que aconteceu.","breadcrumb":{"@id":"https:\/\/www.manaus.am.gov.br\/manauscult\/prefeito-comemora-sucesso-do-segundo-dia-de-festival-e-promete-evento-ainda-maiot-para-2024\/#breadcrumb"},"inLanguage":"pt-BR","potentialAction":[{"@type":"ReadAction","target":["https:\/\/www.manaus.am.gov.br\/manauscult\/prefeito-comemora-sucesso-do-segundo-dia-de-festival-e-promete-evento-ainda-maiot-para-2024\/"]}]},{"@type":"ImageObject","inLanguage":"pt-BR","@id":"https:\/\/www.manaus.am.gov.br\/manauscult\/prefeito-comemora-sucesso-do-segundo-dia-de-festival-e-promete-evento-ainda-maiot-para-2024\/#primaryimage","url":"https:\/\/www.manaus.am.gov.br\/manauscult\/wp-content\/uploads\/sites\/11\/2023\/09\/prefeito-David_SouManaus.jpg","contentUrl":"https:\/\/www.manaus.am.gov.br\/manauscult\/wp-content\/uploads\/sites\/11\/2023\/09\/prefeito-David_SouManaus.jpg","width":3674,"height":2449},{"@type":"BreadcrumbList","@id":"https:\/\/www.manaus.am.gov.br\/manauscult\/prefeito-comemora-sucesso-do-segundo-dia-de-festival-e-promete-evento-ainda-maiot-para-2024\/#breadcrumb","itemListElement":[{"@type":"ListItem","position":1,"name":"Home","item":"https:\/\/www.manaus.am.gov.br\/manauscult\/"},{"@type":"ListItem","position":2,"name":"Prefeito comemora sucesso do segundo dia de #SouManaus e promete evento ainda maior para 2024"}]},{"@type":"WebSite","@id":"https:\/\/www.manaus.am.gov.br\/manauscult\/#website","url":"https:\/\/www.manaus.am.gov.br\/manauscult\/","name":"MANAUSCULT","description":"Prefeitura de Manaus","potentialAction":[{"@type":"SearchAction","target":{"@type":"EntryPoint","urlTemplate":"https:\/\/www.manaus.am.gov.br\/manauscult\/?s={search_term_string}"},"query-input":"required name=search_term_string"}],"inLanguage":"pt-BR"},{"@type":"Person","@id":"https:\/\/www.manaus.am.gov.br\/manauscult\/#\/schema\/person\/bfafc779be2e19b3d3ef4a59d418b606","name":"csilveira","image":{"@type":"ImageObject","inLanguage":"pt-BR","@id":"https:\/\/www.manaus.am.gov.br\/manauscult\/#\/schema\/person\/image\/","url":"https:\/\/secure.gravatar.com\/avatar\/9c2e2f00138fcd35401c748bd030d3b5?s=96&d=mm&r=g","contentUrl":"https:\/\/secure.gravatar.com\/avatar\/9c2e2f00138fcd35401c748bd030d3b5?s=96&d=mm&r=g","caption":"csilveira"}}]}},"_links":{"self":[{"href":"https:\/\/www.manaus.am.gov.br\/manauscult\/wp-json\/wp\/v2\/posts\/1441"}],"collection":[{"href":"https:\/\/www.manaus.am.gov.br\/manauscult\/wp-json\/wp\/v2\/posts"}],"about":[{"href":"https:\/\/www.manaus.am.gov.br\/manauscult\/wp-json\/wp\/v2\/types\/post"}],"author":[{"embeddable":true,"href":"https:\/\/www.manaus.am.gov.br\/manauscult\/wp-json\/wp\/v2\/users\/52"}],"replies":[{"embeddable":true,"href":"https:\/\/www.manaus.am.gov.br\/manauscult\/wp-json\/wp\/v2\/comments?post=1441"}],"version-history":[{"count":0,"href":"https:\/\/www.manaus.am.gov.br\/manauscult\/wp-json\/wp\/v2\/posts\/1441\/revisions"}],"wp:featuredmedia":[{"embeddable":true,"href":"https:\/\/www.manaus.am.gov.br\/manauscult\/wp-json\/wp\/v2\/media\/1442"}],"wp:attachment":[{"href":"https:\/\/www.manaus.am.gov.br\/manauscult\/wp-json\/wp\/v2\/media?parent=1441"}],"wp:term":[{"taxonomy":"category","embeddable":true,"href":"https:\/\/www.manaus.am.gov.br\/manauscult\/wp-json\/wp\/v2\/categories?post=1441"},{"taxonomy":"post_tag","embeddable":true,"href":"https:\/\/www.manaus.am.gov.br\/manauscult\/wp-json\/wp\/v2\/tags?post=1441"}],"curies":[{"name":"wp","href":"https:\/\/api.w.org\/{rel}","templated":true}]}}