{"id":1433,"date":"2023-09-07T14:28:20","date_gmt":"2023-09-07T18:28:20","guid":{"rendered":"https:\/\/www.manaus.am.gov.br\/manauscult\/headliners-do-sou-manaus-de-david-guetta-a-zeca-pagodinho-citam-festival-em-suas-redes-sociais\/"},"modified":"2023-09-07T14:31:59","modified_gmt":"2023-09-07T18:31:59","slug":"headliners-do-sou-manaus-de-david-guetta-a-zeca-pagodinho-citam-festival-em-suas-redes-sociais","status":"publish","type":"post","link":"https:\/\/www.manaus.am.gov.br\/manauscult\/headliners-do-sou-manaus-de-david-guetta-a-zeca-pagodinho-citam-festival-em-suas-redes-sociais\/","title":{"rendered":"Headliners do SouManaus, de David Guetta a Zeca Pagodinho, citam festival em suas redes sociais"},"content":{"rendered":"\n<p>Assim como o p\u00fablico que vivencia grandes emo\u00e7\u00f5es, experi\u00eancias e guarda mem\u00f3rias durante o \u201c#SouManaus Passo a Pa\u00e7o 2023\u201d, promovido pela Prefeitura de Manaus, as estrelas e headliners do festival tamb\u00e9m se encantam n\u00e3o somente na intera\u00e7\u00e3o com a plateia de milhares de f\u00e3s que acompanham seus shows, mas tamb\u00e9m nas suas redes sociais.<\/p>\n\n\n\n<p>Atra\u00e7\u00e3o mais esperada do festival, o maior DJ do mundo, David Guetta, encerrou a primeira noite do SouManaus diante de uma multid\u00e3o no palco Bradesco &#8211; Guardi\u00e3o da Amaz\u00f4nia, no dia 5.<\/p>\n\n\n\n<p>Em sua rede social, o DJ postou cenas feitas por ele, com seu celular, citando um p\u00fablico de mais de 50 mil pessoas, onde aproveitou e lan\u00e7ou o remix da faixa &#8220;Mind Your Business&#8221;, que tem ainda o rapper will.i.am, do grupo Black Eyed Peas, e parceria com a cantora Britney Spears.<\/p>\n\n\n\n<p>Em seu Instagram, David Guetta tem 10,3 milh\u00f5es de seguidores. O DJ veio ao Brasil exclusivamente para o festival e seguiu ainda na cidade para conhecer a floresta amaz\u00f4nica e os rios, em passeios pela regi\u00e3o.<\/p>\n\n\n\n<figure class=\"wp-block-image size-full\"><img loading=\"lazy\" decoding=\"async\" width=\"799\" height=\"533\" src=\"https:\/\/www.manaus.am.gov.br\/manauscult\/wp-content\/uploads\/sites\/11\/2023\/09\/53168965272_ef893aea00_c.jpg\" alt=\"\" class=\"wp-image-1434\" srcset=\"https:\/\/www.manaus.am.gov.br\/manauscult\/wp-content\/uploads\/sites\/11\/2023\/09\/53168965272_ef893aea00_c.jpg 799w, https:\/\/www.manaus.am.gov.br\/manauscult\/wp-content\/uploads\/sites\/11\/2023\/09\/53168965272_ef893aea00_c-300x200.jpg 300w, https:\/\/www.manaus.am.gov.br\/manauscult\/wp-content\/uploads\/sites\/11\/2023\/09\/53168965272_ef893aea00_c-768x512.jpg 768w\" sizes=\"(max-width: 799px) 100vw, 799px\" \/><\/figure>\n\n\n\n<p>Quem tamb\u00e9m se rendeu aos encantos e ao calor do p\u00fablico no SouManaus foi o sambista mega carism\u00e1tico Zeca Pagodinho, que se apresentou na noite desta quarta-feira (6\/9), no palco Guardi\u00e3o da Amaz\u00f4nia. Zeca tem 2,9 milh\u00f5es na sua rede social e compartilhou v\u00e1rios stories de f\u00e3s, al\u00e9m de dizer: &#8220;Valeu grand\u00e3o, Manaus. Foi demais o show&#8221;.<\/p>\n\n\n\n<p>A banda Biquini Cavad\u00e3o, headliner do palco Amazona, na noite de ontem, tem 400 mil seguidores, publicou stories com cenas do show contagiante, com m\u00fasicas que marcaram d\u00e9cadas do grupo e dos f\u00e3s.<\/p>\n\n\n\n<p>&#8212;-<\/p>\n\n\n\n<p><strong>Texto &#8211;<\/strong> Cl\u00e1udia do Valle \/ Semcom<\/p>\n\n\n\n<p><strong>Fotos \u2013<\/strong> Divulga\u00e7\u00e3o \/ Semcom<\/p>\n","protected":false},"excerpt":{"rendered":"","protected":false},"author":52,"featured_media":1435,"comment_status":"closed","ping_status":"closed","sticky":false,"template":"","format":"standard","meta":{"footnotes":""},"categories":[508],"tags":[428,639,11,279,190],"acf":[],"yoast_head":"<!-- This site is optimized with the Yoast SEO plugin v23.0 - https:\/\/yoast.com\/wordpress\/plugins\/seo\/ -->\n<title>Headliners do SouManaus, de David Guetta a Zeca Pagodinho, citam festival em suas redes sociais<\/title>\n<meta name=\"description\" content=\"Assim como o p\u00fablico que vivencia grandes emo\u00e7\u00f5es, experi\u00eancias e guarda mem\u00f3rias durante o \u201c#SouManaus Passo a Pa\u00e7o 2023\u201d.\" \/>\n<meta name=\"robots\" content=\"noindex, follow\" \/>\n<meta property=\"og:locale\" content=\"pt_BR\" \/>\n<meta property=\"og:type\" content=\"article\" \/>\n<meta property=\"og:title\" content=\"Headliners do SouManaus, de David Guetta a Zeca Pagodinho, citam festival em suas redes sociais\" \/>\n<meta property=\"og:description\" content=\"Assim como o p\u00fablico que vivencia grandes emo\u00e7\u00f5es, experi\u00eancias e guarda mem\u00f3rias durante o \u201c#SouManaus Passo a Pa\u00e7o 2023\u201d.\" \/>\n<meta property=\"og:url\" content=\"https:\/\/www.manaus.am.gov.br\/manauscult\/headliners-do-sou-manaus-de-david-guetta-a-zeca-pagodinho-citam-festival-em-suas-redes-sociais\/\" \/>\n<meta property=\"og:site_name\" content=\"MANAUSCULT\" \/>\n<meta property=\"article:published_time\" content=\"2023-09-07T18:28:20+00:00\" \/>\n<meta property=\"article:modified_time\" content=\"2023-09-07T18:31:59+00:00\" \/>\n<meta property=\"og:image\" content=\"https:\/\/www.manaus.am.gov.br\/manauscult\/wp-content\/uploads\/sites\/11\/2023\/09\/9e7f057f-dc96-4581-ab4a-d15e7552254b.jpg\" \/>\n\t<meta property=\"og:image:width\" content=\"1024\" \/>\n\t<meta property=\"og:image:height\" content=\"675\" \/>\n\t<meta property=\"og:image:type\" content=\"image\/jpeg\" \/>\n<meta name=\"author\" content=\"csilveira\" \/>\n<meta name=\"twitter:card\" content=\"summary_large_image\" \/>\n<meta name=\"twitter:label1\" content=\"Written by\" \/>\n\t<meta name=\"twitter:data1\" content=\"csilveira\" \/>\n\t<meta name=\"twitter:label2\" content=\"Est. reading time\" \/>\n\t<meta name=\"twitter:data2\" content=\"2 minutos\" \/>\n<script type=\"application\/ld+json\" class=\"yoast-schema-graph\">{\"@context\":\"https:\/\/schema.org\",\"@graph\":[{\"@type\":\"WebPage\",\"@id\":\"https:\/\/www.manaus.am.gov.br\/manauscult\/headliners-do-sou-manaus-de-david-guetta-a-zeca-pagodinho-citam-festival-em-suas-redes-sociais\/\",\"url\":\"https:\/\/www.manaus.am.gov.br\/manauscult\/headliners-do-sou-manaus-de-david-guetta-a-zeca-pagodinho-citam-festival-em-suas-redes-sociais\/\",\"name\":\"Headliners do SouManaus, de David Guetta a Zeca Pagodinho, citam festival em suas redes sociais\",\"isPartOf\":{\"@id\":\"https:\/\/www.manaus.am.gov.br\/manauscult\/#website\"},\"primaryImageOfPage\":{\"@id\":\"https:\/\/www.manaus.am.gov.br\/manauscult\/headliners-do-sou-manaus-de-david-guetta-a-zeca-pagodinho-citam-festival-em-suas-redes-sociais\/#primaryimage\"},\"image\":{\"@id\":\"https:\/\/www.manaus.am.gov.br\/manauscult\/headliners-do-sou-manaus-de-david-guetta-a-zeca-pagodinho-citam-festival-em-suas-redes-sociais\/#primaryimage\"},\"thumbnailUrl\":\"https:\/\/www.manaus.am.gov.br\/manauscult\/wp-content\/uploads\/sites\/11\/2023\/09\/9e7f057f-dc96-4581-ab4a-d15e7552254b.jpg\",\"datePublished\":\"2023-09-07T18:28:20+00:00\",\"dateModified\":\"2023-09-07T18:31:59+00:00\",\"author\":{\"@id\":\"https:\/\/www.manaus.am.gov.br\/manauscult\/#\/schema\/person\/bfafc779be2e19b3d3ef4a59d418b606\"},\"description\":\"Assim como o p\u00fablico que vivencia grandes emo\u00e7\u00f5es, experi\u00eancias e guarda mem\u00f3rias durante o \u201c#SouManaus Passo a Pa\u00e7o 2023\u201d.\",\"breadcrumb\":{\"@id\":\"https:\/\/www.manaus.am.gov.br\/manauscult\/headliners-do-sou-manaus-de-david-guetta-a-zeca-pagodinho-citam-festival-em-suas-redes-sociais\/#breadcrumb\"},\"inLanguage\":\"pt-BR\",\"potentialAction\":[{\"@type\":\"ReadAction\",\"target\":[\"https:\/\/www.manaus.am.gov.br\/manauscult\/headliners-do-sou-manaus-de-david-guetta-a-zeca-pagodinho-citam-festival-em-suas-redes-sociais\/\"]}]},{\"@type\":\"ImageObject\",\"inLanguage\":\"pt-BR\",\"@id\":\"https:\/\/www.manaus.am.gov.br\/manauscult\/headliners-do-sou-manaus-de-david-guetta-a-zeca-pagodinho-citam-festival-em-suas-redes-sociais\/#primaryimage\",\"url\":\"https:\/\/www.manaus.am.gov.br\/manauscult\/wp-content\/uploads\/sites\/11\/2023\/09\/9e7f057f-dc96-4581-ab4a-d15e7552254b.jpg\",\"contentUrl\":\"https:\/\/www.manaus.am.gov.br\/manauscult\/wp-content\/uploads\/sites\/11\/2023\/09\/9e7f057f-dc96-4581-ab4a-d15e7552254b.jpg\",\"width\":1024,\"height\":675},{\"@type\":\"BreadcrumbList\",\"@id\":\"https:\/\/www.manaus.am.gov.br\/manauscult\/headliners-do-sou-manaus-de-david-guetta-a-zeca-pagodinho-citam-festival-em-suas-redes-sociais\/#breadcrumb\",\"itemListElement\":[{\"@type\":\"ListItem\",\"position\":1,\"name\":\"Home\",\"item\":\"https:\/\/www.manaus.am.gov.br\/manauscult\/\"},{\"@type\":\"ListItem\",\"position\":2,\"name\":\"Headliners do SouManaus, de David Guetta a Zeca Pagodinho, citam festival em suas redes sociais\"}]},{\"@type\":\"WebSite\",\"@id\":\"https:\/\/www.manaus.am.gov.br\/manauscult\/#website\",\"url\":\"https:\/\/www.manaus.am.gov.br\/manauscult\/\",\"name\":\"MANAUSCULT\",\"description\":\"Prefeitura de Manaus\",\"potentialAction\":[{\"@type\":\"SearchAction\",\"target\":{\"@type\":\"EntryPoint\",\"urlTemplate\":\"https:\/\/www.manaus.am.gov.br\/manauscult\/?s={search_term_string}\"},\"query-input\":\"required name=search_term_string\"}],\"inLanguage\":\"pt-BR\"},{\"@type\":\"Person\",\"@id\":\"https:\/\/www.manaus.am.gov.br\/manauscult\/#\/schema\/person\/bfafc779be2e19b3d3ef4a59d418b606\",\"name\":\"csilveira\",\"image\":{\"@type\":\"ImageObject\",\"inLanguage\":\"pt-BR\",\"@id\":\"https:\/\/www.manaus.am.gov.br\/manauscult\/#\/schema\/person\/image\/\",\"url\":\"https:\/\/secure.gravatar.com\/avatar\/9c2e2f00138fcd35401c748bd030d3b5?s=96&d=mm&r=g\",\"contentUrl\":\"https:\/\/secure.gravatar.com\/avatar\/9c2e2f00138fcd35401c748bd030d3b5?s=96&d=mm&r=g\",\"caption\":\"csilveira\"}}]}<\/script>\n<!-- \/ Yoast SEO plugin. -->","yoast_head_json":{"title":"Headliners do SouManaus, de David Guetta a Zeca Pagodinho, citam festival em suas redes sociais","description":"Assim como o p\u00fablico que vivencia grandes emo\u00e7\u00f5es, experi\u00eancias e guarda mem\u00f3rias durante o \u201c#SouManaus Passo a Pa\u00e7o 2023\u201d.","robots":{"index":"noindex","follow":"follow"},"og_locale":"pt_BR","og_type":"article","og_title":"Headliners do SouManaus, de David Guetta a Zeca Pagodinho, citam festival em suas redes sociais","og_description":"Assim como o p\u00fablico que vivencia grandes emo\u00e7\u00f5es, experi\u00eancias e guarda mem\u00f3rias durante o \u201c#SouManaus Passo a Pa\u00e7o 2023\u201d.","og_url":"https:\/\/www.manaus.am.gov.br\/manauscult\/headliners-do-sou-manaus-de-david-guetta-a-zeca-pagodinho-citam-festival-em-suas-redes-sociais\/","og_site_name":"MANAUSCULT","article_published_time":"2023-09-07T18:28:20+00:00","article_modified_time":"2023-09-07T18:31:59+00:00","og_image":[{"width":1024,"height":675,"url":"https:\/\/www.manaus.am.gov.br\/manauscult\/wp-content\/uploads\/sites\/11\/2023\/09\/9e7f057f-dc96-4581-ab4a-d15e7552254b.jpg","type":"image\/jpeg"}],"author":"csilveira","twitter_card":"summary_large_image","twitter_misc":{"Written by":"csilveira","Est. reading time":"2 minutos"},"schema":{"@context":"https:\/\/schema.org","@graph":[{"@type":"WebPage","@id":"https:\/\/www.manaus.am.gov.br\/manauscult\/headliners-do-sou-manaus-de-david-guetta-a-zeca-pagodinho-citam-festival-em-suas-redes-sociais\/","url":"https:\/\/www.manaus.am.gov.br\/manauscult\/headliners-do-sou-manaus-de-david-guetta-a-zeca-pagodinho-citam-festival-em-suas-redes-sociais\/","name":"Headliners do SouManaus, de David Guetta a Zeca Pagodinho, citam festival em suas redes sociais","isPartOf":{"@id":"https:\/\/www.manaus.am.gov.br\/manauscult\/#website"},"primaryImageOfPage":{"@id":"https:\/\/www.manaus.am.gov.br\/manauscult\/headliners-do-sou-manaus-de-david-guetta-a-zeca-pagodinho-citam-festival-em-suas-redes-sociais\/#primaryimage"},"image":{"@id":"https:\/\/www.manaus.am.gov.br\/manauscult\/headliners-do-sou-manaus-de-david-guetta-a-zeca-pagodinho-citam-festival-em-suas-redes-sociais\/#primaryimage"},"thumbnailUrl":"https:\/\/www.manaus.am.gov.br\/manauscult\/wp-content\/uploads\/sites\/11\/2023\/09\/9e7f057f-dc96-4581-ab4a-d15e7552254b.jpg","datePublished":"2023-09-07T18:28:20+00:00","dateModified":"2023-09-07T18:31:59+00:00","author":{"@id":"https:\/\/www.manaus.am.gov.br\/manauscult\/#\/schema\/person\/bfafc779be2e19b3d3ef4a59d418b606"},"description":"Assim como o p\u00fablico que vivencia grandes emo\u00e7\u00f5es, experi\u00eancias e guarda mem\u00f3rias durante o \u201c#SouManaus Passo a Pa\u00e7o 2023\u201d.","breadcrumb":{"@id":"https:\/\/www.manaus.am.gov.br\/manauscult\/headliners-do-sou-manaus-de-david-guetta-a-zeca-pagodinho-citam-festival-em-suas-redes-sociais\/#breadcrumb"},"inLanguage":"pt-BR","potentialAction":[{"@type":"ReadAction","target":["https:\/\/www.manaus.am.gov.br\/manauscult\/headliners-do-sou-manaus-de-david-guetta-a-zeca-pagodinho-citam-festival-em-suas-redes-sociais\/"]}]},{"@type":"ImageObject","inLanguage":"pt-BR","@id":"https:\/\/www.manaus.am.gov.br\/manauscult\/headliners-do-sou-manaus-de-david-guetta-a-zeca-pagodinho-citam-festival-em-suas-redes-sociais\/#primaryimage","url":"https:\/\/www.manaus.am.gov.br\/manauscult\/wp-content\/uploads\/sites\/11\/2023\/09\/9e7f057f-dc96-4581-ab4a-d15e7552254b.jpg","contentUrl":"https:\/\/www.manaus.am.gov.br\/manauscult\/wp-content\/uploads\/sites\/11\/2023\/09\/9e7f057f-dc96-4581-ab4a-d15e7552254b.jpg","width":1024,"height":675},{"@type":"BreadcrumbList","@id":"https:\/\/www.manaus.am.gov.br\/manauscult\/headliners-do-sou-manaus-de-david-guetta-a-zeca-pagodinho-citam-festival-em-suas-redes-sociais\/#breadcrumb","itemListElement":[{"@type":"ListItem","position":1,"name":"Home","item":"https:\/\/www.manaus.am.gov.br\/manauscult\/"},{"@type":"ListItem","position":2,"name":"Headliners do SouManaus, de David Guetta a Zeca Pagodinho, citam festival em suas redes sociais"}]},{"@type":"WebSite","@id":"https:\/\/www.manaus.am.gov.br\/manauscult\/#website","url":"https:\/\/www.manaus.am.gov.br\/manauscult\/","name":"MANAUSCULT","description":"Prefeitura de Manaus","potentialAction":[{"@type":"SearchAction","target":{"@type":"EntryPoint","urlTemplate":"https:\/\/www.manaus.am.gov.br\/manauscult\/?s={search_term_string}"},"query-input":"required name=search_term_string"}],"inLanguage":"pt-BR"},{"@type":"Person","@id":"https:\/\/www.manaus.am.gov.br\/manauscult\/#\/schema\/person\/bfafc779be2e19b3d3ef4a59d418b606","name":"csilveira","image":{"@type":"ImageObject","inLanguage":"pt-BR","@id":"https:\/\/www.manaus.am.gov.br\/manauscult\/#\/schema\/person\/image\/","url":"https:\/\/secure.gravatar.com\/avatar\/9c2e2f00138fcd35401c748bd030d3b5?s=96&d=mm&r=g","contentUrl":"https:\/\/secure.gravatar.com\/avatar\/9c2e2f00138fcd35401c748bd030d3b5?s=96&d=mm&r=g","caption":"csilveira"}}]}},"_links":{"self":[{"href":"https:\/\/www.manaus.am.gov.br\/manauscult\/wp-json\/wp\/v2\/posts\/1433"}],"collection":[{"href":"https:\/\/www.manaus.am.gov.br\/manauscult\/wp-json\/wp\/v2\/posts"}],"about":[{"href":"https:\/\/www.manaus.am.gov.br\/manauscult\/wp-json\/wp\/v2\/types\/post"}],"author":[{"embeddable":true,"href":"https:\/\/www.manaus.am.gov.br\/manauscult\/wp-json\/wp\/v2\/users\/52"}],"replies":[{"embeddable":true,"href":"https:\/\/www.manaus.am.gov.br\/manauscult\/wp-json\/wp\/v2\/comments?post=1433"}],"version-history":[{"count":3,"href":"https:\/\/www.manaus.am.gov.br\/manauscult\/wp-json\/wp\/v2\/posts\/1433\/revisions"}],"predecessor-version":[{"id":1438,"href":"https:\/\/www.manaus.am.gov.br\/manauscult\/wp-json\/wp\/v2\/posts\/1433\/revisions\/1438"}],"wp:featuredmedia":[{"embeddable":true,"href":"https:\/\/www.manaus.am.gov.br\/manauscult\/wp-json\/wp\/v2\/media\/1435"}],"wp:attachment":[{"href":"https:\/\/www.manaus.am.gov.br\/manauscult\/wp-json\/wp\/v2\/media?parent=1433"}],"wp:term":[{"taxonomy":"category","embeddable":true,"href":"https:\/\/www.manaus.am.gov.br\/manauscult\/wp-json\/wp\/v2\/categories?post=1433"},{"taxonomy":"post_tag","embeddable":true,"href":"https:\/\/www.manaus.am.gov.br\/manauscult\/wp-json\/wp\/v2\/tags?post=1433"}],"curies":[{"name":"wp","href":"https:\/\/api.w.org\/{rel}","templated":true}]}}