{"id":1431,"date":"2023-09-07T12:25:10","date_gmt":"2023-09-07T16:25:10","guid":{"rendered":"https:\/\/www.manaus.am.gov.br\/manauscult\/com-acesso-livre-para-publico-sou-manaus-encerra-nesta-quinta-feira-com-line-up-religioso-e-infantil\/"},"modified":"2023-09-07T12:25:12","modified_gmt":"2023-09-07T16:25:12","slug":"com-acesso-livre-para-publico-sou-manaus-encerra-nesta-quinta-feira-com-line-up-religioso-e-infantil","status":"publish","type":"post","link":"https:\/\/www.manaus.am.gov.br\/manauscult\/com-acesso-livre-para-publico-sou-manaus-encerra-nesta-quinta-feira-com-line-up-religioso-e-infantil\/","title":{"rendered":"<strong>Com acesso livre para p\u00fablico, #SouManaus encerra nesta quinta-feira (7) com line-up religioso e infantil<\/strong>"},"content":{"rendered":"\n<p>O #SouManaus Passo a Pa\u00e7o 2023 chega ao fim nesta quinta-feira, 7\/9, com atra\u00e7\u00f5es voltadas para o p\u00fablico religioso e programa\u00e7\u00e3o infantil na \u00e1rea portu\u00e1ria da cidade. Artistas como padre F\u00e1bio de Melo, Isadora Pompeo, Israel Salazar, Banda Am\u00e9m, Fazendinha da Zelda e Fam\u00edlia Seven se apresentam nos palcos \u2018Guardi\u00e3o da Amaz\u00f4nia\u2019, \u2018Amazona\u2019 e \u2018Coreto\u2019, com acesso livre e gratuito.<\/p>\n\n\n\n<p>\u201cEssa festa do dia 7 \u00e9 diferente, porque n\u00e3o h\u00e1 necessidade de pulseira. Quem vier, igualmente nos outros dias, tamb\u00e9m poder\u00e1 aproveitar o evento. Mas, para entrar nos dois palcos que ficam dentro do porto, n\u00e3o precisar\u00e1 da pulseira. Ent\u00e3o, na parte de cima, vamos ter o espa\u00e7o \u2018Passinho\u2019, onde poder\u00e1 trazer as crian\u00e7as para curtir e brincar na \u00e1rea da pra\u00e7a do Dom Pedro. E quem quiser assistir aos shows, desce para o porto\u201d, explicou o diretor-presidente da Funda\u00e7\u00e3o Municipal de Cultura, Turismo e Eventos (Manauscult), Osvaldo Cardoso.<\/p>\n\n\n\n<p>A programa\u00e7\u00e3o do \u2018Passinho Kid\u2019 conta com shows, desfiles e brincadeiras para a crian\u00e7ada, a partir das 17h, no palco do \u2018Coreto\u2019, localizado na pra\u00e7a Dom Pedro, no centro hist\u00f3rico de Manaus, al\u00e9m do palco \u2018Amazona\u2019, ao lado da Alf\u00e2ndega e no Teatro da Instala\u00e7\u00e3o, na \u00e1rea central.<\/p>\n\n\n\n<p>As atra\u00e7\u00f5es musicais ficar\u00e3o com a Fazendinha da Zelda, Alexa Yngrid, Matheus Ribeiro e Isabelle Ribeiro, entre outros artistas. As crian\u00e7as com Transtorno do Espectro Autista (TEA) tamb\u00e9m ter\u00e3o seus espa\u00e7os de atividades com painel sensorial, brincadeiras com monitores, sem qualquer tipo de presen\u00e7a de efeito sonoro em alto n\u00edvel.<\/p>\n\n\n\n<p>J\u00e1 no line-up religioso, est\u00e3o nomes de artistas nacionais e locais que v\u00e3o se apresentar no #SouManaus deste ano. Os shows do padre F\u00e1bio de Melo e Isadora Pompeu s\u00e3o os mais aguardados no palco Bradesco &#8211; \u2018O Guardi\u00e3o da Amaz\u00f4nia\u2019, localizado no porto da cidade. J\u00e1 Israel Salazar e banda Am\u00e9m fecham as apresenta\u00e7\u00f5es no palco \u2018Amazona\u2019.&nbsp;<\/p>\n\n\n\n<p>A programa\u00e7\u00e3o completa do \u00faltimo dia do #SouManaus Passo a Pa\u00e7o 2023, voc\u00ea confere no site https:\/\/soumanauspassoapaco.com.br\/# .<\/p>\n\n\n\n<p>&#8212;-<\/p>\n\n\n\n<p><strong>Texto &#8211;<\/strong> Hellen Miranda \/ Semcom<\/p>\n\n\n\n<p><strong>Fotos &#8211; &nbsp;<\/strong>Jo\u00e3o Viana \/ Semcom<\/p>\n","protected":false},"excerpt":{"rendered":"","protected":false},"author":52,"featured_media":1432,"comment_status":"closed","ping_status":"closed","sticky":false,"template":"","format":"standard","meta":{"footnotes":""},"categories":[508],"tags":[637,11,638,636],"acf":[],"yoast_head":"<!-- This site is optimized with the Yoast SEO plugin v23.0 - https:\/\/yoast.com\/wordpress\/plugins\/seo\/ -->\n<title>Com acesso livre para p\u00fablico, #SouManaus encerra nesta quinta-feira (7) com line-up religioso e infantil<\/title>\n<meta name=\"description\" content=\"O #SouManaus Passo a Pa\u00e7o 2023 chega ao fim nesta quinta-feira, 7\/9, com atra\u00e7\u00f5es voltadas para o p\u00fablico religioso e programa\u00e7\u00e3o infantil.\" \/>\n<meta name=\"robots\" content=\"noindex, follow\" \/>\n<meta property=\"og:locale\" content=\"pt_BR\" \/>\n<meta property=\"og:type\" content=\"article\" \/>\n<meta property=\"og:title\" content=\"Com acesso livre para p\u00fablico, #SouManaus encerra nesta quinta-feira (7) com line-up religioso e infantil\" \/>\n<meta property=\"og:description\" content=\"O #SouManaus Passo a Pa\u00e7o 2023 chega ao fim nesta quinta-feira, 7\/9, com atra\u00e7\u00f5es voltadas para o p\u00fablico religioso e programa\u00e7\u00e3o infantil.\" \/>\n<meta property=\"og:url\" content=\"https:\/\/www.manaus.am.gov.br\/manauscult\/com-acesso-livre-para-publico-sou-manaus-encerra-nesta-quinta-feira-com-line-up-religioso-e-infantil\/\" \/>\n<meta property=\"og:site_name\" content=\"MANAUSCULT\" \/>\n<meta property=\"article:published_time\" content=\"2023-09-07T16:25:10+00:00\" \/>\n<meta property=\"article:modified_time\" content=\"2023-09-07T16:25:12+00:00\" \/>\n<meta property=\"og:image\" content=\"https:\/\/www.manaus.am.gov.br\/manauscult\/wp-content\/uploads\/sites\/11\/2023\/09\/Programacao-infantil_SouManaus4.jpg\" \/>\n\t<meta property=\"og:image:width\" content=\"799\" \/>\n\t<meta property=\"og:image:height\" content=\"533\" \/>\n\t<meta property=\"og:image:type\" content=\"image\/jpeg\" \/>\n<meta name=\"author\" content=\"csilveira\" \/>\n<meta name=\"twitter:card\" content=\"summary_large_image\" \/>\n<meta name=\"twitter:label1\" content=\"Written by\" \/>\n\t<meta name=\"twitter:data1\" content=\"csilveira\" \/>\n\t<meta name=\"twitter:label2\" content=\"Est. reading time\" \/>\n\t<meta name=\"twitter:data2\" content=\"2 minutos\" \/>\n<script type=\"application\/ld+json\" class=\"yoast-schema-graph\">{\"@context\":\"https:\/\/schema.org\",\"@graph\":[{\"@type\":\"WebPage\",\"@id\":\"https:\/\/www.manaus.am.gov.br\/manauscult\/com-acesso-livre-para-publico-sou-manaus-encerra-nesta-quinta-feira-com-line-up-religioso-e-infantil\/\",\"url\":\"https:\/\/www.manaus.am.gov.br\/manauscult\/com-acesso-livre-para-publico-sou-manaus-encerra-nesta-quinta-feira-com-line-up-religioso-e-infantil\/\",\"name\":\"Com acesso livre para p\u00fablico, #SouManaus encerra nesta quinta-feira (7) com line-up religioso e infantil\",\"isPartOf\":{\"@id\":\"https:\/\/www.manaus.am.gov.br\/manauscult\/#website\"},\"primaryImageOfPage\":{\"@id\":\"https:\/\/www.manaus.am.gov.br\/manauscult\/com-acesso-livre-para-publico-sou-manaus-encerra-nesta-quinta-feira-com-line-up-religioso-e-infantil\/#primaryimage\"},\"image\":{\"@id\":\"https:\/\/www.manaus.am.gov.br\/manauscult\/com-acesso-livre-para-publico-sou-manaus-encerra-nesta-quinta-feira-com-line-up-religioso-e-infantil\/#primaryimage\"},\"thumbnailUrl\":\"https:\/\/www.manaus.am.gov.br\/manauscult\/wp-content\/uploads\/sites\/11\/2023\/09\/Programacao-infantil_SouManaus4.jpg\",\"datePublished\":\"2023-09-07T16:25:10+00:00\",\"dateModified\":\"2023-09-07T16:25:12+00:00\",\"author\":{\"@id\":\"https:\/\/www.manaus.am.gov.br\/manauscult\/#\/schema\/person\/bfafc779be2e19b3d3ef4a59d418b606\"},\"description\":\"O #SouManaus Passo a Pa\u00e7o 2023 chega ao fim nesta quinta-feira, 7\/9, com atra\u00e7\u00f5es voltadas para o p\u00fablico religioso e programa\u00e7\u00e3o infantil.\",\"breadcrumb\":{\"@id\":\"https:\/\/www.manaus.am.gov.br\/manauscult\/com-acesso-livre-para-publico-sou-manaus-encerra-nesta-quinta-feira-com-line-up-religioso-e-infantil\/#breadcrumb\"},\"inLanguage\":\"pt-BR\",\"potentialAction\":[{\"@type\":\"ReadAction\",\"target\":[\"https:\/\/www.manaus.am.gov.br\/manauscult\/com-acesso-livre-para-publico-sou-manaus-encerra-nesta-quinta-feira-com-line-up-religioso-e-infantil\/\"]}]},{\"@type\":\"ImageObject\",\"inLanguage\":\"pt-BR\",\"@id\":\"https:\/\/www.manaus.am.gov.br\/manauscult\/com-acesso-livre-para-publico-sou-manaus-encerra-nesta-quinta-feira-com-line-up-religioso-e-infantil\/#primaryimage\",\"url\":\"https:\/\/www.manaus.am.gov.br\/manauscult\/wp-content\/uploads\/sites\/11\/2023\/09\/Programacao-infantil_SouManaus4.jpg\",\"contentUrl\":\"https:\/\/www.manaus.am.gov.br\/manauscult\/wp-content\/uploads\/sites\/11\/2023\/09\/Programacao-infantil_SouManaus4.jpg\",\"width\":799,\"height\":533},{\"@type\":\"BreadcrumbList\",\"@id\":\"https:\/\/www.manaus.am.gov.br\/manauscult\/com-acesso-livre-para-publico-sou-manaus-encerra-nesta-quinta-feira-com-line-up-religioso-e-infantil\/#breadcrumb\",\"itemListElement\":[{\"@type\":\"ListItem\",\"position\":1,\"name\":\"Home\",\"item\":\"https:\/\/www.manaus.am.gov.br\/manauscult\/\"},{\"@type\":\"ListItem\",\"position\":2,\"name\":\"Com acesso livre para p\u00fablico, #SouManaus encerra nesta quinta-feira (7) com line-up religioso e infantil\"}]},{\"@type\":\"WebSite\",\"@id\":\"https:\/\/www.manaus.am.gov.br\/manauscult\/#website\",\"url\":\"https:\/\/www.manaus.am.gov.br\/manauscult\/\",\"name\":\"MANAUSCULT\",\"description\":\"Prefeitura de Manaus\",\"potentialAction\":[{\"@type\":\"SearchAction\",\"target\":{\"@type\":\"EntryPoint\",\"urlTemplate\":\"https:\/\/www.manaus.am.gov.br\/manauscult\/?s={search_term_string}\"},\"query-input\":\"required name=search_term_string\"}],\"inLanguage\":\"pt-BR\"},{\"@type\":\"Person\",\"@id\":\"https:\/\/www.manaus.am.gov.br\/manauscult\/#\/schema\/person\/bfafc779be2e19b3d3ef4a59d418b606\",\"name\":\"csilveira\",\"image\":{\"@type\":\"ImageObject\",\"inLanguage\":\"pt-BR\",\"@id\":\"https:\/\/www.manaus.am.gov.br\/manauscult\/#\/schema\/person\/image\/\",\"url\":\"https:\/\/secure.gravatar.com\/avatar\/9c2e2f00138fcd35401c748bd030d3b5?s=96&d=mm&r=g\",\"contentUrl\":\"https:\/\/secure.gravatar.com\/avatar\/9c2e2f00138fcd35401c748bd030d3b5?s=96&d=mm&r=g\",\"caption\":\"csilveira\"}}]}<\/script>\n<!-- \/ Yoast SEO plugin. -->","yoast_head_json":{"title":"Com acesso livre para p\u00fablico, #SouManaus encerra nesta quinta-feira (7) com line-up religioso e infantil","description":"O #SouManaus Passo a Pa\u00e7o 2023 chega ao fim nesta quinta-feira, 7\/9, com atra\u00e7\u00f5es voltadas para o p\u00fablico religioso e programa\u00e7\u00e3o infantil.","robots":{"index":"noindex","follow":"follow"},"og_locale":"pt_BR","og_type":"article","og_title":"Com acesso livre para p\u00fablico, #SouManaus encerra nesta quinta-feira (7) com line-up religioso e infantil","og_description":"O #SouManaus Passo a Pa\u00e7o 2023 chega ao fim nesta quinta-feira, 7\/9, com atra\u00e7\u00f5es voltadas para o p\u00fablico religioso e programa\u00e7\u00e3o infantil.","og_url":"https:\/\/www.manaus.am.gov.br\/manauscult\/com-acesso-livre-para-publico-sou-manaus-encerra-nesta-quinta-feira-com-line-up-religioso-e-infantil\/","og_site_name":"MANAUSCULT","article_published_time":"2023-09-07T16:25:10+00:00","article_modified_time":"2023-09-07T16:25:12+00:00","og_image":[{"width":799,"height":533,"url":"https:\/\/www.manaus.am.gov.br\/manauscult\/wp-content\/uploads\/sites\/11\/2023\/09\/Programacao-infantil_SouManaus4.jpg","type":"image\/jpeg"}],"author":"csilveira","twitter_card":"summary_large_image","twitter_misc":{"Written by":"csilveira","Est. reading time":"2 minutos"},"schema":{"@context":"https:\/\/schema.org","@graph":[{"@type":"WebPage","@id":"https:\/\/www.manaus.am.gov.br\/manauscult\/com-acesso-livre-para-publico-sou-manaus-encerra-nesta-quinta-feira-com-line-up-religioso-e-infantil\/","url":"https:\/\/www.manaus.am.gov.br\/manauscult\/com-acesso-livre-para-publico-sou-manaus-encerra-nesta-quinta-feira-com-line-up-religioso-e-infantil\/","name":"Com acesso livre para p\u00fablico, #SouManaus encerra nesta quinta-feira (7) com line-up religioso e infantil","isPartOf":{"@id":"https:\/\/www.manaus.am.gov.br\/manauscult\/#website"},"primaryImageOfPage":{"@id":"https:\/\/www.manaus.am.gov.br\/manauscult\/com-acesso-livre-para-publico-sou-manaus-encerra-nesta-quinta-feira-com-line-up-religioso-e-infantil\/#primaryimage"},"image":{"@id":"https:\/\/www.manaus.am.gov.br\/manauscult\/com-acesso-livre-para-publico-sou-manaus-encerra-nesta-quinta-feira-com-line-up-religioso-e-infantil\/#primaryimage"},"thumbnailUrl":"https:\/\/www.manaus.am.gov.br\/manauscult\/wp-content\/uploads\/sites\/11\/2023\/09\/Programacao-infantil_SouManaus4.jpg","datePublished":"2023-09-07T16:25:10+00:00","dateModified":"2023-09-07T16:25:12+00:00","author":{"@id":"https:\/\/www.manaus.am.gov.br\/manauscult\/#\/schema\/person\/bfafc779be2e19b3d3ef4a59d418b606"},"description":"O #SouManaus Passo a Pa\u00e7o 2023 chega ao fim nesta quinta-feira, 7\/9, com atra\u00e7\u00f5es voltadas para o p\u00fablico religioso e programa\u00e7\u00e3o infantil.","breadcrumb":{"@id":"https:\/\/www.manaus.am.gov.br\/manauscult\/com-acesso-livre-para-publico-sou-manaus-encerra-nesta-quinta-feira-com-line-up-religioso-e-infantil\/#breadcrumb"},"inLanguage":"pt-BR","potentialAction":[{"@type":"ReadAction","target":["https:\/\/www.manaus.am.gov.br\/manauscult\/com-acesso-livre-para-publico-sou-manaus-encerra-nesta-quinta-feira-com-line-up-religioso-e-infantil\/"]}]},{"@type":"ImageObject","inLanguage":"pt-BR","@id":"https:\/\/www.manaus.am.gov.br\/manauscult\/com-acesso-livre-para-publico-sou-manaus-encerra-nesta-quinta-feira-com-line-up-religioso-e-infantil\/#primaryimage","url":"https:\/\/www.manaus.am.gov.br\/manauscult\/wp-content\/uploads\/sites\/11\/2023\/09\/Programacao-infantil_SouManaus4.jpg","contentUrl":"https:\/\/www.manaus.am.gov.br\/manauscult\/wp-content\/uploads\/sites\/11\/2023\/09\/Programacao-infantil_SouManaus4.jpg","width":799,"height":533},{"@type":"BreadcrumbList","@id":"https:\/\/www.manaus.am.gov.br\/manauscult\/com-acesso-livre-para-publico-sou-manaus-encerra-nesta-quinta-feira-com-line-up-religioso-e-infantil\/#breadcrumb","itemListElement":[{"@type":"ListItem","position":1,"name":"Home","item":"https:\/\/www.manaus.am.gov.br\/manauscult\/"},{"@type":"ListItem","position":2,"name":"Com acesso livre para p\u00fablico, #SouManaus encerra nesta quinta-feira (7) com line-up religioso e infantil"}]},{"@type":"WebSite","@id":"https:\/\/www.manaus.am.gov.br\/manauscult\/#website","url":"https:\/\/www.manaus.am.gov.br\/manauscult\/","name":"MANAUSCULT","description":"Prefeitura de Manaus","potentialAction":[{"@type":"SearchAction","target":{"@type":"EntryPoint","urlTemplate":"https:\/\/www.manaus.am.gov.br\/manauscult\/?s={search_term_string}"},"query-input":"required name=search_term_string"}],"inLanguage":"pt-BR"},{"@type":"Person","@id":"https:\/\/www.manaus.am.gov.br\/manauscult\/#\/schema\/person\/bfafc779be2e19b3d3ef4a59d418b606","name":"csilveira","image":{"@type":"ImageObject","inLanguage":"pt-BR","@id":"https:\/\/www.manaus.am.gov.br\/manauscult\/#\/schema\/person\/image\/","url":"https:\/\/secure.gravatar.com\/avatar\/9c2e2f00138fcd35401c748bd030d3b5?s=96&d=mm&r=g","contentUrl":"https:\/\/secure.gravatar.com\/avatar\/9c2e2f00138fcd35401c748bd030d3b5?s=96&d=mm&r=g","caption":"csilveira"}}]}},"_links":{"self":[{"href":"https:\/\/www.manaus.am.gov.br\/manauscult\/wp-json\/wp\/v2\/posts\/1431"}],"collection":[{"href":"https:\/\/www.manaus.am.gov.br\/manauscult\/wp-json\/wp\/v2\/posts"}],"about":[{"href":"https:\/\/www.manaus.am.gov.br\/manauscult\/wp-json\/wp\/v2\/types\/post"}],"author":[{"embeddable":true,"href":"https:\/\/www.manaus.am.gov.br\/manauscult\/wp-json\/wp\/v2\/users\/52"}],"replies":[{"embeddable":true,"href":"https:\/\/www.manaus.am.gov.br\/manauscult\/wp-json\/wp\/v2\/comments?post=1431"}],"version-history":[{"count":0,"href":"https:\/\/www.manaus.am.gov.br\/manauscult\/wp-json\/wp\/v2\/posts\/1431\/revisions"}],"wp:featuredmedia":[{"embeddable":true,"href":"https:\/\/www.manaus.am.gov.br\/manauscult\/wp-json\/wp\/v2\/media\/1432"}],"wp:attachment":[{"href":"https:\/\/www.manaus.am.gov.br\/manauscult\/wp-json\/wp\/v2\/media?parent=1431"}],"wp:term":[{"taxonomy":"category","embeddable":true,"href":"https:\/\/www.manaus.am.gov.br\/manauscult\/wp-json\/wp\/v2\/categories?post=1431"},{"taxonomy":"post_tag","embeddable":true,"href":"https:\/\/www.manaus.am.gov.br\/manauscult\/wp-json\/wp\/v2\/tags?post=1431"}],"curies":[{"name":"wp","href":"https:\/\/api.w.org\/{rel}","templated":true}]}}