{"id":1419,"date":"2023-09-07T03:01:29","date_gmt":"2023-09-07T07:01:29","guid":{"rendered":"https:\/\/www.manaus.am.gov.br\/manauscult\/rock-nacional-de-biquini-invade-soumanaus-2023-e-encerra-segunda-noite-com-apresentacao-memoravel\/"},"modified":"2023-09-07T03:10:20","modified_gmt":"2023-09-07T07:10:20","slug":"rock-nacional-de-biquini-invade-soumanaus-2023-e-encerra-segunda-noite-com-apresentacao-memoravel","status":"publish","type":"post","link":"https:\/\/www.manaus.am.gov.br\/manauscult\/rock-nacional-de-biquini-invade-soumanaus-2023-e-encerra-segunda-noite-com-apresentacao-memoravel\/","title":{"rendered":"<strong>Rock nacional de Biquini invade \u2018#SouManaus 2023\u2019 e encerra segunda noite com apresenta\u00e7\u00e3o memor\u00e1vel<\/strong>"},"content":{"rendered":"\n<p>O maior festival de artes integradas da regi\u00e3o Norte, o \u201c#SouManaus Passo a Pa\u00e7o 2023\u201d \u00e9 palco para todas as express\u00f5es culturais e ritmos musicais. Um dos estilos mais apreciados pelo p\u00fablico manauara, o rock contou com artistas locais e com os representantes j\u00e1 consagrados no cen\u00e1rio nacional, como a banda Biquini, que fez um show memor\u00e1vel nesta quarta-feira, 6\/9, para encerrar a segunda noite do Palco Amazona.<\/p>\n\n\n\n<p>Tocando um repert\u00f3rio que re\u00fane o melhor do rock, pop nacional e internacional, a banda Overload, uma das mais antigas em atua\u00e7\u00e3o no rock amazonense, ganhou a galera que esteve presente no palco Amazona, o segundo maior do festival. A vocalista Ana Terra agradeceu a oportunidade de se apresentar na megaestrutura do \u201c#SouManaus\u201d.<\/p>\n\n\n\n<p>&#8220;O festival est\u00e1 gigante e muito bonito, nem se compara com a primeira edi\u00e7\u00e3o. Estou bem surpresa e ao mesmo tempo feliz com um evento como esse, no centro da nossa capital, que re\u00fane artistas e a popula\u00e7\u00e3o de v\u00e1rias zonas da cidade. S\u00f3 tenho a parabenizar o prefeito David Almeida pela iniciativa&#8221;, disse Ana.<\/p>\n\n\n\n<p>Com 38 anos de uma carreira de sucesso, a banda Biquini foi a grande atra\u00e7\u00e3o da noite no Amazona e n\u00e3o desapontou o p\u00fablico. Com m\u00fasicas que marcaram a gera\u00e7\u00e3o dos anos 80, o grupo traz no setlist cl\u00e1ssicos como \u201cT\u00e9dio\u201d, \u201cVento Ventania\u201d e \u201c Quando eu te encontrar\u201d, que o consagrou no cen\u00e1rio do rock nacional.<\/p>\n\n\n\n<p>Conhecido por ter uma performance animada e de grande intimidade com o p\u00fablico que s\u00f3 anos de estrada proporcionam, o vocalista Bruno Gouveia, contou sobre a apresenta\u00e7\u00e3o embalada por can\u00e7\u00f5es que contam a hist\u00f3ria de uma das maiores bandas do pa\u00eds.<\/p>\n\n\n\n<p>&#8220;Eu estou muito feliz de estar aqui e tenho lembran\u00e7as \u00f3timas de v\u00e1rios shows que j\u00e1 fizemos em Manaus. Est\u00e1 um clima gostoso e a noite ser\u00e1 uma viagem no tempo na nossa hist\u00f3ria, desde a primeira m\u00fasica que fizemos, e vamos lembrar grandes sucessos do Biquini e fazendo redu\u00e7\u00f5es de algumas grava\u00e7\u00f5es de colegas do rock, o pessoal vai curtir bastante&#8221;, ressaltou o vocalista do Biquini, Bruno Gouveia.<\/p>\n\n\n\n<p>Uma legi\u00e3o de f\u00e3s aguardava ansiosa pelo show da banda Biquini, que subiu ao palco pouco mais das 22h40. De casais mais velhos aos jovens, a apresenta\u00e7\u00e3o dos cariocas uniu o p\u00fablico, que n\u00e3o perdeu a oportunidade de ver os \u00eddolos de perto e curtir os cl\u00e1ssicos.<\/p>\n\n\n\n<p>O advogado Rainey Gomes, de 44 anos, contou que conheceu a banda carioca na adolesc\u00eancia e que as m\u00fasicas do Biquini t\u00eam uma rela\u00e7\u00e3o importante na sua vida. &#8220;Est\u00e1 sendo uma experi\u00eancia maravilhosa essa noite, porque eu curto o Biquini h\u00e1 mais de 20 anos, uma das melhores do rock nacional para mim. Ent\u00e3o, est\u00e1 sendo incr\u00edvel e muito especial&#8221;.<\/p>\n\n\n\n<p>Quem tamb\u00e9m marcou presen\u00e7a na noite do &#8220;rock&#8221; no palco Amazona, foi a pedagoga Angela Oliveira, de 52 anos, que veio do munic\u00edpio de Manacapuru para participar pela primeira vez no \u201c#SouManaus 2023\u201d. &#8220;Amei o festival, tudo bem organizado e estruturado, est\u00e1 \u00f3timo ouvir bandas dos anos 80. Quem ainda n\u00e3o veio est\u00e1 perdendo um espet\u00e1culo&#8221;.<\/p>\n\n\n\n<p>No meio da galera tamb\u00e9m estava a dentista e empres\u00e1ria Sorene Veloso, de 57 anos, acompanhada do marido e amigos. Acumulando mais uma ida ao evento, ela destacou a diversidade do maior festival de artes integradas do Norte.<\/p>\n\n\n\n<p>&#8220;Acho que tem que continuar com essa pegada, porque atinge todos os p\u00fablicos. A gente \u00e9 mais velha e o festival atendeu as nossas expectativas, estamos relembrando a nossa adolesc\u00eancia, ouvindo Lob\u00e3o e Biquini, que eu amo.&#8221;<\/p>\n\n\n\n<p>&#8212; &#8212; &#8212;<\/p>\n\n\n\n<p><strong>Texto <\/strong>\u2013 Hellen Miranda \/ Semcom<\/p>\n\n\n\n<p><strong>Fotos<\/strong> &#8211; Jo\u00e3o Viana \/ Semcom<\/p>\n\n\n\n<p><strong>Dispon\u00edveis em &#8211; <\/strong><a href=\"https:\/\/flic.kr\/s\/aHBqjATMSt\">https:\/\/flic.kr\/s\/aHBqjATMSt<\/a><\/p>\n","protected":false},"excerpt":{"rendered":"","protected":false},"author":39,"featured_media":1420,"comment_status":"closed","ping_status":"closed","sticky":false,"template":"","format":"standard","meta":{"footnotes":""},"categories":[508],"tags":[168,631,632,576,11,633,634],"acf":[],"yoast_head":"<!-- This site is optimized with the Yoast SEO plugin v23.0 - https:\/\/yoast.com\/wordpress\/plugins\/seo\/ -->\n<title>Rock nacional de Biquini invade \u2018#SouManaus 2023\u2019 e encerra segunda noite com apresenta\u00e7\u00e3o memor\u00e1vel<\/title>\n<meta name=\"description\" content=\"Um dos estilos mais apreciados pelo p\u00fablico manauara, o rock contou com artistas locais e com os representantes j\u00e1 consagrados no cen\u00e1rio nacional, como a banda Biquini que fez um show memor\u00e1vel nesta quarta-feira, 6\/9, para encerrar a segunda noite do Palco Amazona.\" \/>\n<meta name=\"robots\" content=\"noindex, follow\" \/>\n<meta property=\"og:locale\" content=\"pt_BR\" \/>\n<meta property=\"og:type\" content=\"article\" \/>\n<meta property=\"og:title\" content=\"Rock nacional de Biquini invade \u2018#SouManaus 2023\u2019 e encerra segunda noite com apresenta\u00e7\u00e3o memor\u00e1vel\" \/>\n<meta property=\"og:description\" content=\"Um dos estilos mais apreciados pelo p\u00fablico manauara, o rock contou com artistas locais e com os representantes j\u00e1 consagrados no cen\u00e1rio nacional, como a banda Biquini que fez um show memor\u00e1vel nesta quarta-feira, 6\/9, para encerrar a segunda noite do Palco Amazona.\" \/>\n<meta property=\"og:url\" content=\"https:\/\/www.manaus.am.gov.br\/manauscult\/rock-nacional-de-biquini-invade-soumanaus-2023-e-encerra-segunda-noite-com-apresentacao-memoravel\/\" \/>\n<meta property=\"og:site_name\" content=\"MANAUSCULT\" \/>\n<meta property=\"article:published_time\" content=\"2023-09-07T07:01:29+00:00\" \/>\n<meta property=\"article:modified_time\" content=\"2023-09-07T07:10:20+00:00\" \/>\n<meta property=\"og:image\" content=\"https:\/\/www.manaus.am.gov.br\/manauscult\/wp-content\/uploads\/sites\/11\/2023\/09\/53169378702_f3750d0eb4_k.jpg\" \/>\n\t<meta property=\"og:image:width\" content=\"2048\" \/>\n\t<meta property=\"og:image:height\" content=\"1365\" \/>\n\t<meta property=\"og:image:type\" content=\"image\/jpeg\" \/>\n<meta name=\"author\" content=\"Bruna Greco\" \/>\n<meta name=\"twitter:card\" content=\"summary_large_image\" \/>\n<meta name=\"twitter:label1\" content=\"Written by\" \/>\n\t<meta name=\"twitter:data1\" content=\"Bruna Greco\" \/>\n\t<meta name=\"twitter:label2\" content=\"Est. reading time\" \/>\n\t<meta name=\"twitter:data2\" content=\"4 minutos\" \/>\n<script type=\"application\/ld+json\" class=\"yoast-schema-graph\">{\"@context\":\"https:\/\/schema.org\",\"@graph\":[{\"@type\":\"WebPage\",\"@id\":\"https:\/\/www.manaus.am.gov.br\/manauscult\/rock-nacional-de-biquini-invade-soumanaus-2023-e-encerra-segunda-noite-com-apresentacao-memoravel\/\",\"url\":\"https:\/\/www.manaus.am.gov.br\/manauscult\/rock-nacional-de-biquini-invade-soumanaus-2023-e-encerra-segunda-noite-com-apresentacao-memoravel\/\",\"name\":\"Rock nacional de Biquini invade \u2018#SouManaus 2023\u2019 e encerra segunda noite com apresenta\u00e7\u00e3o memor\u00e1vel\",\"isPartOf\":{\"@id\":\"https:\/\/www.manaus.am.gov.br\/manauscult\/#website\"},\"primaryImageOfPage\":{\"@id\":\"https:\/\/www.manaus.am.gov.br\/manauscult\/rock-nacional-de-biquini-invade-soumanaus-2023-e-encerra-segunda-noite-com-apresentacao-memoravel\/#primaryimage\"},\"image\":{\"@id\":\"https:\/\/www.manaus.am.gov.br\/manauscult\/rock-nacional-de-biquini-invade-soumanaus-2023-e-encerra-segunda-noite-com-apresentacao-memoravel\/#primaryimage\"},\"thumbnailUrl\":\"https:\/\/www.manaus.am.gov.br\/manauscult\/wp-content\/uploads\/sites\/11\/2023\/09\/53169378702_f3750d0eb4_k.jpg\",\"datePublished\":\"2023-09-07T07:01:29+00:00\",\"dateModified\":\"2023-09-07T07:10:20+00:00\",\"author\":{\"@id\":\"https:\/\/www.manaus.am.gov.br\/manauscult\/#\/schema\/person\/05d223aea2bf115f9883a6ff3683d81b\"},\"description\":\"Um dos estilos mais apreciados pelo p\u00fablico manauara, o rock contou com artistas locais e com os representantes j\u00e1 consagrados no cen\u00e1rio nacional, como a banda Biquini que fez um show memor\u00e1vel nesta quarta-feira, 6\/9, para encerrar a segunda noite do Palco Amazona.\",\"breadcrumb\":{\"@id\":\"https:\/\/www.manaus.am.gov.br\/manauscult\/rock-nacional-de-biquini-invade-soumanaus-2023-e-encerra-segunda-noite-com-apresentacao-memoravel\/#breadcrumb\"},\"inLanguage\":\"pt-BR\",\"potentialAction\":[{\"@type\":\"ReadAction\",\"target\":[\"https:\/\/www.manaus.am.gov.br\/manauscult\/rock-nacional-de-biquini-invade-soumanaus-2023-e-encerra-segunda-noite-com-apresentacao-memoravel\/\"]}]},{\"@type\":\"ImageObject\",\"inLanguage\":\"pt-BR\",\"@id\":\"https:\/\/www.manaus.am.gov.br\/manauscult\/rock-nacional-de-biquini-invade-soumanaus-2023-e-encerra-segunda-noite-com-apresentacao-memoravel\/#primaryimage\",\"url\":\"https:\/\/www.manaus.am.gov.br\/manauscult\/wp-content\/uploads\/sites\/11\/2023\/09\/53169378702_f3750d0eb4_k.jpg\",\"contentUrl\":\"https:\/\/www.manaus.am.gov.br\/manauscult\/wp-content\/uploads\/sites\/11\/2023\/09\/53169378702_f3750d0eb4_k.jpg\",\"width\":2048,\"height\":1365},{\"@type\":\"BreadcrumbList\",\"@id\":\"https:\/\/www.manaus.am.gov.br\/manauscult\/rock-nacional-de-biquini-invade-soumanaus-2023-e-encerra-segunda-noite-com-apresentacao-memoravel\/#breadcrumb\",\"itemListElement\":[{\"@type\":\"ListItem\",\"position\":1,\"name\":\"Home\",\"item\":\"https:\/\/www.manaus.am.gov.br\/manauscult\/\"},{\"@type\":\"ListItem\",\"position\":2,\"name\":\"Rock nacional de Biquini invade \u2018#SouManaus 2023\u2019 e encerra segunda noite com apresenta\u00e7\u00e3o memor\u00e1vel\"}]},{\"@type\":\"WebSite\",\"@id\":\"https:\/\/www.manaus.am.gov.br\/manauscult\/#website\",\"url\":\"https:\/\/www.manaus.am.gov.br\/manauscult\/\",\"name\":\"MANAUSCULT\",\"description\":\"Prefeitura de Manaus\",\"potentialAction\":[{\"@type\":\"SearchAction\",\"target\":{\"@type\":\"EntryPoint\",\"urlTemplate\":\"https:\/\/www.manaus.am.gov.br\/manauscult\/?s={search_term_string}\"},\"query-input\":\"required name=search_term_string\"}],\"inLanguage\":\"pt-BR\"},{\"@type\":\"Person\",\"@id\":\"https:\/\/www.manaus.am.gov.br\/manauscult\/#\/schema\/person\/05d223aea2bf115f9883a6ff3683d81b\",\"name\":\"Bruna Greco\",\"image\":{\"@type\":\"ImageObject\",\"inLanguage\":\"pt-BR\",\"@id\":\"https:\/\/www.manaus.am.gov.br\/manauscult\/#\/schema\/person\/image\/\",\"url\":\"https:\/\/secure.gravatar.com\/avatar\/9c877d1a6adc2a055330e5c09a8653ce?s=96&d=mm&r=g\",\"contentUrl\":\"https:\/\/secure.gravatar.com\/avatar\/9c877d1a6adc2a055330e5c09a8653ce?s=96&d=mm&r=g\",\"caption\":\"Bruna Greco\"}}]}<\/script>\n<!-- \/ Yoast SEO plugin. -->","yoast_head_json":{"title":"Rock nacional de Biquini invade \u2018#SouManaus 2023\u2019 e encerra segunda noite com apresenta\u00e7\u00e3o memor\u00e1vel","description":"Um dos estilos mais apreciados pelo p\u00fablico manauara, o rock contou com artistas locais e com os representantes j\u00e1 consagrados no cen\u00e1rio nacional, como a banda Biquini que fez um show memor\u00e1vel nesta quarta-feira, 6\/9, para encerrar a segunda noite do Palco Amazona.","robots":{"index":"noindex","follow":"follow"},"og_locale":"pt_BR","og_type":"article","og_title":"Rock nacional de Biquini invade \u2018#SouManaus 2023\u2019 e encerra segunda noite com apresenta\u00e7\u00e3o memor\u00e1vel","og_description":"Um dos estilos mais apreciados pelo p\u00fablico manauara, o rock contou com artistas locais e com os representantes j\u00e1 consagrados no cen\u00e1rio nacional, como a banda Biquini que fez um show memor\u00e1vel nesta quarta-feira, 6\/9, para encerrar a segunda noite do Palco Amazona.","og_url":"https:\/\/www.manaus.am.gov.br\/manauscult\/rock-nacional-de-biquini-invade-soumanaus-2023-e-encerra-segunda-noite-com-apresentacao-memoravel\/","og_site_name":"MANAUSCULT","article_published_time":"2023-09-07T07:01:29+00:00","article_modified_time":"2023-09-07T07:10:20+00:00","og_image":[{"width":2048,"height":1365,"url":"https:\/\/www.manaus.am.gov.br\/manauscult\/wp-content\/uploads\/sites\/11\/2023\/09\/53169378702_f3750d0eb4_k.jpg","type":"image\/jpeg"}],"author":"Bruna Greco","twitter_card":"summary_large_image","twitter_misc":{"Written by":"Bruna Greco","Est. reading time":"4 minutos"},"schema":{"@context":"https:\/\/schema.org","@graph":[{"@type":"WebPage","@id":"https:\/\/www.manaus.am.gov.br\/manauscult\/rock-nacional-de-biquini-invade-soumanaus-2023-e-encerra-segunda-noite-com-apresentacao-memoravel\/","url":"https:\/\/www.manaus.am.gov.br\/manauscult\/rock-nacional-de-biquini-invade-soumanaus-2023-e-encerra-segunda-noite-com-apresentacao-memoravel\/","name":"Rock nacional de Biquini invade \u2018#SouManaus 2023\u2019 e encerra segunda noite com apresenta\u00e7\u00e3o memor\u00e1vel","isPartOf":{"@id":"https:\/\/www.manaus.am.gov.br\/manauscult\/#website"},"primaryImageOfPage":{"@id":"https:\/\/www.manaus.am.gov.br\/manauscult\/rock-nacional-de-biquini-invade-soumanaus-2023-e-encerra-segunda-noite-com-apresentacao-memoravel\/#primaryimage"},"image":{"@id":"https:\/\/www.manaus.am.gov.br\/manauscult\/rock-nacional-de-biquini-invade-soumanaus-2023-e-encerra-segunda-noite-com-apresentacao-memoravel\/#primaryimage"},"thumbnailUrl":"https:\/\/www.manaus.am.gov.br\/manauscult\/wp-content\/uploads\/sites\/11\/2023\/09\/53169378702_f3750d0eb4_k.jpg","datePublished":"2023-09-07T07:01:29+00:00","dateModified":"2023-09-07T07:10:20+00:00","author":{"@id":"https:\/\/www.manaus.am.gov.br\/manauscult\/#\/schema\/person\/05d223aea2bf115f9883a6ff3683d81b"},"description":"Um dos estilos mais apreciados pelo p\u00fablico manauara, o rock contou com artistas locais e com os representantes j\u00e1 consagrados no cen\u00e1rio nacional, como a banda Biquini que fez um show memor\u00e1vel nesta quarta-feira, 6\/9, para encerrar a segunda noite do Palco Amazona.","breadcrumb":{"@id":"https:\/\/www.manaus.am.gov.br\/manauscult\/rock-nacional-de-biquini-invade-soumanaus-2023-e-encerra-segunda-noite-com-apresentacao-memoravel\/#breadcrumb"},"inLanguage":"pt-BR","potentialAction":[{"@type":"ReadAction","target":["https:\/\/www.manaus.am.gov.br\/manauscult\/rock-nacional-de-biquini-invade-soumanaus-2023-e-encerra-segunda-noite-com-apresentacao-memoravel\/"]}]},{"@type":"ImageObject","inLanguage":"pt-BR","@id":"https:\/\/www.manaus.am.gov.br\/manauscult\/rock-nacional-de-biquini-invade-soumanaus-2023-e-encerra-segunda-noite-com-apresentacao-memoravel\/#primaryimage","url":"https:\/\/www.manaus.am.gov.br\/manauscult\/wp-content\/uploads\/sites\/11\/2023\/09\/53169378702_f3750d0eb4_k.jpg","contentUrl":"https:\/\/www.manaus.am.gov.br\/manauscult\/wp-content\/uploads\/sites\/11\/2023\/09\/53169378702_f3750d0eb4_k.jpg","width":2048,"height":1365},{"@type":"BreadcrumbList","@id":"https:\/\/www.manaus.am.gov.br\/manauscult\/rock-nacional-de-biquini-invade-soumanaus-2023-e-encerra-segunda-noite-com-apresentacao-memoravel\/#breadcrumb","itemListElement":[{"@type":"ListItem","position":1,"name":"Home","item":"https:\/\/www.manaus.am.gov.br\/manauscult\/"},{"@type":"ListItem","position":2,"name":"Rock nacional de Biquini invade \u2018#SouManaus 2023\u2019 e encerra segunda noite com apresenta\u00e7\u00e3o memor\u00e1vel"}]},{"@type":"WebSite","@id":"https:\/\/www.manaus.am.gov.br\/manauscult\/#website","url":"https:\/\/www.manaus.am.gov.br\/manauscult\/","name":"MANAUSCULT","description":"Prefeitura de Manaus","potentialAction":[{"@type":"SearchAction","target":{"@type":"EntryPoint","urlTemplate":"https:\/\/www.manaus.am.gov.br\/manauscult\/?s={search_term_string}"},"query-input":"required name=search_term_string"}],"inLanguage":"pt-BR"},{"@type":"Person","@id":"https:\/\/www.manaus.am.gov.br\/manauscult\/#\/schema\/person\/05d223aea2bf115f9883a6ff3683d81b","name":"Bruna Greco","image":{"@type":"ImageObject","inLanguage":"pt-BR","@id":"https:\/\/www.manaus.am.gov.br\/manauscult\/#\/schema\/person\/image\/","url":"https:\/\/secure.gravatar.com\/avatar\/9c877d1a6adc2a055330e5c09a8653ce?s=96&d=mm&r=g","contentUrl":"https:\/\/secure.gravatar.com\/avatar\/9c877d1a6adc2a055330e5c09a8653ce?s=96&d=mm&r=g","caption":"Bruna Greco"}}]}},"_links":{"self":[{"href":"https:\/\/www.manaus.am.gov.br\/manauscult\/wp-json\/wp\/v2\/posts\/1419"}],"collection":[{"href":"https:\/\/www.manaus.am.gov.br\/manauscult\/wp-json\/wp\/v2\/posts"}],"about":[{"href":"https:\/\/www.manaus.am.gov.br\/manauscult\/wp-json\/wp\/v2\/types\/post"}],"author":[{"embeddable":true,"href":"https:\/\/www.manaus.am.gov.br\/manauscult\/wp-json\/wp\/v2\/users\/39"}],"replies":[{"embeddable":true,"href":"https:\/\/www.manaus.am.gov.br\/manauscult\/wp-json\/wp\/v2\/comments?post=1419"}],"version-history":[{"count":1,"href":"https:\/\/www.manaus.am.gov.br\/manauscult\/wp-json\/wp\/v2\/posts\/1419\/revisions"}],"predecessor-version":[{"id":1421,"href":"https:\/\/www.manaus.am.gov.br\/manauscult\/wp-json\/wp\/v2\/posts\/1419\/revisions\/1421"}],"wp:featuredmedia":[{"embeddable":true,"href":"https:\/\/www.manaus.am.gov.br\/manauscult\/wp-json\/wp\/v2\/media\/1420"}],"wp:attachment":[{"href":"https:\/\/www.manaus.am.gov.br\/manauscult\/wp-json\/wp\/v2\/media?parent=1419"}],"wp:term":[{"taxonomy":"category","embeddable":true,"href":"https:\/\/www.manaus.am.gov.br\/manauscult\/wp-json\/wp\/v2\/categories?post=1419"},{"taxonomy":"post_tag","embeddable":true,"href":"https:\/\/www.manaus.am.gov.br\/manauscult\/wp-json\/wp\/v2\/tags?post=1419"}],"curies":[{"name":"wp","href":"https:\/\/api.w.org\/{rel}","templated":true}]}}