{"id":1413,"date":"2023-09-07T02:46:33","date_gmt":"2023-09-07T06:46:33","guid":{"rendered":"https:\/\/www.manaus.am.gov.br\/manauscult\/kevin-o-chris-marca-segunda-noite-do-soumanaus2023-em-grande-estilo\/"},"modified":"2023-09-07T02:48:27","modified_gmt":"2023-09-07T06:48:27","slug":"kevin-o-chris-marca-segunda-noite-do-soumanaus2023-em-grande-estilo","status":"publish","type":"post","link":"https:\/\/www.manaus.am.gov.br\/manauscult\/kevin-o-chris-marca-segunda-noite-do-soumanaus2023-em-grande-estilo\/","title":{"rendered":"Kevin O Chris marca segunda noite do #SouManaus 2023 em grande estilo"},"content":{"rendered":"\n<p>Ao som de muito funk carioca, a segunda noite do #SouManaus 2023 foi marcada com mais um sucesso de p\u00fablico no Palco Bradesco &#8211; Guardi\u00e3o da Amaz\u00f4nia, no centro hist\u00f3rico da cidade, nesta quarta-feira, 6\/9. A cantora Marina Senna tamb\u00e9m abrilhantou o maior festival de artes integradas do Norte<\/p>\n\n\n\n<p>\u201cA gente se preparou tanto para esse evento e pela primeira vez aqui no #SouManaus estou muito feliz, e levando o funk cada vez mais longe. O p\u00fablico vai dan\u00e7ar muito\u201d, disse o funkeiro Kevin O Chris.<\/p>\n\n\n\n<p>A cantora mineira Marina Senna tamb\u00e9m falou da import\u00e2ncia do #SouManaus para fortalecer todas as artes, independentemente de onde ela seja.<\/p>\n\n\n\n<p>\u201cVir de Minas Gerais e saber que aqui existe essa fraternidade, essa coisa de querer trazer e unir as regi\u00f5es \u00e9 t\u00e3o importante, e eu acho que fortalece tanto a cultura, o povo e a nossa unidade. Eu adoro\u201d, declarou.<\/p>\n\n\n\n<p>A valoriza\u00e7\u00e3o dos artistas locais continuou sendo um dos destaques do festival, e na segunda noite, a cantora Rebecca Grana, uma das atra\u00e7\u00f5es mais pedidas pelo p\u00fablico, falou da responsabilidade de conduzir os manauaras no caminho de ritmos variados.<\/p>\n\n\n\n<figure class=\"wp-block-image size-full\"><img loading=\"lazy\" decoding=\"async\" width=\"799\" height=\"533\" src=\"https:\/\/www.manaus.am.gov.br\/manauscult\/wp-content\/uploads\/sites\/11\/2023\/09\/53170227503_1c0ca17bfb_c.jpg\" alt=\"\" class=\"wp-image-1414\" srcset=\"https:\/\/www.manaus.am.gov.br\/manauscult\/wp-content\/uploads\/sites\/11\/2023\/09\/53170227503_1c0ca17bfb_c.jpg 799w, https:\/\/www.manaus.am.gov.br\/manauscult\/wp-content\/uploads\/sites\/11\/2023\/09\/53170227503_1c0ca17bfb_c-300x200.jpg 300w, https:\/\/www.manaus.am.gov.br\/manauscult\/wp-content\/uploads\/sites\/11\/2023\/09\/53170227503_1c0ca17bfb_c-768x512.jpg 768w\" sizes=\"(max-width: 799px) 100vw, 799px\" \/><\/figure>\n\n\n\n<p>\u201cAcho que a gente tem uma s\u00e9rie de artistas incr\u00edveis no Amazonas que merecem visibilidade e estar aqui para mim \u00e9 sensacional, \u00e9 uma honra muito grande, e eu vou dar o meu melhor em cima do palco\u201d, disse a cantora Rebecca Grana.<\/p>\n\n\n\n<p>Quem tamb\u00e9m conquistou o p\u00fablico foi o DJ Felp Antunes, que tocou desde o in\u00edcio do segundo dia nos intervalos, e contagiou os espectadores com sua energia, colocando todo mundo para dan\u00e7ar logo na sua primeira participa\u00e7\u00e3o no #SouManaus.<\/p>\n\n\n\n<p>\u201c\u00c9 uma emo\u00e7\u00e3o t\u00e3o forte que n\u00e3o tenho nem como descrever, \u00e9 uma emo\u00e7\u00e3o t\u00e3o forte que eu fico sem palavras. Eu entro tremendo e quem sai tremendo \u00e9 o p\u00fablico. Eu acredito que isso vai abrir muito as portas para o meu trabalho. Minha proposta \u00e9 sair da curva e foi isso que eu vim entregar aqui\u201d, destacou o DJ.<\/p>\n\n\n\n<p>Mesmo com o passar das horas, as pessoas n\u00e3o deixavam cair o \u00e2nimo e estavam curtindo cada show do in\u00edcio ao fim, como \u00e9 o caso da consultora de vendas Clotilde dos Santos.<\/p>\n\n\n\n<p>\u201cFoi a melhor coisa que o nosso prefeito trouxe para a gente. A popula\u00e7\u00e3o manauara precisava disso. Eu vim no ano passado, vim ontem e com certeza venho amanh\u00e3 tamb\u00e9m\u201d, disse a consultora.<\/p>\n\n\n\n<p>&#8212; &#8212; &#8212;<\/p>\n\n\n\n<p><strong>Texto<\/strong>&nbsp;&#8211; Asafe Augusto \/ Semcom<\/p>\n\n\n\n<p><strong>Fotos<\/strong>&nbsp;&#8211; Cl\u00f3vis Miranda e Antonio Pereira \/ Semcom<\/p>\n\n\n\n<p>Dispon\u00edveis em &#8211; <a href=\"https:\/\/flic.kr\/s\/aHBqjATQQA\">https:\/\/flic.kr\/s\/aHBqjATQQA<\/a><\/p>\n","protected":false},"excerpt":{"rendered":"","protected":false},"author":31,"featured_media":1415,"comment_status":"closed","ping_status":"closed","sticky":false,"template":"","format":"standard","meta":{"footnotes":""},"categories":[508],"tags":[168,629,630,628],"acf":[],"yoast_head":"<!-- This site is optimized with the Yoast SEO plugin v23.0 - https:\/\/yoast.com\/wordpress\/plugins\/seo\/ -->\n<title>Kevin O Chris marca segunda noite do #SouManaus 2023 em grande estilo - MANAUSCULT<\/title>\n<meta name=\"robots\" content=\"noindex, follow\" \/>\n<meta property=\"og:locale\" content=\"pt_BR\" \/>\n<meta property=\"og:type\" content=\"article\" \/>\n<meta property=\"og:title\" content=\"Kevin O Chris marca segunda noite do #SouManaus 2023 em grande estilo - MANAUSCULT\" \/>\n<meta property=\"og:url\" content=\"https:\/\/www.manaus.am.gov.br\/manauscult\/kevin-o-chris-marca-segunda-noite-do-soumanaus2023-em-grande-estilo\/\" \/>\n<meta property=\"og:site_name\" content=\"MANAUSCULT\" \/>\n<meta property=\"article:published_time\" content=\"2023-09-07T06:46:33+00:00\" \/>\n<meta property=\"article:modified_time\" content=\"2023-09-07T06:48:27+00:00\" \/>\n<meta property=\"og:image\" content=\"https:\/\/www.manaus.am.gov.br\/manauscult\/wp-content\/uploads\/sites\/11\/2023\/09\/53169296897_7e9a2681df_c.jpg\" \/>\n\t<meta property=\"og:image:width\" content=\"799\" \/>\n\t<meta property=\"og:image:height\" content=\"533\" \/>\n\t<meta property=\"og:image:type\" content=\"image\/jpeg\" \/>\n<meta name=\"author\" content=\"Renata Felix\" \/>\n<meta name=\"twitter:card\" content=\"summary_large_image\" \/>\n<meta name=\"twitter:label1\" content=\"Written by\" \/>\n\t<meta name=\"twitter:data1\" content=\"Renata Felix\" \/>\n\t<meta name=\"twitter:label2\" content=\"Est. reading time\" \/>\n\t<meta name=\"twitter:data2\" content=\"3 minutos\" \/>\n<script type=\"application\/ld+json\" class=\"yoast-schema-graph\">{\"@context\":\"https:\/\/schema.org\",\"@graph\":[{\"@type\":\"WebPage\",\"@id\":\"https:\/\/www.manaus.am.gov.br\/manauscult\/kevin-o-chris-marca-segunda-noite-do-soumanaus2023-em-grande-estilo\/\",\"url\":\"https:\/\/www.manaus.am.gov.br\/manauscult\/kevin-o-chris-marca-segunda-noite-do-soumanaus2023-em-grande-estilo\/\",\"name\":\"Kevin O Chris marca segunda noite do #SouManaus 2023 em grande estilo - MANAUSCULT\",\"isPartOf\":{\"@id\":\"https:\/\/www.manaus.am.gov.br\/manauscult\/#website\"},\"primaryImageOfPage\":{\"@id\":\"https:\/\/www.manaus.am.gov.br\/manauscult\/kevin-o-chris-marca-segunda-noite-do-soumanaus2023-em-grande-estilo\/#primaryimage\"},\"image\":{\"@id\":\"https:\/\/www.manaus.am.gov.br\/manauscult\/kevin-o-chris-marca-segunda-noite-do-soumanaus2023-em-grande-estilo\/#primaryimage\"},\"thumbnailUrl\":\"https:\/\/www.manaus.am.gov.br\/manauscult\/wp-content\/uploads\/sites\/11\/2023\/09\/53169296897_7e9a2681df_c.jpg\",\"datePublished\":\"2023-09-07T06:46:33+00:00\",\"dateModified\":\"2023-09-07T06:48:27+00:00\",\"author\":{\"@id\":\"https:\/\/www.manaus.am.gov.br\/manauscult\/#\/schema\/person\/4eea2a8f78dc853097abb026f728aa06\"},\"breadcrumb\":{\"@id\":\"https:\/\/www.manaus.am.gov.br\/manauscult\/kevin-o-chris-marca-segunda-noite-do-soumanaus2023-em-grande-estilo\/#breadcrumb\"},\"inLanguage\":\"pt-BR\",\"potentialAction\":[{\"@type\":\"ReadAction\",\"target\":[\"https:\/\/www.manaus.am.gov.br\/manauscult\/kevin-o-chris-marca-segunda-noite-do-soumanaus2023-em-grande-estilo\/\"]}]},{\"@type\":\"ImageObject\",\"inLanguage\":\"pt-BR\",\"@id\":\"https:\/\/www.manaus.am.gov.br\/manauscult\/kevin-o-chris-marca-segunda-noite-do-soumanaus2023-em-grande-estilo\/#primaryimage\",\"url\":\"https:\/\/www.manaus.am.gov.br\/manauscult\/wp-content\/uploads\/sites\/11\/2023\/09\/53169296897_7e9a2681df_c.jpg\",\"contentUrl\":\"https:\/\/www.manaus.am.gov.br\/manauscult\/wp-content\/uploads\/sites\/11\/2023\/09\/53169296897_7e9a2681df_c.jpg\",\"width\":799,\"height\":533},{\"@type\":\"BreadcrumbList\",\"@id\":\"https:\/\/www.manaus.am.gov.br\/manauscult\/kevin-o-chris-marca-segunda-noite-do-soumanaus2023-em-grande-estilo\/#breadcrumb\",\"itemListElement\":[{\"@type\":\"ListItem\",\"position\":1,\"name\":\"Home\",\"item\":\"https:\/\/www.manaus.am.gov.br\/manauscult\/\"},{\"@type\":\"ListItem\",\"position\":2,\"name\":\"Kevin O Chris marca segunda noite do #SouManaus 2023 em grande estilo\"}]},{\"@type\":\"WebSite\",\"@id\":\"https:\/\/www.manaus.am.gov.br\/manauscult\/#website\",\"url\":\"https:\/\/www.manaus.am.gov.br\/manauscult\/\",\"name\":\"MANAUSCULT\",\"description\":\"Prefeitura de Manaus\",\"potentialAction\":[{\"@type\":\"SearchAction\",\"target\":{\"@type\":\"EntryPoint\",\"urlTemplate\":\"https:\/\/www.manaus.am.gov.br\/manauscult\/?s={search_term_string}\"},\"query-input\":\"required name=search_term_string\"}],\"inLanguage\":\"pt-BR\"},{\"@type\":\"Person\",\"@id\":\"https:\/\/www.manaus.am.gov.br\/manauscult\/#\/schema\/person\/4eea2a8f78dc853097abb026f728aa06\",\"name\":\"Renata Felix\",\"image\":{\"@type\":\"ImageObject\",\"inLanguage\":\"pt-BR\",\"@id\":\"https:\/\/www.manaus.am.gov.br\/manauscult\/#\/schema\/person\/image\/\",\"url\":\"https:\/\/secure.gravatar.com\/avatar\/3c196cf9d3b837b24c8edb2c50fd8f29?s=96&d=mm&r=g\",\"contentUrl\":\"https:\/\/secure.gravatar.com\/avatar\/3c196cf9d3b837b24c8edb2c50fd8f29?s=96&d=mm&r=g\",\"caption\":\"Renata Felix\"}}]}<\/script>\n<!-- \/ Yoast SEO plugin. -->","yoast_head_json":{"title":"Kevin O Chris marca segunda noite do #SouManaus 2023 em grande estilo - MANAUSCULT","robots":{"index":"noindex","follow":"follow"},"og_locale":"pt_BR","og_type":"article","og_title":"Kevin O Chris marca segunda noite do #SouManaus 2023 em grande estilo - MANAUSCULT","og_url":"https:\/\/www.manaus.am.gov.br\/manauscult\/kevin-o-chris-marca-segunda-noite-do-soumanaus2023-em-grande-estilo\/","og_site_name":"MANAUSCULT","article_published_time":"2023-09-07T06:46:33+00:00","article_modified_time":"2023-09-07T06:48:27+00:00","og_image":[{"width":799,"height":533,"url":"https:\/\/www.manaus.am.gov.br\/manauscult\/wp-content\/uploads\/sites\/11\/2023\/09\/53169296897_7e9a2681df_c.jpg","type":"image\/jpeg"}],"author":"Renata Felix","twitter_card":"summary_large_image","twitter_misc":{"Written by":"Renata Felix","Est. reading time":"3 minutos"},"schema":{"@context":"https:\/\/schema.org","@graph":[{"@type":"WebPage","@id":"https:\/\/www.manaus.am.gov.br\/manauscult\/kevin-o-chris-marca-segunda-noite-do-soumanaus2023-em-grande-estilo\/","url":"https:\/\/www.manaus.am.gov.br\/manauscult\/kevin-o-chris-marca-segunda-noite-do-soumanaus2023-em-grande-estilo\/","name":"Kevin O Chris marca segunda noite do #SouManaus 2023 em grande estilo - MANAUSCULT","isPartOf":{"@id":"https:\/\/www.manaus.am.gov.br\/manauscult\/#website"},"primaryImageOfPage":{"@id":"https:\/\/www.manaus.am.gov.br\/manauscult\/kevin-o-chris-marca-segunda-noite-do-soumanaus2023-em-grande-estilo\/#primaryimage"},"image":{"@id":"https:\/\/www.manaus.am.gov.br\/manauscult\/kevin-o-chris-marca-segunda-noite-do-soumanaus2023-em-grande-estilo\/#primaryimage"},"thumbnailUrl":"https:\/\/www.manaus.am.gov.br\/manauscult\/wp-content\/uploads\/sites\/11\/2023\/09\/53169296897_7e9a2681df_c.jpg","datePublished":"2023-09-07T06:46:33+00:00","dateModified":"2023-09-07T06:48:27+00:00","author":{"@id":"https:\/\/www.manaus.am.gov.br\/manauscult\/#\/schema\/person\/4eea2a8f78dc853097abb026f728aa06"},"breadcrumb":{"@id":"https:\/\/www.manaus.am.gov.br\/manauscult\/kevin-o-chris-marca-segunda-noite-do-soumanaus2023-em-grande-estilo\/#breadcrumb"},"inLanguage":"pt-BR","potentialAction":[{"@type":"ReadAction","target":["https:\/\/www.manaus.am.gov.br\/manauscult\/kevin-o-chris-marca-segunda-noite-do-soumanaus2023-em-grande-estilo\/"]}]},{"@type":"ImageObject","inLanguage":"pt-BR","@id":"https:\/\/www.manaus.am.gov.br\/manauscult\/kevin-o-chris-marca-segunda-noite-do-soumanaus2023-em-grande-estilo\/#primaryimage","url":"https:\/\/www.manaus.am.gov.br\/manauscult\/wp-content\/uploads\/sites\/11\/2023\/09\/53169296897_7e9a2681df_c.jpg","contentUrl":"https:\/\/www.manaus.am.gov.br\/manauscult\/wp-content\/uploads\/sites\/11\/2023\/09\/53169296897_7e9a2681df_c.jpg","width":799,"height":533},{"@type":"BreadcrumbList","@id":"https:\/\/www.manaus.am.gov.br\/manauscult\/kevin-o-chris-marca-segunda-noite-do-soumanaus2023-em-grande-estilo\/#breadcrumb","itemListElement":[{"@type":"ListItem","position":1,"name":"Home","item":"https:\/\/www.manaus.am.gov.br\/manauscult\/"},{"@type":"ListItem","position":2,"name":"Kevin O Chris marca segunda noite do #SouManaus 2023 em grande estilo"}]},{"@type":"WebSite","@id":"https:\/\/www.manaus.am.gov.br\/manauscult\/#website","url":"https:\/\/www.manaus.am.gov.br\/manauscult\/","name":"MANAUSCULT","description":"Prefeitura de Manaus","potentialAction":[{"@type":"SearchAction","target":{"@type":"EntryPoint","urlTemplate":"https:\/\/www.manaus.am.gov.br\/manauscult\/?s={search_term_string}"},"query-input":"required name=search_term_string"}],"inLanguage":"pt-BR"},{"@type":"Person","@id":"https:\/\/www.manaus.am.gov.br\/manauscult\/#\/schema\/person\/4eea2a8f78dc853097abb026f728aa06","name":"Renata Felix","image":{"@type":"ImageObject","inLanguage":"pt-BR","@id":"https:\/\/www.manaus.am.gov.br\/manauscult\/#\/schema\/person\/image\/","url":"https:\/\/secure.gravatar.com\/avatar\/3c196cf9d3b837b24c8edb2c50fd8f29?s=96&d=mm&r=g","contentUrl":"https:\/\/secure.gravatar.com\/avatar\/3c196cf9d3b837b24c8edb2c50fd8f29?s=96&d=mm&r=g","caption":"Renata Felix"}}]}},"_links":{"self":[{"href":"https:\/\/www.manaus.am.gov.br\/manauscult\/wp-json\/wp\/v2\/posts\/1413"}],"collection":[{"href":"https:\/\/www.manaus.am.gov.br\/manauscult\/wp-json\/wp\/v2\/posts"}],"about":[{"href":"https:\/\/www.manaus.am.gov.br\/manauscult\/wp-json\/wp\/v2\/types\/post"}],"author":[{"embeddable":true,"href":"https:\/\/www.manaus.am.gov.br\/manauscult\/wp-json\/wp\/v2\/users\/31"}],"replies":[{"embeddable":true,"href":"https:\/\/www.manaus.am.gov.br\/manauscult\/wp-json\/wp\/v2\/comments?post=1413"}],"version-history":[{"count":3,"href":"https:\/\/www.manaus.am.gov.br\/manauscult\/wp-json\/wp\/v2\/posts\/1413\/revisions"}],"predecessor-version":[{"id":1418,"href":"https:\/\/www.manaus.am.gov.br\/manauscult\/wp-json\/wp\/v2\/posts\/1413\/revisions\/1418"}],"wp:featuredmedia":[{"embeddable":true,"href":"https:\/\/www.manaus.am.gov.br\/manauscult\/wp-json\/wp\/v2\/media\/1415"}],"wp:attachment":[{"href":"https:\/\/www.manaus.am.gov.br\/manauscult\/wp-json\/wp\/v2\/media?parent=1413"}],"wp:term":[{"taxonomy":"category","embeddable":true,"href":"https:\/\/www.manaus.am.gov.br\/manauscult\/wp-json\/wp\/v2\/categories?post=1413"},{"taxonomy":"post_tag","embeddable":true,"href":"https:\/\/www.manaus.am.gov.br\/manauscult\/wp-json\/wp\/v2\/tags?post=1413"}],"curies":[{"name":"wp","href":"https:\/\/api.w.org\/{rel}","templated":true}]}}