{"id":1411,"date":"2023-09-07T00:38:36","date_gmt":"2023-09-07T04:38:36","guid":{"rendered":"https:\/\/www.manaus.am.gov.br\/manauscult\/segunda-noite-do-soumanaus-2023-e-marcada-por-shows-de-lobao-e-bandas-regionais-no-palco-amazona\/"},"modified":"2023-09-07T00:38:38","modified_gmt":"2023-09-07T04:38:38","slug":"segunda-noite-do-soumanaus-2023-e-marcada-por-shows-de-lobao-e-bandas-regionais-no-palco-amazona","status":"publish","type":"post","link":"https:\/\/www.manaus.am.gov.br\/manauscult\/segunda-noite-do-soumanaus-2023-e-marcada-por-shows-de-lobao-e-bandas-regionais-no-palco-amazona\/","title":{"rendered":"<strong>Segunda noite do #SouManaus 2023 \u00e9 marcada por shows de Lob\u00e3o e bandas regionais no palco Amazona<\/strong>"},"content":{"rendered":"\n<p>A programa\u00e7\u00e3o do palco Amazona, do #SouManaus Passo a Pa\u00e7o 2023, nesta quarta-feira, 6\/9, come\u00e7ou com artistas locais e a atra\u00e7\u00e3o nacional, Lob\u00e3o, contagiando o p\u00fablico presente na segunda noite do maior festival de artes integradas da regi\u00e3o Norte. Promovido pela&nbsp;Prefeitura de Manaus, o evento reuniu mais de 170 mil pessoas no primeiro dia.<\/p>\n\n\n\n<p>A primeira atra\u00e7\u00e3o da noite foi o DJ Raidi Rebello. Com uma carreira consagrada de 45 anos, o artista manauara colocou o p\u00fablico para dan\u00e7ar o melhor da dance music, italo house, tecno, eurodance e outros ritmos que marcaram a d\u00e9cada de 1990.<\/p>\n\n\n\n<p>&#8220;Foi maravilhoso e voc\u00ea tocar para um p\u00fablico legal com uma estrutura fant\u00e1stica do #SouManaus \u00e9 incr\u00edvel. Ent\u00e3o, eu fiquei lisonjeado por ter participado da festa e feliz porque o p\u00fablico curtiu e dan\u00e7ou durante a apresenta\u00e7\u00e3o no festival, que j\u00e1 se tornou uma grande op\u00e7\u00e3o de arte na nossa regi\u00e3o&#8221;, disse Rebello. &nbsp;<\/p>\n\n\n\n<p>Em seguida, a banda amazonense Doral tomou o palco com uma apresenta\u00e7\u00e3o cheia de refer\u00eancias ao indie rock, soul, lo-fi e MPB. Formada em 2020, o grupo aposta em suas composi\u00e7\u00f5es do cotidiano e mensagens positivas, destacando a can\u00e7\u00e3o \u201cToda vez que tu sorri\u201d. O guitarrista Alexandre Donsouzis elogiou a estrutura e contou a expectativa de estrear no festival.<\/p>\n\n\n\n<p>&#8220;Para n\u00f3s \u00e9 incr\u00edvel ter a oportunidade de tocar em um evento desse porte, porque apesar de sermos uma banda local, somos mais ouvidos fora. Voltamos de uma viagem no Sudeste e estava faltando uma grande exposi\u00e7\u00e3o aqui em Manaus e, para a banda, esse \u00e9 o momento de mostrar o nosso trabalho para o p\u00fablico da nossa terra&#8221;, declarou.<\/p>\n\n\n\n<p><strong>Nacional<\/strong><\/p>\n\n\n\n<p>A grande atra\u00e7\u00e3o da noite foi o cantor, compositor e instrumentista Lob\u00e3o, que esbanjou personalidade ao cantar sucessos como \u201cMe chama\u201d, \u201cVida louca vida\u201d, \u201cR\u00e1dio Bl\u00e1\u201d. Vencedor do Grammy Latino de Melhor \u00c1lbum de Rock Brasileiro em 2007 e quase 50 anos de carreira, o artista carioca, um dos maiores nomes do rock brasileiro, que est\u00e1 em uma fase mais zen, contou a emo\u00e7\u00e3o de se apresentar para o p\u00fablico manauara.<\/p>\n\n\n\n<p>&#8220;N\u00f3s faremos um show b\u00edblico e estamos muito animados, a gente ama tocar aqui. Calor intenso e ser\u00e1 um calor de ambas as partes, vamos explodir o palco do #SouManaus. T\u00e1 tudo incr\u00edvel, uma estrutura espetacular e a montagem do palco tamb\u00e9m. No aspecto t\u00e9cnico e organiza\u00e7\u00e3o, a Prefeitura de Manaus est\u00e1 de parab\u00e9ns&#8221;.<\/p>\n\n\n\n<p>Um grande p\u00fablico se fez presente no palco Amazona, que desde cedo estava esperando as atra\u00e7\u00f5es desta segunda noite. F\u00e3 do cantor Lob\u00e3o, o mestre de obras Neto Cardoso, 52, chegou para garantir um lugar bem perto do palco.<\/p>\n\n\n\n<p>&#8220;T\u00f4 gostando muito do festival, j\u00e1 vim em outras edi\u00e7\u00f5es e est\u00e1 bem organizado. Como o p\u00fablico \u00e9 bacana, a gente curte uma festa desse tamanho na nossa cidade, porque tem para todas as tribos. E aqui \u00e9 rock na veia&#8221;.<\/p>\n\n\n\n<p>Animado para curtir o #SouManaus 2023, Tom Costa elogiou a iniciativa da prefeitura de realizar o evento, que a cada ano aumenta a programa\u00e7\u00e3o multicultural para abra\u00e7ar todas as tribos e vibes. O estudante de 20 anos ficou impressionado com a estrutura e seguran\u00e7a montada nessa edi\u00e7\u00e3o.<\/p>\n\n\n\n<p>&#8220;Eu gostei muito da estrutura, dos palcos, os tel\u00f5es, os camarotes e tamb\u00e9m da seguran\u00e7a, que \u00e9 essencial em um evento como este. Est\u00e1 sensacional&#8221;.<\/p>\n\n\n\n<p>&#8212; &#8212; &#8212;<\/p>\n\n\n\n<p><strong>Texto<\/strong>&nbsp;\u2013 Hellen Miranda \/ Semcom<\/p>\n\n\n\n<p><strong>Fotos<\/strong>&nbsp;&#8211; Jo\u00e3o Viana \/ Semcom<\/p>\n","protected":false},"excerpt":{"rendered":"","protected":false},"author":31,"featured_media":1412,"comment_status":"closed","ping_status":"closed","sticky":false,"template":"","format":"standard","meta":{"footnotes":""},"categories":[508],"tags":[168,627,628],"acf":[],"yoast_head":"<!-- This site is optimized with the Yoast SEO plugin v23.0 - https:\/\/yoast.com\/wordpress\/plugins\/seo\/ -->\n<title>Segunda noite do #SouManaus 2023 \u00e9 marcada por shows de Lob\u00e3o e bandas regionais no palco Amazona - MANAUSCULT<\/title>\n<meta name=\"robots\" content=\"noindex, follow\" \/>\n<meta property=\"og:locale\" content=\"pt_BR\" \/>\n<meta property=\"og:type\" content=\"article\" \/>\n<meta property=\"og:title\" content=\"Segunda noite do #SouManaus 2023 \u00e9 marcada por shows de Lob\u00e3o e bandas regionais no palco Amazona - MANAUSCULT\" \/>\n<meta property=\"og:url\" content=\"https:\/\/www.manaus.am.gov.br\/manauscult\/segunda-noite-do-soumanaus-2023-e-marcada-por-shows-de-lobao-e-bandas-regionais-no-palco-amazona\/\" \/>\n<meta property=\"og:site_name\" content=\"MANAUSCULT\" \/>\n<meta property=\"article:published_time\" content=\"2023-09-07T04:38:36+00:00\" \/>\n<meta property=\"article:modified_time\" content=\"2023-09-07T04:38:38+00:00\" \/>\n<meta property=\"og:image\" content=\"https:\/\/www.manaus.am.gov.br\/manauscult\/wp-content\/uploads\/sites\/11\/2023\/09\/WhatsApp-Image-2023-09-06-at-22.51.16.jpeg\" \/>\n\t<meta property=\"og:image:width\" content=\"4160\" \/>\n\t<meta property=\"og:image:height\" content=\"2774\" \/>\n\t<meta property=\"og:image:type\" content=\"image\/jpeg\" \/>\n<meta name=\"author\" content=\"Renata Felix\" \/>\n<meta name=\"twitter:card\" content=\"summary_large_image\" \/>\n<meta name=\"twitter:label1\" content=\"Written by\" \/>\n\t<meta name=\"twitter:data1\" content=\"Renata Felix\" \/>\n\t<meta name=\"twitter:label2\" content=\"Est. reading time\" \/>\n\t<meta name=\"twitter:data2\" content=\"4 minutos\" \/>\n<script type=\"application\/ld+json\" class=\"yoast-schema-graph\">{\"@context\":\"https:\/\/schema.org\",\"@graph\":[{\"@type\":\"WebPage\",\"@id\":\"https:\/\/www.manaus.am.gov.br\/manauscult\/segunda-noite-do-soumanaus-2023-e-marcada-por-shows-de-lobao-e-bandas-regionais-no-palco-amazona\/\",\"url\":\"https:\/\/www.manaus.am.gov.br\/manauscult\/segunda-noite-do-soumanaus-2023-e-marcada-por-shows-de-lobao-e-bandas-regionais-no-palco-amazona\/\",\"name\":\"Segunda noite do #SouManaus 2023 \u00e9 marcada por shows de Lob\u00e3o e bandas regionais no palco Amazona - MANAUSCULT\",\"isPartOf\":{\"@id\":\"https:\/\/www.manaus.am.gov.br\/manauscult\/#website\"},\"primaryImageOfPage\":{\"@id\":\"https:\/\/www.manaus.am.gov.br\/manauscult\/segunda-noite-do-soumanaus-2023-e-marcada-por-shows-de-lobao-e-bandas-regionais-no-palco-amazona\/#primaryimage\"},\"image\":{\"@id\":\"https:\/\/www.manaus.am.gov.br\/manauscult\/segunda-noite-do-soumanaus-2023-e-marcada-por-shows-de-lobao-e-bandas-regionais-no-palco-amazona\/#primaryimage\"},\"thumbnailUrl\":\"https:\/\/www.manaus.am.gov.br\/manauscult\/wp-content\/uploads\/sites\/11\/2023\/09\/WhatsApp-Image-2023-09-06-at-22.51.16.jpeg\",\"datePublished\":\"2023-09-07T04:38:36+00:00\",\"dateModified\":\"2023-09-07T04:38:38+00:00\",\"author\":{\"@id\":\"https:\/\/www.manaus.am.gov.br\/manauscult\/#\/schema\/person\/4eea2a8f78dc853097abb026f728aa06\"},\"breadcrumb\":{\"@id\":\"https:\/\/www.manaus.am.gov.br\/manauscult\/segunda-noite-do-soumanaus-2023-e-marcada-por-shows-de-lobao-e-bandas-regionais-no-palco-amazona\/#breadcrumb\"},\"inLanguage\":\"pt-BR\",\"potentialAction\":[{\"@type\":\"ReadAction\",\"target\":[\"https:\/\/www.manaus.am.gov.br\/manauscult\/segunda-noite-do-soumanaus-2023-e-marcada-por-shows-de-lobao-e-bandas-regionais-no-palco-amazona\/\"]}]},{\"@type\":\"ImageObject\",\"inLanguage\":\"pt-BR\",\"@id\":\"https:\/\/www.manaus.am.gov.br\/manauscult\/segunda-noite-do-soumanaus-2023-e-marcada-por-shows-de-lobao-e-bandas-regionais-no-palco-amazona\/#primaryimage\",\"url\":\"https:\/\/www.manaus.am.gov.br\/manauscult\/wp-content\/uploads\/sites\/11\/2023\/09\/WhatsApp-Image-2023-09-06-at-22.51.16.jpeg\",\"contentUrl\":\"https:\/\/www.manaus.am.gov.br\/manauscult\/wp-content\/uploads\/sites\/11\/2023\/09\/WhatsApp-Image-2023-09-06-at-22.51.16.jpeg\",\"width\":4160,\"height\":2774},{\"@type\":\"BreadcrumbList\",\"@id\":\"https:\/\/www.manaus.am.gov.br\/manauscult\/segunda-noite-do-soumanaus-2023-e-marcada-por-shows-de-lobao-e-bandas-regionais-no-palco-amazona\/#breadcrumb\",\"itemListElement\":[{\"@type\":\"ListItem\",\"position\":1,\"name\":\"Home\",\"item\":\"https:\/\/www.manaus.am.gov.br\/manauscult\/\"},{\"@type\":\"ListItem\",\"position\":2,\"name\":\"Segunda noite do #SouManaus 2023 \u00e9 marcada por shows de Lob\u00e3o e bandas regionais no palco Amazona\"}]},{\"@type\":\"WebSite\",\"@id\":\"https:\/\/www.manaus.am.gov.br\/manauscult\/#website\",\"url\":\"https:\/\/www.manaus.am.gov.br\/manauscult\/\",\"name\":\"MANAUSCULT\",\"description\":\"Prefeitura de Manaus\",\"potentialAction\":[{\"@type\":\"SearchAction\",\"target\":{\"@type\":\"EntryPoint\",\"urlTemplate\":\"https:\/\/www.manaus.am.gov.br\/manauscult\/?s={search_term_string}\"},\"query-input\":\"required name=search_term_string\"}],\"inLanguage\":\"pt-BR\"},{\"@type\":\"Person\",\"@id\":\"https:\/\/www.manaus.am.gov.br\/manauscult\/#\/schema\/person\/4eea2a8f78dc853097abb026f728aa06\",\"name\":\"Renata Felix\",\"image\":{\"@type\":\"ImageObject\",\"inLanguage\":\"pt-BR\",\"@id\":\"https:\/\/www.manaus.am.gov.br\/manauscult\/#\/schema\/person\/image\/\",\"url\":\"https:\/\/secure.gravatar.com\/avatar\/3c196cf9d3b837b24c8edb2c50fd8f29?s=96&d=mm&r=g\",\"contentUrl\":\"https:\/\/secure.gravatar.com\/avatar\/3c196cf9d3b837b24c8edb2c50fd8f29?s=96&d=mm&r=g\",\"caption\":\"Renata Felix\"}}]}<\/script>\n<!-- \/ Yoast SEO plugin. -->","yoast_head_json":{"title":"Segunda noite do #SouManaus 2023 \u00e9 marcada por shows de Lob\u00e3o e bandas regionais no palco Amazona - MANAUSCULT","robots":{"index":"noindex","follow":"follow"},"og_locale":"pt_BR","og_type":"article","og_title":"Segunda noite do #SouManaus 2023 \u00e9 marcada por shows de Lob\u00e3o e bandas regionais no palco Amazona - MANAUSCULT","og_url":"https:\/\/www.manaus.am.gov.br\/manauscult\/segunda-noite-do-soumanaus-2023-e-marcada-por-shows-de-lobao-e-bandas-regionais-no-palco-amazona\/","og_site_name":"MANAUSCULT","article_published_time":"2023-09-07T04:38:36+00:00","article_modified_time":"2023-09-07T04:38:38+00:00","og_image":[{"width":4160,"height":2774,"url":"https:\/\/www.manaus.am.gov.br\/manauscult\/wp-content\/uploads\/sites\/11\/2023\/09\/WhatsApp-Image-2023-09-06-at-22.51.16.jpeg","type":"image\/jpeg"}],"author":"Renata Felix","twitter_card":"summary_large_image","twitter_misc":{"Written by":"Renata Felix","Est. reading time":"4 minutos"},"schema":{"@context":"https:\/\/schema.org","@graph":[{"@type":"WebPage","@id":"https:\/\/www.manaus.am.gov.br\/manauscult\/segunda-noite-do-soumanaus-2023-e-marcada-por-shows-de-lobao-e-bandas-regionais-no-palco-amazona\/","url":"https:\/\/www.manaus.am.gov.br\/manauscult\/segunda-noite-do-soumanaus-2023-e-marcada-por-shows-de-lobao-e-bandas-regionais-no-palco-amazona\/","name":"Segunda noite do #SouManaus 2023 \u00e9 marcada por shows de Lob\u00e3o e bandas regionais no palco Amazona - MANAUSCULT","isPartOf":{"@id":"https:\/\/www.manaus.am.gov.br\/manauscult\/#website"},"primaryImageOfPage":{"@id":"https:\/\/www.manaus.am.gov.br\/manauscult\/segunda-noite-do-soumanaus-2023-e-marcada-por-shows-de-lobao-e-bandas-regionais-no-palco-amazona\/#primaryimage"},"image":{"@id":"https:\/\/www.manaus.am.gov.br\/manauscult\/segunda-noite-do-soumanaus-2023-e-marcada-por-shows-de-lobao-e-bandas-regionais-no-palco-amazona\/#primaryimage"},"thumbnailUrl":"https:\/\/www.manaus.am.gov.br\/manauscult\/wp-content\/uploads\/sites\/11\/2023\/09\/WhatsApp-Image-2023-09-06-at-22.51.16.jpeg","datePublished":"2023-09-07T04:38:36+00:00","dateModified":"2023-09-07T04:38:38+00:00","author":{"@id":"https:\/\/www.manaus.am.gov.br\/manauscult\/#\/schema\/person\/4eea2a8f78dc853097abb026f728aa06"},"breadcrumb":{"@id":"https:\/\/www.manaus.am.gov.br\/manauscult\/segunda-noite-do-soumanaus-2023-e-marcada-por-shows-de-lobao-e-bandas-regionais-no-palco-amazona\/#breadcrumb"},"inLanguage":"pt-BR","potentialAction":[{"@type":"ReadAction","target":["https:\/\/www.manaus.am.gov.br\/manauscult\/segunda-noite-do-soumanaus-2023-e-marcada-por-shows-de-lobao-e-bandas-regionais-no-palco-amazona\/"]}]},{"@type":"ImageObject","inLanguage":"pt-BR","@id":"https:\/\/www.manaus.am.gov.br\/manauscult\/segunda-noite-do-soumanaus-2023-e-marcada-por-shows-de-lobao-e-bandas-regionais-no-palco-amazona\/#primaryimage","url":"https:\/\/www.manaus.am.gov.br\/manauscult\/wp-content\/uploads\/sites\/11\/2023\/09\/WhatsApp-Image-2023-09-06-at-22.51.16.jpeg","contentUrl":"https:\/\/www.manaus.am.gov.br\/manauscult\/wp-content\/uploads\/sites\/11\/2023\/09\/WhatsApp-Image-2023-09-06-at-22.51.16.jpeg","width":4160,"height":2774},{"@type":"BreadcrumbList","@id":"https:\/\/www.manaus.am.gov.br\/manauscult\/segunda-noite-do-soumanaus-2023-e-marcada-por-shows-de-lobao-e-bandas-regionais-no-palco-amazona\/#breadcrumb","itemListElement":[{"@type":"ListItem","position":1,"name":"Home","item":"https:\/\/www.manaus.am.gov.br\/manauscult\/"},{"@type":"ListItem","position":2,"name":"Segunda noite do #SouManaus 2023 \u00e9 marcada por shows de Lob\u00e3o e bandas regionais no palco Amazona"}]},{"@type":"WebSite","@id":"https:\/\/www.manaus.am.gov.br\/manauscult\/#website","url":"https:\/\/www.manaus.am.gov.br\/manauscult\/","name":"MANAUSCULT","description":"Prefeitura de Manaus","potentialAction":[{"@type":"SearchAction","target":{"@type":"EntryPoint","urlTemplate":"https:\/\/www.manaus.am.gov.br\/manauscult\/?s={search_term_string}"},"query-input":"required name=search_term_string"}],"inLanguage":"pt-BR"},{"@type":"Person","@id":"https:\/\/www.manaus.am.gov.br\/manauscult\/#\/schema\/person\/4eea2a8f78dc853097abb026f728aa06","name":"Renata Felix","image":{"@type":"ImageObject","inLanguage":"pt-BR","@id":"https:\/\/www.manaus.am.gov.br\/manauscult\/#\/schema\/person\/image\/","url":"https:\/\/secure.gravatar.com\/avatar\/3c196cf9d3b837b24c8edb2c50fd8f29?s=96&d=mm&r=g","contentUrl":"https:\/\/secure.gravatar.com\/avatar\/3c196cf9d3b837b24c8edb2c50fd8f29?s=96&d=mm&r=g","caption":"Renata Felix"}}]}},"_links":{"self":[{"href":"https:\/\/www.manaus.am.gov.br\/manauscult\/wp-json\/wp\/v2\/posts\/1411"}],"collection":[{"href":"https:\/\/www.manaus.am.gov.br\/manauscult\/wp-json\/wp\/v2\/posts"}],"about":[{"href":"https:\/\/www.manaus.am.gov.br\/manauscult\/wp-json\/wp\/v2\/types\/post"}],"author":[{"embeddable":true,"href":"https:\/\/www.manaus.am.gov.br\/manauscult\/wp-json\/wp\/v2\/users\/31"}],"replies":[{"embeddable":true,"href":"https:\/\/www.manaus.am.gov.br\/manauscult\/wp-json\/wp\/v2\/comments?post=1411"}],"version-history":[{"count":0,"href":"https:\/\/www.manaus.am.gov.br\/manauscult\/wp-json\/wp\/v2\/posts\/1411\/revisions"}],"wp:featuredmedia":[{"embeddable":true,"href":"https:\/\/www.manaus.am.gov.br\/manauscult\/wp-json\/wp\/v2\/media\/1412"}],"wp:attachment":[{"href":"https:\/\/www.manaus.am.gov.br\/manauscult\/wp-json\/wp\/v2\/media?parent=1411"}],"wp:term":[{"taxonomy":"category","embeddable":true,"href":"https:\/\/www.manaus.am.gov.br\/manauscult\/wp-json\/wp\/v2\/categories?post=1411"},{"taxonomy":"post_tag","embeddable":true,"href":"https:\/\/www.manaus.am.gov.br\/manauscult\/wp-json\/wp\/v2\/tags?post=1411"}],"curies":[{"name":"wp","href":"https:\/\/api.w.org\/{rel}","templated":true}]}}