{"id":1405,"date":"2023-09-07T00:21:30","date_gmt":"2023-09-07T04:21:30","guid":{"rendered":"https:\/\/www.manaus.am.gov.br\/manauscult\/espaco-urbano-do-soumanaus2023-proporciona-protagonismo-feminino-na-capoeira-na-musica-e-no-rap\/"},"modified":"2023-09-07T00:27:05","modified_gmt":"2023-09-07T04:27:05","slug":"espaco-urbano-do-soumanaus2023-proporciona-protagonismo-feminino-na-capoeira-na-musica-e-no-rap","status":"publish","type":"post","link":"https:\/\/www.manaus.am.gov.br\/manauscult\/espaco-urbano-do-soumanaus2023-proporciona-protagonismo-feminino-na-capoeira-na-musica-e-no-rap\/","title":{"rendered":"Espa\u00e7o urbano do #SouManaus 2023 fortalece protagonismo feminino na capoeira, na m\u00fasica e no rap"},"content":{"rendered":"\n<p>Ela come\u00e7ou impactando. Proferiu em alto e bom som que \u201ca carne mais barata do mercado \u00e9 a carne negra\u201d, em refer\u00eancia a Elza Soares. A DJ Magga Rocha, 29 anos, abriu o palco do espa\u00e7o urbano na segunda noite do maior festival de artes integradas da regi\u00e3o Norte, o #SouManaus Passo a Pa\u00e7o 2023, da Prefeitura de Manaus, nesta quarta-feira, 6\/9.<\/p>\n\n\n\n<p>A DJ foi uma, dentre as mulheres que protagonizaram a noite no espa\u00e7o urbano. Durante uma pausa no set-list, ela discursou, defendendo o destaque ao movimento negro no festival.<\/p>\n\n\n\n<p>\u201cA nossa luta \u00e9 todo dia contra o racismo. Ent\u00e3o, poder subir em um palco como esse e levantar nossas pautas \u00e9 algo grandioso, porque sabemos que nosso pa\u00eds ainda criminaliza pessoas negras e ind\u00edgenas. Conseguir esse espa\u00e7o no maior festival cultural da nossa cidade, se n\u00e3o at\u00e9 desse s\u00e9culo, \u00e9 gratificante\u201d, disse.<\/p>\n\n\n\n<p>Na sequ\u00eancia, a Associa\u00e7\u00e3o de Mulheres em Conex\u00e3o apresentou v\u00e1rios duelos de capoeira. \u201cA gente coloca as mulheres para gingar. Da mais velha \u00e0 mais nova, sem distin\u00e7\u00e3o. \u00c9 uma forma de empoder\u00e1-las\u201d, explica Jardine de Carvalho, coordenadora do coletivo.<\/p>\n\n\n\n<p>Apesar de rec\u00e9m-criado, em seis meses, o coletivo acolhe 45 mulheres, que, uma vez ao m\u00eas, se re\u00fanem na casa de Jardine, no bairro Cidade de Deus, zona Norte, para duelar.<\/p>\n\n\n\n<p>\u201cElas fazem parte de oito grupos, que v\u00eam do Aleixo, Cidade Nova, do Novo Aleixo, Zumbi dos Palmares, Nova Cidade, do Alvorada, Coroado e do Centro. N\u00e3o h\u00e1 barreiras para a gente. A vontade de lutar \u00e9 maior\u201d, defende.<\/p>\n\n\n\n<figure class=\"wp-block-image size-large\"><img loading=\"lazy\" decoding=\"async\" width=\"1024\" height=\"683\" src=\"https:\/\/www.manaus.am.gov.br\/manauscult\/wp-content\/uploads\/sites\/11\/2023\/09\/IMG_1379-1024x683.jpg\" alt=\"\" class=\"wp-image-1406\" srcset=\"https:\/\/www.manaus.am.gov.br\/manauscult\/wp-content\/uploads\/sites\/11\/2023\/09\/IMG_1379-1024x683.jpg 1024w, https:\/\/www.manaus.am.gov.br\/manauscult\/wp-content\/uploads\/sites\/11\/2023\/09\/IMG_1379-300x200.jpg 300w, https:\/\/www.manaus.am.gov.br\/manauscult\/wp-content\/uploads\/sites\/11\/2023\/09\/IMG_1379-768x512.jpg 768w, https:\/\/www.manaus.am.gov.br\/manauscult\/wp-content\/uploads\/sites\/11\/2023\/09\/IMG_1379-1536x1024.jpg 1536w, https:\/\/www.manaus.am.gov.br\/manauscult\/wp-content\/uploads\/sites\/11\/2023\/09\/IMG_1379-2048x1365.jpg 2048w\" sizes=\"(max-width: 1024px) 100vw, 1024px\" \/><\/figure>\n\n\n\n<p>\u201cA gente v\u00ea a iniciativa at\u00e9 como uma forma de prevenir casos de viol\u00eancia dom\u00e9stica e de tirar elas da zona de conforto, torn\u00e1-las donas da pr\u00f3pria vida. \u00c9 um coletivo de mulher\u201d, acrescenta.<\/p>\n\n\n\n<p>Elas variavam de \u201cesse quilombo \u00e9 meu, esse quilombo \u00e9 seu. Esse quilombo \u00e9 nosso\u201d, para \u201cmulher na roda n\u00e3o \u00e9 pra enfeitar. Mulher na roda \u00e9 para jogar\u201d. Em duelos alternados, mulheres experientes jogavam contra adolescentes e at\u00e9 crian\u00e7as. Para o p\u00fablico, uma performance envolvente.<\/p>\n\n\n\n<p>\u201cN\u00e3o tem como n\u00e3o parar e ficar olhando. Elas t\u00eam gingado e s\u00e3o bem entrosadas. Achei interessante a apresenta\u00e7\u00e3o de um grupo s\u00f3 de mulheres\u201d, relata Valzinha Nunes, 48 anos.<\/p>\n\n\n\n<p>\u201cMeu gosto pelas apresenta\u00e7\u00f5es locais iniciou-se no largo S\u00e3o Sebasti\u00e3o. Foi o pontap\u00e9 para eu come\u00e7ar a gostar e apreciar ainda mais a nossa cultura rica\u201d, complementou.<\/p>\n\n\n\n<p>Na m\u00fasica, Lu\u00edsa Ribeiro, conhecida por \u201cCorama\u201d, apresentou repert\u00f3rio diversificado e voltado \u00e0 m\u00fasica pop nacional.<\/p>\n\n\n\n<p>&#8220;Eu n\u00e3o esperava que o p\u00fablico fosse t\u00e3o receptivo com a minha apresenta\u00e7\u00e3o. \u00c9 um p\u00fablico totalmente diferente. Justamente por termos esse p\u00fablico diversificado, que n\u00f3s montamos um repert\u00f3rio superacess\u00edvel a todas as idades e estilos\u201d, afirmou Lu\u00edsa Ribeiro.<\/p>\n\n\n\n<p>Uma curiosidade, segundo ela, \u00e9 que \u201cCorama\u201d foi o nome art\u00edstico atribu\u00eddo pelo produtor musical, em alus\u00e3o a uma planta da Amaz\u00f4nia. \u201cCasou com a m\u00fasica, a sonoridade\u201d, revela.<\/p>\n\n\n\n<p>Em sua oitava edi\u00e7\u00e3o, o festival, realizado pela Prefeitura de Manaus, promovido pela ManausCult, fomenta diversos segmentos culturais, tendo, s\u00f3 neste ano, o significativo aumento em mais de 580% do n\u00famero de artistas locais nos palcos em rela\u00e7\u00e3o \u00e0 primeira edi\u00e7\u00e3o, em 2015.<\/p>\n\n\n\n<p>&#8212; &#8212; &#8212;<\/p>\n\n\n\n<p><strong>Texto<\/strong>&nbsp;&#8211; Alessandra Taveira e Larissa Ara\u00fajo \/ Semcom<\/p>\n\n\n\n<p><strong>Fotos<\/strong>&nbsp;&#8211; Victor Hugo \/ Semcom<\/p>\n","protected":false},"excerpt":{"rendered":"","protected":false},"author":31,"featured_media":1407,"comment_status":"closed","ping_status":"closed","sticky":false,"template":"","format":"standard","meta":{"footnotes":""},"categories":[508],"tags":[624,625,584,626],"acf":[],"yoast_head":"<!-- This site is optimized with the Yoast SEO plugin v23.0 - https:\/\/yoast.com\/wordpress\/plugins\/seo\/ -->\n<title>Espa\u00e7o urbano do #SouManaus 2023 fortalece protagonismo feminino na capoeira, na m\u00fasica e no rap - MANAUSCULT<\/title>\n<meta name=\"robots\" content=\"noindex, follow\" \/>\n<meta property=\"og:locale\" content=\"pt_BR\" \/>\n<meta property=\"og:type\" content=\"article\" \/>\n<meta property=\"og:title\" content=\"Espa\u00e7o urbano do #SouManaus 2023 fortalece protagonismo feminino na capoeira, na m\u00fasica e no rap - MANAUSCULT\" \/>\n<meta property=\"og:url\" content=\"https:\/\/www.manaus.am.gov.br\/manauscult\/espaco-urbano-do-soumanaus2023-proporciona-protagonismo-feminino-na-capoeira-na-musica-e-no-rap\/\" \/>\n<meta property=\"og:site_name\" content=\"MANAUSCULT\" \/>\n<meta property=\"article:published_time\" content=\"2023-09-07T04:21:30+00:00\" \/>\n<meta property=\"article:modified_time\" content=\"2023-09-07T04:27:05+00:00\" \/>\n<meta property=\"og:image\" content=\"https:\/\/www.manaus.am.gov.br\/manauscult\/wp-content\/uploads\/sites\/11\/2023\/09\/IMG_1340-1024x683.jpg\" \/>\n\t<meta property=\"og:image:width\" content=\"1024\" \/>\n\t<meta property=\"og:image:height\" content=\"683\" \/>\n\t<meta property=\"og:image:type\" content=\"image\/jpeg\" \/>\n<meta name=\"author\" content=\"Renata Felix\" \/>\n<meta name=\"twitter:card\" content=\"summary_large_image\" \/>\n<meta name=\"twitter:label1\" content=\"Written by\" \/>\n\t<meta name=\"twitter:data1\" content=\"Renata Felix\" \/>\n\t<meta name=\"twitter:label2\" content=\"Est. reading time\" \/>\n\t<meta name=\"twitter:data2\" content=\"4 minutos\" \/>\n<script type=\"application\/ld+json\" class=\"yoast-schema-graph\">{\"@context\":\"https:\/\/schema.org\",\"@graph\":[{\"@type\":\"WebPage\",\"@id\":\"https:\/\/www.manaus.am.gov.br\/manauscult\/espaco-urbano-do-soumanaus2023-proporciona-protagonismo-feminino-na-capoeira-na-musica-e-no-rap\/\",\"url\":\"https:\/\/www.manaus.am.gov.br\/manauscult\/espaco-urbano-do-soumanaus2023-proporciona-protagonismo-feminino-na-capoeira-na-musica-e-no-rap\/\",\"name\":\"Espa\u00e7o urbano do #SouManaus 2023 fortalece protagonismo feminino na capoeira, na m\u00fasica e no rap - MANAUSCULT\",\"isPartOf\":{\"@id\":\"https:\/\/www.manaus.am.gov.br\/manauscult\/#website\"},\"primaryImageOfPage\":{\"@id\":\"https:\/\/www.manaus.am.gov.br\/manauscult\/espaco-urbano-do-soumanaus2023-proporciona-protagonismo-feminino-na-capoeira-na-musica-e-no-rap\/#primaryimage\"},\"image\":{\"@id\":\"https:\/\/www.manaus.am.gov.br\/manauscult\/espaco-urbano-do-soumanaus2023-proporciona-protagonismo-feminino-na-capoeira-na-musica-e-no-rap\/#primaryimage\"},\"thumbnailUrl\":\"https:\/\/www.manaus.am.gov.br\/manauscult\/wp-content\/uploads\/sites\/11\/2023\/09\/IMG_1340.jpg\",\"datePublished\":\"2023-09-07T04:21:30+00:00\",\"dateModified\":\"2023-09-07T04:27:05+00:00\",\"author\":{\"@id\":\"https:\/\/www.manaus.am.gov.br\/manauscult\/#\/schema\/person\/4eea2a8f78dc853097abb026f728aa06\"},\"breadcrumb\":{\"@id\":\"https:\/\/www.manaus.am.gov.br\/manauscult\/espaco-urbano-do-soumanaus2023-proporciona-protagonismo-feminino-na-capoeira-na-musica-e-no-rap\/#breadcrumb\"},\"inLanguage\":\"pt-BR\",\"potentialAction\":[{\"@type\":\"ReadAction\",\"target\":[\"https:\/\/www.manaus.am.gov.br\/manauscult\/espaco-urbano-do-soumanaus2023-proporciona-protagonismo-feminino-na-capoeira-na-musica-e-no-rap\/\"]}]},{\"@type\":\"ImageObject\",\"inLanguage\":\"pt-BR\",\"@id\":\"https:\/\/www.manaus.am.gov.br\/manauscult\/espaco-urbano-do-soumanaus2023-proporciona-protagonismo-feminino-na-capoeira-na-musica-e-no-rap\/#primaryimage\",\"url\":\"https:\/\/www.manaus.am.gov.br\/manauscult\/wp-content\/uploads\/sites\/11\/2023\/09\/IMG_1340.jpg\",\"contentUrl\":\"https:\/\/www.manaus.am.gov.br\/manauscult\/wp-content\/uploads\/sites\/11\/2023\/09\/IMG_1340.jpg\",\"width\":6240,\"height\":4160},{\"@type\":\"BreadcrumbList\",\"@id\":\"https:\/\/www.manaus.am.gov.br\/manauscult\/espaco-urbano-do-soumanaus2023-proporciona-protagonismo-feminino-na-capoeira-na-musica-e-no-rap\/#breadcrumb\",\"itemListElement\":[{\"@type\":\"ListItem\",\"position\":1,\"name\":\"Home\",\"item\":\"https:\/\/www.manaus.am.gov.br\/manauscult\/\"},{\"@type\":\"ListItem\",\"position\":2,\"name\":\"Espa\u00e7o urbano do #SouManaus 2023 fortalece protagonismo feminino na capoeira, na m\u00fasica e no rap\"}]},{\"@type\":\"WebSite\",\"@id\":\"https:\/\/www.manaus.am.gov.br\/manauscult\/#website\",\"url\":\"https:\/\/www.manaus.am.gov.br\/manauscult\/\",\"name\":\"MANAUSCULT\",\"description\":\"Prefeitura de Manaus\",\"potentialAction\":[{\"@type\":\"SearchAction\",\"target\":{\"@type\":\"EntryPoint\",\"urlTemplate\":\"https:\/\/www.manaus.am.gov.br\/manauscult\/?s={search_term_string}\"},\"query-input\":\"required name=search_term_string\"}],\"inLanguage\":\"pt-BR\"},{\"@type\":\"Person\",\"@id\":\"https:\/\/www.manaus.am.gov.br\/manauscult\/#\/schema\/person\/4eea2a8f78dc853097abb026f728aa06\",\"name\":\"Renata Felix\",\"image\":{\"@type\":\"ImageObject\",\"inLanguage\":\"pt-BR\",\"@id\":\"https:\/\/www.manaus.am.gov.br\/manauscult\/#\/schema\/person\/image\/\",\"url\":\"https:\/\/secure.gravatar.com\/avatar\/3c196cf9d3b837b24c8edb2c50fd8f29?s=96&d=mm&r=g\",\"contentUrl\":\"https:\/\/secure.gravatar.com\/avatar\/3c196cf9d3b837b24c8edb2c50fd8f29?s=96&d=mm&r=g\",\"caption\":\"Renata Felix\"}}]}<\/script>\n<!-- \/ Yoast SEO plugin. -->","yoast_head_json":{"title":"Espa\u00e7o urbano do #SouManaus 2023 fortalece protagonismo feminino na capoeira, na m\u00fasica e no rap - MANAUSCULT","robots":{"index":"noindex","follow":"follow"},"og_locale":"pt_BR","og_type":"article","og_title":"Espa\u00e7o urbano do #SouManaus 2023 fortalece protagonismo feminino na capoeira, na m\u00fasica e no rap - MANAUSCULT","og_url":"https:\/\/www.manaus.am.gov.br\/manauscult\/espaco-urbano-do-soumanaus2023-proporciona-protagonismo-feminino-na-capoeira-na-musica-e-no-rap\/","og_site_name":"MANAUSCULT","article_published_time":"2023-09-07T04:21:30+00:00","article_modified_time":"2023-09-07T04:27:05+00:00","og_image":[{"width":1024,"height":683,"url":"https:\/\/www.manaus.am.gov.br\/manauscult\/wp-content\/uploads\/sites\/11\/2023\/09\/IMG_1340-1024x683.jpg","type":"image\/jpeg"}],"author":"Renata Felix","twitter_card":"summary_large_image","twitter_misc":{"Written by":"Renata Felix","Est. reading time":"4 minutos"},"schema":{"@context":"https:\/\/schema.org","@graph":[{"@type":"WebPage","@id":"https:\/\/www.manaus.am.gov.br\/manauscult\/espaco-urbano-do-soumanaus2023-proporciona-protagonismo-feminino-na-capoeira-na-musica-e-no-rap\/","url":"https:\/\/www.manaus.am.gov.br\/manauscult\/espaco-urbano-do-soumanaus2023-proporciona-protagonismo-feminino-na-capoeira-na-musica-e-no-rap\/","name":"Espa\u00e7o urbano do #SouManaus 2023 fortalece protagonismo feminino na capoeira, na m\u00fasica e no rap - MANAUSCULT","isPartOf":{"@id":"https:\/\/www.manaus.am.gov.br\/manauscult\/#website"},"primaryImageOfPage":{"@id":"https:\/\/www.manaus.am.gov.br\/manauscult\/espaco-urbano-do-soumanaus2023-proporciona-protagonismo-feminino-na-capoeira-na-musica-e-no-rap\/#primaryimage"},"image":{"@id":"https:\/\/www.manaus.am.gov.br\/manauscult\/espaco-urbano-do-soumanaus2023-proporciona-protagonismo-feminino-na-capoeira-na-musica-e-no-rap\/#primaryimage"},"thumbnailUrl":"https:\/\/www.manaus.am.gov.br\/manauscult\/wp-content\/uploads\/sites\/11\/2023\/09\/IMG_1340.jpg","datePublished":"2023-09-07T04:21:30+00:00","dateModified":"2023-09-07T04:27:05+00:00","author":{"@id":"https:\/\/www.manaus.am.gov.br\/manauscult\/#\/schema\/person\/4eea2a8f78dc853097abb026f728aa06"},"breadcrumb":{"@id":"https:\/\/www.manaus.am.gov.br\/manauscult\/espaco-urbano-do-soumanaus2023-proporciona-protagonismo-feminino-na-capoeira-na-musica-e-no-rap\/#breadcrumb"},"inLanguage":"pt-BR","potentialAction":[{"@type":"ReadAction","target":["https:\/\/www.manaus.am.gov.br\/manauscult\/espaco-urbano-do-soumanaus2023-proporciona-protagonismo-feminino-na-capoeira-na-musica-e-no-rap\/"]}]},{"@type":"ImageObject","inLanguage":"pt-BR","@id":"https:\/\/www.manaus.am.gov.br\/manauscult\/espaco-urbano-do-soumanaus2023-proporciona-protagonismo-feminino-na-capoeira-na-musica-e-no-rap\/#primaryimage","url":"https:\/\/www.manaus.am.gov.br\/manauscult\/wp-content\/uploads\/sites\/11\/2023\/09\/IMG_1340.jpg","contentUrl":"https:\/\/www.manaus.am.gov.br\/manauscult\/wp-content\/uploads\/sites\/11\/2023\/09\/IMG_1340.jpg","width":6240,"height":4160},{"@type":"BreadcrumbList","@id":"https:\/\/www.manaus.am.gov.br\/manauscult\/espaco-urbano-do-soumanaus2023-proporciona-protagonismo-feminino-na-capoeira-na-musica-e-no-rap\/#breadcrumb","itemListElement":[{"@type":"ListItem","position":1,"name":"Home","item":"https:\/\/www.manaus.am.gov.br\/manauscult\/"},{"@type":"ListItem","position":2,"name":"Espa\u00e7o urbano do #SouManaus 2023 fortalece protagonismo feminino na capoeira, na m\u00fasica e no rap"}]},{"@type":"WebSite","@id":"https:\/\/www.manaus.am.gov.br\/manauscult\/#website","url":"https:\/\/www.manaus.am.gov.br\/manauscult\/","name":"MANAUSCULT","description":"Prefeitura de Manaus","potentialAction":[{"@type":"SearchAction","target":{"@type":"EntryPoint","urlTemplate":"https:\/\/www.manaus.am.gov.br\/manauscult\/?s={search_term_string}"},"query-input":"required name=search_term_string"}],"inLanguage":"pt-BR"},{"@type":"Person","@id":"https:\/\/www.manaus.am.gov.br\/manauscult\/#\/schema\/person\/4eea2a8f78dc853097abb026f728aa06","name":"Renata Felix","image":{"@type":"ImageObject","inLanguage":"pt-BR","@id":"https:\/\/www.manaus.am.gov.br\/manauscult\/#\/schema\/person\/image\/","url":"https:\/\/secure.gravatar.com\/avatar\/3c196cf9d3b837b24c8edb2c50fd8f29?s=96&d=mm&r=g","contentUrl":"https:\/\/secure.gravatar.com\/avatar\/3c196cf9d3b837b24c8edb2c50fd8f29?s=96&d=mm&r=g","caption":"Renata Felix"}}]}},"_links":{"self":[{"href":"https:\/\/www.manaus.am.gov.br\/manauscult\/wp-json\/wp\/v2\/posts\/1405"}],"collection":[{"href":"https:\/\/www.manaus.am.gov.br\/manauscult\/wp-json\/wp\/v2\/posts"}],"about":[{"href":"https:\/\/www.manaus.am.gov.br\/manauscult\/wp-json\/wp\/v2\/types\/post"}],"author":[{"embeddable":true,"href":"https:\/\/www.manaus.am.gov.br\/manauscult\/wp-json\/wp\/v2\/users\/31"}],"replies":[{"embeddable":true,"href":"https:\/\/www.manaus.am.gov.br\/manauscult\/wp-json\/wp\/v2\/comments?post=1405"}],"version-history":[{"count":3,"href":"https:\/\/www.manaus.am.gov.br\/manauscult\/wp-json\/wp\/v2\/posts\/1405\/revisions"}],"predecessor-version":[{"id":1410,"href":"https:\/\/www.manaus.am.gov.br\/manauscult\/wp-json\/wp\/v2\/posts\/1405\/revisions\/1410"}],"wp:featuredmedia":[{"embeddable":true,"href":"https:\/\/www.manaus.am.gov.br\/manauscult\/wp-json\/wp\/v2\/media\/1407"}],"wp:attachment":[{"href":"https:\/\/www.manaus.am.gov.br\/manauscult\/wp-json\/wp\/v2\/media?parent=1405"}],"wp:term":[{"taxonomy":"category","embeddable":true,"href":"https:\/\/www.manaus.am.gov.br\/manauscult\/wp-json\/wp\/v2\/categories?post=1405"},{"taxonomy":"post_tag","embeddable":true,"href":"https:\/\/www.manaus.am.gov.br\/manauscult\/wp-json\/wp\/v2\/tags?post=1405"}],"curies":[{"name":"wp","href":"https:\/\/api.w.org\/{rel}","templated":true}]}}