{"id":1402,"date":"2023-09-06T23:45:58","date_gmt":"2023-09-07T03:45:58","guid":{"rendered":"https:\/\/www.manaus.am.gov.br\/manauscult\/teatro-da-instalacao-leva-alegria-e-encantamento-ao-soumanaus-passo-a-paco-2023\/"},"modified":"2023-09-06T23:45:59","modified_gmt":"2023-09-07T03:45:59","slug":"teatro-da-instalacao-leva-alegria-e-encantamento-ao-soumanaus-passo-a-paco-2023","status":"publish","type":"post","link":"https:\/\/www.manaus.am.gov.br\/manauscult\/teatro-da-instalacao-leva-alegria-e-encantamento-ao-soumanaus-passo-a-paco-2023\/","title":{"rendered":"<strong>Teatro da Instala\u00e7\u00e3o leva alegria e encantamento ao \u2018#SouManaus Passo a Pa\u00e7o 2023\u2019<\/strong>"},"content":{"rendered":"\n<p>O maior festival de artes integradas da regi\u00e3o Norte, o \u201c#SouManaus Passo a Pa\u00e7o 2023\u201d, promovido pela&nbsp;Prefeitura de Manaus, por meio da Funda\u00e7\u00e3o Municipal de Cultura, Turismo e Eventos (Manauscult), na segunda noite de evento, levou o encantamento e a magia das bolhas de sab\u00e3o ao Teatro da Instala\u00e7\u00e3o, no centro da cidade.<\/p>\n\n\n\n<p>O sarau do Feupuudo abriu a noite desta quarta-feira, 6\/7, com uma apresenta\u00e7\u00e3o que resgata a doce inf\u00e2ncia dos adolescentes e adultos, proporcionando um momento l\u00fadico \u00e0s crian\u00e7as com o ato de brincar, mesclando m\u00edmica e muitas bolhas de sab\u00e3o. Uma f\u00e1brica de alegria, de felicidade e de sorrisos rechearam o encantamento, associado a uma apresenta\u00e7\u00e3o c\u00eanica surpreendente, proporcionando ao p\u00fablico a oportunidade de assistir a um espet\u00e1culo de sonho e beleza, com momentos interativos e bolhas em diversos tamanhos.<\/p>\n\n\n\n<p>&#8220;Est\u00e1 sendo muito gratificante participar desse grande evento, que est\u00e1 dando oportunidade a muitos artistas. \u00c9 a segunda vez que participo do festival, que me deu muita visibilidade como profissional. Ap\u00f3s minha apresenta\u00e7\u00e3o no ano passado, muitas pessoas entraram em contato comigo&#8221;, explica o artista Marcos Efraim.<\/p>\n\n\n\n<p>O menino Thomaz Teixeira, de apenas 7 anos, estava fascinado, vibrando durante toda a apresenta\u00e7\u00e3o do Palha\u00e7o Feupuudo. &#8220;Eu achei \u00f3timo, eu adorei aquelas bolhas de sab\u00e3o grandes e aquela m\u00e1quina que soltou muitas bolinhas pelo teatro&#8221;, explicou Thomaz.<\/p>\n\n\n\n<p>Ap\u00f3s um ano de prepara\u00e7\u00e3o, o grupo Rel\u00f3gio Quebrado estreia a pe\u00e7a teatral \u201cO homem da cabe\u00e7a de papel\u00e3o&#8221;, que conta a est\u00f3ria de Antenor, morador do Pa\u00eds do Sol, que desde crian\u00e7a s\u00f3 dizia a verdade e n\u00e3o era bem visto, porque agia em desacordo com as normas dos demais habitantes de sua terra. Todo o espet\u00e1culo \u00e9 realizado de forma sustent\u00e1vel, com caixas de papel\u00e3o, recriando esculturas e o cen\u00e1rio.<\/p>\n\n\n\n<p>&#8220;\u00c9 muito emocionante poder estrear em um festival t\u00e3o grandioso como o #SouManaus Passo a Pa\u00e7o. Por mais que tenhamos feito ensaios abertos, aqui a sensa\u00e7\u00e3o \u00e9 de nascimento. Hoje, n\u00f3s podemos nascer e mostrar nossa arte em grande estilo&#8221;, conclui Iogan Montefusco, diretor do espet\u00e1culo.<\/p>\n\n\n\n<p>Em sua capacidade m\u00e1xima de ocupa\u00e7\u00e3o, o Teatro da Instala\u00e7\u00e3o proporcionou apresenta\u00e7\u00f5es intimistas e interativas, recebendo o encantamento e aprova\u00e7\u00e3o do p\u00fablico.<\/p>\n\n\n\n<p>&#8220;Eu acho muito maravilhoso ter um local onde possamos levar a fam\u00edlia. Geralmente em festivais assim grandiosos, as crian\u00e7as acabam ficando de fora, mas esse est\u00e1 sendo bem inclusivo e d\u00e1 para toda a fam\u00edlia participar&#8221;, explica a psic\u00f3loga K\u00e9zia Teixeira.<\/p>\n\n\n\n<p>Nessa edi\u00e7\u00e3o, s\u00e3o mais de 600 trabalhadores da cultura, distribu\u00eddos em nove segmentos, representados, legalmente, por 77 bandas, entre pessoas f\u00edsicas e jur\u00eddicas.<\/p>\n\n\n\n<p>&#8212; &#8212; &#8212;<\/p>\n\n\n\n<p><strong>Texto <\/strong>&#8211; Valesca Martins \/ Semcom<\/p>\n\n\n\n<p><strong>Fotos<\/strong> &#8211; M\u00e1rcio Melo \/ Semcom<\/p>\n\n\n\n<p><strong>Dispon\u00edveis em &#8211; <\/strong><a href=\"https:\/\/flic.kr\/s\/aHBqjATRQw\">https:\/\/flic.kr\/s\/aHBqjATRQw<\/a><\/p>\n","protected":false},"excerpt":{"rendered":"","protected":false},"author":39,"featured_media":1403,"comment_status":"closed","ping_status":"closed","sticky":false,"template":"","format":"standard","meta":{"footnotes":""},"categories":[508],"tags":[168,9,11,622,623],"acf":[],"yoast_head":"<!-- This site is optimized with the Yoast SEO plugin v23.0 - https:\/\/yoast.com\/wordpress\/plugins\/seo\/ -->\n<title>Teatro da Instala\u00e7\u00e3o leva alegria e encantamento ao \u2018#SouManaus Passo a Pa\u00e7o 2023\u2019<\/title>\n<meta name=\"description\" content=\"O maior festival de artes integradas da regi\u00e3o Norte, o \u201c#SouManaus Passo a Pa\u00e7o 2023\u201d, promovido pela\u00a0Prefeitura de Manaus, por meio da Funda\u00e7\u00e3o Municipal de Cultura, Turismo e Eventos (Manauscult), na segunda noite de evento, levou o encantamento e a magia das bolhas de sab\u00e3o ao Teatro da Instala\u00e7\u00e3o, no centro da cidade.\" \/>\n<meta name=\"robots\" content=\"noindex, follow\" \/>\n<meta property=\"og:locale\" content=\"pt_BR\" \/>\n<meta property=\"og:type\" content=\"article\" \/>\n<meta property=\"og:title\" content=\"Teatro da Instala\u00e7\u00e3o leva alegria e encantamento ao \u2018#SouManaus Passo a Pa\u00e7o 2023\u2019\" \/>\n<meta property=\"og:description\" content=\"O maior festival de artes integradas da regi\u00e3o Norte, o \u201c#SouManaus Passo a Pa\u00e7o 2023\u201d, promovido pela\u00a0Prefeitura de Manaus, por meio da Funda\u00e7\u00e3o Municipal de Cultura, Turismo e Eventos (Manauscult), na segunda noite de evento, levou o encantamento e a magia das bolhas de sab\u00e3o ao Teatro da Instala\u00e7\u00e3o, no centro da cidade.\" \/>\n<meta property=\"og:url\" content=\"https:\/\/www.manaus.am.gov.br\/manauscult\/teatro-da-instalacao-leva-alegria-e-encantamento-ao-soumanaus-passo-a-paco-2023\/\" \/>\n<meta property=\"og:site_name\" content=\"MANAUSCULT\" \/>\n<meta property=\"article:published_time\" content=\"2023-09-07T03:45:58+00:00\" \/>\n<meta property=\"article:modified_time\" content=\"2023-09-07T03:45:59+00:00\" \/>\n<meta property=\"og:image\" content=\"https:\/\/www.manaus.am.gov.br\/manauscult\/wp-content\/uploads\/sites\/11\/2023\/09\/MELO1834-1024x683.jpg\" \/>\n\t<meta property=\"og:image:width\" content=\"1024\" \/>\n\t<meta property=\"og:image:height\" content=\"683\" \/>\n\t<meta property=\"og:image:type\" content=\"image\/jpeg\" \/>\n<meta name=\"author\" content=\"Bruna Greco\" \/>\n<meta name=\"twitter:card\" content=\"summary_large_image\" \/>\n<meta name=\"twitter:label1\" content=\"Written by\" \/>\n\t<meta name=\"twitter:data1\" content=\"Bruna Greco\" \/>\n\t<meta name=\"twitter:label2\" content=\"Est. reading time\" \/>\n\t<meta name=\"twitter:data2\" content=\"3 minutos\" \/>\n<script type=\"application\/ld+json\" class=\"yoast-schema-graph\">{\"@context\":\"https:\/\/schema.org\",\"@graph\":[{\"@type\":\"WebPage\",\"@id\":\"https:\/\/www.manaus.am.gov.br\/manauscult\/teatro-da-instalacao-leva-alegria-e-encantamento-ao-soumanaus-passo-a-paco-2023\/\",\"url\":\"https:\/\/www.manaus.am.gov.br\/manauscult\/teatro-da-instalacao-leva-alegria-e-encantamento-ao-soumanaus-passo-a-paco-2023\/\",\"name\":\"Teatro da Instala\u00e7\u00e3o leva alegria e encantamento ao \u2018#SouManaus Passo a Pa\u00e7o 2023\u2019\",\"isPartOf\":{\"@id\":\"https:\/\/www.manaus.am.gov.br\/manauscult\/#website\"},\"primaryImageOfPage\":{\"@id\":\"https:\/\/www.manaus.am.gov.br\/manauscult\/teatro-da-instalacao-leva-alegria-e-encantamento-ao-soumanaus-passo-a-paco-2023\/#primaryimage\"},\"image\":{\"@id\":\"https:\/\/www.manaus.am.gov.br\/manauscult\/teatro-da-instalacao-leva-alegria-e-encantamento-ao-soumanaus-passo-a-paco-2023\/#primaryimage\"},\"thumbnailUrl\":\"https:\/\/www.manaus.am.gov.br\/manauscult\/wp-content\/uploads\/sites\/11\/2023\/09\/MELO1834.jpg\",\"datePublished\":\"2023-09-07T03:45:58+00:00\",\"dateModified\":\"2023-09-07T03:45:59+00:00\",\"author\":{\"@id\":\"https:\/\/www.manaus.am.gov.br\/manauscult\/#\/schema\/person\/05d223aea2bf115f9883a6ff3683d81b\"},\"description\":\"O maior festival de artes integradas da regi\u00e3o Norte, o \u201c#SouManaus Passo a Pa\u00e7o 2023\u201d, promovido pela\u00a0Prefeitura de Manaus, por meio da Funda\u00e7\u00e3o Municipal de Cultura, Turismo e Eventos (Manauscult), na segunda noite de evento, levou o encantamento e a magia das bolhas de sab\u00e3o ao Teatro da Instala\u00e7\u00e3o, no centro da cidade.\",\"breadcrumb\":{\"@id\":\"https:\/\/www.manaus.am.gov.br\/manauscult\/teatro-da-instalacao-leva-alegria-e-encantamento-ao-soumanaus-passo-a-paco-2023\/#breadcrumb\"},\"inLanguage\":\"pt-BR\",\"potentialAction\":[{\"@type\":\"ReadAction\",\"target\":[\"https:\/\/www.manaus.am.gov.br\/manauscult\/teatro-da-instalacao-leva-alegria-e-encantamento-ao-soumanaus-passo-a-paco-2023\/\"]}]},{\"@type\":\"ImageObject\",\"inLanguage\":\"pt-BR\",\"@id\":\"https:\/\/www.manaus.am.gov.br\/manauscult\/teatro-da-instalacao-leva-alegria-e-encantamento-ao-soumanaus-passo-a-paco-2023\/#primaryimage\",\"url\":\"https:\/\/www.manaus.am.gov.br\/manauscult\/wp-content\/uploads\/sites\/11\/2023\/09\/MELO1834.jpg\",\"contentUrl\":\"https:\/\/www.manaus.am.gov.br\/manauscult\/wp-content\/uploads\/sites\/11\/2023\/09\/MELO1834.jpg\",\"width\":6720,\"height\":4480},{\"@type\":\"BreadcrumbList\",\"@id\":\"https:\/\/www.manaus.am.gov.br\/manauscult\/teatro-da-instalacao-leva-alegria-e-encantamento-ao-soumanaus-passo-a-paco-2023\/#breadcrumb\",\"itemListElement\":[{\"@type\":\"ListItem\",\"position\":1,\"name\":\"Home\",\"item\":\"https:\/\/www.manaus.am.gov.br\/manauscult\/\"},{\"@type\":\"ListItem\",\"position\":2,\"name\":\"Teatro da Instala\u00e7\u00e3o leva alegria e encantamento ao \u2018#SouManaus Passo a Pa\u00e7o 2023\u2019\"}]},{\"@type\":\"WebSite\",\"@id\":\"https:\/\/www.manaus.am.gov.br\/manauscult\/#website\",\"url\":\"https:\/\/www.manaus.am.gov.br\/manauscult\/\",\"name\":\"MANAUSCULT\",\"description\":\"Prefeitura de Manaus\",\"potentialAction\":[{\"@type\":\"SearchAction\",\"target\":{\"@type\":\"EntryPoint\",\"urlTemplate\":\"https:\/\/www.manaus.am.gov.br\/manauscult\/?s={search_term_string}\"},\"query-input\":\"required name=search_term_string\"}],\"inLanguage\":\"pt-BR\"},{\"@type\":\"Person\",\"@id\":\"https:\/\/www.manaus.am.gov.br\/manauscult\/#\/schema\/person\/05d223aea2bf115f9883a6ff3683d81b\",\"name\":\"Bruna Greco\",\"image\":{\"@type\":\"ImageObject\",\"inLanguage\":\"pt-BR\",\"@id\":\"https:\/\/www.manaus.am.gov.br\/manauscult\/#\/schema\/person\/image\/\",\"url\":\"https:\/\/secure.gravatar.com\/avatar\/9c877d1a6adc2a055330e5c09a8653ce?s=96&d=mm&r=g\",\"contentUrl\":\"https:\/\/secure.gravatar.com\/avatar\/9c877d1a6adc2a055330e5c09a8653ce?s=96&d=mm&r=g\",\"caption\":\"Bruna Greco\"}}]}<\/script>\n<!-- \/ Yoast SEO plugin. -->","yoast_head_json":{"title":"Teatro da Instala\u00e7\u00e3o leva alegria e encantamento ao \u2018#SouManaus Passo a Pa\u00e7o 2023\u2019","description":"O maior festival de artes integradas da regi\u00e3o Norte, o \u201c#SouManaus Passo a Pa\u00e7o 2023\u201d, promovido pela\u00a0Prefeitura de Manaus, por meio da Funda\u00e7\u00e3o Municipal de Cultura, Turismo e Eventos (Manauscult), na segunda noite de evento, levou o encantamento e a magia das bolhas de sab\u00e3o ao Teatro da Instala\u00e7\u00e3o, no centro da cidade.","robots":{"index":"noindex","follow":"follow"},"og_locale":"pt_BR","og_type":"article","og_title":"Teatro da Instala\u00e7\u00e3o leva alegria e encantamento ao \u2018#SouManaus Passo a Pa\u00e7o 2023\u2019","og_description":"O maior festival de artes integradas da regi\u00e3o Norte, o \u201c#SouManaus Passo a Pa\u00e7o 2023\u201d, promovido pela\u00a0Prefeitura de Manaus, por meio da Funda\u00e7\u00e3o Municipal de Cultura, Turismo e Eventos (Manauscult), na segunda noite de evento, levou o encantamento e a magia das bolhas de sab\u00e3o ao Teatro da Instala\u00e7\u00e3o, no centro da cidade.","og_url":"https:\/\/www.manaus.am.gov.br\/manauscult\/teatro-da-instalacao-leva-alegria-e-encantamento-ao-soumanaus-passo-a-paco-2023\/","og_site_name":"MANAUSCULT","article_published_time":"2023-09-07T03:45:58+00:00","article_modified_time":"2023-09-07T03:45:59+00:00","og_image":[{"width":1024,"height":683,"url":"https:\/\/www.manaus.am.gov.br\/manauscult\/wp-content\/uploads\/sites\/11\/2023\/09\/MELO1834-1024x683.jpg","type":"image\/jpeg"}],"author":"Bruna Greco","twitter_card":"summary_large_image","twitter_misc":{"Written by":"Bruna Greco","Est. reading time":"3 minutos"},"schema":{"@context":"https:\/\/schema.org","@graph":[{"@type":"WebPage","@id":"https:\/\/www.manaus.am.gov.br\/manauscult\/teatro-da-instalacao-leva-alegria-e-encantamento-ao-soumanaus-passo-a-paco-2023\/","url":"https:\/\/www.manaus.am.gov.br\/manauscult\/teatro-da-instalacao-leva-alegria-e-encantamento-ao-soumanaus-passo-a-paco-2023\/","name":"Teatro da Instala\u00e7\u00e3o leva alegria e encantamento ao \u2018#SouManaus Passo a Pa\u00e7o 2023\u2019","isPartOf":{"@id":"https:\/\/www.manaus.am.gov.br\/manauscult\/#website"},"primaryImageOfPage":{"@id":"https:\/\/www.manaus.am.gov.br\/manauscult\/teatro-da-instalacao-leva-alegria-e-encantamento-ao-soumanaus-passo-a-paco-2023\/#primaryimage"},"image":{"@id":"https:\/\/www.manaus.am.gov.br\/manauscult\/teatro-da-instalacao-leva-alegria-e-encantamento-ao-soumanaus-passo-a-paco-2023\/#primaryimage"},"thumbnailUrl":"https:\/\/www.manaus.am.gov.br\/manauscult\/wp-content\/uploads\/sites\/11\/2023\/09\/MELO1834.jpg","datePublished":"2023-09-07T03:45:58+00:00","dateModified":"2023-09-07T03:45:59+00:00","author":{"@id":"https:\/\/www.manaus.am.gov.br\/manauscult\/#\/schema\/person\/05d223aea2bf115f9883a6ff3683d81b"},"description":"O maior festival de artes integradas da regi\u00e3o Norte, o \u201c#SouManaus Passo a Pa\u00e7o 2023\u201d, promovido pela\u00a0Prefeitura de Manaus, por meio da Funda\u00e7\u00e3o Municipal de Cultura, Turismo e Eventos (Manauscult), na segunda noite de evento, levou o encantamento e a magia das bolhas de sab\u00e3o ao Teatro da Instala\u00e7\u00e3o, no centro da cidade.","breadcrumb":{"@id":"https:\/\/www.manaus.am.gov.br\/manauscult\/teatro-da-instalacao-leva-alegria-e-encantamento-ao-soumanaus-passo-a-paco-2023\/#breadcrumb"},"inLanguage":"pt-BR","potentialAction":[{"@type":"ReadAction","target":["https:\/\/www.manaus.am.gov.br\/manauscult\/teatro-da-instalacao-leva-alegria-e-encantamento-ao-soumanaus-passo-a-paco-2023\/"]}]},{"@type":"ImageObject","inLanguage":"pt-BR","@id":"https:\/\/www.manaus.am.gov.br\/manauscult\/teatro-da-instalacao-leva-alegria-e-encantamento-ao-soumanaus-passo-a-paco-2023\/#primaryimage","url":"https:\/\/www.manaus.am.gov.br\/manauscult\/wp-content\/uploads\/sites\/11\/2023\/09\/MELO1834.jpg","contentUrl":"https:\/\/www.manaus.am.gov.br\/manauscult\/wp-content\/uploads\/sites\/11\/2023\/09\/MELO1834.jpg","width":6720,"height":4480},{"@type":"BreadcrumbList","@id":"https:\/\/www.manaus.am.gov.br\/manauscult\/teatro-da-instalacao-leva-alegria-e-encantamento-ao-soumanaus-passo-a-paco-2023\/#breadcrumb","itemListElement":[{"@type":"ListItem","position":1,"name":"Home","item":"https:\/\/www.manaus.am.gov.br\/manauscult\/"},{"@type":"ListItem","position":2,"name":"Teatro da Instala\u00e7\u00e3o leva alegria e encantamento ao \u2018#SouManaus Passo a Pa\u00e7o 2023\u2019"}]},{"@type":"WebSite","@id":"https:\/\/www.manaus.am.gov.br\/manauscult\/#website","url":"https:\/\/www.manaus.am.gov.br\/manauscult\/","name":"MANAUSCULT","description":"Prefeitura de Manaus","potentialAction":[{"@type":"SearchAction","target":{"@type":"EntryPoint","urlTemplate":"https:\/\/www.manaus.am.gov.br\/manauscult\/?s={search_term_string}"},"query-input":"required name=search_term_string"}],"inLanguage":"pt-BR"},{"@type":"Person","@id":"https:\/\/www.manaus.am.gov.br\/manauscult\/#\/schema\/person\/05d223aea2bf115f9883a6ff3683d81b","name":"Bruna Greco","image":{"@type":"ImageObject","inLanguage":"pt-BR","@id":"https:\/\/www.manaus.am.gov.br\/manauscult\/#\/schema\/person\/image\/","url":"https:\/\/secure.gravatar.com\/avatar\/9c877d1a6adc2a055330e5c09a8653ce?s=96&d=mm&r=g","contentUrl":"https:\/\/secure.gravatar.com\/avatar\/9c877d1a6adc2a055330e5c09a8653ce?s=96&d=mm&r=g","caption":"Bruna Greco"}}]}},"_links":{"self":[{"href":"https:\/\/www.manaus.am.gov.br\/manauscult\/wp-json\/wp\/v2\/posts\/1402"}],"collection":[{"href":"https:\/\/www.manaus.am.gov.br\/manauscult\/wp-json\/wp\/v2\/posts"}],"about":[{"href":"https:\/\/www.manaus.am.gov.br\/manauscult\/wp-json\/wp\/v2\/types\/post"}],"author":[{"embeddable":true,"href":"https:\/\/www.manaus.am.gov.br\/manauscult\/wp-json\/wp\/v2\/users\/39"}],"replies":[{"embeddable":true,"href":"https:\/\/www.manaus.am.gov.br\/manauscult\/wp-json\/wp\/v2\/comments?post=1402"}],"version-history":[{"count":0,"href":"https:\/\/www.manaus.am.gov.br\/manauscult\/wp-json\/wp\/v2\/posts\/1402\/revisions"}],"wp:featuredmedia":[{"embeddable":true,"href":"https:\/\/www.manaus.am.gov.br\/manauscult\/wp-json\/wp\/v2\/media\/1403"}],"wp:attachment":[{"href":"https:\/\/www.manaus.am.gov.br\/manauscult\/wp-json\/wp\/v2\/media?parent=1402"}],"wp:term":[{"taxonomy":"category","embeddable":true,"href":"https:\/\/www.manaus.am.gov.br\/manauscult\/wp-json\/wp\/v2\/categories?post=1402"},{"taxonomy":"post_tag","embeddable":true,"href":"https:\/\/www.manaus.am.gov.br\/manauscult\/wp-json\/wp\/v2\/tags?post=1402"}],"curies":[{"name":"wp","href":"https:\/\/api.w.org\/{rel}","templated":true}]}}