{"id":1400,"date":"2023-09-06T23:11:53","date_gmt":"2023-09-07T03:11:53","guid":{"rendered":"https:\/\/www.manaus.am.gov.br\/manauscult\/artesanato-da-amazonia-ganha-visibilidade-no-maior-festival-de-artes-integradas-da-regiao-norte\/"},"modified":"2023-09-06T23:11:55","modified_gmt":"2023-09-07T03:11:55","slug":"artesanato-da-amazonia-ganha-visibilidade-no-maior-festival-de-artes-integradas-da-regiao-norte","status":"publish","type":"post","link":"https:\/\/www.manaus.am.gov.br\/manauscult\/artesanato-da-amazonia-ganha-visibilidade-no-maior-festival-de-artes-integradas-da-regiao-norte\/","title":{"rendered":"<strong>Artesanato da Amaz\u00f4nia ganha visibilidade no maior festival de artes integradas da regi\u00e3o Norte<\/strong>"},"content":{"rendered":"\n<p>A identidade cultural que define o povo amazonense ganha um espa\u00e7o especial no festival \u201c#SouManaus Passo a Pa\u00e7o 2023\u201d, promovido pela&nbsp;Prefeitura de Manaus, por meio da Funda\u00e7\u00e3o Municipal de Cultura, Turismo e Eventos (Manauscult), que acontece nos dias 5, 6 e 7\/9, no centro hist\u00f3rico da cidade, gratuito ao p\u00fablico.<\/p>\n\n\n\n<p>A Feira de Artesanato envolve 42 empreendedores, divididos em 14 estandes por dia, com a expectativa de impulsionar a economia, proporcionando aos empreendedores a oportunidade de apresentar seus produtos e, ao mesmo tempo, contribuir para o aumento da renda familiar.<\/p>\n\n\n\n<p>Um dos estandes mais visitados oferece a arte de grafismo ind\u00edgena, carregado da beleza ancestral, em uma pintura corporal que recria as artes dos povos origin\u00e1rios das etnias Tikuna e Kokama. A tinta \u00e9 sustent\u00e1vel, feita do jenipapo, e fica cerca de 15 dias na pele.<\/p>\n\n\n\n<p>&#8220;O espa\u00e7o \u00e9 maravilhoso e fui atra\u00eddo pela curiosidade, estou pintando aqui um grafismo inspirado na cobra jiboia, que representa a for\u00e7a e a resist\u00eancia. O festival est\u00e1 maravilhoso, \u00e9 o melhor de todos os tempos&#8221;, elogia o farmac\u00eautico S\u00e9rgio Murilo de Azevedo.<\/p>\n\n\n\n<p>Originalidade em produtos exclusivos, que v\u00e3o desde artigos feitos \u00e0 m\u00e3o com materiais reciclados, madeira, casca de \u00e1rvore, sementes e fibras da floresta, at\u00e9 objetos confeccionados em couro.<\/p>\n\n\n\n<p>Dona de um estande de joias fabricadas em couro de cobra, peixes e jacar\u00e9, a artes\u00e3 Glauria Montemurro criou uma cole\u00e7\u00e3o exclusiva para o festival. &#8220;Eu criei uma cole\u00e7\u00e3o que leva o nome #SouManaus, porque realmente foi pensada para esse evento. No ano passado, eu participei e tive excelentes resultados. \u00c9 um evento que traz visibilidade para o empreendedor, por ser uma vitrine para apresentar nossos produtos,&#8221; afirmou.<\/p>\n\n\n\n<p>A dona de casa Fabr\u00edcia de Souza, de 40 anos, veio com o esposo e os dois filhos, e destacou a import\u00e2ncia da integra\u00e7\u00e3o do artesanato ao festival na valoriza\u00e7\u00e3o dos profissionais locais.<\/p>\n\n\n\n<p>\u201c\u00c9 o segundo ano que a gente vem, nos divertimos muito e agora vimos fazer umas comprinhas na feira de artesanato. A feira d\u00e1 oportunidade para v\u00e1rias pessoas mostrarem seus talentos com mat\u00e9ria-prima da terra\u201d, concluiu Fabr\u00edcia.<\/p>\n\n\n\n<p>Ao todo, o festival \u201c#Sou Manaus 2023\u201d conta com 77 artistas musicais regionais, e ser\u00e3o beneficiados mais de 600 trabalhadores da cultura local, mais de 160 trabalhadores da cenografia do evento, 75 artes\u00e3os e 200 manipuladores de alimentos, gerando mais de 5 mil empregos diretos e indiretos na prepara\u00e7\u00e3o e opera\u00e7\u00e3o do evento.<\/p>\n\n\n\n<p>&#8212; &#8212; &#8212;<\/p>\n\n\n\n<p><strong>Texto &#8211;<\/strong> Valesca Martins \/ Semcom<\/p>\n\n\n\n<p><strong>Fotos &#8211;<\/strong> M\u00e1rcio Melo \/ Semcom<\/p>\n\n\n\n<p><strong>Dispon\u00edveis em &#8211; <\/strong><a href=\"https:\/\/flic.kr\/s\/aHBqjATRJz\">https:\/\/flic.kr\/s\/aHBqjATRJz<\/a><\/p>\n","protected":false},"excerpt":{"rendered":"","protected":false},"author":39,"featured_media":1401,"comment_status":"closed","ping_status":"closed","sticky":false,"template":"","format":"standard","meta":{"footnotes":""},"categories":[508],"tags":[168,619,620,621,450,11],"acf":[],"yoast_head":"<!-- This site is optimized with the Yoast SEO plugin v23.0 - https:\/\/yoast.com\/wordpress\/plugins\/seo\/ -->\n<title>Artesanato da Amaz\u00f4nia ganha visibilidade no maior festival de artes integradas da regi\u00e3o Norte<\/title>\n<meta name=\"description\" content=\"A identidade cultural que define o povo amazonense ganha um espa\u00e7o especial no festival \u201c#SouManaus Passo a Pa\u00e7o 2023\u201d, promovido pela\u00a0Prefeitura de Manaus, por meio da Funda\u00e7\u00e3o Municipal de Cultura, Turismo e Eventos (Manauscult), que acontece nos dias 5, 6 e 7\/9, no centro hist\u00f3rico da cidade, gratuito ao p\u00fablico.\" \/>\n<meta name=\"robots\" content=\"noindex, follow\" \/>\n<meta property=\"og:locale\" content=\"pt_BR\" \/>\n<meta property=\"og:type\" content=\"article\" \/>\n<meta property=\"og:title\" content=\"Artesanato da Amaz\u00f4nia ganha visibilidade no maior festival de artes integradas da regi\u00e3o Norte\" \/>\n<meta property=\"og:description\" content=\"A identidade cultural que define o povo amazonense ganha um espa\u00e7o especial no festival \u201c#SouManaus Passo a Pa\u00e7o 2023\u201d, promovido pela\u00a0Prefeitura de Manaus, por meio da Funda\u00e7\u00e3o Municipal de Cultura, Turismo e Eventos (Manauscult), que acontece nos dias 5, 6 e 7\/9, no centro hist\u00f3rico da cidade, gratuito ao p\u00fablico.\" \/>\n<meta property=\"og:url\" content=\"https:\/\/www.manaus.am.gov.br\/manauscult\/artesanato-da-amazonia-ganha-visibilidade-no-maior-festival-de-artes-integradas-da-regiao-norte\/\" \/>\n<meta property=\"og:site_name\" content=\"MANAUSCULT\" \/>\n<meta property=\"article:published_time\" content=\"2023-09-07T03:11:53+00:00\" \/>\n<meta property=\"article:modified_time\" content=\"2023-09-07T03:11:55+00:00\" \/>\n<meta property=\"og:image\" content=\"https:\/\/www.manaus.am.gov.br\/manauscult\/wp-content\/uploads\/sites\/11\/2023\/09\/MELO1872-1024x683.jpg\" \/>\n\t<meta property=\"og:image:width\" content=\"1024\" \/>\n\t<meta property=\"og:image:height\" content=\"683\" \/>\n\t<meta property=\"og:image:type\" content=\"image\/jpeg\" \/>\n<meta name=\"author\" content=\"Bruna Greco\" \/>\n<meta name=\"twitter:card\" content=\"summary_large_image\" \/>\n<meta name=\"twitter:label1\" content=\"Written by\" \/>\n\t<meta name=\"twitter:data1\" content=\"Bruna Greco\" \/>\n\t<meta name=\"twitter:label2\" content=\"Est. reading time\" \/>\n\t<meta name=\"twitter:data2\" content=\"3 minutos\" \/>\n<script type=\"application\/ld+json\" class=\"yoast-schema-graph\">{\"@context\":\"https:\/\/schema.org\",\"@graph\":[{\"@type\":\"WebPage\",\"@id\":\"https:\/\/www.manaus.am.gov.br\/manauscult\/artesanato-da-amazonia-ganha-visibilidade-no-maior-festival-de-artes-integradas-da-regiao-norte\/\",\"url\":\"https:\/\/www.manaus.am.gov.br\/manauscult\/artesanato-da-amazonia-ganha-visibilidade-no-maior-festival-de-artes-integradas-da-regiao-norte\/\",\"name\":\"Artesanato da Amaz\u00f4nia ganha visibilidade no maior festival de artes integradas da regi\u00e3o Norte\",\"isPartOf\":{\"@id\":\"https:\/\/www.manaus.am.gov.br\/manauscult\/#website\"},\"primaryImageOfPage\":{\"@id\":\"https:\/\/www.manaus.am.gov.br\/manauscult\/artesanato-da-amazonia-ganha-visibilidade-no-maior-festival-de-artes-integradas-da-regiao-norte\/#primaryimage\"},\"image\":{\"@id\":\"https:\/\/www.manaus.am.gov.br\/manauscult\/artesanato-da-amazonia-ganha-visibilidade-no-maior-festival-de-artes-integradas-da-regiao-norte\/#primaryimage\"},\"thumbnailUrl\":\"https:\/\/www.manaus.am.gov.br\/manauscult\/wp-content\/uploads\/sites\/11\/2023\/09\/MELO1872.jpg\",\"datePublished\":\"2023-09-07T03:11:53+00:00\",\"dateModified\":\"2023-09-07T03:11:55+00:00\",\"author\":{\"@id\":\"https:\/\/www.manaus.am.gov.br\/manauscult\/#\/schema\/person\/05d223aea2bf115f9883a6ff3683d81b\"},\"description\":\"A identidade cultural que define o povo amazonense ganha um espa\u00e7o especial no festival \u201c#SouManaus Passo a Pa\u00e7o 2023\u201d, promovido pela\u00a0Prefeitura de Manaus, por meio da Funda\u00e7\u00e3o Municipal de Cultura, Turismo e Eventos (Manauscult), que acontece nos dias 5, 6 e 7\/9, no centro hist\u00f3rico da cidade, gratuito ao p\u00fablico.\",\"breadcrumb\":{\"@id\":\"https:\/\/www.manaus.am.gov.br\/manauscult\/artesanato-da-amazonia-ganha-visibilidade-no-maior-festival-de-artes-integradas-da-regiao-norte\/#breadcrumb\"},\"inLanguage\":\"pt-BR\",\"potentialAction\":[{\"@type\":\"ReadAction\",\"target\":[\"https:\/\/www.manaus.am.gov.br\/manauscult\/artesanato-da-amazonia-ganha-visibilidade-no-maior-festival-de-artes-integradas-da-regiao-norte\/\"]}]},{\"@type\":\"ImageObject\",\"inLanguage\":\"pt-BR\",\"@id\":\"https:\/\/www.manaus.am.gov.br\/manauscult\/artesanato-da-amazonia-ganha-visibilidade-no-maior-festival-de-artes-integradas-da-regiao-norte\/#primaryimage\",\"url\":\"https:\/\/www.manaus.am.gov.br\/manauscult\/wp-content\/uploads\/sites\/11\/2023\/09\/MELO1872.jpg\",\"contentUrl\":\"https:\/\/www.manaus.am.gov.br\/manauscult\/wp-content\/uploads\/sites\/11\/2023\/09\/MELO1872.jpg\",\"width\":6720,\"height\":4480},{\"@type\":\"BreadcrumbList\",\"@id\":\"https:\/\/www.manaus.am.gov.br\/manauscult\/artesanato-da-amazonia-ganha-visibilidade-no-maior-festival-de-artes-integradas-da-regiao-norte\/#breadcrumb\",\"itemListElement\":[{\"@type\":\"ListItem\",\"position\":1,\"name\":\"Home\",\"item\":\"https:\/\/www.manaus.am.gov.br\/manauscult\/\"},{\"@type\":\"ListItem\",\"position\":2,\"name\":\"Artesanato da Amaz\u00f4nia ganha visibilidade no maior festival de artes integradas da regi\u00e3o Norte\"}]},{\"@type\":\"WebSite\",\"@id\":\"https:\/\/www.manaus.am.gov.br\/manauscult\/#website\",\"url\":\"https:\/\/www.manaus.am.gov.br\/manauscult\/\",\"name\":\"MANAUSCULT\",\"description\":\"Prefeitura de Manaus\",\"potentialAction\":[{\"@type\":\"SearchAction\",\"target\":{\"@type\":\"EntryPoint\",\"urlTemplate\":\"https:\/\/www.manaus.am.gov.br\/manauscult\/?s={search_term_string}\"},\"query-input\":\"required name=search_term_string\"}],\"inLanguage\":\"pt-BR\"},{\"@type\":\"Person\",\"@id\":\"https:\/\/www.manaus.am.gov.br\/manauscult\/#\/schema\/person\/05d223aea2bf115f9883a6ff3683d81b\",\"name\":\"Bruna Greco\",\"image\":{\"@type\":\"ImageObject\",\"inLanguage\":\"pt-BR\",\"@id\":\"https:\/\/www.manaus.am.gov.br\/manauscult\/#\/schema\/person\/image\/\",\"url\":\"https:\/\/secure.gravatar.com\/avatar\/9c877d1a6adc2a055330e5c09a8653ce?s=96&d=mm&r=g\",\"contentUrl\":\"https:\/\/secure.gravatar.com\/avatar\/9c877d1a6adc2a055330e5c09a8653ce?s=96&d=mm&r=g\",\"caption\":\"Bruna Greco\"}}]}<\/script>\n<!-- \/ Yoast SEO plugin. -->","yoast_head_json":{"title":"Artesanato da Amaz\u00f4nia ganha visibilidade no maior festival de artes integradas da regi\u00e3o Norte","description":"A identidade cultural que define o povo amazonense ganha um espa\u00e7o especial no festival \u201c#SouManaus Passo a Pa\u00e7o 2023\u201d, promovido pela\u00a0Prefeitura de Manaus, por meio da Funda\u00e7\u00e3o Municipal de Cultura, Turismo e Eventos (Manauscult), que acontece nos dias 5, 6 e 7\/9, no centro hist\u00f3rico da cidade, gratuito ao p\u00fablico.","robots":{"index":"noindex","follow":"follow"},"og_locale":"pt_BR","og_type":"article","og_title":"Artesanato da Amaz\u00f4nia ganha visibilidade no maior festival de artes integradas da regi\u00e3o Norte","og_description":"A identidade cultural que define o povo amazonense ganha um espa\u00e7o especial no festival \u201c#SouManaus Passo a Pa\u00e7o 2023\u201d, promovido pela\u00a0Prefeitura de Manaus, por meio da Funda\u00e7\u00e3o Municipal de Cultura, Turismo e Eventos (Manauscult), que acontece nos dias 5, 6 e 7\/9, no centro hist\u00f3rico da cidade, gratuito ao p\u00fablico.","og_url":"https:\/\/www.manaus.am.gov.br\/manauscult\/artesanato-da-amazonia-ganha-visibilidade-no-maior-festival-de-artes-integradas-da-regiao-norte\/","og_site_name":"MANAUSCULT","article_published_time":"2023-09-07T03:11:53+00:00","article_modified_time":"2023-09-07T03:11:55+00:00","og_image":[{"width":1024,"height":683,"url":"https:\/\/www.manaus.am.gov.br\/manauscult\/wp-content\/uploads\/sites\/11\/2023\/09\/MELO1872-1024x683.jpg","type":"image\/jpeg"}],"author":"Bruna Greco","twitter_card":"summary_large_image","twitter_misc":{"Written by":"Bruna Greco","Est. reading time":"3 minutos"},"schema":{"@context":"https:\/\/schema.org","@graph":[{"@type":"WebPage","@id":"https:\/\/www.manaus.am.gov.br\/manauscult\/artesanato-da-amazonia-ganha-visibilidade-no-maior-festival-de-artes-integradas-da-regiao-norte\/","url":"https:\/\/www.manaus.am.gov.br\/manauscult\/artesanato-da-amazonia-ganha-visibilidade-no-maior-festival-de-artes-integradas-da-regiao-norte\/","name":"Artesanato da Amaz\u00f4nia ganha visibilidade no maior festival de artes integradas da regi\u00e3o Norte","isPartOf":{"@id":"https:\/\/www.manaus.am.gov.br\/manauscult\/#website"},"primaryImageOfPage":{"@id":"https:\/\/www.manaus.am.gov.br\/manauscult\/artesanato-da-amazonia-ganha-visibilidade-no-maior-festival-de-artes-integradas-da-regiao-norte\/#primaryimage"},"image":{"@id":"https:\/\/www.manaus.am.gov.br\/manauscult\/artesanato-da-amazonia-ganha-visibilidade-no-maior-festival-de-artes-integradas-da-regiao-norte\/#primaryimage"},"thumbnailUrl":"https:\/\/www.manaus.am.gov.br\/manauscult\/wp-content\/uploads\/sites\/11\/2023\/09\/MELO1872.jpg","datePublished":"2023-09-07T03:11:53+00:00","dateModified":"2023-09-07T03:11:55+00:00","author":{"@id":"https:\/\/www.manaus.am.gov.br\/manauscult\/#\/schema\/person\/05d223aea2bf115f9883a6ff3683d81b"},"description":"A identidade cultural que define o povo amazonense ganha um espa\u00e7o especial no festival \u201c#SouManaus Passo a Pa\u00e7o 2023\u201d, promovido pela\u00a0Prefeitura de Manaus, por meio da Funda\u00e7\u00e3o Municipal de Cultura, Turismo e Eventos (Manauscult), que acontece nos dias 5, 6 e 7\/9, no centro hist\u00f3rico da cidade, gratuito ao p\u00fablico.","breadcrumb":{"@id":"https:\/\/www.manaus.am.gov.br\/manauscult\/artesanato-da-amazonia-ganha-visibilidade-no-maior-festival-de-artes-integradas-da-regiao-norte\/#breadcrumb"},"inLanguage":"pt-BR","potentialAction":[{"@type":"ReadAction","target":["https:\/\/www.manaus.am.gov.br\/manauscult\/artesanato-da-amazonia-ganha-visibilidade-no-maior-festival-de-artes-integradas-da-regiao-norte\/"]}]},{"@type":"ImageObject","inLanguage":"pt-BR","@id":"https:\/\/www.manaus.am.gov.br\/manauscult\/artesanato-da-amazonia-ganha-visibilidade-no-maior-festival-de-artes-integradas-da-regiao-norte\/#primaryimage","url":"https:\/\/www.manaus.am.gov.br\/manauscult\/wp-content\/uploads\/sites\/11\/2023\/09\/MELO1872.jpg","contentUrl":"https:\/\/www.manaus.am.gov.br\/manauscult\/wp-content\/uploads\/sites\/11\/2023\/09\/MELO1872.jpg","width":6720,"height":4480},{"@type":"BreadcrumbList","@id":"https:\/\/www.manaus.am.gov.br\/manauscult\/artesanato-da-amazonia-ganha-visibilidade-no-maior-festival-de-artes-integradas-da-regiao-norte\/#breadcrumb","itemListElement":[{"@type":"ListItem","position":1,"name":"Home","item":"https:\/\/www.manaus.am.gov.br\/manauscult\/"},{"@type":"ListItem","position":2,"name":"Artesanato da Amaz\u00f4nia ganha visibilidade no maior festival de artes integradas da regi\u00e3o Norte"}]},{"@type":"WebSite","@id":"https:\/\/www.manaus.am.gov.br\/manauscult\/#website","url":"https:\/\/www.manaus.am.gov.br\/manauscult\/","name":"MANAUSCULT","description":"Prefeitura de Manaus","potentialAction":[{"@type":"SearchAction","target":{"@type":"EntryPoint","urlTemplate":"https:\/\/www.manaus.am.gov.br\/manauscult\/?s={search_term_string}"},"query-input":"required name=search_term_string"}],"inLanguage":"pt-BR"},{"@type":"Person","@id":"https:\/\/www.manaus.am.gov.br\/manauscult\/#\/schema\/person\/05d223aea2bf115f9883a6ff3683d81b","name":"Bruna Greco","image":{"@type":"ImageObject","inLanguage":"pt-BR","@id":"https:\/\/www.manaus.am.gov.br\/manauscult\/#\/schema\/person\/image\/","url":"https:\/\/secure.gravatar.com\/avatar\/9c877d1a6adc2a055330e5c09a8653ce?s=96&d=mm&r=g","contentUrl":"https:\/\/secure.gravatar.com\/avatar\/9c877d1a6adc2a055330e5c09a8653ce?s=96&d=mm&r=g","caption":"Bruna Greco"}}]}},"_links":{"self":[{"href":"https:\/\/www.manaus.am.gov.br\/manauscult\/wp-json\/wp\/v2\/posts\/1400"}],"collection":[{"href":"https:\/\/www.manaus.am.gov.br\/manauscult\/wp-json\/wp\/v2\/posts"}],"about":[{"href":"https:\/\/www.manaus.am.gov.br\/manauscult\/wp-json\/wp\/v2\/types\/post"}],"author":[{"embeddable":true,"href":"https:\/\/www.manaus.am.gov.br\/manauscult\/wp-json\/wp\/v2\/users\/39"}],"replies":[{"embeddable":true,"href":"https:\/\/www.manaus.am.gov.br\/manauscult\/wp-json\/wp\/v2\/comments?post=1400"}],"version-history":[{"count":0,"href":"https:\/\/www.manaus.am.gov.br\/manauscult\/wp-json\/wp\/v2\/posts\/1400\/revisions"}],"wp:featuredmedia":[{"embeddable":true,"href":"https:\/\/www.manaus.am.gov.br\/manauscult\/wp-json\/wp\/v2\/media\/1401"}],"wp:attachment":[{"href":"https:\/\/www.manaus.am.gov.br\/manauscult\/wp-json\/wp\/v2\/media?parent=1400"}],"wp:term":[{"taxonomy":"category","embeddable":true,"href":"https:\/\/www.manaus.am.gov.br\/manauscult\/wp-json\/wp\/v2\/categories?post=1400"},{"taxonomy":"post_tag","embeddable":true,"href":"https:\/\/www.manaus.am.gov.br\/manauscult\/wp-json\/wp\/v2\/tags?post=1400"}],"curies":[{"name":"wp","href":"https:\/\/api.w.org\/{rel}","templated":true}]}}