{"id":1395,"date":"2023-09-06T22:53:22","date_gmt":"2023-09-07T02:53:22","guid":{"rendered":"https:\/\/www.manaus.am.gov.br\/manauscult\/novidade-em-2023-tirolesa-tem-repercussao-positiva-com-publico-do-soumanaus\/"},"modified":"2023-09-07T14:51:29","modified_gmt":"2023-09-07T18:51:29","slug":"novidade-em-2023-tirolesa-tem-repercussao-positiva-com-publico-do-soumanaus","status":"publish","type":"post","link":"https:\/\/www.manaus.am.gov.br\/manauscult\/novidade-em-2023-tirolesa-tem-repercussao-positiva-com-publico-do-soumanaus\/","title":{"rendered":"<strong>Novidade em 2023, tirolesa tem repercuss\u00e3o positiva com p\u00fablico do #SouManaus<\/strong>"},"content":{"rendered":"\n<p>Al\u00e9m de fomentar in\u00fameros segmentos culturais, por meio da integra\u00e7\u00e3o art\u00edstica, o #SouManaus Passo a Pa\u00e7o 2023 tamb\u00e9m agradou aos que gostam de esportes e experi\u00eancias radicais. Pela primeira vez no evento promovido pela Prefeitura de Manaus, a tirolesa, uma travessia de pessoas entre dois pontos, suspensas por cabos de a\u00e7o, foi um grande atrativo para o p\u00fablico presente.<\/p>\n\n\n\n<p>A estrutura foi montada nas proximidades do palco Guardi\u00e3o da Amaz\u00f4nia e os aventureiros puderam curtir o passeio a\u00e9reo enquanto aproveitavam as atra\u00e7\u00f5es que por l\u00e1 se apresentavam. Com uma extens\u00e3o de 125 metros e uma altura de 12,5 metros, a tirolesa levou, no primeiro dia de evento, cerca de 600 pessoas a desfrutarem do esporte com total seguran\u00e7a, uma vez que os usu\u00e1rios foram presos por cintos de seguran\u00e7a refor\u00e7ados e capacetes.<\/p>\n\n\n\n<p>Quando decidiu encarar a descida eletrizante, o universit\u00e1rio Misael Matos da Silveira n\u00e3o imaginava que aproveitaria tanto esse momento. \u201cFoi uma sensa\u00e7\u00e3o \u00fanica. Eu estava com muito medo, mas a equipe estava bem preparada e me conduziu muito bem, me senti muito seguro. Sem contar a vista, que estava espetacular, nunca vi algo parecido, as pessoas cantando, o palco colorido, tudo lindo\u201d, destacou.<\/p>\n\n\n<div class=\"wp-block-image\">\n<figure class=\"aligncenter size-large\"><img decoding=\"async\" src=\"https:\/\/www.manaus.am.gov.br\/manauscult\/wp-content\/uploads\/sites\/11\/2023\/09\/20230906_202928-576x1024.jpg\" alt=\"\" class=\"wp-image-1396\" \/><\/figure><\/div>\n\n\n<p>Quem tamb\u00e9m apreciou a vista a\u00e9rea dos quase 80 mil manauaras que se divertiam ao som de Zeca Pagodinho foi a estudante Isabelle Pereira Guimar\u00e3es.<\/p>\n\n\n\n<p>\u201cVer todas as pessoas de cima e a grandiosidade da estrutura foi demais. O visual do evento como um todo estava muito bonito, eu adorei descer a tirolesa\u201d.<\/p>\n\n\n\n<p>Com um p\u00fablico di\u00e1rio estimado em 150 mil pessoas, o #SouManaus Passo a Pa\u00e7o 2023 acontece num complexo de mais de 44 mil metros quadrados, com dez \u00e1reas de ocupa\u00e7\u00e3o, sendo sete palcos e contempla, al\u00e9m dos n\u00fameros musicais, feiras gastron\u00f4micas e de artesanato, segmentos art\u00edsticos, como dan\u00e7a, teatro, stand-up comedy, literatura, arte visual, circo e cultura urbana (hip hop, bboys, grafiteiros, raps, DJs, slackline, skatistas, bmcross).<\/p>\n\n\n\n<p>&#8212; &#8212; &#8212;<\/p>\n\n\n\n<p><strong>Texto<\/strong>&nbsp;\u2013 Sidney William \/ Semcom<\/p>\n\n\n\n<p><strong>Fotos<\/strong>&nbsp;&#8211; Sidney William \/ Semcom<\/p>\n","protected":false},"excerpt":{"rendered":"","protected":false},"author":31,"featured_media":1397,"comment_status":"closed","ping_status":"closed","sticky":false,"template":"","format":"standard","meta":{"footnotes":""},"categories":[508],"tags":[168,617,618],"acf":[],"yoast_head":"<!-- This site is optimized with the Yoast SEO plugin v23.0 - https:\/\/yoast.com\/wordpress\/plugins\/seo\/ -->\n<title>Novidade em 2023, tirolesa tem repercuss\u00e3o positiva com p\u00fablico do #SouManaus - MANAUSCULT<\/title>\n<meta name=\"robots\" content=\"noindex, follow\" \/>\n<meta property=\"og:locale\" content=\"pt_BR\" \/>\n<meta property=\"og:type\" content=\"article\" \/>\n<meta property=\"og:title\" content=\"Novidade em 2023, tirolesa tem repercuss\u00e3o positiva com p\u00fablico do #SouManaus - MANAUSCULT\" \/>\n<meta property=\"og:url\" content=\"https:\/\/www.manaus.am.gov.br\/manauscult\/novidade-em-2023-tirolesa-tem-repercussao-positiva-com-publico-do-soumanaus\/\" \/>\n<meta property=\"og:site_name\" content=\"MANAUSCULT\" \/>\n<meta property=\"article:published_time\" content=\"2023-09-07T02:53:22+00:00\" \/>\n<meta property=\"article:modified_time\" content=\"2023-09-07T18:51:29+00:00\" \/>\n<meta property=\"og:image\" content=\"https:\/\/www.manaus.am.gov.br\/manauscult\/wp-content\/uploads\/sites\/11\/2023\/09\/VideoCapture_20230906-211901.jpg\" \/>\n\t<meta property=\"og:image:width\" content=\"3840\" \/>\n\t<meta property=\"og:image:height\" content=\"2160\" \/>\n\t<meta property=\"og:image:type\" content=\"image\/jpeg\" \/>\n<meta name=\"author\" content=\"Renata Felix\" \/>\n<meta name=\"twitter:card\" content=\"summary_large_image\" \/>\n<meta name=\"twitter:label1\" content=\"Written by\" \/>\n\t<meta name=\"twitter:data1\" content=\"Renata Felix\" \/>\n\t<meta name=\"twitter:label2\" content=\"Est. reading time\" \/>\n\t<meta name=\"twitter:data2\" content=\"3 minutos\" \/>\n<script type=\"application\/ld+json\" class=\"yoast-schema-graph\">{\"@context\":\"https:\/\/schema.org\",\"@graph\":[{\"@type\":\"WebPage\",\"@id\":\"https:\/\/www.manaus.am.gov.br\/manauscult\/novidade-em-2023-tirolesa-tem-repercussao-positiva-com-publico-do-soumanaus\/\",\"url\":\"https:\/\/www.manaus.am.gov.br\/manauscult\/novidade-em-2023-tirolesa-tem-repercussao-positiva-com-publico-do-soumanaus\/\",\"name\":\"Novidade em 2023, tirolesa tem repercuss\u00e3o positiva com p\u00fablico do #SouManaus - MANAUSCULT\",\"isPartOf\":{\"@id\":\"https:\/\/www.manaus.am.gov.br\/manauscult\/#website\"},\"primaryImageOfPage\":{\"@id\":\"https:\/\/www.manaus.am.gov.br\/manauscult\/novidade-em-2023-tirolesa-tem-repercussao-positiva-com-publico-do-soumanaus\/#primaryimage\"},\"image\":{\"@id\":\"https:\/\/www.manaus.am.gov.br\/manauscult\/novidade-em-2023-tirolesa-tem-repercussao-positiva-com-publico-do-soumanaus\/#primaryimage\"},\"thumbnailUrl\":\"https:\/\/www.manaus.am.gov.br\/manauscult\/wp-content\/uploads\/sites\/11\/2023\/09\/VideoCapture_20230906-211901.jpg\",\"datePublished\":\"2023-09-07T02:53:22+00:00\",\"dateModified\":\"2023-09-07T18:51:29+00:00\",\"author\":{\"@id\":\"https:\/\/www.manaus.am.gov.br\/manauscult\/#\/schema\/person\/4eea2a8f78dc853097abb026f728aa06\"},\"breadcrumb\":{\"@id\":\"https:\/\/www.manaus.am.gov.br\/manauscult\/novidade-em-2023-tirolesa-tem-repercussao-positiva-com-publico-do-soumanaus\/#breadcrumb\"},\"inLanguage\":\"pt-BR\",\"potentialAction\":[{\"@type\":\"ReadAction\",\"target\":[\"https:\/\/www.manaus.am.gov.br\/manauscult\/novidade-em-2023-tirolesa-tem-repercussao-positiva-com-publico-do-soumanaus\/\"]}]},{\"@type\":\"ImageObject\",\"inLanguage\":\"pt-BR\",\"@id\":\"https:\/\/www.manaus.am.gov.br\/manauscult\/novidade-em-2023-tirolesa-tem-repercussao-positiva-com-publico-do-soumanaus\/#primaryimage\",\"url\":\"https:\/\/www.manaus.am.gov.br\/manauscult\/wp-content\/uploads\/sites\/11\/2023\/09\/VideoCapture_20230906-211901.jpg\",\"contentUrl\":\"https:\/\/www.manaus.am.gov.br\/manauscult\/wp-content\/uploads\/sites\/11\/2023\/09\/VideoCapture_20230906-211901.jpg\",\"width\":3840,\"height\":2160},{\"@type\":\"BreadcrumbList\",\"@id\":\"https:\/\/www.manaus.am.gov.br\/manauscult\/novidade-em-2023-tirolesa-tem-repercussao-positiva-com-publico-do-soumanaus\/#breadcrumb\",\"itemListElement\":[{\"@type\":\"ListItem\",\"position\":1,\"name\":\"Home\",\"item\":\"https:\/\/www.manaus.am.gov.br\/manauscult\/\"},{\"@type\":\"ListItem\",\"position\":2,\"name\":\"Novidade em 2023, tirolesa tem repercuss\u00e3o positiva com p\u00fablico do #SouManaus\"}]},{\"@type\":\"WebSite\",\"@id\":\"https:\/\/www.manaus.am.gov.br\/manauscult\/#website\",\"url\":\"https:\/\/www.manaus.am.gov.br\/manauscult\/\",\"name\":\"MANAUSCULT\",\"description\":\"Prefeitura de Manaus\",\"potentialAction\":[{\"@type\":\"SearchAction\",\"target\":{\"@type\":\"EntryPoint\",\"urlTemplate\":\"https:\/\/www.manaus.am.gov.br\/manauscult\/?s={search_term_string}\"},\"query-input\":\"required name=search_term_string\"}],\"inLanguage\":\"pt-BR\"},{\"@type\":\"Person\",\"@id\":\"https:\/\/www.manaus.am.gov.br\/manauscult\/#\/schema\/person\/4eea2a8f78dc853097abb026f728aa06\",\"name\":\"Renata Felix\",\"image\":{\"@type\":\"ImageObject\",\"inLanguage\":\"pt-BR\",\"@id\":\"https:\/\/www.manaus.am.gov.br\/manauscult\/#\/schema\/person\/image\/\",\"url\":\"https:\/\/secure.gravatar.com\/avatar\/3c196cf9d3b837b24c8edb2c50fd8f29?s=96&d=mm&r=g\",\"contentUrl\":\"https:\/\/secure.gravatar.com\/avatar\/3c196cf9d3b837b24c8edb2c50fd8f29?s=96&d=mm&r=g\",\"caption\":\"Renata Felix\"}}]}<\/script>\n<!-- \/ Yoast SEO plugin. -->","yoast_head_json":{"title":"Novidade em 2023, tirolesa tem repercuss\u00e3o positiva com p\u00fablico do #SouManaus - MANAUSCULT","robots":{"index":"noindex","follow":"follow"},"og_locale":"pt_BR","og_type":"article","og_title":"Novidade em 2023, tirolesa tem repercuss\u00e3o positiva com p\u00fablico do #SouManaus - MANAUSCULT","og_url":"https:\/\/www.manaus.am.gov.br\/manauscult\/novidade-em-2023-tirolesa-tem-repercussao-positiva-com-publico-do-soumanaus\/","og_site_name":"MANAUSCULT","article_published_time":"2023-09-07T02:53:22+00:00","article_modified_time":"2023-09-07T18:51:29+00:00","og_image":[{"width":3840,"height":2160,"url":"https:\/\/www.manaus.am.gov.br\/manauscult\/wp-content\/uploads\/sites\/11\/2023\/09\/VideoCapture_20230906-211901.jpg","type":"image\/jpeg"}],"author":"Renata Felix","twitter_card":"summary_large_image","twitter_misc":{"Written by":"Renata Felix","Est. reading time":"3 minutos"},"schema":{"@context":"https:\/\/schema.org","@graph":[{"@type":"WebPage","@id":"https:\/\/www.manaus.am.gov.br\/manauscult\/novidade-em-2023-tirolesa-tem-repercussao-positiva-com-publico-do-soumanaus\/","url":"https:\/\/www.manaus.am.gov.br\/manauscult\/novidade-em-2023-tirolesa-tem-repercussao-positiva-com-publico-do-soumanaus\/","name":"Novidade em 2023, tirolesa tem repercuss\u00e3o positiva com p\u00fablico do #SouManaus - MANAUSCULT","isPartOf":{"@id":"https:\/\/www.manaus.am.gov.br\/manauscult\/#website"},"primaryImageOfPage":{"@id":"https:\/\/www.manaus.am.gov.br\/manauscult\/novidade-em-2023-tirolesa-tem-repercussao-positiva-com-publico-do-soumanaus\/#primaryimage"},"image":{"@id":"https:\/\/www.manaus.am.gov.br\/manauscult\/novidade-em-2023-tirolesa-tem-repercussao-positiva-com-publico-do-soumanaus\/#primaryimage"},"thumbnailUrl":"https:\/\/www.manaus.am.gov.br\/manauscult\/wp-content\/uploads\/sites\/11\/2023\/09\/VideoCapture_20230906-211901.jpg","datePublished":"2023-09-07T02:53:22+00:00","dateModified":"2023-09-07T18:51:29+00:00","author":{"@id":"https:\/\/www.manaus.am.gov.br\/manauscult\/#\/schema\/person\/4eea2a8f78dc853097abb026f728aa06"},"breadcrumb":{"@id":"https:\/\/www.manaus.am.gov.br\/manauscult\/novidade-em-2023-tirolesa-tem-repercussao-positiva-com-publico-do-soumanaus\/#breadcrumb"},"inLanguage":"pt-BR","potentialAction":[{"@type":"ReadAction","target":["https:\/\/www.manaus.am.gov.br\/manauscult\/novidade-em-2023-tirolesa-tem-repercussao-positiva-com-publico-do-soumanaus\/"]}]},{"@type":"ImageObject","inLanguage":"pt-BR","@id":"https:\/\/www.manaus.am.gov.br\/manauscult\/novidade-em-2023-tirolesa-tem-repercussao-positiva-com-publico-do-soumanaus\/#primaryimage","url":"https:\/\/www.manaus.am.gov.br\/manauscult\/wp-content\/uploads\/sites\/11\/2023\/09\/VideoCapture_20230906-211901.jpg","contentUrl":"https:\/\/www.manaus.am.gov.br\/manauscult\/wp-content\/uploads\/sites\/11\/2023\/09\/VideoCapture_20230906-211901.jpg","width":3840,"height":2160},{"@type":"BreadcrumbList","@id":"https:\/\/www.manaus.am.gov.br\/manauscult\/novidade-em-2023-tirolesa-tem-repercussao-positiva-com-publico-do-soumanaus\/#breadcrumb","itemListElement":[{"@type":"ListItem","position":1,"name":"Home","item":"https:\/\/www.manaus.am.gov.br\/manauscult\/"},{"@type":"ListItem","position":2,"name":"Novidade em 2023, tirolesa tem repercuss\u00e3o positiva com p\u00fablico do #SouManaus"}]},{"@type":"WebSite","@id":"https:\/\/www.manaus.am.gov.br\/manauscult\/#website","url":"https:\/\/www.manaus.am.gov.br\/manauscult\/","name":"MANAUSCULT","description":"Prefeitura de Manaus","potentialAction":[{"@type":"SearchAction","target":{"@type":"EntryPoint","urlTemplate":"https:\/\/www.manaus.am.gov.br\/manauscult\/?s={search_term_string}"},"query-input":"required name=search_term_string"}],"inLanguage":"pt-BR"},{"@type":"Person","@id":"https:\/\/www.manaus.am.gov.br\/manauscult\/#\/schema\/person\/4eea2a8f78dc853097abb026f728aa06","name":"Renata Felix","image":{"@type":"ImageObject","inLanguage":"pt-BR","@id":"https:\/\/www.manaus.am.gov.br\/manauscult\/#\/schema\/person\/image\/","url":"https:\/\/secure.gravatar.com\/avatar\/3c196cf9d3b837b24c8edb2c50fd8f29?s=96&d=mm&r=g","contentUrl":"https:\/\/secure.gravatar.com\/avatar\/3c196cf9d3b837b24c8edb2c50fd8f29?s=96&d=mm&r=g","caption":"Renata Felix"}}]}},"_links":{"self":[{"href":"https:\/\/www.manaus.am.gov.br\/manauscult\/wp-json\/wp\/v2\/posts\/1395"}],"collection":[{"href":"https:\/\/www.manaus.am.gov.br\/manauscult\/wp-json\/wp\/v2\/posts"}],"about":[{"href":"https:\/\/www.manaus.am.gov.br\/manauscult\/wp-json\/wp\/v2\/types\/post"}],"author":[{"embeddable":true,"href":"https:\/\/www.manaus.am.gov.br\/manauscult\/wp-json\/wp\/v2\/users\/31"}],"replies":[{"embeddable":true,"href":"https:\/\/www.manaus.am.gov.br\/manauscult\/wp-json\/wp\/v2\/comments?post=1395"}],"version-history":[{"count":5,"href":"https:\/\/www.manaus.am.gov.br\/manauscult\/wp-json\/wp\/v2\/posts\/1395\/revisions"}],"predecessor-version":[{"id":1440,"href":"https:\/\/www.manaus.am.gov.br\/manauscult\/wp-json\/wp\/v2\/posts\/1395\/revisions\/1440"}],"wp:featuredmedia":[{"embeddable":true,"href":"https:\/\/www.manaus.am.gov.br\/manauscult\/wp-json\/wp\/v2\/media\/1397"}],"wp:attachment":[{"href":"https:\/\/www.manaus.am.gov.br\/manauscult\/wp-json\/wp\/v2\/media?parent=1395"}],"wp:term":[{"taxonomy":"category","embeddable":true,"href":"https:\/\/www.manaus.am.gov.br\/manauscult\/wp-json\/wp\/v2\/categories?post=1395"},{"taxonomy":"post_tag","embeddable":true,"href":"https:\/\/www.manaus.am.gov.br\/manauscult\/wp-json\/wp\/v2\/tags?post=1395"}],"curies":[{"name":"wp","href":"https:\/\/api.w.org\/{rel}","templated":true}]}}