{"id":1393,"date":"2023-09-06T22:25:04","date_gmt":"2023-09-07T02:25:04","guid":{"rendered":"https:\/\/www.manaus.am.gov.br\/manauscult\/casal-com-muito-samba-no-pe-faz-show-a-parte-e-vira-xodo-de-zeca-pagodinho-no-segundo-dia-do-soumanaus-2023\/"},"modified":"2023-09-06T22:25:06","modified_gmt":"2023-09-07T02:25:06","slug":"casal-com-muito-samba-no-pe-faz-show-a-parte-e-vira-xodo-de-zeca-pagodinho-no-segundo-dia-do-soumanaus-2023","status":"publish","type":"post","link":"https:\/\/www.manaus.am.gov.br\/manauscult\/casal-com-muito-samba-no-pe-faz-show-a-parte-e-vira-xodo-de-zeca-pagodinho-no-segundo-dia-do-soumanaus-2023\/","title":{"rendered":"<strong>Casal com muito samba no p\u00e9 faz show \u00e0 parte e vira \u2018xod\u00f3\u2019 de Zeca Pagodinho no segundo dia do \u2018#SouManaus 2023\u2019<\/strong>"},"content":{"rendered":"\n<p>Como voc\u00ea se sentiria se um dos grandes sambistas do Brasil notasse sua dan\u00e7a em um dos maiores festivais de artes integradas da regi\u00e3o Norte do pa\u00eds? No segundo dia do \u201c#SouManaus Passo a Pa\u00e7o 2023\u201d, realizado pela Prefeitura de Manaus, isso foi um show \u00e0 parte para o casal Aurineide Luzeiro, de 53 anos, e Vitor Hugo Batista Santos, de 56, que al\u00e9m de ser notado pelo sambista Zeca Pagodinho, no palco Guardi\u00e3o da Amaz\u00f4nia, nesta quarta-feira, 6\/9, pelo samba no p\u00e9, ainda ganhou mimo em forma de cerveja.<\/p>\n\n\n\n<p>O brinde, promovido por Zeca Pagodinho, deixou o casal em plena felicidade. \u201cFoi uma sensa\u00e7\u00e3o incr\u00edvel sermos notados e ver que ele se encantou com a gente\u201d, disse a manauara Aurineide, que trabalha com decora\u00e7\u00e3o de eventos.<\/p>\n\n\n\n<p>A decoradora disse que eles n\u00e3o perdem um #SouManaus, mas que a edi\u00e7\u00e3o deste ano est\u00e1 espetacular. \u201cEu amo esse festival e est\u00e1 tudo organizado, com atra\u00e7\u00f5es incr\u00edveis. A prefeitura est\u00e1 de parab\u00e9ns por dar esse presente a todos, gratuitamente\u201d, elogiou.<\/p>\n\n\n\n<p>Para Vitor, f\u00e3 de carteirinha do sambista, foi um grande momento da sua vida ser notado no palco pelo artista. \u201cEle viu a gente dan\u00e7ando e isso n\u00e3o tem palavras. N\u00e3o faltamos um dia do #SouManaus\u201d, contou o professor, que mora h\u00e1 mais de tr\u00eas d\u00e9cadas na cidade, onde trabalha como professor de Educa\u00e7\u00e3o F\u00edsica.<\/p>\n\n\n\n<p>Com estilo irreverente e gostoso no palco, Zeca Pagodinho pediu para a produ\u00e7\u00e3o dar cerveja e \u00e1gua para o casal pela performance com muito samba no p\u00e9. E repetiu o pedido v\u00e1rias vezes. Foi um momento de viva o samba e o #SouManaus, que podem \u2013 e devem \u2013 ocupar todos os espa\u00e7os.<\/p>\n\n\n\n<p><strong>Evento<\/strong><\/p>\n\n\n\n<p>O evento \u00e9 distribu\u00eddo em dez \u00e1reas de ocupa\u00e7\u00e3o no centro hist\u00f3rico, com oito horas de programa\u00e7\u00e3o em todos os tr\u00eas dias de evento, somando um total de 240 horas de imers\u00e3o e experi\u00eancia art\u00edstico-cultural, tendo dois palcos principais localizados dentro do porto de Manaus, com vista para as margens do rio Negro, totalizando mais de 44 mil metros quadrados de interven\u00e7\u00e3o.<\/p>\n\n\n\n<p>Confira a programa\u00e7\u00e3o completa no site:&nbsp;<a href=\"https:\/\/soumanauspassoapaco.com.br\/\" target=\"_blank\" rel=\"noreferrer noopener\">https:\/\/soumanauspassoapaco.com.br\/<\/a>.<\/p>\n\n\n\n<p>&#8212; &#8212; &#8212;<\/p>\n\n\n\n<p><strong>Texto &#8211;<\/strong> Cl\u00e1udia do Valle \/ Semcom<\/p>\n\n\n\n<p><strong>Foto &#8211;<\/strong> Aguilar\u00a0Abecassis \/ Semcom<\/p>\n","protected":false},"excerpt":{"rendered":"","protected":false},"author":39,"featured_media":1394,"comment_status":"closed","ping_status":"closed","sticky":false,"template":"","format":"standard","meta":{"footnotes":""},"categories":[508],"tags":[168,11,616,190],"acf":[],"yoast_head":"<!-- This site is optimized with the Yoast SEO plugin v23.0 - https:\/\/yoast.com\/wordpress\/plugins\/seo\/ -->\n<title>Casal com muito samba no p\u00e9 faz show \u00e0 parte e vira \u2018xod\u00f3\u2019 de Zeca Pagodinho no segundo dia do \u2018#SouManaus 2023\u2019<\/title>\n<meta name=\"robots\" content=\"noindex, follow\" \/>\n<meta property=\"og:locale\" content=\"pt_BR\" \/>\n<meta property=\"og:type\" content=\"article\" \/>\n<meta property=\"og:title\" content=\"Casal com muito samba no p\u00e9 faz show \u00e0 parte e vira \u2018xod\u00f3\u2019 de Zeca Pagodinho no segundo dia do \u2018#SouManaus 2023\u2019\" \/>\n<meta property=\"og:url\" content=\"https:\/\/www.manaus.am.gov.br\/manauscult\/casal-com-muito-samba-no-pe-faz-show-a-parte-e-vira-xodo-de-zeca-pagodinho-no-segundo-dia-do-soumanaus-2023\/\" \/>\n<meta property=\"og:site_name\" content=\"MANAUSCULT\" \/>\n<meta property=\"article:published_time\" content=\"2023-09-07T02:25:04+00:00\" \/>\n<meta property=\"article:modified_time\" content=\"2023-09-07T02:25:06+00:00\" \/>\n<meta property=\"og:image\" content=\"https:\/\/www.manaus.am.gov.br\/manauscult\/wp-content\/uploads\/sites\/11\/2023\/09\/Casal-Aurineide-e-Vitor-no-show-do-Zeca-Pagodinho-6.jpeg\" \/>\n\t<meta property=\"og:image:width\" content=\"4160\" \/>\n\t<meta property=\"og:image:height\" content=\"2774\" \/>\n\t<meta property=\"og:image:type\" content=\"image\/jpeg\" \/>\n<meta name=\"author\" content=\"Bruna Greco\" \/>\n<meta name=\"twitter:card\" content=\"summary_large_image\" \/>\n<meta name=\"twitter:label1\" content=\"Written by\" \/>\n\t<meta name=\"twitter:data1\" content=\"Bruna Greco\" \/>\n\t<meta name=\"twitter:label2\" content=\"Est. reading time\" \/>\n\t<meta name=\"twitter:data2\" content=\"2 minutos\" \/>\n<script type=\"application\/ld+json\" class=\"yoast-schema-graph\">{\"@context\":\"https:\/\/schema.org\",\"@graph\":[{\"@type\":\"WebPage\",\"@id\":\"https:\/\/www.manaus.am.gov.br\/manauscult\/casal-com-muito-samba-no-pe-faz-show-a-parte-e-vira-xodo-de-zeca-pagodinho-no-segundo-dia-do-soumanaus-2023\/\",\"url\":\"https:\/\/www.manaus.am.gov.br\/manauscult\/casal-com-muito-samba-no-pe-faz-show-a-parte-e-vira-xodo-de-zeca-pagodinho-no-segundo-dia-do-soumanaus-2023\/\",\"name\":\"Casal com muito samba no p\u00e9 faz show \u00e0 parte e vira \u2018xod\u00f3\u2019 de Zeca Pagodinho no segundo dia do \u2018#SouManaus 2023\u2019\",\"isPartOf\":{\"@id\":\"https:\/\/www.manaus.am.gov.br\/manauscult\/#website\"},\"primaryImageOfPage\":{\"@id\":\"https:\/\/www.manaus.am.gov.br\/manauscult\/casal-com-muito-samba-no-pe-faz-show-a-parte-e-vira-xodo-de-zeca-pagodinho-no-segundo-dia-do-soumanaus-2023\/#primaryimage\"},\"image\":{\"@id\":\"https:\/\/www.manaus.am.gov.br\/manauscult\/casal-com-muito-samba-no-pe-faz-show-a-parte-e-vira-xodo-de-zeca-pagodinho-no-segundo-dia-do-soumanaus-2023\/#primaryimage\"},\"thumbnailUrl\":\"https:\/\/www.manaus.am.gov.br\/manauscult\/wp-content\/uploads\/sites\/11\/2023\/09\/Casal-Aurineide-e-Vitor-no-show-do-Zeca-Pagodinho-6.jpeg\",\"datePublished\":\"2023-09-07T02:25:04+00:00\",\"dateModified\":\"2023-09-07T02:25:06+00:00\",\"author\":{\"@id\":\"https:\/\/www.manaus.am.gov.br\/manauscult\/#\/schema\/person\/05d223aea2bf115f9883a6ff3683d81b\"},\"breadcrumb\":{\"@id\":\"https:\/\/www.manaus.am.gov.br\/manauscult\/casal-com-muito-samba-no-pe-faz-show-a-parte-e-vira-xodo-de-zeca-pagodinho-no-segundo-dia-do-soumanaus-2023\/#breadcrumb\"},\"inLanguage\":\"pt-BR\",\"potentialAction\":[{\"@type\":\"ReadAction\",\"target\":[\"https:\/\/www.manaus.am.gov.br\/manauscult\/casal-com-muito-samba-no-pe-faz-show-a-parte-e-vira-xodo-de-zeca-pagodinho-no-segundo-dia-do-soumanaus-2023\/\"]}]},{\"@type\":\"ImageObject\",\"inLanguage\":\"pt-BR\",\"@id\":\"https:\/\/www.manaus.am.gov.br\/manauscult\/casal-com-muito-samba-no-pe-faz-show-a-parte-e-vira-xodo-de-zeca-pagodinho-no-segundo-dia-do-soumanaus-2023\/#primaryimage\",\"url\":\"https:\/\/www.manaus.am.gov.br\/manauscult\/wp-content\/uploads\/sites\/11\/2023\/09\/Casal-Aurineide-e-Vitor-no-show-do-Zeca-Pagodinho-6.jpeg\",\"contentUrl\":\"https:\/\/www.manaus.am.gov.br\/manauscult\/wp-content\/uploads\/sites\/11\/2023\/09\/Casal-Aurineide-e-Vitor-no-show-do-Zeca-Pagodinho-6.jpeg\",\"width\":4160,\"height\":2774},{\"@type\":\"BreadcrumbList\",\"@id\":\"https:\/\/www.manaus.am.gov.br\/manauscult\/casal-com-muito-samba-no-pe-faz-show-a-parte-e-vira-xodo-de-zeca-pagodinho-no-segundo-dia-do-soumanaus-2023\/#breadcrumb\",\"itemListElement\":[{\"@type\":\"ListItem\",\"position\":1,\"name\":\"Home\",\"item\":\"https:\/\/www.manaus.am.gov.br\/manauscult\/\"},{\"@type\":\"ListItem\",\"position\":2,\"name\":\"Casal com muito samba no p\u00e9 faz show \u00e0 parte e vira \u2018xod\u00f3\u2019 de Zeca Pagodinho no segundo dia do \u2018#SouManaus 2023\u2019\"}]},{\"@type\":\"WebSite\",\"@id\":\"https:\/\/www.manaus.am.gov.br\/manauscult\/#website\",\"url\":\"https:\/\/www.manaus.am.gov.br\/manauscult\/\",\"name\":\"MANAUSCULT\",\"description\":\"Prefeitura de Manaus\",\"potentialAction\":[{\"@type\":\"SearchAction\",\"target\":{\"@type\":\"EntryPoint\",\"urlTemplate\":\"https:\/\/www.manaus.am.gov.br\/manauscult\/?s={search_term_string}\"},\"query-input\":\"required name=search_term_string\"}],\"inLanguage\":\"pt-BR\"},{\"@type\":\"Person\",\"@id\":\"https:\/\/www.manaus.am.gov.br\/manauscult\/#\/schema\/person\/05d223aea2bf115f9883a6ff3683d81b\",\"name\":\"Bruna Greco\",\"image\":{\"@type\":\"ImageObject\",\"inLanguage\":\"pt-BR\",\"@id\":\"https:\/\/www.manaus.am.gov.br\/manauscult\/#\/schema\/person\/image\/\",\"url\":\"https:\/\/secure.gravatar.com\/avatar\/9c877d1a6adc2a055330e5c09a8653ce?s=96&d=mm&r=g\",\"contentUrl\":\"https:\/\/secure.gravatar.com\/avatar\/9c877d1a6adc2a055330e5c09a8653ce?s=96&d=mm&r=g\",\"caption\":\"Bruna Greco\"}}]}<\/script>\n<!-- \/ Yoast SEO plugin. -->","yoast_head_json":{"title":"Casal com muito samba no p\u00e9 faz show \u00e0 parte e vira \u2018xod\u00f3\u2019 de Zeca Pagodinho no segundo dia do \u2018#SouManaus 2023\u2019","robots":{"index":"noindex","follow":"follow"},"og_locale":"pt_BR","og_type":"article","og_title":"Casal com muito samba no p\u00e9 faz show \u00e0 parte e vira \u2018xod\u00f3\u2019 de Zeca Pagodinho no segundo dia do \u2018#SouManaus 2023\u2019","og_url":"https:\/\/www.manaus.am.gov.br\/manauscult\/casal-com-muito-samba-no-pe-faz-show-a-parte-e-vira-xodo-de-zeca-pagodinho-no-segundo-dia-do-soumanaus-2023\/","og_site_name":"MANAUSCULT","article_published_time":"2023-09-07T02:25:04+00:00","article_modified_time":"2023-09-07T02:25:06+00:00","og_image":[{"width":4160,"height":2774,"url":"https:\/\/www.manaus.am.gov.br\/manauscult\/wp-content\/uploads\/sites\/11\/2023\/09\/Casal-Aurineide-e-Vitor-no-show-do-Zeca-Pagodinho-6.jpeg","type":"image\/jpeg"}],"author":"Bruna Greco","twitter_card":"summary_large_image","twitter_misc":{"Written by":"Bruna Greco","Est. reading time":"2 minutos"},"schema":{"@context":"https:\/\/schema.org","@graph":[{"@type":"WebPage","@id":"https:\/\/www.manaus.am.gov.br\/manauscult\/casal-com-muito-samba-no-pe-faz-show-a-parte-e-vira-xodo-de-zeca-pagodinho-no-segundo-dia-do-soumanaus-2023\/","url":"https:\/\/www.manaus.am.gov.br\/manauscult\/casal-com-muito-samba-no-pe-faz-show-a-parte-e-vira-xodo-de-zeca-pagodinho-no-segundo-dia-do-soumanaus-2023\/","name":"Casal com muito samba no p\u00e9 faz show \u00e0 parte e vira \u2018xod\u00f3\u2019 de Zeca Pagodinho no segundo dia do \u2018#SouManaus 2023\u2019","isPartOf":{"@id":"https:\/\/www.manaus.am.gov.br\/manauscult\/#website"},"primaryImageOfPage":{"@id":"https:\/\/www.manaus.am.gov.br\/manauscult\/casal-com-muito-samba-no-pe-faz-show-a-parte-e-vira-xodo-de-zeca-pagodinho-no-segundo-dia-do-soumanaus-2023\/#primaryimage"},"image":{"@id":"https:\/\/www.manaus.am.gov.br\/manauscult\/casal-com-muito-samba-no-pe-faz-show-a-parte-e-vira-xodo-de-zeca-pagodinho-no-segundo-dia-do-soumanaus-2023\/#primaryimage"},"thumbnailUrl":"https:\/\/www.manaus.am.gov.br\/manauscult\/wp-content\/uploads\/sites\/11\/2023\/09\/Casal-Aurineide-e-Vitor-no-show-do-Zeca-Pagodinho-6.jpeg","datePublished":"2023-09-07T02:25:04+00:00","dateModified":"2023-09-07T02:25:06+00:00","author":{"@id":"https:\/\/www.manaus.am.gov.br\/manauscult\/#\/schema\/person\/05d223aea2bf115f9883a6ff3683d81b"},"breadcrumb":{"@id":"https:\/\/www.manaus.am.gov.br\/manauscult\/casal-com-muito-samba-no-pe-faz-show-a-parte-e-vira-xodo-de-zeca-pagodinho-no-segundo-dia-do-soumanaus-2023\/#breadcrumb"},"inLanguage":"pt-BR","potentialAction":[{"@type":"ReadAction","target":["https:\/\/www.manaus.am.gov.br\/manauscult\/casal-com-muito-samba-no-pe-faz-show-a-parte-e-vira-xodo-de-zeca-pagodinho-no-segundo-dia-do-soumanaus-2023\/"]}]},{"@type":"ImageObject","inLanguage":"pt-BR","@id":"https:\/\/www.manaus.am.gov.br\/manauscult\/casal-com-muito-samba-no-pe-faz-show-a-parte-e-vira-xodo-de-zeca-pagodinho-no-segundo-dia-do-soumanaus-2023\/#primaryimage","url":"https:\/\/www.manaus.am.gov.br\/manauscult\/wp-content\/uploads\/sites\/11\/2023\/09\/Casal-Aurineide-e-Vitor-no-show-do-Zeca-Pagodinho-6.jpeg","contentUrl":"https:\/\/www.manaus.am.gov.br\/manauscult\/wp-content\/uploads\/sites\/11\/2023\/09\/Casal-Aurineide-e-Vitor-no-show-do-Zeca-Pagodinho-6.jpeg","width":4160,"height":2774},{"@type":"BreadcrumbList","@id":"https:\/\/www.manaus.am.gov.br\/manauscult\/casal-com-muito-samba-no-pe-faz-show-a-parte-e-vira-xodo-de-zeca-pagodinho-no-segundo-dia-do-soumanaus-2023\/#breadcrumb","itemListElement":[{"@type":"ListItem","position":1,"name":"Home","item":"https:\/\/www.manaus.am.gov.br\/manauscult\/"},{"@type":"ListItem","position":2,"name":"Casal com muito samba no p\u00e9 faz show \u00e0 parte e vira \u2018xod\u00f3\u2019 de Zeca Pagodinho no segundo dia do \u2018#SouManaus 2023\u2019"}]},{"@type":"WebSite","@id":"https:\/\/www.manaus.am.gov.br\/manauscult\/#website","url":"https:\/\/www.manaus.am.gov.br\/manauscult\/","name":"MANAUSCULT","description":"Prefeitura de Manaus","potentialAction":[{"@type":"SearchAction","target":{"@type":"EntryPoint","urlTemplate":"https:\/\/www.manaus.am.gov.br\/manauscult\/?s={search_term_string}"},"query-input":"required name=search_term_string"}],"inLanguage":"pt-BR"},{"@type":"Person","@id":"https:\/\/www.manaus.am.gov.br\/manauscult\/#\/schema\/person\/05d223aea2bf115f9883a6ff3683d81b","name":"Bruna Greco","image":{"@type":"ImageObject","inLanguage":"pt-BR","@id":"https:\/\/www.manaus.am.gov.br\/manauscult\/#\/schema\/person\/image\/","url":"https:\/\/secure.gravatar.com\/avatar\/9c877d1a6adc2a055330e5c09a8653ce?s=96&d=mm&r=g","contentUrl":"https:\/\/secure.gravatar.com\/avatar\/9c877d1a6adc2a055330e5c09a8653ce?s=96&d=mm&r=g","caption":"Bruna Greco"}}]}},"_links":{"self":[{"href":"https:\/\/www.manaus.am.gov.br\/manauscult\/wp-json\/wp\/v2\/posts\/1393"}],"collection":[{"href":"https:\/\/www.manaus.am.gov.br\/manauscult\/wp-json\/wp\/v2\/posts"}],"about":[{"href":"https:\/\/www.manaus.am.gov.br\/manauscult\/wp-json\/wp\/v2\/types\/post"}],"author":[{"embeddable":true,"href":"https:\/\/www.manaus.am.gov.br\/manauscult\/wp-json\/wp\/v2\/users\/39"}],"replies":[{"embeddable":true,"href":"https:\/\/www.manaus.am.gov.br\/manauscult\/wp-json\/wp\/v2\/comments?post=1393"}],"version-history":[{"count":0,"href":"https:\/\/www.manaus.am.gov.br\/manauscult\/wp-json\/wp\/v2\/posts\/1393\/revisions"}],"wp:featuredmedia":[{"embeddable":true,"href":"https:\/\/www.manaus.am.gov.br\/manauscult\/wp-json\/wp\/v2\/media\/1394"}],"wp:attachment":[{"href":"https:\/\/www.manaus.am.gov.br\/manauscult\/wp-json\/wp\/v2\/media?parent=1393"}],"wp:term":[{"taxonomy":"category","embeddable":true,"href":"https:\/\/www.manaus.am.gov.br\/manauscult\/wp-json\/wp\/v2\/categories?post=1393"},{"taxonomy":"post_tag","embeddable":true,"href":"https:\/\/www.manaus.am.gov.br\/manauscult\/wp-json\/wp\/v2\/tags?post=1393"}],"curies":[{"name":"wp","href":"https:\/\/api.w.org\/{rel}","templated":true}]}}