{"id":1391,"date":"2023-09-06T21:49:33","date_gmt":"2023-09-07T01:49:33","guid":{"rendered":"https:\/\/www.manaus.am.gov.br\/manauscult\/musicalidade-afro-e-muito-samba-no-pe-deram-o-tom-no-inicio-do-segundo-dia-do-soumanaus-2023\/"},"modified":"2023-09-06T21:49:34","modified_gmt":"2023-09-07T01:49:34","slug":"musicalidade-afro-e-muito-samba-no-pe-deram-o-tom-no-inicio-do-segundo-dia-do-soumanaus-2023","status":"publish","type":"post","link":"https:\/\/www.manaus.am.gov.br\/manauscult\/musicalidade-afro-e-muito-samba-no-pe-deram-o-tom-no-inicio-do-segundo-dia-do-soumanaus-2023\/","title":{"rendered":"<strong>Musicalidade afro e muito samba no p\u00e9 deram o tom no in\u00edcio do segundo dia do \u2018#SouManaus 2023\u2019<\/strong>"},"content":{"rendered":"\n<p>Celebrando a diversidade cultural, James Rios e Zeca Pagodinho abriram o segundo dia do \u201c#SouManaus Passo a Pa\u00e7o 2023\u201d, promovido pela Prefeitura de Manaus, no Palco Bradesco &#8211; Guardi\u00e3o da Amaz\u00f4nia, nesta quarta-feira, 6\/9. A musicalidade de matriz africana deu o tom durante a tarde, levando o p\u00fablico a cantar grandes sucessos e destacando a valoriza\u00e7\u00e3o de todos os aspectos culturais da capital amazonense.<\/p>\n\n\n\n<p>\u201cIsso \u00e9 importante mundialmente, n\u00e3o s\u00f3 local. Manaus est\u00e1 mostrando coisas que as pessoas n\u00e3o mostram. Isso \u00e9 muito importante para a gente, para a arte. Eu sou da arte de cantar, mas tem a arte no geral, a religi\u00e3o, a musicalidade que temos na cidade de Manaus, que n\u00e3o deixa a desejar para ningu\u00e9m. Ent\u00e3o, isso \u00e9 importante em todos os aspectos\u201d, afirmou o cantor James Rios.<\/p>\n\n\n\n<p>O assistente de Coordena\u00e7\u00e3o, Cristian Wanderlei, afirmou que para o p\u00fablico presente do festival j\u00e1 \u00e9 o maior de toda a hist\u00f3ria, e valoriza a cultura e os artistas locais. \u201cEste ano eles est\u00e3o valorizando bastante os artistas de Manaus. Eu acho o m\u00e1ximo essa integra\u00e7\u00e3o de todos os estilos\u201d, disse.<\/p>\n\n\n\n<p>No in\u00edcio das atra\u00e7\u00f5es, o p\u00fablico ainda criava uma grande expectativa, relembrando da primeira noite, como \u00e9 o caso das estudantes Isabella Lobo e Ana Emanuelle, de 14 e 15 anos. \u201cEu estou achando muito legal, ontem foi incr\u00edvel e hoje vai ser mais incr\u00edvel ainda\u201d, disse Isabella.<\/p>\n\n\n\n<p>J\u00e1 Emanuelle contou que est\u00e1 muito feliz por estar participando dessa edi\u00e7\u00e3o especial do evento. \u201cAs minhas expectativas s\u00e3o as melhores poss\u00edveis. Eu acho bem legal essa diversidade, de termos em Manaus um evento assim. Isso \u00e9 algo global e \u00e9 muito bom\u201d, comemorou.<\/p>\n\n\n\n<p>Fechando a primeira parte das apresenta\u00e7\u00f5es, Zeca Pagodinho fez o p\u00fablico cantar grandes sucessos do samba que est\u00e3o na boca dos brasileiros h\u00e1 mais de 30 anos.<\/p>\n\n\n\n<p>&#8212; &#8212; &#8212;<\/p>\n\n\n\n<p><strong>Texto<\/strong> &#8211; Asafe Augusto \/ Semcom<\/p>\n\n\n\n<p><strong>Fotos<\/strong> &#8211; Cl\u00f3vis Miranda \/ Semcom<\/p>\n\n\n\n<p><strong>Dispon\u00edveis em &#8211; <\/strong><a href=\"https:\/\/flic.kr\/s\/aHBqjATQQA\">https:\/\/flic.kr\/s\/aHBqjATQQA<\/a><\/p>\n","protected":false},"excerpt":{"rendered":"","protected":false},"author":39,"featured_media":1392,"comment_status":"closed","ping_status":"closed","sticky":false,"template":"","format":"standard","meta":{"footnotes":""},"categories":[508],"tags":[613,9,614,11,615],"acf":[],"yoast_head":"<!-- This site is optimized with the Yoast SEO plugin v23.0 - https:\/\/yoast.com\/wordpress\/plugins\/seo\/ -->\n<title>Musicalidade afro e muito samba no p\u00e9 deram o tom no in\u00edcio do segundo dia do \u2018#SouManaus 2023\u2019<\/title>\n<meta name=\"description\" content=\"Celebrando a diversidade cultural, James Rios e Zeca Pagodinho abriram o segundo dia do \u201c#SouManaus Passo a Pa\u00e7o 2023\u201d, promovido pela Prefeitura de Manaus, no Palco Bradesco - Guardi\u00e3o da Amaz\u00f4nia, nesta quarta-feira, 6\/9.\" \/>\n<meta name=\"robots\" content=\"noindex, follow\" \/>\n<meta property=\"og:locale\" content=\"pt_BR\" \/>\n<meta property=\"og:type\" content=\"article\" \/>\n<meta property=\"og:title\" content=\"Musicalidade afro e muito samba no p\u00e9 deram o tom no in\u00edcio do segundo dia do \u2018#SouManaus 2023\u2019\" \/>\n<meta property=\"og:description\" content=\"Celebrando a diversidade cultural, James Rios e Zeca Pagodinho abriram o segundo dia do \u201c#SouManaus Passo a Pa\u00e7o 2023\u201d, promovido pela Prefeitura de Manaus, no Palco Bradesco - Guardi\u00e3o da Amaz\u00f4nia, nesta quarta-feira, 6\/9.\" \/>\n<meta property=\"og:url\" content=\"https:\/\/www.manaus.am.gov.br\/manauscult\/musicalidade-afro-e-muito-samba-no-pe-deram-o-tom-no-inicio-do-segundo-dia-do-soumanaus-2023\/\" \/>\n<meta property=\"og:site_name\" content=\"MANAUSCULT\" \/>\n<meta property=\"article:published_time\" content=\"2023-09-07T01:49:33+00:00\" \/>\n<meta property=\"article:modified_time\" content=\"2023-09-07T01:49:34+00:00\" \/>\n<meta property=\"og:image\" content=\"https:\/\/www.manaus.am.gov.br\/manauscult\/wp-content\/uploads\/sites\/11\/2023\/09\/53169612556_06b27ad1f0_k.jpg\" \/>\n\t<meta property=\"og:image:width\" content=\"2048\" \/>\n\t<meta property=\"og:image:height\" content=\"1365\" \/>\n\t<meta property=\"og:image:type\" content=\"image\/jpeg\" \/>\n<meta name=\"author\" content=\"Bruna Greco\" \/>\n<meta name=\"twitter:card\" content=\"summary_large_image\" \/>\n<meta name=\"twitter:label1\" content=\"Written by\" \/>\n\t<meta name=\"twitter:data1\" content=\"Bruna Greco\" \/>\n\t<meta name=\"twitter:label2\" content=\"Est. reading time\" \/>\n\t<meta name=\"twitter:data2\" content=\"2 minutos\" \/>\n<script type=\"application\/ld+json\" class=\"yoast-schema-graph\">{\"@context\":\"https:\/\/schema.org\",\"@graph\":[{\"@type\":\"WebPage\",\"@id\":\"https:\/\/www.manaus.am.gov.br\/manauscult\/musicalidade-afro-e-muito-samba-no-pe-deram-o-tom-no-inicio-do-segundo-dia-do-soumanaus-2023\/\",\"url\":\"https:\/\/www.manaus.am.gov.br\/manauscult\/musicalidade-afro-e-muito-samba-no-pe-deram-o-tom-no-inicio-do-segundo-dia-do-soumanaus-2023\/\",\"name\":\"Musicalidade afro e muito samba no p\u00e9 deram o tom no in\u00edcio do segundo dia do \u2018#SouManaus 2023\u2019\",\"isPartOf\":{\"@id\":\"https:\/\/www.manaus.am.gov.br\/manauscult\/#website\"},\"primaryImageOfPage\":{\"@id\":\"https:\/\/www.manaus.am.gov.br\/manauscult\/musicalidade-afro-e-muito-samba-no-pe-deram-o-tom-no-inicio-do-segundo-dia-do-soumanaus-2023\/#primaryimage\"},\"image\":{\"@id\":\"https:\/\/www.manaus.am.gov.br\/manauscult\/musicalidade-afro-e-muito-samba-no-pe-deram-o-tom-no-inicio-do-segundo-dia-do-soumanaus-2023\/#primaryimage\"},\"thumbnailUrl\":\"https:\/\/www.manaus.am.gov.br\/manauscult\/wp-content\/uploads\/sites\/11\/2023\/09\/53169612556_06b27ad1f0_k.jpg\",\"datePublished\":\"2023-09-07T01:49:33+00:00\",\"dateModified\":\"2023-09-07T01:49:34+00:00\",\"author\":{\"@id\":\"https:\/\/www.manaus.am.gov.br\/manauscult\/#\/schema\/person\/05d223aea2bf115f9883a6ff3683d81b\"},\"description\":\"Celebrando a diversidade cultural, James Rios e Zeca Pagodinho abriram o segundo dia do \u201c#SouManaus Passo a Pa\u00e7o 2023\u201d, promovido pela Prefeitura de Manaus, no Palco Bradesco - Guardi\u00e3o da Amaz\u00f4nia, nesta quarta-feira, 6\/9.\",\"breadcrumb\":{\"@id\":\"https:\/\/www.manaus.am.gov.br\/manauscult\/musicalidade-afro-e-muito-samba-no-pe-deram-o-tom-no-inicio-do-segundo-dia-do-soumanaus-2023\/#breadcrumb\"},\"inLanguage\":\"pt-BR\",\"potentialAction\":[{\"@type\":\"ReadAction\",\"target\":[\"https:\/\/www.manaus.am.gov.br\/manauscult\/musicalidade-afro-e-muito-samba-no-pe-deram-o-tom-no-inicio-do-segundo-dia-do-soumanaus-2023\/\"]}]},{\"@type\":\"ImageObject\",\"inLanguage\":\"pt-BR\",\"@id\":\"https:\/\/www.manaus.am.gov.br\/manauscult\/musicalidade-afro-e-muito-samba-no-pe-deram-o-tom-no-inicio-do-segundo-dia-do-soumanaus-2023\/#primaryimage\",\"url\":\"https:\/\/www.manaus.am.gov.br\/manauscult\/wp-content\/uploads\/sites\/11\/2023\/09\/53169612556_06b27ad1f0_k.jpg\",\"contentUrl\":\"https:\/\/www.manaus.am.gov.br\/manauscult\/wp-content\/uploads\/sites\/11\/2023\/09\/53169612556_06b27ad1f0_k.jpg\",\"width\":2048,\"height\":1365},{\"@type\":\"BreadcrumbList\",\"@id\":\"https:\/\/www.manaus.am.gov.br\/manauscult\/musicalidade-afro-e-muito-samba-no-pe-deram-o-tom-no-inicio-do-segundo-dia-do-soumanaus-2023\/#breadcrumb\",\"itemListElement\":[{\"@type\":\"ListItem\",\"position\":1,\"name\":\"Home\",\"item\":\"https:\/\/www.manaus.am.gov.br\/manauscult\/\"},{\"@type\":\"ListItem\",\"position\":2,\"name\":\"Musicalidade afro e muito samba no p\u00e9 deram o tom no in\u00edcio do segundo dia do \u2018#SouManaus 2023\u2019\"}]},{\"@type\":\"WebSite\",\"@id\":\"https:\/\/www.manaus.am.gov.br\/manauscult\/#website\",\"url\":\"https:\/\/www.manaus.am.gov.br\/manauscult\/\",\"name\":\"MANAUSCULT\",\"description\":\"Prefeitura de Manaus\",\"potentialAction\":[{\"@type\":\"SearchAction\",\"target\":{\"@type\":\"EntryPoint\",\"urlTemplate\":\"https:\/\/www.manaus.am.gov.br\/manauscult\/?s={search_term_string}\"},\"query-input\":\"required name=search_term_string\"}],\"inLanguage\":\"pt-BR\"},{\"@type\":\"Person\",\"@id\":\"https:\/\/www.manaus.am.gov.br\/manauscult\/#\/schema\/person\/05d223aea2bf115f9883a6ff3683d81b\",\"name\":\"Bruna Greco\",\"image\":{\"@type\":\"ImageObject\",\"inLanguage\":\"pt-BR\",\"@id\":\"https:\/\/www.manaus.am.gov.br\/manauscult\/#\/schema\/person\/image\/\",\"url\":\"https:\/\/secure.gravatar.com\/avatar\/9c877d1a6adc2a055330e5c09a8653ce?s=96&d=mm&r=g\",\"contentUrl\":\"https:\/\/secure.gravatar.com\/avatar\/9c877d1a6adc2a055330e5c09a8653ce?s=96&d=mm&r=g\",\"caption\":\"Bruna Greco\"}}]}<\/script>\n<!-- \/ Yoast SEO plugin. -->","yoast_head_json":{"title":"Musicalidade afro e muito samba no p\u00e9 deram o tom no in\u00edcio do segundo dia do \u2018#SouManaus 2023\u2019","description":"Celebrando a diversidade cultural, James Rios e Zeca Pagodinho abriram o segundo dia do \u201c#SouManaus Passo a Pa\u00e7o 2023\u201d, promovido pela Prefeitura de Manaus, no Palco Bradesco - Guardi\u00e3o da Amaz\u00f4nia, nesta quarta-feira, 6\/9.","robots":{"index":"noindex","follow":"follow"},"og_locale":"pt_BR","og_type":"article","og_title":"Musicalidade afro e muito samba no p\u00e9 deram o tom no in\u00edcio do segundo dia do \u2018#SouManaus 2023\u2019","og_description":"Celebrando a diversidade cultural, James Rios e Zeca Pagodinho abriram o segundo dia do \u201c#SouManaus Passo a Pa\u00e7o 2023\u201d, promovido pela Prefeitura de Manaus, no Palco Bradesco - Guardi\u00e3o da Amaz\u00f4nia, nesta quarta-feira, 6\/9.","og_url":"https:\/\/www.manaus.am.gov.br\/manauscult\/musicalidade-afro-e-muito-samba-no-pe-deram-o-tom-no-inicio-do-segundo-dia-do-soumanaus-2023\/","og_site_name":"MANAUSCULT","article_published_time":"2023-09-07T01:49:33+00:00","article_modified_time":"2023-09-07T01:49:34+00:00","og_image":[{"width":2048,"height":1365,"url":"https:\/\/www.manaus.am.gov.br\/manauscult\/wp-content\/uploads\/sites\/11\/2023\/09\/53169612556_06b27ad1f0_k.jpg","type":"image\/jpeg"}],"author":"Bruna Greco","twitter_card":"summary_large_image","twitter_misc":{"Written by":"Bruna Greco","Est. reading time":"2 minutos"},"schema":{"@context":"https:\/\/schema.org","@graph":[{"@type":"WebPage","@id":"https:\/\/www.manaus.am.gov.br\/manauscult\/musicalidade-afro-e-muito-samba-no-pe-deram-o-tom-no-inicio-do-segundo-dia-do-soumanaus-2023\/","url":"https:\/\/www.manaus.am.gov.br\/manauscult\/musicalidade-afro-e-muito-samba-no-pe-deram-o-tom-no-inicio-do-segundo-dia-do-soumanaus-2023\/","name":"Musicalidade afro e muito samba no p\u00e9 deram o tom no in\u00edcio do segundo dia do \u2018#SouManaus 2023\u2019","isPartOf":{"@id":"https:\/\/www.manaus.am.gov.br\/manauscult\/#website"},"primaryImageOfPage":{"@id":"https:\/\/www.manaus.am.gov.br\/manauscult\/musicalidade-afro-e-muito-samba-no-pe-deram-o-tom-no-inicio-do-segundo-dia-do-soumanaus-2023\/#primaryimage"},"image":{"@id":"https:\/\/www.manaus.am.gov.br\/manauscult\/musicalidade-afro-e-muito-samba-no-pe-deram-o-tom-no-inicio-do-segundo-dia-do-soumanaus-2023\/#primaryimage"},"thumbnailUrl":"https:\/\/www.manaus.am.gov.br\/manauscult\/wp-content\/uploads\/sites\/11\/2023\/09\/53169612556_06b27ad1f0_k.jpg","datePublished":"2023-09-07T01:49:33+00:00","dateModified":"2023-09-07T01:49:34+00:00","author":{"@id":"https:\/\/www.manaus.am.gov.br\/manauscult\/#\/schema\/person\/05d223aea2bf115f9883a6ff3683d81b"},"description":"Celebrando a diversidade cultural, James Rios e Zeca Pagodinho abriram o segundo dia do \u201c#SouManaus Passo a Pa\u00e7o 2023\u201d, promovido pela Prefeitura de Manaus, no Palco Bradesco - Guardi\u00e3o da Amaz\u00f4nia, nesta quarta-feira, 6\/9.","breadcrumb":{"@id":"https:\/\/www.manaus.am.gov.br\/manauscult\/musicalidade-afro-e-muito-samba-no-pe-deram-o-tom-no-inicio-do-segundo-dia-do-soumanaus-2023\/#breadcrumb"},"inLanguage":"pt-BR","potentialAction":[{"@type":"ReadAction","target":["https:\/\/www.manaus.am.gov.br\/manauscult\/musicalidade-afro-e-muito-samba-no-pe-deram-o-tom-no-inicio-do-segundo-dia-do-soumanaus-2023\/"]}]},{"@type":"ImageObject","inLanguage":"pt-BR","@id":"https:\/\/www.manaus.am.gov.br\/manauscult\/musicalidade-afro-e-muito-samba-no-pe-deram-o-tom-no-inicio-do-segundo-dia-do-soumanaus-2023\/#primaryimage","url":"https:\/\/www.manaus.am.gov.br\/manauscult\/wp-content\/uploads\/sites\/11\/2023\/09\/53169612556_06b27ad1f0_k.jpg","contentUrl":"https:\/\/www.manaus.am.gov.br\/manauscult\/wp-content\/uploads\/sites\/11\/2023\/09\/53169612556_06b27ad1f0_k.jpg","width":2048,"height":1365},{"@type":"BreadcrumbList","@id":"https:\/\/www.manaus.am.gov.br\/manauscult\/musicalidade-afro-e-muito-samba-no-pe-deram-o-tom-no-inicio-do-segundo-dia-do-soumanaus-2023\/#breadcrumb","itemListElement":[{"@type":"ListItem","position":1,"name":"Home","item":"https:\/\/www.manaus.am.gov.br\/manauscult\/"},{"@type":"ListItem","position":2,"name":"Musicalidade afro e muito samba no p\u00e9 deram o tom no in\u00edcio do segundo dia do \u2018#SouManaus 2023\u2019"}]},{"@type":"WebSite","@id":"https:\/\/www.manaus.am.gov.br\/manauscult\/#website","url":"https:\/\/www.manaus.am.gov.br\/manauscult\/","name":"MANAUSCULT","description":"Prefeitura de Manaus","potentialAction":[{"@type":"SearchAction","target":{"@type":"EntryPoint","urlTemplate":"https:\/\/www.manaus.am.gov.br\/manauscult\/?s={search_term_string}"},"query-input":"required name=search_term_string"}],"inLanguage":"pt-BR"},{"@type":"Person","@id":"https:\/\/www.manaus.am.gov.br\/manauscult\/#\/schema\/person\/05d223aea2bf115f9883a6ff3683d81b","name":"Bruna Greco","image":{"@type":"ImageObject","inLanguage":"pt-BR","@id":"https:\/\/www.manaus.am.gov.br\/manauscult\/#\/schema\/person\/image\/","url":"https:\/\/secure.gravatar.com\/avatar\/9c877d1a6adc2a055330e5c09a8653ce?s=96&d=mm&r=g","contentUrl":"https:\/\/secure.gravatar.com\/avatar\/9c877d1a6adc2a055330e5c09a8653ce?s=96&d=mm&r=g","caption":"Bruna Greco"}}]}},"_links":{"self":[{"href":"https:\/\/www.manaus.am.gov.br\/manauscult\/wp-json\/wp\/v2\/posts\/1391"}],"collection":[{"href":"https:\/\/www.manaus.am.gov.br\/manauscult\/wp-json\/wp\/v2\/posts"}],"about":[{"href":"https:\/\/www.manaus.am.gov.br\/manauscult\/wp-json\/wp\/v2\/types\/post"}],"author":[{"embeddable":true,"href":"https:\/\/www.manaus.am.gov.br\/manauscult\/wp-json\/wp\/v2\/users\/39"}],"replies":[{"embeddable":true,"href":"https:\/\/www.manaus.am.gov.br\/manauscult\/wp-json\/wp\/v2\/comments?post=1391"}],"version-history":[{"count":0,"href":"https:\/\/www.manaus.am.gov.br\/manauscult\/wp-json\/wp\/v2\/posts\/1391\/revisions"}],"wp:featuredmedia":[{"embeddable":true,"href":"https:\/\/www.manaus.am.gov.br\/manauscult\/wp-json\/wp\/v2\/media\/1392"}],"wp:attachment":[{"href":"https:\/\/www.manaus.am.gov.br\/manauscult\/wp-json\/wp\/v2\/media?parent=1391"}],"wp:term":[{"taxonomy":"category","embeddable":true,"href":"https:\/\/www.manaus.am.gov.br\/manauscult\/wp-json\/wp\/v2\/categories?post=1391"},{"taxonomy":"post_tag","embeddable":true,"href":"https:\/\/www.manaus.am.gov.br\/manauscult\/wp-json\/wp\/v2\/tags?post=1391"}],"curies":[{"name":"wp","href":"https:\/\/api.w.org\/{rel}","templated":true}]}}