{"id":1388,"date":"2023-09-06T21:21:07","date_gmt":"2023-09-07T01:21:07","guid":{"rendered":"https:\/\/www.manaus.am.gov.br\/manauscult\/diversidade-circense-envolve-publico-durante-as-tres-noites-do-soumanaus-2023\/"},"modified":"2023-09-06T21:21:09","modified_gmt":"2023-09-07T01:21:09","slug":"diversidade-circense-envolve-publico-durante-as-tres-noites-do-soumanaus-2023","status":"publish","type":"post","link":"https:\/\/www.manaus.am.gov.br\/manauscult\/diversidade-circense-envolve-publico-durante-as-tres-noites-do-soumanaus-2023\/","title":{"rendered":"<strong>Diversidade circense envolve p\u00fablico durante as tr\u00eas noites do #SouManaus 2023<\/strong>"},"content":{"rendered":"\n<p>O maior festival de artes integradas da regi\u00e3o Norte do Brasil re\u00fane uma diversidade de artistas circenses. Al\u00e9m de palha\u00e7aria, a programa\u00e7\u00e3o tamb\u00e9m conta com malabarismo, faixa acrob\u00e1tica, tens\u00e3o capilar, bambol\u00ea, perna de pau e esquetes.<\/p>\n\n\n\n<p>As apresenta\u00e7\u00f5es ocorrem durante os tr\u00eas dias de forma simult\u00e2nea em tr\u00eas pontos do evento: pra\u00e7a de alimenta\u00e7\u00e3o, palco do circo, localizado na pra\u00e7a Dom Pedro, e teatro da Instala\u00e7\u00e3o, todos de forma livre e gratuita.<\/p>\n\n\n\n<p>Da tarde at\u00e9 a noite, as fam\u00edlias que comparecem ao evento sem a inten\u00e7\u00e3o de acessar os palcos, n\u00e3o resistem \u00e0s apresenta\u00e7\u00f5es dos artistas caracterizados de palha\u00e7os.<\/p>\n\n\n\n<p>&#8220;Adorei vir hoje para passear com meu filho e meu marido e encontrar esse show bem no meio da pra\u00e7a. Os palha\u00e7os s\u00e3o muito animados e cativam a gente de longe&#8221;, destaca Valdeci Ferreira, que estava com o filho de 5 anos.<\/p>\n\n\n\n<p>Anilton Santos, o palha\u00e7o Puxa-Puxa, \u00e9 diretor da Associa\u00e7\u00e3o de Artistas Circenses do Amazonas (AACA), presente pela segunda vez no festival.<\/p>\n\n\n\n<p>&#8220;A AACA foi convidada mais uma vez para participar do #SouManaus e estamos com nossos artistas divididos nos tr\u00eas dias fazendo a alegria de toda a crian\u00e7ada. A participa\u00e7\u00e3o aqui, no palco do Circo \u00e9 gratuita. Tem perna de pau, palha\u00e7o, m\u00e1gico e muita coisa legal para as crian\u00e7as e fam\u00edlias se divertirem&#8221;.<\/p>\n\n\n\n<p>De acordo com Wallace Roberto, diretor de Cultura da Manauscult, o #SouManaus conta com um total de 47 artistas circenses este ano, sendo 35 da palha\u00e7aria.<\/p>\n\n\n\n<p>Para Marcos Efraim, o palha\u00e7o Felpudo, o evento \u00e9 importante pela oportunidade que os artistas locais recebem.<\/p>\n\n\n\n<p>&#8220;O festival \u00e9 muito grande e tem muita visibilidade. O #SouManaus \u00e9 uma grande janela, muitos artistas s\u00e3o vistos nele e este ano temos mais artistas circenses participando do que no ano passado&#8221;.<\/p>\n\n\n\n<p>Al\u00e9m da programa\u00e7\u00e3o de circo, o #SouManaus Passo a Pa\u00e7o 2023 tamb\u00e9m traz apresenta\u00e7\u00f5es de dan\u00e7a, teatro e&nbsp;<em>stand up<\/em>&nbsp;durante os tr\u00eas dias, reunindo mais de 600 artistas locais.<\/p>\n\n\n\n<p>&#8212; &#8212; &#8212;<\/p>\n\n\n\n<p><strong>Texto<\/strong>&nbsp;&#8211; Nendra Sued \/ Semcom<\/p>\n\n\n\n<p><strong>Fotos<\/strong>&nbsp;&#8211; Antonio Pereira \/ Casa&nbsp;Civil&nbsp;<\/p>\n","protected":false},"excerpt":{"rendered":"","protected":false},"author":31,"featured_media":1389,"comment_status":"closed","ping_status":"closed","sticky":false,"template":"","format":"standard","meta":{"footnotes":""},"categories":[508],"tags":[168,611,329,612],"acf":[],"yoast_head":"<!-- This site is optimized with the Yoast SEO plugin v23.0 - https:\/\/yoast.com\/wordpress\/plugins\/seo\/ -->\n<title>Diversidade circense envolve p\u00fablico durante as tr\u00eas noites do #SouManaus 2023 - MANAUSCULT<\/title>\n<meta name=\"robots\" content=\"noindex, follow\" \/>\n<meta property=\"og:locale\" content=\"pt_BR\" \/>\n<meta property=\"og:type\" content=\"article\" \/>\n<meta property=\"og:title\" content=\"Diversidade circense envolve p\u00fablico durante as tr\u00eas noites do #SouManaus 2023 - MANAUSCULT\" \/>\n<meta property=\"og:url\" content=\"https:\/\/www.manaus.am.gov.br\/manauscult\/diversidade-circense-envolve-publico-durante-as-tres-noites-do-soumanaus-2023\/\" \/>\n<meta property=\"og:site_name\" content=\"MANAUSCULT\" \/>\n<meta property=\"article:published_time\" content=\"2023-09-07T01:21:07+00:00\" \/>\n<meta property=\"article:modified_time\" content=\"2023-09-07T01:21:09+00:00\" \/>\n<meta property=\"og:image\" content=\"https:\/\/www.manaus.am.gov.br\/manauscult\/wp-content\/uploads\/sites\/11\/2023\/09\/IMG-20230906-WA0124.jpg\" \/>\n\t<meta property=\"og:image:width\" content=\"1600\" \/>\n\t<meta property=\"og:image:height\" content=\"1066\" \/>\n\t<meta property=\"og:image:type\" content=\"image\/jpeg\" \/>\n<meta name=\"author\" content=\"Renata Felix\" \/>\n<meta name=\"twitter:card\" content=\"summary_large_image\" \/>\n<meta name=\"twitter:label1\" content=\"Written by\" \/>\n\t<meta name=\"twitter:data1\" content=\"Renata Felix\" \/>\n\t<meta name=\"twitter:label2\" content=\"Est. reading time\" \/>\n\t<meta name=\"twitter:data2\" content=\"2 minutos\" \/>\n<script type=\"application\/ld+json\" class=\"yoast-schema-graph\">{\"@context\":\"https:\/\/schema.org\",\"@graph\":[{\"@type\":\"WebPage\",\"@id\":\"https:\/\/www.manaus.am.gov.br\/manauscult\/diversidade-circense-envolve-publico-durante-as-tres-noites-do-soumanaus-2023\/\",\"url\":\"https:\/\/www.manaus.am.gov.br\/manauscult\/diversidade-circense-envolve-publico-durante-as-tres-noites-do-soumanaus-2023\/\",\"name\":\"Diversidade circense envolve p\u00fablico durante as tr\u00eas noites do #SouManaus 2023 - MANAUSCULT\",\"isPartOf\":{\"@id\":\"https:\/\/www.manaus.am.gov.br\/manauscult\/#website\"},\"primaryImageOfPage\":{\"@id\":\"https:\/\/www.manaus.am.gov.br\/manauscult\/diversidade-circense-envolve-publico-durante-as-tres-noites-do-soumanaus-2023\/#primaryimage\"},\"image\":{\"@id\":\"https:\/\/www.manaus.am.gov.br\/manauscult\/diversidade-circense-envolve-publico-durante-as-tres-noites-do-soumanaus-2023\/#primaryimage\"},\"thumbnailUrl\":\"https:\/\/www.manaus.am.gov.br\/manauscult\/wp-content\/uploads\/sites\/11\/2023\/09\/IMG-20230906-WA0124.jpg\",\"datePublished\":\"2023-09-07T01:21:07+00:00\",\"dateModified\":\"2023-09-07T01:21:09+00:00\",\"author\":{\"@id\":\"https:\/\/www.manaus.am.gov.br\/manauscult\/#\/schema\/person\/4eea2a8f78dc853097abb026f728aa06\"},\"breadcrumb\":{\"@id\":\"https:\/\/www.manaus.am.gov.br\/manauscult\/diversidade-circense-envolve-publico-durante-as-tres-noites-do-soumanaus-2023\/#breadcrumb\"},\"inLanguage\":\"pt-BR\",\"potentialAction\":[{\"@type\":\"ReadAction\",\"target\":[\"https:\/\/www.manaus.am.gov.br\/manauscult\/diversidade-circense-envolve-publico-durante-as-tres-noites-do-soumanaus-2023\/\"]}]},{\"@type\":\"ImageObject\",\"inLanguage\":\"pt-BR\",\"@id\":\"https:\/\/www.manaus.am.gov.br\/manauscult\/diversidade-circense-envolve-publico-durante-as-tres-noites-do-soumanaus-2023\/#primaryimage\",\"url\":\"https:\/\/www.manaus.am.gov.br\/manauscult\/wp-content\/uploads\/sites\/11\/2023\/09\/IMG-20230906-WA0124.jpg\",\"contentUrl\":\"https:\/\/www.manaus.am.gov.br\/manauscult\/wp-content\/uploads\/sites\/11\/2023\/09\/IMG-20230906-WA0124.jpg\",\"width\":1600,\"height\":1066},{\"@type\":\"BreadcrumbList\",\"@id\":\"https:\/\/www.manaus.am.gov.br\/manauscult\/diversidade-circense-envolve-publico-durante-as-tres-noites-do-soumanaus-2023\/#breadcrumb\",\"itemListElement\":[{\"@type\":\"ListItem\",\"position\":1,\"name\":\"Home\",\"item\":\"https:\/\/www.manaus.am.gov.br\/manauscult\/\"},{\"@type\":\"ListItem\",\"position\":2,\"name\":\"Diversidade circense envolve p\u00fablico durante as tr\u00eas noites do #SouManaus 2023\"}]},{\"@type\":\"WebSite\",\"@id\":\"https:\/\/www.manaus.am.gov.br\/manauscult\/#website\",\"url\":\"https:\/\/www.manaus.am.gov.br\/manauscult\/\",\"name\":\"MANAUSCULT\",\"description\":\"Prefeitura de Manaus\",\"potentialAction\":[{\"@type\":\"SearchAction\",\"target\":{\"@type\":\"EntryPoint\",\"urlTemplate\":\"https:\/\/www.manaus.am.gov.br\/manauscult\/?s={search_term_string}\"},\"query-input\":\"required name=search_term_string\"}],\"inLanguage\":\"pt-BR\"},{\"@type\":\"Person\",\"@id\":\"https:\/\/www.manaus.am.gov.br\/manauscult\/#\/schema\/person\/4eea2a8f78dc853097abb026f728aa06\",\"name\":\"Renata Felix\",\"image\":{\"@type\":\"ImageObject\",\"inLanguage\":\"pt-BR\",\"@id\":\"https:\/\/www.manaus.am.gov.br\/manauscult\/#\/schema\/person\/image\/\",\"url\":\"https:\/\/secure.gravatar.com\/avatar\/3c196cf9d3b837b24c8edb2c50fd8f29?s=96&d=mm&r=g\",\"contentUrl\":\"https:\/\/secure.gravatar.com\/avatar\/3c196cf9d3b837b24c8edb2c50fd8f29?s=96&d=mm&r=g\",\"caption\":\"Renata Felix\"}}]}<\/script>\n<!-- \/ Yoast SEO plugin. -->","yoast_head_json":{"title":"Diversidade circense envolve p\u00fablico durante as tr\u00eas noites do #SouManaus 2023 - MANAUSCULT","robots":{"index":"noindex","follow":"follow"},"og_locale":"pt_BR","og_type":"article","og_title":"Diversidade circense envolve p\u00fablico durante as tr\u00eas noites do #SouManaus 2023 - MANAUSCULT","og_url":"https:\/\/www.manaus.am.gov.br\/manauscult\/diversidade-circense-envolve-publico-durante-as-tres-noites-do-soumanaus-2023\/","og_site_name":"MANAUSCULT","article_published_time":"2023-09-07T01:21:07+00:00","article_modified_time":"2023-09-07T01:21:09+00:00","og_image":[{"width":1600,"height":1066,"url":"https:\/\/www.manaus.am.gov.br\/manauscult\/wp-content\/uploads\/sites\/11\/2023\/09\/IMG-20230906-WA0124.jpg","type":"image\/jpeg"}],"author":"Renata Felix","twitter_card":"summary_large_image","twitter_misc":{"Written by":"Renata Felix","Est. reading time":"2 minutos"},"schema":{"@context":"https:\/\/schema.org","@graph":[{"@type":"WebPage","@id":"https:\/\/www.manaus.am.gov.br\/manauscult\/diversidade-circense-envolve-publico-durante-as-tres-noites-do-soumanaus-2023\/","url":"https:\/\/www.manaus.am.gov.br\/manauscult\/diversidade-circense-envolve-publico-durante-as-tres-noites-do-soumanaus-2023\/","name":"Diversidade circense envolve p\u00fablico durante as tr\u00eas noites do #SouManaus 2023 - MANAUSCULT","isPartOf":{"@id":"https:\/\/www.manaus.am.gov.br\/manauscult\/#website"},"primaryImageOfPage":{"@id":"https:\/\/www.manaus.am.gov.br\/manauscult\/diversidade-circense-envolve-publico-durante-as-tres-noites-do-soumanaus-2023\/#primaryimage"},"image":{"@id":"https:\/\/www.manaus.am.gov.br\/manauscult\/diversidade-circense-envolve-publico-durante-as-tres-noites-do-soumanaus-2023\/#primaryimage"},"thumbnailUrl":"https:\/\/www.manaus.am.gov.br\/manauscult\/wp-content\/uploads\/sites\/11\/2023\/09\/IMG-20230906-WA0124.jpg","datePublished":"2023-09-07T01:21:07+00:00","dateModified":"2023-09-07T01:21:09+00:00","author":{"@id":"https:\/\/www.manaus.am.gov.br\/manauscult\/#\/schema\/person\/4eea2a8f78dc853097abb026f728aa06"},"breadcrumb":{"@id":"https:\/\/www.manaus.am.gov.br\/manauscult\/diversidade-circense-envolve-publico-durante-as-tres-noites-do-soumanaus-2023\/#breadcrumb"},"inLanguage":"pt-BR","potentialAction":[{"@type":"ReadAction","target":["https:\/\/www.manaus.am.gov.br\/manauscult\/diversidade-circense-envolve-publico-durante-as-tres-noites-do-soumanaus-2023\/"]}]},{"@type":"ImageObject","inLanguage":"pt-BR","@id":"https:\/\/www.manaus.am.gov.br\/manauscult\/diversidade-circense-envolve-publico-durante-as-tres-noites-do-soumanaus-2023\/#primaryimage","url":"https:\/\/www.manaus.am.gov.br\/manauscult\/wp-content\/uploads\/sites\/11\/2023\/09\/IMG-20230906-WA0124.jpg","contentUrl":"https:\/\/www.manaus.am.gov.br\/manauscult\/wp-content\/uploads\/sites\/11\/2023\/09\/IMG-20230906-WA0124.jpg","width":1600,"height":1066},{"@type":"BreadcrumbList","@id":"https:\/\/www.manaus.am.gov.br\/manauscult\/diversidade-circense-envolve-publico-durante-as-tres-noites-do-soumanaus-2023\/#breadcrumb","itemListElement":[{"@type":"ListItem","position":1,"name":"Home","item":"https:\/\/www.manaus.am.gov.br\/manauscult\/"},{"@type":"ListItem","position":2,"name":"Diversidade circense envolve p\u00fablico durante as tr\u00eas noites do #SouManaus 2023"}]},{"@type":"WebSite","@id":"https:\/\/www.manaus.am.gov.br\/manauscult\/#website","url":"https:\/\/www.manaus.am.gov.br\/manauscult\/","name":"MANAUSCULT","description":"Prefeitura de Manaus","potentialAction":[{"@type":"SearchAction","target":{"@type":"EntryPoint","urlTemplate":"https:\/\/www.manaus.am.gov.br\/manauscult\/?s={search_term_string}"},"query-input":"required name=search_term_string"}],"inLanguage":"pt-BR"},{"@type":"Person","@id":"https:\/\/www.manaus.am.gov.br\/manauscult\/#\/schema\/person\/4eea2a8f78dc853097abb026f728aa06","name":"Renata Felix","image":{"@type":"ImageObject","inLanguage":"pt-BR","@id":"https:\/\/www.manaus.am.gov.br\/manauscult\/#\/schema\/person\/image\/","url":"https:\/\/secure.gravatar.com\/avatar\/3c196cf9d3b837b24c8edb2c50fd8f29?s=96&d=mm&r=g","contentUrl":"https:\/\/secure.gravatar.com\/avatar\/3c196cf9d3b837b24c8edb2c50fd8f29?s=96&d=mm&r=g","caption":"Renata Felix"}}]}},"_links":{"self":[{"href":"https:\/\/www.manaus.am.gov.br\/manauscult\/wp-json\/wp\/v2\/posts\/1388"}],"collection":[{"href":"https:\/\/www.manaus.am.gov.br\/manauscult\/wp-json\/wp\/v2\/posts"}],"about":[{"href":"https:\/\/www.manaus.am.gov.br\/manauscult\/wp-json\/wp\/v2\/types\/post"}],"author":[{"embeddable":true,"href":"https:\/\/www.manaus.am.gov.br\/manauscult\/wp-json\/wp\/v2\/users\/31"}],"replies":[{"embeddable":true,"href":"https:\/\/www.manaus.am.gov.br\/manauscult\/wp-json\/wp\/v2\/comments?post=1388"}],"version-history":[{"count":0,"href":"https:\/\/www.manaus.am.gov.br\/manauscult\/wp-json\/wp\/v2\/posts\/1388\/revisions"}],"wp:featuredmedia":[{"embeddable":true,"href":"https:\/\/www.manaus.am.gov.br\/manauscult\/wp-json\/wp\/v2\/media\/1389"}],"wp:attachment":[{"href":"https:\/\/www.manaus.am.gov.br\/manauscult\/wp-json\/wp\/v2\/media?parent=1388"}],"wp:term":[{"taxonomy":"category","embeddable":true,"href":"https:\/\/www.manaus.am.gov.br\/manauscult\/wp-json\/wp\/v2\/categories?post=1388"},{"taxonomy":"post_tag","embeddable":true,"href":"https:\/\/www.manaus.am.gov.br\/manauscult\/wp-json\/wp\/v2\/tags?post=1388"}],"curies":[{"name":"wp","href":"https:\/\/api.w.org\/{rel}","templated":true}]}}