{"id":1386,"date":"2023-09-06T21:17:54","date_gmt":"2023-09-07T01:17:54","guid":{"rendered":"https:\/\/www.manaus.am.gov.br\/manauscult\/soumanaus-2023-se-consagra-como-melhor-evento-para-toda-familia\/"},"modified":"2023-09-06T21:34:02","modified_gmt":"2023-09-07T01:34:02","slug":"soumanaus-2023-se-consagra-como-melhor-evento-para-toda-familia","status":"publish","type":"post","link":"https:\/\/www.manaus.am.gov.br\/manauscult\/soumanaus-2023-se-consagra-como-melhor-evento-para-toda-familia\/","title":{"rendered":"<strong>\u2018#SouManaus 2023\u2019 se consagra como melhor evento para toda fam\u00edlia<\/strong>"},"content":{"rendered":"\n<p>Com uma programa\u00e7\u00e3o art\u00edstica, cultural e gastron\u00f4mica diversificada, o \u201c#SouManaus Passo a Pa\u00e7o 2023\u201d, realizado pela Prefeitura de Manaus, se tornou uma experi\u00eancia ultrassensorial para as mais de 170 mil pessoas que j\u00e1 passaram pelo maior evento de artes integradas do Norte do pa\u00eds. A line-up de m\u00fasica re\u00fane in\u00fameros talentos locais, nacionais e at\u00e9 internacional, proporcionando aos visitantes uma experi\u00eancia \u00fanica de entretenimento.<\/p>\n\n\n\n<p>A dona de casa Leida de Santos, de 54 anos, trouxe toda a fam\u00edlia para assistir a sua banda preferida da juventude. &#8220;Estou superansiosa para assistir ao show do Biqu\u00edni Cavad\u00e3o. Depois de anos, \u00e9 uma emo\u00e7\u00e3o ver a banda que embalou a minha juventude e tudo aqui na minha cidade&#8221;, disse entusiasmada, cantando o refr\u00e3o da sua m\u00fasica preferida.<\/p>\n\n\n\n<p>Participando pelo segundo ano do festival, Francisca Fran\u00e7a, de 52 anos, se surpreendeu com a estrutura do megaevento. &#8220;Fiquei muito feliz em ver a magnitude da estrutura do evento, tudo est\u00e1 extremamente organizado, me sinto realmente segura para vir com a minha fam\u00edlia&#8221;.<\/p>\n\n\n\n<p>A empres\u00e1ria Renata Esperan\u00e7a, de 38 anos, veio com as amigas conferir a apresenta\u00e7\u00e3o do sambista Zeca Pagodinho. Ela conta que estava ansiosa para o show. &#8220;Est\u00e1 tudo maravilhoso, sensacional, o evento n\u00e3o deixa nada a desejar para os eventos do Rio de Janeiro e S\u00e3o Paulo. A Prefeitura de Manaus est\u00e1 de parab\u00e9ns por nos oferecer um espet\u00e1culo desses com toda essa estrutura e seguran\u00e7a&#8221;.<\/p>\n\n\n\n<p>Com a programa\u00e7\u00e3o voltada para todas as idades, shows como o da artista Marina Sena e do cantor&nbsp;Kevin o Chris&nbsp;s\u00e3o uns dos preferidos e mais aguardados pelos jovens nesta segunda noite de evento no palco Guardi\u00e3o da Amaz\u00f4nia, como \u00e9 o caso da estudante Yumi Ishiba, de 23 anos, que reuniu os amigos para assistir \u00e0 apresenta\u00e7\u00e3o.&nbsp;<\/p>\n\n\n\n<p>&#8220;Estou ansiosa para assistir a esses shows. Eu e meus amigos est\u00e1vamos contando os dias para isso, desde quando anunciaram os nomes do evento. E foi uma grata surpresa chegar aqui e ver toda a grandeza desse festival. Com toda certeza, Manaus est\u00e1 na rota dos grandes festivais do Brasil&#8221;, finalizou.<\/p>\n\n\n\n<p>O espa\u00e7o abriga, ainda, feira de artesanato, brech\u00f3 e \u00e1reas para segmentos art\u00edsticos como a dan\u00e7a, teatro, literatura, arte visual, circo, cultura urbana com hip hop, B-Boys, grafiteiros, rappers, DJs, slackline, skatistas, entre outras manifesta\u00e7\u00f5es culturais.&nbsp;<\/p>\n\n\n\n<p>&#8212; &#8212; &#8212;<\/p>\n\n\n\n<p><strong>Texto &#8211;<\/strong> Naira Nascimento \/ Semcom<\/p>\n\n\n\n<p><strong>Foto<\/strong> &#8211; Phil Limma \/ Semcom<\/p>\n","protected":false},"excerpt":{"rendered":"","protected":false},"author":39,"featured_media":1387,"comment_status":"closed","ping_status":"closed","sticky":false,"template":"","format":"standard","meta":{"footnotes":""},"categories":[508],"tags":[168,608,609,9,610,11],"acf":[],"yoast_head":"<!-- This site is optimized with the Yoast SEO plugin v23.0 - https:\/\/yoast.com\/wordpress\/plugins\/seo\/ -->\n<title>\u2018#SouManaus 2023\u2019 se consagra como melhor evento para toda fam\u00edlia<\/title>\n<meta name=\"description\" content=\"Com uma programa\u00e7\u00e3o art\u00edstica, cultural e gastron\u00f4mica diversificada, o \u201c#SouManaus Passo a Pa\u00e7o 2023\u201d se tornou uma experi\u00eancia ultrassensorial para as mais de 170 mil pessoas que j\u00e1 passaram pelo maior evento de artes integradas do Norte do pa\u00eds.\" \/>\n<meta name=\"robots\" content=\"noindex, follow\" \/>\n<meta property=\"og:locale\" content=\"pt_BR\" \/>\n<meta property=\"og:type\" content=\"article\" \/>\n<meta property=\"og:title\" content=\"\u2018#SouManaus 2023\u2019 se consagra como melhor evento para toda fam\u00edlia\" \/>\n<meta property=\"og:description\" content=\"Com uma programa\u00e7\u00e3o art\u00edstica, cultural e gastron\u00f4mica diversificada, o \u201c#SouManaus Passo a Pa\u00e7o 2023\u201d se tornou uma experi\u00eancia ultrassensorial para as mais de 170 mil pessoas que j\u00e1 passaram pelo maior evento de artes integradas do Norte do pa\u00eds.\" \/>\n<meta property=\"og:url\" content=\"https:\/\/www.manaus.am.gov.br\/manauscult\/soumanaus-2023-se-consagra-como-melhor-evento-para-toda-familia\/\" \/>\n<meta property=\"og:site_name\" content=\"MANAUSCULT\" \/>\n<meta property=\"article:published_time\" content=\"2023-09-07T01:17:54+00:00\" \/>\n<meta property=\"article:modified_time\" content=\"2023-09-07T01:34:02+00:00\" \/>\n<meta property=\"og:image\" content=\"https:\/\/www.manaus.am.gov.br\/manauscult\/wp-content\/uploads\/sites\/11\/2023\/09\/SouManaus-2023-se-consagra-como-melhor-evento-para-toda-familia-4.jpeg\" \/>\n\t<meta property=\"og:image:width\" content=\"1600\" \/>\n\t<meta property=\"og:image:height\" content=\"1066\" \/>\n\t<meta property=\"og:image:type\" content=\"image\/jpeg\" \/>\n<meta name=\"author\" content=\"Bruna Greco\" \/>\n<meta name=\"twitter:card\" content=\"summary_large_image\" \/>\n<meta name=\"twitter:label1\" content=\"Written by\" \/>\n\t<meta name=\"twitter:data1\" content=\"Bruna Greco\" \/>\n\t<meta name=\"twitter:label2\" content=\"Est. reading time\" \/>\n\t<meta name=\"twitter:data2\" content=\"3 minutos\" \/>\n<script type=\"application\/ld+json\" class=\"yoast-schema-graph\">{\"@context\":\"https:\/\/schema.org\",\"@graph\":[{\"@type\":\"WebPage\",\"@id\":\"https:\/\/www.manaus.am.gov.br\/manauscult\/soumanaus-2023-se-consagra-como-melhor-evento-para-toda-familia\/\",\"url\":\"https:\/\/www.manaus.am.gov.br\/manauscult\/soumanaus-2023-se-consagra-como-melhor-evento-para-toda-familia\/\",\"name\":\"\u2018#SouManaus 2023\u2019 se consagra como melhor evento para toda fam\u00edlia\",\"isPartOf\":{\"@id\":\"https:\/\/www.manaus.am.gov.br\/manauscult\/#website\"},\"primaryImageOfPage\":{\"@id\":\"https:\/\/www.manaus.am.gov.br\/manauscult\/soumanaus-2023-se-consagra-como-melhor-evento-para-toda-familia\/#primaryimage\"},\"image\":{\"@id\":\"https:\/\/www.manaus.am.gov.br\/manauscult\/soumanaus-2023-se-consagra-como-melhor-evento-para-toda-familia\/#primaryimage\"},\"thumbnailUrl\":\"https:\/\/www.manaus.am.gov.br\/manauscult\/wp-content\/uploads\/sites\/11\/2023\/09\/SouManaus-2023-se-consagra-como-melhor-evento-para-toda-familia-4.jpeg\",\"datePublished\":\"2023-09-07T01:17:54+00:00\",\"dateModified\":\"2023-09-07T01:34:02+00:00\",\"author\":{\"@id\":\"https:\/\/www.manaus.am.gov.br\/manauscult\/#\/schema\/person\/05d223aea2bf115f9883a6ff3683d81b\"},\"description\":\"Com uma programa\u00e7\u00e3o art\u00edstica, cultural e gastron\u00f4mica diversificada, o \u201c#SouManaus Passo a Pa\u00e7o 2023\u201d se tornou uma experi\u00eancia ultrassensorial para as mais de 170 mil pessoas que j\u00e1 passaram pelo maior evento de artes integradas do Norte do pa\u00eds.\",\"breadcrumb\":{\"@id\":\"https:\/\/www.manaus.am.gov.br\/manauscult\/soumanaus-2023-se-consagra-como-melhor-evento-para-toda-familia\/#breadcrumb\"},\"inLanguage\":\"pt-BR\",\"potentialAction\":[{\"@type\":\"ReadAction\",\"target\":[\"https:\/\/www.manaus.am.gov.br\/manauscult\/soumanaus-2023-se-consagra-como-melhor-evento-para-toda-familia\/\"]}]},{\"@type\":\"ImageObject\",\"inLanguage\":\"pt-BR\",\"@id\":\"https:\/\/www.manaus.am.gov.br\/manauscult\/soumanaus-2023-se-consagra-como-melhor-evento-para-toda-familia\/#primaryimage\",\"url\":\"https:\/\/www.manaus.am.gov.br\/manauscult\/wp-content\/uploads\/sites\/11\/2023\/09\/SouManaus-2023-se-consagra-como-melhor-evento-para-toda-familia-4.jpeg\",\"contentUrl\":\"https:\/\/www.manaus.am.gov.br\/manauscult\/wp-content\/uploads\/sites\/11\/2023\/09\/SouManaus-2023-se-consagra-como-melhor-evento-para-toda-familia-4.jpeg\",\"width\":1600,\"height\":1066},{\"@type\":\"BreadcrumbList\",\"@id\":\"https:\/\/www.manaus.am.gov.br\/manauscult\/soumanaus-2023-se-consagra-como-melhor-evento-para-toda-familia\/#breadcrumb\",\"itemListElement\":[{\"@type\":\"ListItem\",\"position\":1,\"name\":\"Home\",\"item\":\"https:\/\/www.manaus.am.gov.br\/manauscult\/\"},{\"@type\":\"ListItem\",\"position\":2,\"name\":\"\u2018#SouManaus 2023\u2019 se consagra como melhor evento para toda fam\u00edlia\"}]},{\"@type\":\"WebSite\",\"@id\":\"https:\/\/www.manaus.am.gov.br\/manauscult\/#website\",\"url\":\"https:\/\/www.manaus.am.gov.br\/manauscult\/\",\"name\":\"MANAUSCULT\",\"description\":\"Prefeitura de Manaus\",\"potentialAction\":[{\"@type\":\"SearchAction\",\"target\":{\"@type\":\"EntryPoint\",\"urlTemplate\":\"https:\/\/www.manaus.am.gov.br\/manauscult\/?s={search_term_string}\"},\"query-input\":\"required name=search_term_string\"}],\"inLanguage\":\"pt-BR\"},{\"@type\":\"Person\",\"@id\":\"https:\/\/www.manaus.am.gov.br\/manauscult\/#\/schema\/person\/05d223aea2bf115f9883a6ff3683d81b\",\"name\":\"Bruna Greco\",\"image\":{\"@type\":\"ImageObject\",\"inLanguage\":\"pt-BR\",\"@id\":\"https:\/\/www.manaus.am.gov.br\/manauscult\/#\/schema\/person\/image\/\",\"url\":\"https:\/\/secure.gravatar.com\/avatar\/9c877d1a6adc2a055330e5c09a8653ce?s=96&d=mm&r=g\",\"contentUrl\":\"https:\/\/secure.gravatar.com\/avatar\/9c877d1a6adc2a055330e5c09a8653ce?s=96&d=mm&r=g\",\"caption\":\"Bruna Greco\"}}]}<\/script>\n<!-- \/ Yoast SEO plugin. -->","yoast_head_json":{"title":"\u2018#SouManaus 2023\u2019 se consagra como melhor evento para toda fam\u00edlia","description":"Com uma programa\u00e7\u00e3o art\u00edstica, cultural e gastron\u00f4mica diversificada, o \u201c#SouManaus Passo a Pa\u00e7o 2023\u201d se tornou uma experi\u00eancia ultrassensorial para as mais de 170 mil pessoas que j\u00e1 passaram pelo maior evento de artes integradas do Norte do pa\u00eds.","robots":{"index":"noindex","follow":"follow"},"og_locale":"pt_BR","og_type":"article","og_title":"\u2018#SouManaus 2023\u2019 se consagra como melhor evento para toda fam\u00edlia","og_description":"Com uma programa\u00e7\u00e3o art\u00edstica, cultural e gastron\u00f4mica diversificada, o \u201c#SouManaus Passo a Pa\u00e7o 2023\u201d se tornou uma experi\u00eancia ultrassensorial para as mais de 170 mil pessoas que j\u00e1 passaram pelo maior evento de artes integradas do Norte do pa\u00eds.","og_url":"https:\/\/www.manaus.am.gov.br\/manauscult\/soumanaus-2023-se-consagra-como-melhor-evento-para-toda-familia\/","og_site_name":"MANAUSCULT","article_published_time":"2023-09-07T01:17:54+00:00","article_modified_time":"2023-09-07T01:34:02+00:00","og_image":[{"width":1600,"height":1066,"url":"https:\/\/www.manaus.am.gov.br\/manauscult\/wp-content\/uploads\/sites\/11\/2023\/09\/SouManaus-2023-se-consagra-como-melhor-evento-para-toda-familia-4.jpeg","type":"image\/jpeg"}],"author":"Bruna Greco","twitter_card":"summary_large_image","twitter_misc":{"Written by":"Bruna Greco","Est. reading time":"3 minutos"},"schema":{"@context":"https:\/\/schema.org","@graph":[{"@type":"WebPage","@id":"https:\/\/www.manaus.am.gov.br\/manauscult\/soumanaus-2023-se-consagra-como-melhor-evento-para-toda-familia\/","url":"https:\/\/www.manaus.am.gov.br\/manauscult\/soumanaus-2023-se-consagra-como-melhor-evento-para-toda-familia\/","name":"\u2018#SouManaus 2023\u2019 se consagra como melhor evento para toda fam\u00edlia","isPartOf":{"@id":"https:\/\/www.manaus.am.gov.br\/manauscult\/#website"},"primaryImageOfPage":{"@id":"https:\/\/www.manaus.am.gov.br\/manauscult\/soumanaus-2023-se-consagra-como-melhor-evento-para-toda-familia\/#primaryimage"},"image":{"@id":"https:\/\/www.manaus.am.gov.br\/manauscult\/soumanaus-2023-se-consagra-como-melhor-evento-para-toda-familia\/#primaryimage"},"thumbnailUrl":"https:\/\/www.manaus.am.gov.br\/manauscult\/wp-content\/uploads\/sites\/11\/2023\/09\/SouManaus-2023-se-consagra-como-melhor-evento-para-toda-familia-4.jpeg","datePublished":"2023-09-07T01:17:54+00:00","dateModified":"2023-09-07T01:34:02+00:00","author":{"@id":"https:\/\/www.manaus.am.gov.br\/manauscult\/#\/schema\/person\/05d223aea2bf115f9883a6ff3683d81b"},"description":"Com uma programa\u00e7\u00e3o art\u00edstica, cultural e gastron\u00f4mica diversificada, o \u201c#SouManaus Passo a Pa\u00e7o 2023\u201d se tornou uma experi\u00eancia ultrassensorial para as mais de 170 mil pessoas que j\u00e1 passaram pelo maior evento de artes integradas do Norte do pa\u00eds.","breadcrumb":{"@id":"https:\/\/www.manaus.am.gov.br\/manauscult\/soumanaus-2023-se-consagra-como-melhor-evento-para-toda-familia\/#breadcrumb"},"inLanguage":"pt-BR","potentialAction":[{"@type":"ReadAction","target":["https:\/\/www.manaus.am.gov.br\/manauscult\/soumanaus-2023-se-consagra-como-melhor-evento-para-toda-familia\/"]}]},{"@type":"ImageObject","inLanguage":"pt-BR","@id":"https:\/\/www.manaus.am.gov.br\/manauscult\/soumanaus-2023-se-consagra-como-melhor-evento-para-toda-familia\/#primaryimage","url":"https:\/\/www.manaus.am.gov.br\/manauscult\/wp-content\/uploads\/sites\/11\/2023\/09\/SouManaus-2023-se-consagra-como-melhor-evento-para-toda-familia-4.jpeg","contentUrl":"https:\/\/www.manaus.am.gov.br\/manauscult\/wp-content\/uploads\/sites\/11\/2023\/09\/SouManaus-2023-se-consagra-como-melhor-evento-para-toda-familia-4.jpeg","width":1600,"height":1066},{"@type":"BreadcrumbList","@id":"https:\/\/www.manaus.am.gov.br\/manauscult\/soumanaus-2023-se-consagra-como-melhor-evento-para-toda-familia\/#breadcrumb","itemListElement":[{"@type":"ListItem","position":1,"name":"Home","item":"https:\/\/www.manaus.am.gov.br\/manauscult\/"},{"@type":"ListItem","position":2,"name":"\u2018#SouManaus 2023\u2019 se consagra como melhor evento para toda fam\u00edlia"}]},{"@type":"WebSite","@id":"https:\/\/www.manaus.am.gov.br\/manauscult\/#website","url":"https:\/\/www.manaus.am.gov.br\/manauscult\/","name":"MANAUSCULT","description":"Prefeitura de Manaus","potentialAction":[{"@type":"SearchAction","target":{"@type":"EntryPoint","urlTemplate":"https:\/\/www.manaus.am.gov.br\/manauscult\/?s={search_term_string}"},"query-input":"required name=search_term_string"}],"inLanguage":"pt-BR"},{"@type":"Person","@id":"https:\/\/www.manaus.am.gov.br\/manauscult\/#\/schema\/person\/05d223aea2bf115f9883a6ff3683d81b","name":"Bruna Greco","image":{"@type":"ImageObject","inLanguage":"pt-BR","@id":"https:\/\/www.manaus.am.gov.br\/manauscult\/#\/schema\/person\/image\/","url":"https:\/\/secure.gravatar.com\/avatar\/9c877d1a6adc2a055330e5c09a8653ce?s=96&d=mm&r=g","contentUrl":"https:\/\/secure.gravatar.com\/avatar\/9c877d1a6adc2a055330e5c09a8653ce?s=96&d=mm&r=g","caption":"Bruna Greco"}}]}},"_links":{"self":[{"href":"https:\/\/www.manaus.am.gov.br\/manauscult\/wp-json\/wp\/v2\/posts\/1386"}],"collection":[{"href":"https:\/\/www.manaus.am.gov.br\/manauscult\/wp-json\/wp\/v2\/posts"}],"about":[{"href":"https:\/\/www.manaus.am.gov.br\/manauscult\/wp-json\/wp\/v2\/types\/post"}],"author":[{"embeddable":true,"href":"https:\/\/www.manaus.am.gov.br\/manauscult\/wp-json\/wp\/v2\/users\/39"}],"replies":[{"embeddable":true,"href":"https:\/\/www.manaus.am.gov.br\/manauscult\/wp-json\/wp\/v2\/comments?post=1386"}],"version-history":[{"count":1,"href":"https:\/\/www.manaus.am.gov.br\/manauscult\/wp-json\/wp\/v2\/posts\/1386\/revisions"}],"predecessor-version":[{"id":1390,"href":"https:\/\/www.manaus.am.gov.br\/manauscult\/wp-json\/wp\/v2\/posts\/1386\/revisions\/1390"}],"wp:featuredmedia":[{"embeddable":true,"href":"https:\/\/www.manaus.am.gov.br\/manauscult\/wp-json\/wp\/v2\/media\/1387"}],"wp:attachment":[{"href":"https:\/\/www.manaus.am.gov.br\/manauscult\/wp-json\/wp\/v2\/media?parent=1386"}],"wp:term":[{"taxonomy":"category","embeddable":true,"href":"https:\/\/www.manaus.am.gov.br\/manauscult\/wp-json\/wp\/v2\/categories?post=1386"},{"taxonomy":"post_tag","embeddable":true,"href":"https:\/\/www.manaus.am.gov.br\/manauscult\/wp-json\/wp\/v2\/tags?post=1386"}],"curies":[{"name":"wp","href":"https:\/\/api.w.org\/{rel}","templated":true}]}}