{"id":1381,"date":"2023-09-06T20:25:55","date_gmt":"2023-09-07T00:25:55","guid":{"rendered":"https:\/\/www.manaus.am.gov.br\/manauscult\/soumanaus-passo-a-paco-2023-oferece-diversao-para-todos-os-gostos\/"},"modified":"2023-09-06T20:25:56","modified_gmt":"2023-09-07T00:25:56","slug":"soumanaus-passo-a-paco-2023-oferece-diversao-para-todos-os-gostos","status":"publish","type":"post","link":"https:\/\/www.manaus.am.gov.br\/manauscult\/soumanaus-passo-a-paco-2023-oferece-diversao-para-todos-os-gostos\/","title":{"rendered":"<strong>\u2018#SouManaus Passo a Pa\u00e7o 2023\u2019 oferece divers\u00e3o para todos os gostos<\/strong>"},"content":{"rendered":"\n<p>Entrando no segundo dia de programa\u00e7\u00e3o nesta quarta-feira, 6\/9, o \u201c#SouManaus Passo a Pa\u00e7o 2023\u201d, promovido pela Prefeitura de Manaus, por meio da Funda\u00e7\u00e3o Municipal de Cultura, Turismo e Eventos (Manauscult), se consagra como o maior festival de artes integradas da regi\u00e3o Norte, n\u00e3o s\u00f3 pela organiza\u00e7\u00e3o, mas por toda a variedade de divers\u00e3o oferecidas, de forma gratuita, \u00e0 popula\u00e7\u00e3o. Durante os tr\u00eas dias do evento, a \u00e1rea central da cidade se transforma em um \u201ccaldeir\u00e3o cultural\u201d que ferve com op\u00e7\u00f5es para todos os gostos.<\/p>\n\n\n\n<p>Para al\u00e9m de um festival musical, com atra\u00e7\u00f5es locais, nacionais e internacional, o #SouManaus assegura divers\u00e3o para toda a fam\u00edlia \u2013 de crian\u00e7as a adultos -, em um espa\u00e7o de mais de 44 mil metros quadrados, com dez \u00e1reas de ocupa\u00e7\u00e3o, com conforto e seguran\u00e7a.<\/p>\n\n\n\n<p>&#8220;Esse \u00e9 o terceiro ano que venho ao #SouManaus e estou impressionado com a organiza\u00e7\u00e3o. Os servi\u00e7os est\u00e3o bem distribu\u00eddos, temos seguran\u00e7a e podemos aproveitar tudo o que o festival oferece de gra\u00e7a. A cada ano, fica melhor&#8221;, comentou o funcion\u00e1rio p\u00fablico \u00c2ngelo Rodrigues, que estava acompanhado por amigas.<\/p>\n\n\n\n<p>O complexo #SouManaus foi estrategicamente organizado de modo a proporcionar aos visitantes a melhor experi\u00eancia. Na \u00e1rea de gastronomia, s\u00e3o 200 manipuladores de alimentos distribu\u00eddos pela pra\u00e7a de alimenta\u00e7\u00e3o e Feira da Secretaria Municipal de Agricultura, Abastecimento, Centro e Com\u00e9rcio Informal (Semacc), com produtos de qualidade, com pre\u00e7os acess\u00edveis.<\/p>\n\n\n\n<p>&#8220;Estou achando a pra\u00e7a de alimenta\u00e7\u00e3o muito bem organizada, com muitas variedades, que a gente fica em d\u00favida sobre o que escolher entre tantas coisas gostosas. Tamb\u00e9m estou muito empolgada, esperando os shows da noite, principalmente a Marina Sena, de quem sou muito f\u00e3&#8221;, disse a comerciante Luanne Serra.<\/p>\n\n\n\n<p>Para o comerciante Giovanni Oliveira, do ramo de gastronomia, que pela primeira vez participa do #SouManaus, a experi\u00eancia est\u00e1 sendo compensadora. &#8220;Est\u00e1 sendo exatamente como n\u00f3s esper\u00e1vamos. Vendas boas, um p\u00fablico expressivo e bonito. A organiza\u00e7\u00e3o est\u00e1 \u00f3tima e a infraestrutura, excelente&#8221;, elogiou.<\/p>\n\n\n\n<p>O espa\u00e7o abriga, ainda, feira de artesanato, brech\u00f3 e \u00e1reas para segmentos art\u00edsticos como a dan\u00e7a, teatro, literatura, arte visual, circo, cultura urbana com hip hop, B-Boys, grafiteiros, rappers, DJs, slackline, skatistas, entre outras manifesta\u00e7\u00f5es culturais.<\/p>\n\n\n\n<p>&#8212; &#8212; &#8212;<\/p>\n\n\n\n<p><strong>Texto &#8211;<\/strong>&nbsp;Sandra Monteiro \/ Semcom<\/p>\n\n\n\n<p><strong>Fotos &#8211;<\/strong>&nbsp;Thelson Souza \/ Semcom<\/p>\n","protected":false},"excerpt":{"rendered":"","protected":false},"author":39,"featured_media":1382,"comment_status":"closed","ping_status":"closed","sticky":false,"template":"","format":"standard","meta":{"footnotes":""},"categories":[508],"tags":[168,604,9,605,11],"acf":[],"yoast_head":"<!-- This site is optimized with the Yoast SEO plugin v23.0 - https:\/\/yoast.com\/wordpress\/plugins\/seo\/ -->\n<title>\u2018#SouManaus Passo a Pa\u00e7o 2023\u2019 oferece divers\u00e3o para todos os gostos<\/title>\n<meta name=\"description\" content=\"Durante os tr\u00eas dias do evento, a \u00e1rea central da cidade se transforma em um \u201ccaldeir\u00e3o cultural\u201d que ferve com op\u00e7\u00f5es para todos os gostos.\" \/>\n<meta name=\"robots\" content=\"noindex, follow\" \/>\n<meta property=\"og:locale\" content=\"pt_BR\" \/>\n<meta property=\"og:type\" content=\"article\" \/>\n<meta property=\"og:title\" content=\"\u2018#SouManaus Passo a Pa\u00e7o 2023\u2019 oferece divers\u00e3o para todos os gostos\" \/>\n<meta property=\"og:description\" content=\"Durante os tr\u00eas dias do evento, a \u00e1rea central da cidade se transforma em um \u201ccaldeir\u00e3o cultural\u201d que ferve com op\u00e7\u00f5es para todos os gostos.\" \/>\n<meta property=\"og:url\" content=\"https:\/\/www.manaus.am.gov.br\/manauscult\/soumanaus-passo-a-paco-2023-oferece-diversao-para-todos-os-gostos\/\" \/>\n<meta property=\"og:site_name\" content=\"MANAUSCULT\" \/>\n<meta property=\"article:published_time\" content=\"2023-09-07T00:25:55+00:00\" \/>\n<meta property=\"article:modified_time\" content=\"2023-09-07T00:25:56+00:00\" \/>\n<meta property=\"og:image\" content=\"https:\/\/www.manaus.am.gov.br\/manauscult\/wp-content\/uploads\/sites\/11\/2023\/09\/WhatsApp-Image-2023-09-06-at-20.21.57.jpeg\" \/>\n\t<meta property=\"og:image:width\" content=\"1600\" \/>\n\t<meta property=\"og:image:height\" content=\"739\" \/>\n\t<meta property=\"og:image:type\" content=\"image\/jpeg\" \/>\n<meta name=\"author\" content=\"Bruna Greco\" \/>\n<meta name=\"twitter:card\" content=\"summary_large_image\" \/>\n<meta name=\"twitter:label1\" content=\"Written by\" \/>\n\t<meta name=\"twitter:data1\" content=\"Bruna Greco\" \/>\n\t<meta name=\"twitter:label2\" content=\"Est. reading time\" \/>\n\t<meta name=\"twitter:data2\" content=\"3 minutos\" \/>\n<script type=\"application\/ld+json\" class=\"yoast-schema-graph\">{\"@context\":\"https:\/\/schema.org\",\"@graph\":[{\"@type\":\"WebPage\",\"@id\":\"https:\/\/www.manaus.am.gov.br\/manauscult\/soumanaus-passo-a-paco-2023-oferece-diversao-para-todos-os-gostos\/\",\"url\":\"https:\/\/www.manaus.am.gov.br\/manauscult\/soumanaus-passo-a-paco-2023-oferece-diversao-para-todos-os-gostos\/\",\"name\":\"\u2018#SouManaus Passo a Pa\u00e7o 2023\u2019 oferece divers\u00e3o para todos os gostos\",\"isPartOf\":{\"@id\":\"https:\/\/www.manaus.am.gov.br\/manauscult\/#website\"},\"primaryImageOfPage\":{\"@id\":\"https:\/\/www.manaus.am.gov.br\/manauscult\/soumanaus-passo-a-paco-2023-oferece-diversao-para-todos-os-gostos\/#primaryimage\"},\"image\":{\"@id\":\"https:\/\/www.manaus.am.gov.br\/manauscult\/soumanaus-passo-a-paco-2023-oferece-diversao-para-todos-os-gostos\/#primaryimage\"},\"thumbnailUrl\":\"https:\/\/www.manaus.am.gov.br\/manauscult\/wp-content\/uploads\/sites\/11\/2023\/09\/WhatsApp-Image-2023-09-06-at-20.21.57.jpeg\",\"datePublished\":\"2023-09-07T00:25:55+00:00\",\"dateModified\":\"2023-09-07T00:25:56+00:00\",\"author\":{\"@id\":\"https:\/\/www.manaus.am.gov.br\/manauscult\/#\/schema\/person\/05d223aea2bf115f9883a6ff3683d81b\"},\"description\":\"Durante os tr\u00eas dias do evento, a \u00e1rea central da cidade se transforma em um \u201ccaldeir\u00e3o cultural\u201d que ferve com op\u00e7\u00f5es para todos os gostos.\",\"breadcrumb\":{\"@id\":\"https:\/\/www.manaus.am.gov.br\/manauscult\/soumanaus-passo-a-paco-2023-oferece-diversao-para-todos-os-gostos\/#breadcrumb\"},\"inLanguage\":\"pt-BR\",\"potentialAction\":[{\"@type\":\"ReadAction\",\"target\":[\"https:\/\/www.manaus.am.gov.br\/manauscult\/soumanaus-passo-a-paco-2023-oferece-diversao-para-todos-os-gostos\/\"]}]},{\"@type\":\"ImageObject\",\"inLanguage\":\"pt-BR\",\"@id\":\"https:\/\/www.manaus.am.gov.br\/manauscult\/soumanaus-passo-a-paco-2023-oferece-diversao-para-todos-os-gostos\/#primaryimage\",\"url\":\"https:\/\/www.manaus.am.gov.br\/manauscult\/wp-content\/uploads\/sites\/11\/2023\/09\/WhatsApp-Image-2023-09-06-at-20.21.57.jpeg\",\"contentUrl\":\"https:\/\/www.manaus.am.gov.br\/manauscult\/wp-content\/uploads\/sites\/11\/2023\/09\/WhatsApp-Image-2023-09-06-at-20.21.57.jpeg\",\"width\":1600,\"height\":739},{\"@type\":\"BreadcrumbList\",\"@id\":\"https:\/\/www.manaus.am.gov.br\/manauscult\/soumanaus-passo-a-paco-2023-oferece-diversao-para-todos-os-gostos\/#breadcrumb\",\"itemListElement\":[{\"@type\":\"ListItem\",\"position\":1,\"name\":\"Home\",\"item\":\"https:\/\/www.manaus.am.gov.br\/manauscult\/\"},{\"@type\":\"ListItem\",\"position\":2,\"name\":\"\u2018#SouManaus Passo a Pa\u00e7o 2023\u2019 oferece divers\u00e3o para todos os gostos\"}]},{\"@type\":\"WebSite\",\"@id\":\"https:\/\/www.manaus.am.gov.br\/manauscult\/#website\",\"url\":\"https:\/\/www.manaus.am.gov.br\/manauscult\/\",\"name\":\"MANAUSCULT\",\"description\":\"Prefeitura de Manaus\",\"potentialAction\":[{\"@type\":\"SearchAction\",\"target\":{\"@type\":\"EntryPoint\",\"urlTemplate\":\"https:\/\/www.manaus.am.gov.br\/manauscult\/?s={search_term_string}\"},\"query-input\":\"required name=search_term_string\"}],\"inLanguage\":\"pt-BR\"},{\"@type\":\"Person\",\"@id\":\"https:\/\/www.manaus.am.gov.br\/manauscult\/#\/schema\/person\/05d223aea2bf115f9883a6ff3683d81b\",\"name\":\"Bruna Greco\",\"image\":{\"@type\":\"ImageObject\",\"inLanguage\":\"pt-BR\",\"@id\":\"https:\/\/www.manaus.am.gov.br\/manauscult\/#\/schema\/person\/image\/\",\"url\":\"https:\/\/secure.gravatar.com\/avatar\/9c877d1a6adc2a055330e5c09a8653ce?s=96&d=mm&r=g\",\"contentUrl\":\"https:\/\/secure.gravatar.com\/avatar\/9c877d1a6adc2a055330e5c09a8653ce?s=96&d=mm&r=g\",\"caption\":\"Bruna Greco\"}}]}<\/script>\n<!-- \/ Yoast SEO plugin. -->","yoast_head_json":{"title":"\u2018#SouManaus Passo a Pa\u00e7o 2023\u2019 oferece divers\u00e3o para todos os gostos","description":"Durante os tr\u00eas dias do evento, a \u00e1rea central da cidade se transforma em um \u201ccaldeir\u00e3o cultural\u201d que ferve com op\u00e7\u00f5es para todos os gostos.","robots":{"index":"noindex","follow":"follow"},"og_locale":"pt_BR","og_type":"article","og_title":"\u2018#SouManaus Passo a Pa\u00e7o 2023\u2019 oferece divers\u00e3o para todos os gostos","og_description":"Durante os tr\u00eas dias do evento, a \u00e1rea central da cidade se transforma em um \u201ccaldeir\u00e3o cultural\u201d que ferve com op\u00e7\u00f5es para todos os gostos.","og_url":"https:\/\/www.manaus.am.gov.br\/manauscult\/soumanaus-passo-a-paco-2023-oferece-diversao-para-todos-os-gostos\/","og_site_name":"MANAUSCULT","article_published_time":"2023-09-07T00:25:55+00:00","article_modified_time":"2023-09-07T00:25:56+00:00","og_image":[{"width":1600,"height":739,"url":"https:\/\/www.manaus.am.gov.br\/manauscult\/wp-content\/uploads\/sites\/11\/2023\/09\/WhatsApp-Image-2023-09-06-at-20.21.57.jpeg","type":"image\/jpeg"}],"author":"Bruna Greco","twitter_card":"summary_large_image","twitter_misc":{"Written by":"Bruna Greco","Est. reading time":"3 minutos"},"schema":{"@context":"https:\/\/schema.org","@graph":[{"@type":"WebPage","@id":"https:\/\/www.manaus.am.gov.br\/manauscult\/soumanaus-passo-a-paco-2023-oferece-diversao-para-todos-os-gostos\/","url":"https:\/\/www.manaus.am.gov.br\/manauscult\/soumanaus-passo-a-paco-2023-oferece-diversao-para-todos-os-gostos\/","name":"\u2018#SouManaus Passo a Pa\u00e7o 2023\u2019 oferece divers\u00e3o para todos os gostos","isPartOf":{"@id":"https:\/\/www.manaus.am.gov.br\/manauscult\/#website"},"primaryImageOfPage":{"@id":"https:\/\/www.manaus.am.gov.br\/manauscult\/soumanaus-passo-a-paco-2023-oferece-diversao-para-todos-os-gostos\/#primaryimage"},"image":{"@id":"https:\/\/www.manaus.am.gov.br\/manauscult\/soumanaus-passo-a-paco-2023-oferece-diversao-para-todos-os-gostos\/#primaryimage"},"thumbnailUrl":"https:\/\/www.manaus.am.gov.br\/manauscult\/wp-content\/uploads\/sites\/11\/2023\/09\/WhatsApp-Image-2023-09-06-at-20.21.57.jpeg","datePublished":"2023-09-07T00:25:55+00:00","dateModified":"2023-09-07T00:25:56+00:00","author":{"@id":"https:\/\/www.manaus.am.gov.br\/manauscult\/#\/schema\/person\/05d223aea2bf115f9883a6ff3683d81b"},"description":"Durante os tr\u00eas dias do evento, a \u00e1rea central da cidade se transforma em um \u201ccaldeir\u00e3o cultural\u201d que ferve com op\u00e7\u00f5es para todos os gostos.","breadcrumb":{"@id":"https:\/\/www.manaus.am.gov.br\/manauscult\/soumanaus-passo-a-paco-2023-oferece-diversao-para-todos-os-gostos\/#breadcrumb"},"inLanguage":"pt-BR","potentialAction":[{"@type":"ReadAction","target":["https:\/\/www.manaus.am.gov.br\/manauscult\/soumanaus-passo-a-paco-2023-oferece-diversao-para-todos-os-gostos\/"]}]},{"@type":"ImageObject","inLanguage":"pt-BR","@id":"https:\/\/www.manaus.am.gov.br\/manauscult\/soumanaus-passo-a-paco-2023-oferece-diversao-para-todos-os-gostos\/#primaryimage","url":"https:\/\/www.manaus.am.gov.br\/manauscult\/wp-content\/uploads\/sites\/11\/2023\/09\/WhatsApp-Image-2023-09-06-at-20.21.57.jpeg","contentUrl":"https:\/\/www.manaus.am.gov.br\/manauscult\/wp-content\/uploads\/sites\/11\/2023\/09\/WhatsApp-Image-2023-09-06-at-20.21.57.jpeg","width":1600,"height":739},{"@type":"BreadcrumbList","@id":"https:\/\/www.manaus.am.gov.br\/manauscult\/soumanaus-passo-a-paco-2023-oferece-diversao-para-todos-os-gostos\/#breadcrumb","itemListElement":[{"@type":"ListItem","position":1,"name":"Home","item":"https:\/\/www.manaus.am.gov.br\/manauscult\/"},{"@type":"ListItem","position":2,"name":"\u2018#SouManaus Passo a Pa\u00e7o 2023\u2019 oferece divers\u00e3o para todos os gostos"}]},{"@type":"WebSite","@id":"https:\/\/www.manaus.am.gov.br\/manauscult\/#website","url":"https:\/\/www.manaus.am.gov.br\/manauscult\/","name":"MANAUSCULT","description":"Prefeitura de Manaus","potentialAction":[{"@type":"SearchAction","target":{"@type":"EntryPoint","urlTemplate":"https:\/\/www.manaus.am.gov.br\/manauscult\/?s={search_term_string}"},"query-input":"required name=search_term_string"}],"inLanguage":"pt-BR"},{"@type":"Person","@id":"https:\/\/www.manaus.am.gov.br\/manauscult\/#\/schema\/person\/05d223aea2bf115f9883a6ff3683d81b","name":"Bruna Greco","image":{"@type":"ImageObject","inLanguage":"pt-BR","@id":"https:\/\/www.manaus.am.gov.br\/manauscult\/#\/schema\/person\/image\/","url":"https:\/\/secure.gravatar.com\/avatar\/9c877d1a6adc2a055330e5c09a8653ce?s=96&d=mm&r=g","contentUrl":"https:\/\/secure.gravatar.com\/avatar\/9c877d1a6adc2a055330e5c09a8653ce?s=96&d=mm&r=g","caption":"Bruna Greco"}}]}},"_links":{"self":[{"href":"https:\/\/www.manaus.am.gov.br\/manauscult\/wp-json\/wp\/v2\/posts\/1381"}],"collection":[{"href":"https:\/\/www.manaus.am.gov.br\/manauscult\/wp-json\/wp\/v2\/posts"}],"about":[{"href":"https:\/\/www.manaus.am.gov.br\/manauscult\/wp-json\/wp\/v2\/types\/post"}],"author":[{"embeddable":true,"href":"https:\/\/www.manaus.am.gov.br\/manauscult\/wp-json\/wp\/v2\/users\/39"}],"replies":[{"embeddable":true,"href":"https:\/\/www.manaus.am.gov.br\/manauscult\/wp-json\/wp\/v2\/comments?post=1381"}],"version-history":[{"count":0,"href":"https:\/\/www.manaus.am.gov.br\/manauscult\/wp-json\/wp\/v2\/posts\/1381\/revisions"}],"wp:featuredmedia":[{"embeddable":true,"href":"https:\/\/www.manaus.am.gov.br\/manauscult\/wp-json\/wp\/v2\/media\/1382"}],"wp:attachment":[{"href":"https:\/\/www.manaus.am.gov.br\/manauscult\/wp-json\/wp\/v2\/media?parent=1381"}],"wp:term":[{"taxonomy":"category","embeddable":true,"href":"https:\/\/www.manaus.am.gov.br\/manauscult\/wp-json\/wp\/v2\/categories?post=1381"},{"taxonomy":"post_tag","embeddable":true,"href":"https:\/\/www.manaus.am.gov.br\/manauscult\/wp-json\/wp\/v2\/tags?post=1381"}],"curies":[{"name":"wp","href":"https:\/\/api.w.org\/{rel}","templated":true}]}}