{"id":1378,"date":"2023-09-06T20:13:52","date_gmt":"2023-09-07T00:13:52","guid":{"rendered":"https:\/\/www.manaus.am.gov.br\/manauscult\/mirante-do-nosso-centro-tem-vista-unica-para-o-soumanaus-2023-e-fara-parte-da-edicao-2024\/"},"modified":"2023-09-06T20:13:56","modified_gmt":"2023-09-07T00:13:56","slug":"mirante-do-nosso-centro-tem-vista-unica-para-o-soumanaus-2023-e-fara-parte-da-edicao-2024","status":"publish","type":"post","link":"https:\/\/www.manaus.am.gov.br\/manauscult\/mirante-do-nosso-centro-tem-vista-unica-para-o-soumanaus-2023-e-fara-parte-da-edicao-2024\/","title":{"rendered":"<strong>Mirante do \u2018Nosso Centro\u2019 tem vista \u00fanica para o #SouManaus&nbsp;2023 e far\u00e1 parte da edi\u00e7\u00e3o 2024<\/strong>"},"content":{"rendered":"\n<p>A vista \u00fanica e que se abre para a frente do rio Negro, em uma cidade que cresceu dando as costas para a paisagem natural, far\u00e1 parte da edi\u00e7\u00e3o 2024 do \u201c#SouManaus&nbsp;Passo a Pa\u00e7o 2023\u201d, promovido pela&nbsp;Prefeitura de&nbsp;Manaus, quando a popula\u00e7\u00e3o tamb\u00e9m poder\u00e1 curtir o evento, do mirante L\u00facia Almeida, do casar\u00e3o Thiago de Mello e do largo de S\u00e3o Vicente.<\/p>\n\n\n\n<p>Os tr\u00eas espa\u00e7os p\u00fablicos, que est\u00e3o em obra na gest\u00e3o do prefeito David Almeida, ser\u00e3o inaugurados em dezembro deste ano. No in\u00edcio da avenida 7 de Setembro, no centro hist\u00f3rico, em 2024 v\u00e3o se somar a outros edif\u00edcios, pra\u00e7as e estruturas do #SouManaus.<\/p>\n\n\n\n<p>Atualmente, do primeiro mirante vertical da capital amazonense se tem uma vis\u00e3o privilegiada do palco Guardi\u00e3o da Amaz\u00f4nia, na plataforma Malcher, na \u00e1rea portu\u00e1ria.<\/p>\n\n\n\n<p>As constru\u00e7\u00f5es fazem parte do programa \u201cNosso Centro\u201d. \u201cO prefeito David Almeida n\u00e3o mediu esfor\u00e7os com as obras e est\u00e1 com uma s\u00e9rie de propostas apresentadas ao governo federal para que possamos avan\u00e7ar ainda mais na reabilita\u00e7\u00e3o do centro de Manaus\u201d, disse o diretor-presidente do Instituto Municipal de Planejamento Urbano (Implurb), Carlos Valente.<\/p>\n\n\n\n<p>Para o engenheiro, \u00e9 fundamental criar mais vida e viv\u00eancia no territ\u00f3rio, como acontece no #SouManaus, aumentando a autoestima da popula\u00e7\u00e3o. A \u00e1rea total do&nbsp;mirante&nbsp;\u00e9 de 4,9 mil metros quadrados e o pr\u00e9dio ser\u00e1 o primeiro espa\u00e7o multigeracional vertical da capital.<\/p>\n\n\n\n<p><strong>Casar\u00e3o<\/strong><\/p>\n\n\n\n<p>Atravessando a rua, o futuro casar\u00e3o Thiago de Mello recebe servi\u00e7os para sua reconfigura\u00e7\u00e3o e reuso, para se transformar em um museu e espa\u00e7o de exposi\u00e7\u00e3o e conviv\u00eancia. Somado ao largo, essa trinca de interven\u00e7\u00f5es promete ser um caso emblem\u00e1tico de regenera\u00e7\u00e3o urbana e reabilita\u00e7\u00e3o do&nbsp;centro&nbsp;da capital. Todas as&nbsp;obras&nbsp;t\u00eam aprova\u00e7\u00e3o do Instituto&nbsp;de Patrim\u00f4nio Hist\u00f3rico e Art\u00edstico Nacional (Iphan) Amazonas (processo n\u00ba 01490.000103\/2022-81).<\/p>\n\n\n\n<p>&#8212; &#8212; &#8212;<\/p>\n\n\n\n<p><strong>Texto<\/strong>&nbsp;&#8211; Cl\u00e1udia do Valle \/ Implurb<\/p>\n\n\n\n<p><strong>Fotos<\/strong>&nbsp;&#8211; Aguilar&nbsp;Abecassis \/ Semcom<\/p>\n","protected":false},"excerpt":{"rendered":"","protected":false},"author":31,"featured_media":1379,"comment_status":"closed","ping_status":"closed","sticky":false,"template":"","format":"standard","meta":{"footnotes":""},"categories":[508],"tags":[168,380,381,603],"acf":[],"yoast_head":"<!-- This site is optimized with the Yoast SEO plugin v23.0 - https:\/\/yoast.com\/wordpress\/plugins\/seo\/ -->\n<title>Mirante do \u2018Nosso Centro\u2019 tem vista \u00fanica para o #SouManaus&nbsp;2023 e far\u00e1 parte da edi\u00e7\u00e3o 2024 - MANAUSCULT<\/title>\n<meta name=\"robots\" content=\"noindex, follow\" \/>\n<meta property=\"og:locale\" content=\"pt_BR\" \/>\n<meta property=\"og:type\" content=\"article\" \/>\n<meta property=\"og:title\" content=\"Mirante do \u2018Nosso Centro\u2019 tem vista \u00fanica para o #SouManaus&nbsp;2023 e far\u00e1 parte da edi\u00e7\u00e3o 2024 - MANAUSCULT\" \/>\n<meta property=\"og:url\" content=\"https:\/\/www.manaus.am.gov.br\/manauscult\/mirante-do-nosso-centro-tem-vista-unica-para-o-soumanaus-2023-e-fara-parte-da-edicao-2024\/\" \/>\n<meta property=\"og:site_name\" content=\"MANAUSCULT\" \/>\n<meta property=\"article:published_time\" content=\"2023-09-07T00:13:52+00:00\" \/>\n<meta property=\"article:modified_time\" content=\"2023-09-07T00:13:56+00:00\" \/>\n<meta property=\"og:image\" content=\"https:\/\/www.manaus.am.gov.br\/manauscult\/wp-content\/uploads\/sites\/11\/2023\/09\/NOSSO-CENTRO-3.jpeg\" \/>\n\t<meta property=\"og:image:width\" content=\"4160\" \/>\n\t<meta property=\"og:image:height\" content=\"2774\" \/>\n\t<meta property=\"og:image:type\" content=\"image\/jpeg\" \/>\n<meta name=\"author\" content=\"Renata Felix\" \/>\n<meta name=\"twitter:card\" content=\"summary_large_image\" \/>\n<meta name=\"twitter:label1\" content=\"Written by\" \/>\n\t<meta name=\"twitter:data1\" content=\"Renata Felix\" \/>\n\t<meta name=\"twitter:label2\" content=\"Est. reading time\" \/>\n\t<meta name=\"twitter:data2\" content=\"2 minutos\" \/>\n<script type=\"application\/ld+json\" class=\"yoast-schema-graph\">{\"@context\":\"https:\/\/schema.org\",\"@graph\":[{\"@type\":\"WebPage\",\"@id\":\"https:\/\/www.manaus.am.gov.br\/manauscult\/mirante-do-nosso-centro-tem-vista-unica-para-o-soumanaus-2023-e-fara-parte-da-edicao-2024\/\",\"url\":\"https:\/\/www.manaus.am.gov.br\/manauscult\/mirante-do-nosso-centro-tem-vista-unica-para-o-soumanaus-2023-e-fara-parte-da-edicao-2024\/\",\"name\":\"Mirante do \u2018Nosso Centro\u2019 tem vista \u00fanica para o #SouManaus&nbsp;2023 e far\u00e1 parte da edi\u00e7\u00e3o 2024 - MANAUSCULT\",\"isPartOf\":{\"@id\":\"https:\/\/www.manaus.am.gov.br\/manauscult\/#website\"},\"primaryImageOfPage\":{\"@id\":\"https:\/\/www.manaus.am.gov.br\/manauscult\/mirante-do-nosso-centro-tem-vista-unica-para-o-soumanaus-2023-e-fara-parte-da-edicao-2024\/#primaryimage\"},\"image\":{\"@id\":\"https:\/\/www.manaus.am.gov.br\/manauscult\/mirante-do-nosso-centro-tem-vista-unica-para-o-soumanaus-2023-e-fara-parte-da-edicao-2024\/#primaryimage\"},\"thumbnailUrl\":\"https:\/\/www.manaus.am.gov.br\/manauscult\/wp-content\/uploads\/sites\/11\/2023\/09\/NOSSO-CENTRO-3.jpeg\",\"datePublished\":\"2023-09-07T00:13:52+00:00\",\"dateModified\":\"2023-09-07T00:13:56+00:00\",\"author\":{\"@id\":\"https:\/\/www.manaus.am.gov.br\/manauscult\/#\/schema\/person\/4eea2a8f78dc853097abb026f728aa06\"},\"breadcrumb\":{\"@id\":\"https:\/\/www.manaus.am.gov.br\/manauscult\/mirante-do-nosso-centro-tem-vista-unica-para-o-soumanaus-2023-e-fara-parte-da-edicao-2024\/#breadcrumb\"},\"inLanguage\":\"pt-BR\",\"potentialAction\":[{\"@type\":\"ReadAction\",\"target\":[\"https:\/\/www.manaus.am.gov.br\/manauscult\/mirante-do-nosso-centro-tem-vista-unica-para-o-soumanaus-2023-e-fara-parte-da-edicao-2024\/\"]}]},{\"@type\":\"ImageObject\",\"inLanguage\":\"pt-BR\",\"@id\":\"https:\/\/www.manaus.am.gov.br\/manauscult\/mirante-do-nosso-centro-tem-vista-unica-para-o-soumanaus-2023-e-fara-parte-da-edicao-2024\/#primaryimage\",\"url\":\"https:\/\/www.manaus.am.gov.br\/manauscult\/wp-content\/uploads\/sites\/11\/2023\/09\/NOSSO-CENTRO-3.jpeg\",\"contentUrl\":\"https:\/\/www.manaus.am.gov.br\/manauscult\/wp-content\/uploads\/sites\/11\/2023\/09\/NOSSO-CENTRO-3.jpeg\",\"width\":4160,\"height\":2774},{\"@type\":\"BreadcrumbList\",\"@id\":\"https:\/\/www.manaus.am.gov.br\/manauscult\/mirante-do-nosso-centro-tem-vista-unica-para-o-soumanaus-2023-e-fara-parte-da-edicao-2024\/#breadcrumb\",\"itemListElement\":[{\"@type\":\"ListItem\",\"position\":1,\"name\":\"Home\",\"item\":\"https:\/\/www.manaus.am.gov.br\/manauscult\/\"},{\"@type\":\"ListItem\",\"position\":2,\"name\":\"Mirante do \u2018Nosso Centro\u2019 tem vista \u00fanica para o #SouManaus&nbsp;2023 e far\u00e1 parte da edi\u00e7\u00e3o 2024\"}]},{\"@type\":\"WebSite\",\"@id\":\"https:\/\/www.manaus.am.gov.br\/manauscult\/#website\",\"url\":\"https:\/\/www.manaus.am.gov.br\/manauscult\/\",\"name\":\"MANAUSCULT\",\"description\":\"Prefeitura de Manaus\",\"potentialAction\":[{\"@type\":\"SearchAction\",\"target\":{\"@type\":\"EntryPoint\",\"urlTemplate\":\"https:\/\/www.manaus.am.gov.br\/manauscult\/?s={search_term_string}\"},\"query-input\":\"required name=search_term_string\"}],\"inLanguage\":\"pt-BR\"},{\"@type\":\"Person\",\"@id\":\"https:\/\/www.manaus.am.gov.br\/manauscult\/#\/schema\/person\/4eea2a8f78dc853097abb026f728aa06\",\"name\":\"Renata Felix\",\"image\":{\"@type\":\"ImageObject\",\"inLanguage\":\"pt-BR\",\"@id\":\"https:\/\/www.manaus.am.gov.br\/manauscult\/#\/schema\/person\/image\/\",\"url\":\"https:\/\/secure.gravatar.com\/avatar\/3c196cf9d3b837b24c8edb2c50fd8f29?s=96&d=mm&r=g\",\"contentUrl\":\"https:\/\/secure.gravatar.com\/avatar\/3c196cf9d3b837b24c8edb2c50fd8f29?s=96&d=mm&r=g\",\"caption\":\"Renata Felix\"}}]}<\/script>\n<!-- \/ Yoast SEO plugin. -->","yoast_head_json":{"title":"Mirante do \u2018Nosso Centro\u2019 tem vista \u00fanica para o #SouManaus&nbsp;2023 e far\u00e1 parte da edi\u00e7\u00e3o 2024 - MANAUSCULT","robots":{"index":"noindex","follow":"follow"},"og_locale":"pt_BR","og_type":"article","og_title":"Mirante do \u2018Nosso Centro\u2019 tem vista \u00fanica para o #SouManaus&nbsp;2023 e far\u00e1 parte da edi\u00e7\u00e3o 2024 - MANAUSCULT","og_url":"https:\/\/www.manaus.am.gov.br\/manauscult\/mirante-do-nosso-centro-tem-vista-unica-para-o-soumanaus-2023-e-fara-parte-da-edicao-2024\/","og_site_name":"MANAUSCULT","article_published_time":"2023-09-07T00:13:52+00:00","article_modified_time":"2023-09-07T00:13:56+00:00","og_image":[{"width":4160,"height":2774,"url":"https:\/\/www.manaus.am.gov.br\/manauscult\/wp-content\/uploads\/sites\/11\/2023\/09\/NOSSO-CENTRO-3.jpeg","type":"image\/jpeg"}],"author":"Renata Felix","twitter_card":"summary_large_image","twitter_misc":{"Written by":"Renata Felix","Est. reading time":"2 minutos"},"schema":{"@context":"https:\/\/schema.org","@graph":[{"@type":"WebPage","@id":"https:\/\/www.manaus.am.gov.br\/manauscult\/mirante-do-nosso-centro-tem-vista-unica-para-o-soumanaus-2023-e-fara-parte-da-edicao-2024\/","url":"https:\/\/www.manaus.am.gov.br\/manauscult\/mirante-do-nosso-centro-tem-vista-unica-para-o-soumanaus-2023-e-fara-parte-da-edicao-2024\/","name":"Mirante do \u2018Nosso Centro\u2019 tem vista \u00fanica para o #SouManaus&nbsp;2023 e far\u00e1 parte da edi\u00e7\u00e3o 2024 - MANAUSCULT","isPartOf":{"@id":"https:\/\/www.manaus.am.gov.br\/manauscult\/#website"},"primaryImageOfPage":{"@id":"https:\/\/www.manaus.am.gov.br\/manauscult\/mirante-do-nosso-centro-tem-vista-unica-para-o-soumanaus-2023-e-fara-parte-da-edicao-2024\/#primaryimage"},"image":{"@id":"https:\/\/www.manaus.am.gov.br\/manauscult\/mirante-do-nosso-centro-tem-vista-unica-para-o-soumanaus-2023-e-fara-parte-da-edicao-2024\/#primaryimage"},"thumbnailUrl":"https:\/\/www.manaus.am.gov.br\/manauscult\/wp-content\/uploads\/sites\/11\/2023\/09\/NOSSO-CENTRO-3.jpeg","datePublished":"2023-09-07T00:13:52+00:00","dateModified":"2023-09-07T00:13:56+00:00","author":{"@id":"https:\/\/www.manaus.am.gov.br\/manauscult\/#\/schema\/person\/4eea2a8f78dc853097abb026f728aa06"},"breadcrumb":{"@id":"https:\/\/www.manaus.am.gov.br\/manauscult\/mirante-do-nosso-centro-tem-vista-unica-para-o-soumanaus-2023-e-fara-parte-da-edicao-2024\/#breadcrumb"},"inLanguage":"pt-BR","potentialAction":[{"@type":"ReadAction","target":["https:\/\/www.manaus.am.gov.br\/manauscult\/mirante-do-nosso-centro-tem-vista-unica-para-o-soumanaus-2023-e-fara-parte-da-edicao-2024\/"]}]},{"@type":"ImageObject","inLanguage":"pt-BR","@id":"https:\/\/www.manaus.am.gov.br\/manauscult\/mirante-do-nosso-centro-tem-vista-unica-para-o-soumanaus-2023-e-fara-parte-da-edicao-2024\/#primaryimage","url":"https:\/\/www.manaus.am.gov.br\/manauscult\/wp-content\/uploads\/sites\/11\/2023\/09\/NOSSO-CENTRO-3.jpeg","contentUrl":"https:\/\/www.manaus.am.gov.br\/manauscult\/wp-content\/uploads\/sites\/11\/2023\/09\/NOSSO-CENTRO-3.jpeg","width":4160,"height":2774},{"@type":"BreadcrumbList","@id":"https:\/\/www.manaus.am.gov.br\/manauscult\/mirante-do-nosso-centro-tem-vista-unica-para-o-soumanaus-2023-e-fara-parte-da-edicao-2024\/#breadcrumb","itemListElement":[{"@type":"ListItem","position":1,"name":"Home","item":"https:\/\/www.manaus.am.gov.br\/manauscult\/"},{"@type":"ListItem","position":2,"name":"Mirante do \u2018Nosso Centro\u2019 tem vista \u00fanica para o #SouManaus&nbsp;2023 e far\u00e1 parte da edi\u00e7\u00e3o 2024"}]},{"@type":"WebSite","@id":"https:\/\/www.manaus.am.gov.br\/manauscult\/#website","url":"https:\/\/www.manaus.am.gov.br\/manauscult\/","name":"MANAUSCULT","description":"Prefeitura de Manaus","potentialAction":[{"@type":"SearchAction","target":{"@type":"EntryPoint","urlTemplate":"https:\/\/www.manaus.am.gov.br\/manauscult\/?s={search_term_string}"},"query-input":"required name=search_term_string"}],"inLanguage":"pt-BR"},{"@type":"Person","@id":"https:\/\/www.manaus.am.gov.br\/manauscult\/#\/schema\/person\/4eea2a8f78dc853097abb026f728aa06","name":"Renata Felix","image":{"@type":"ImageObject","inLanguage":"pt-BR","@id":"https:\/\/www.manaus.am.gov.br\/manauscult\/#\/schema\/person\/image\/","url":"https:\/\/secure.gravatar.com\/avatar\/3c196cf9d3b837b24c8edb2c50fd8f29?s=96&d=mm&r=g","contentUrl":"https:\/\/secure.gravatar.com\/avatar\/3c196cf9d3b837b24c8edb2c50fd8f29?s=96&d=mm&r=g","caption":"Renata Felix"}}]}},"_links":{"self":[{"href":"https:\/\/www.manaus.am.gov.br\/manauscult\/wp-json\/wp\/v2\/posts\/1378"}],"collection":[{"href":"https:\/\/www.manaus.am.gov.br\/manauscult\/wp-json\/wp\/v2\/posts"}],"about":[{"href":"https:\/\/www.manaus.am.gov.br\/manauscult\/wp-json\/wp\/v2\/types\/post"}],"author":[{"embeddable":true,"href":"https:\/\/www.manaus.am.gov.br\/manauscult\/wp-json\/wp\/v2\/users\/31"}],"replies":[{"embeddable":true,"href":"https:\/\/www.manaus.am.gov.br\/manauscult\/wp-json\/wp\/v2\/comments?post=1378"}],"version-history":[{"count":0,"href":"https:\/\/www.manaus.am.gov.br\/manauscult\/wp-json\/wp\/v2\/posts\/1378\/revisions"}],"wp:featuredmedia":[{"embeddable":true,"href":"https:\/\/www.manaus.am.gov.br\/manauscult\/wp-json\/wp\/v2\/media\/1379"}],"wp:attachment":[{"href":"https:\/\/www.manaus.am.gov.br\/manauscult\/wp-json\/wp\/v2\/media?parent=1378"}],"wp:term":[{"taxonomy":"category","embeddable":true,"href":"https:\/\/www.manaus.am.gov.br\/manauscult\/wp-json\/wp\/v2\/categories?post=1378"},{"taxonomy":"post_tag","embeddable":true,"href":"https:\/\/www.manaus.am.gov.br\/manauscult\/wp-json\/wp\/v2\/tags?post=1378"}],"curies":[{"name":"wp","href":"https:\/\/api.w.org\/{rel}","templated":true}]}}