{"id":1372,"date":"2023-09-06T19:25:57","date_gmt":"2023-09-06T23:25:57","guid":{"rendered":"https:\/\/www.manaus.am.gov.br\/manauscult\/para-inspirar-sustentabilidade-soumanaus-2023-tem-triagem-de-residuos-com-mais-de-60-catadores\/"},"modified":"2023-09-06T19:25:58","modified_gmt":"2023-09-06T23:25:58","slug":"para-inspirar-sustentabilidade-soumanaus-2023-tem-triagem-de-residuos-com-mais-de-60-catadores","status":"publish","type":"post","link":"https:\/\/www.manaus.am.gov.br\/manauscult\/para-inspirar-sustentabilidade-soumanaus-2023-tem-triagem-de-residuos-com-mais-de-60-catadores\/","title":{"rendered":"<strong>Para inspirar sustentabilidade,&nbsp;#SouManaus 2023 tem triagem de&nbsp;res\u00edduos&nbsp;com mais de 60 catadores<\/strong>"},"content":{"rendered":"\n<p>Para inspirar mudan\u00e7as e promover a\u00e7\u00f5es sustent\u00e1veis, o \u201c#SouManaus Passo a Pa\u00e7o 2023\u201d, uma realiza\u00e7\u00e3o da Prefeitura de Manaus, por meio da Funda\u00e7\u00e3o de Cultura, Turismo e Eventos (Manauscult), vai muito al\u00e9m de m\u00fasica, arte, cultura, criatividade, espa\u00e7os inovadores e a sensa\u00e7\u00e3o de pertencimento do centro hist\u00f3rico da capital.<\/p>\n\n\n\n<p>Unindo milhares de pessoas e promovendo o movimento por um mundo melhor, as a\u00e7\u00f5es de sustentabilidade com a produ\u00e7\u00e3o de res\u00edduos durante os tr\u00eas dias de festival est\u00e1 a cargo da Secretaria Municipal de Limpeza P\u00fablica (Semulsp), com uma equipe de mais de 150 pessoas, incluindo 60 catadores de material recicl\u00e1vel, que est\u00e3o se revezando em toda a gigantesca \u00e1rea de realiza\u00e7\u00e3o do evento, que conta com os sete palcos, espa\u00e7os gastron\u00f4micos, artes urbanas e complexo com as ruas para transi\u00e7\u00e3o entre as atra\u00e7\u00f5es.<\/p>\n\n\n\n<p>Tr\u00eas associa\u00e7\u00f5es de catadores participam dos trabalhos nesta edi\u00e7\u00e3o, sendo elas a Cooperativa Alian\u00e7a, a Recicla Manaus e a Lixo e Cidadania, conforme explica o coordenador da Coleta Seletiva da Semulsp, Luiz Paz Loureiro.<\/p>\n\n\n\n<p>&#8220;Estamos atuando com os tr\u00eas grupos e temos uma tenda no local. Os catadores saem recolhendo os res\u00edduos e quando chegam na tenda j\u00e1 realizam a triagem. O material est\u00e1 sendo recolhido diretamente de onde est\u00e1 sendo gerado e levado para o ponto de triagem. L\u00e1, os res\u00edduos s\u00e3o acondicionados nas big bags e depois levados para pesagem, para que possamos ter a quantidade ao final do evento&#8221;, comentou Loureiro.<\/p>\n\n\n\n<p>Catador h\u00e1 22 anos, Pedro Costa de Oliveira, 61 anos, tem forma\u00e7\u00e3o como educador ambiental e est\u00e1 trabalhando na tenda de sele\u00e7\u00e3o de materiais.<\/p>\n\n\n\n<p>\u201cAqui fazemos&nbsp;uma a\u00e7\u00e3o de &#8216;uma m\u00e3o ajuda a outra&#8217;, e contamos com a conscientiza\u00e7\u00e3o da popula\u00e7\u00e3o. Essa \u00e9 a nossa vida, de ajudar na reciclagem, tendo uma renda extra e digna durante o festival\u201d, disse o catador profissional.<\/p>\n\n\n\n<p>Com 11 filhos e cinco netos, Oliveira manda um recado para todos que desejam um mundo melhor: \u201csempre \u00e9 poss\u00edvel ter uma lixeira ou um saco para reunir o seu lixo e n\u00e3o jogar nos rios, para deix\u00e1-los mais limpos para o futuro\u201d.<\/p>\n\n\n\n<p><strong>Equipe<\/strong><\/p>\n\n\n\n<p>Uma equipe de educadores ambientais tamb\u00e9m est\u00e1 em a\u00e7\u00e3o no \u201c#SouManaus Passo a Pa\u00e7o 2023\u201d fazendo abordagens, distribuindo material e ajudando na conscientiza\u00e7\u00e3o da sociedade, com sensibiliza\u00e7\u00e3o, um trabalho permanente de cunho educativo, com rela\u00e7\u00e3o ao descarte correto de seus res\u00edduos nos pontos de coleta que estar\u00e3o espalhados pelo evento.<\/p>\n\n\n\n<p><strong>Limpeza e educa\u00e7\u00e3o ambiental<\/strong><\/p>\n\n\n\n<p>A Semulsp est\u00e1 mobilizada para garantir a limpeza p\u00fablica em todo o per\u00edmetro do Pa\u00e7o da Liberdade durante os dias de evento. Os servi\u00e7os incluem capina\u00e7\u00e3o, lavagem, varri\u00e7\u00e3o das ruas e \u00e1reas comuns.&nbsp;<\/p>\n\n\n\n<p>A preocupa\u00e7\u00e3o ambiental do prefeito David Almeida far\u00e1 com que o #SouManaus 2023 tamb\u00e9m garanta a compensa\u00e7\u00e3o ambiental aos impactos gerados por um evento desse porte. A iniciativa concede ao festival o Selo de Sustentabilidade BMV, empresa refer\u00eancia nessa \u00e1rea.<\/p>\n\n\n\n<p>A estimativa de impacto ambiental ser\u00e1 compensada com o apoio ao desenvolvimento sustent\u00e1vel de quatro \u00e1reas de preserva\u00e7\u00e3o na Amaz\u00f4nia, onde vivem agricultores familiares.<\/p>\n\n\n\n<p>Dessa forma, a compensa\u00e7\u00e3o feita pela prefeitura ajudar\u00e1 na manuten\u00e7\u00e3o de 27 servi\u00e7os ecossist\u00eamicos, dentre eles: 3.881.58 metros quadrados de vegeta\u00e7\u00e3o nativa; 1.749\/unidades de hectares de esp\u00e9cies da fauna; 546\/unidades de hectares de flora; al\u00e9m de 101.72 metros c\u00fabicos de madeira.<\/p>\n\n\n\n<p><strong>ONU<\/strong><\/p>\n\n\n\n<p>O festival \u201c#SouManaus Passo a Pa\u00e7o 2023\u201d \u00e9 um evento alinhado aos Objetivos de Desenvolvimento Sustent\u00e1vel (ODS) da Agenda 2030 da Organiza\u00e7\u00e3o das Na\u00e7\u00f5es Unidas (ONU) e integrado ao Programa de Revitaliza\u00e7\u00e3o do Centro Hist\u00f3rico de Manaus. \u00c9 tamb\u00e9m um potencial incentivador das boas pr\u00e1ticas de educa\u00e7\u00e3o ambiental e de desenvolvimento social. Diariamente s\u00e3o retiradas, em m\u00e9dia, 28 toneladas de lixo dos igarap\u00e9s.<\/p>\n\n\n\n<p>A a\u00e7\u00e3o de entrega das garrafas PET, al\u00e9m de educar, proporciona gera\u00e7\u00e3o de renda \u00e0s fam\u00edlias de catadores. Os alimentos doados apoiar\u00e3o a\u00e7\u00f5es de combate \u00e0 pobreza, \u00e0 fome, \u00e0 mis\u00e9ria e \u00e0 desnutri\u00e7\u00e3o.<\/p>\n\n\n\n<p><strong>Programa\u00e7\u00e3o<\/strong><\/p>\n\n\n\n<p>O #SouManaus 2023 ter\u00e1 mais de 150 horas de programa\u00e7\u00e3o cultural, sete palcos, 70 esta\u00e7\u00f5es de gastronomia, artesanato e economia criativa, espa\u00e7o urbano, desfile de moda, oficinas, 13 atra\u00e7\u00f5es nacionais, uma internacional e mais de 70 bandas e DJs locais.<\/p>\n\n\n\n<p>O festival segue at\u00e9 esta quinta-feira, 7\/9, no entorno do Pa\u00e7o Municipal, no Centro Hist\u00f3rico de Manaus, com expectativa de reunir meio milh\u00e3o de pessoas nos tr\u00eas dias, de modo rotativo, inserindo a capital definitivamente no circuito de grandes eventos no pa\u00eds.<\/p>\n\n\n\n<p>&#8212; &#8212; &#8212;<\/p>\n\n\n\n<p><strong>Texto<\/strong>&nbsp;&#8211; Cl\u00e1udia do Valle \/ Semcom<\/p>\n\n\n\n<p><strong>Fotos<\/strong>&nbsp;&#8211; Aguilar&nbsp;Abecassis \/ Semcom<\/p>\n","protected":false},"excerpt":{"rendered":"","protected":false},"author":31,"featured_media":1373,"comment_status":"closed","ping_status":"closed","sticky":false,"template":"","format":"standard","meta":{"footnotes":""},"categories":[508],"tags":[168,597,598,599],"acf":[],"yoast_head":"<!-- This site is optimized with the Yoast SEO plugin v23.0 - https:\/\/yoast.com\/wordpress\/plugins\/seo\/ -->\n<title>Para inspirar sustentabilidade,&nbsp;#SouManaus 2023 tem triagem de&nbsp;res\u00edduos&nbsp;com mais de 60 catadores - MANAUSCULT<\/title>\n<meta name=\"robots\" content=\"noindex, follow\" \/>\n<meta property=\"og:locale\" content=\"pt_BR\" \/>\n<meta property=\"og:type\" content=\"article\" \/>\n<meta property=\"og:title\" content=\"Para inspirar sustentabilidade,&nbsp;#SouManaus 2023 tem triagem de&nbsp;res\u00edduos&nbsp;com mais de 60 catadores - MANAUSCULT\" \/>\n<meta property=\"og:url\" content=\"https:\/\/www.manaus.am.gov.br\/manauscult\/para-inspirar-sustentabilidade-soumanaus-2023-tem-triagem-de-residuos-com-mais-de-60-catadores\/\" \/>\n<meta property=\"og:site_name\" content=\"MANAUSCULT\" \/>\n<meta property=\"article:published_time\" content=\"2023-09-06T23:25:57+00:00\" \/>\n<meta property=\"article:modified_time\" content=\"2023-09-06T23:25:58+00:00\" \/>\n<meta property=\"og:image\" content=\"https:\/\/www.manaus.am.gov.br\/manauscult\/wp-content\/uploads\/sites\/11\/2023\/09\/CATADORES-3.jpg\" \/>\n\t<meta property=\"og:image:width\" content=\"4160\" \/>\n\t<meta property=\"og:image:height\" content=\"2774\" \/>\n\t<meta property=\"og:image:type\" content=\"image\/jpeg\" \/>\n<meta name=\"author\" content=\"Renata Felix\" \/>\n<meta name=\"twitter:card\" content=\"summary_large_image\" \/>\n<meta name=\"twitter:label1\" content=\"Written by\" \/>\n\t<meta name=\"twitter:data1\" content=\"Renata Felix\" \/>\n\t<meta name=\"twitter:label2\" content=\"Est. reading time\" \/>\n\t<meta name=\"twitter:data2\" content=\"5 minutos\" \/>\n<script type=\"application\/ld+json\" class=\"yoast-schema-graph\">{\"@context\":\"https:\/\/schema.org\",\"@graph\":[{\"@type\":\"WebPage\",\"@id\":\"https:\/\/www.manaus.am.gov.br\/manauscult\/para-inspirar-sustentabilidade-soumanaus-2023-tem-triagem-de-residuos-com-mais-de-60-catadores\/\",\"url\":\"https:\/\/www.manaus.am.gov.br\/manauscult\/para-inspirar-sustentabilidade-soumanaus-2023-tem-triagem-de-residuos-com-mais-de-60-catadores\/\",\"name\":\"Para inspirar sustentabilidade,&nbsp;#SouManaus 2023 tem triagem de&nbsp;res\u00edduos&nbsp;com mais de 60 catadores - MANAUSCULT\",\"isPartOf\":{\"@id\":\"https:\/\/www.manaus.am.gov.br\/manauscult\/#website\"},\"primaryImageOfPage\":{\"@id\":\"https:\/\/www.manaus.am.gov.br\/manauscult\/para-inspirar-sustentabilidade-soumanaus-2023-tem-triagem-de-residuos-com-mais-de-60-catadores\/#primaryimage\"},\"image\":{\"@id\":\"https:\/\/www.manaus.am.gov.br\/manauscult\/para-inspirar-sustentabilidade-soumanaus-2023-tem-triagem-de-residuos-com-mais-de-60-catadores\/#primaryimage\"},\"thumbnailUrl\":\"https:\/\/www.manaus.am.gov.br\/manauscult\/wp-content\/uploads\/sites\/11\/2023\/09\/CATADORES-3.jpg\",\"datePublished\":\"2023-09-06T23:25:57+00:00\",\"dateModified\":\"2023-09-06T23:25:58+00:00\",\"author\":{\"@id\":\"https:\/\/www.manaus.am.gov.br\/manauscult\/#\/schema\/person\/4eea2a8f78dc853097abb026f728aa06\"},\"breadcrumb\":{\"@id\":\"https:\/\/www.manaus.am.gov.br\/manauscult\/para-inspirar-sustentabilidade-soumanaus-2023-tem-triagem-de-residuos-com-mais-de-60-catadores\/#breadcrumb\"},\"inLanguage\":\"pt-BR\",\"potentialAction\":[{\"@type\":\"ReadAction\",\"target\":[\"https:\/\/www.manaus.am.gov.br\/manauscult\/para-inspirar-sustentabilidade-soumanaus-2023-tem-triagem-de-residuos-com-mais-de-60-catadores\/\"]}]},{\"@type\":\"ImageObject\",\"inLanguage\":\"pt-BR\",\"@id\":\"https:\/\/www.manaus.am.gov.br\/manauscult\/para-inspirar-sustentabilidade-soumanaus-2023-tem-triagem-de-residuos-com-mais-de-60-catadores\/#primaryimage\",\"url\":\"https:\/\/www.manaus.am.gov.br\/manauscult\/wp-content\/uploads\/sites\/11\/2023\/09\/CATADORES-3.jpg\",\"contentUrl\":\"https:\/\/www.manaus.am.gov.br\/manauscult\/wp-content\/uploads\/sites\/11\/2023\/09\/CATADORES-3.jpg\",\"width\":4160,\"height\":2774},{\"@type\":\"BreadcrumbList\",\"@id\":\"https:\/\/www.manaus.am.gov.br\/manauscult\/para-inspirar-sustentabilidade-soumanaus-2023-tem-triagem-de-residuos-com-mais-de-60-catadores\/#breadcrumb\",\"itemListElement\":[{\"@type\":\"ListItem\",\"position\":1,\"name\":\"Home\",\"item\":\"https:\/\/www.manaus.am.gov.br\/manauscult\/\"},{\"@type\":\"ListItem\",\"position\":2,\"name\":\"Para inspirar sustentabilidade,&nbsp;#SouManaus 2023 tem triagem de&nbsp;res\u00edduos&nbsp;com mais de 60 catadores\"}]},{\"@type\":\"WebSite\",\"@id\":\"https:\/\/www.manaus.am.gov.br\/manauscult\/#website\",\"url\":\"https:\/\/www.manaus.am.gov.br\/manauscult\/\",\"name\":\"MANAUSCULT\",\"description\":\"Prefeitura de Manaus\",\"potentialAction\":[{\"@type\":\"SearchAction\",\"target\":{\"@type\":\"EntryPoint\",\"urlTemplate\":\"https:\/\/www.manaus.am.gov.br\/manauscult\/?s={search_term_string}\"},\"query-input\":\"required name=search_term_string\"}],\"inLanguage\":\"pt-BR\"},{\"@type\":\"Person\",\"@id\":\"https:\/\/www.manaus.am.gov.br\/manauscult\/#\/schema\/person\/4eea2a8f78dc853097abb026f728aa06\",\"name\":\"Renata Felix\",\"image\":{\"@type\":\"ImageObject\",\"inLanguage\":\"pt-BR\",\"@id\":\"https:\/\/www.manaus.am.gov.br\/manauscult\/#\/schema\/person\/image\/\",\"url\":\"https:\/\/secure.gravatar.com\/avatar\/3c196cf9d3b837b24c8edb2c50fd8f29?s=96&d=mm&r=g\",\"contentUrl\":\"https:\/\/secure.gravatar.com\/avatar\/3c196cf9d3b837b24c8edb2c50fd8f29?s=96&d=mm&r=g\",\"caption\":\"Renata Felix\"}}]}<\/script>\n<!-- \/ Yoast SEO plugin. -->","yoast_head_json":{"title":"Para inspirar sustentabilidade,&nbsp;#SouManaus 2023 tem triagem de&nbsp;res\u00edduos&nbsp;com mais de 60 catadores - MANAUSCULT","robots":{"index":"noindex","follow":"follow"},"og_locale":"pt_BR","og_type":"article","og_title":"Para inspirar sustentabilidade,&nbsp;#SouManaus 2023 tem triagem de&nbsp;res\u00edduos&nbsp;com mais de 60 catadores - MANAUSCULT","og_url":"https:\/\/www.manaus.am.gov.br\/manauscult\/para-inspirar-sustentabilidade-soumanaus-2023-tem-triagem-de-residuos-com-mais-de-60-catadores\/","og_site_name":"MANAUSCULT","article_published_time":"2023-09-06T23:25:57+00:00","article_modified_time":"2023-09-06T23:25:58+00:00","og_image":[{"width":4160,"height":2774,"url":"https:\/\/www.manaus.am.gov.br\/manauscult\/wp-content\/uploads\/sites\/11\/2023\/09\/CATADORES-3.jpg","type":"image\/jpeg"}],"author":"Renata Felix","twitter_card":"summary_large_image","twitter_misc":{"Written by":"Renata Felix","Est. reading time":"5 minutos"},"schema":{"@context":"https:\/\/schema.org","@graph":[{"@type":"WebPage","@id":"https:\/\/www.manaus.am.gov.br\/manauscult\/para-inspirar-sustentabilidade-soumanaus-2023-tem-triagem-de-residuos-com-mais-de-60-catadores\/","url":"https:\/\/www.manaus.am.gov.br\/manauscult\/para-inspirar-sustentabilidade-soumanaus-2023-tem-triagem-de-residuos-com-mais-de-60-catadores\/","name":"Para inspirar sustentabilidade,&nbsp;#SouManaus 2023 tem triagem de&nbsp;res\u00edduos&nbsp;com mais de 60 catadores - MANAUSCULT","isPartOf":{"@id":"https:\/\/www.manaus.am.gov.br\/manauscult\/#website"},"primaryImageOfPage":{"@id":"https:\/\/www.manaus.am.gov.br\/manauscult\/para-inspirar-sustentabilidade-soumanaus-2023-tem-triagem-de-residuos-com-mais-de-60-catadores\/#primaryimage"},"image":{"@id":"https:\/\/www.manaus.am.gov.br\/manauscult\/para-inspirar-sustentabilidade-soumanaus-2023-tem-triagem-de-residuos-com-mais-de-60-catadores\/#primaryimage"},"thumbnailUrl":"https:\/\/www.manaus.am.gov.br\/manauscult\/wp-content\/uploads\/sites\/11\/2023\/09\/CATADORES-3.jpg","datePublished":"2023-09-06T23:25:57+00:00","dateModified":"2023-09-06T23:25:58+00:00","author":{"@id":"https:\/\/www.manaus.am.gov.br\/manauscult\/#\/schema\/person\/4eea2a8f78dc853097abb026f728aa06"},"breadcrumb":{"@id":"https:\/\/www.manaus.am.gov.br\/manauscult\/para-inspirar-sustentabilidade-soumanaus-2023-tem-triagem-de-residuos-com-mais-de-60-catadores\/#breadcrumb"},"inLanguage":"pt-BR","potentialAction":[{"@type":"ReadAction","target":["https:\/\/www.manaus.am.gov.br\/manauscult\/para-inspirar-sustentabilidade-soumanaus-2023-tem-triagem-de-residuos-com-mais-de-60-catadores\/"]}]},{"@type":"ImageObject","inLanguage":"pt-BR","@id":"https:\/\/www.manaus.am.gov.br\/manauscult\/para-inspirar-sustentabilidade-soumanaus-2023-tem-triagem-de-residuos-com-mais-de-60-catadores\/#primaryimage","url":"https:\/\/www.manaus.am.gov.br\/manauscult\/wp-content\/uploads\/sites\/11\/2023\/09\/CATADORES-3.jpg","contentUrl":"https:\/\/www.manaus.am.gov.br\/manauscult\/wp-content\/uploads\/sites\/11\/2023\/09\/CATADORES-3.jpg","width":4160,"height":2774},{"@type":"BreadcrumbList","@id":"https:\/\/www.manaus.am.gov.br\/manauscult\/para-inspirar-sustentabilidade-soumanaus-2023-tem-triagem-de-residuos-com-mais-de-60-catadores\/#breadcrumb","itemListElement":[{"@type":"ListItem","position":1,"name":"Home","item":"https:\/\/www.manaus.am.gov.br\/manauscult\/"},{"@type":"ListItem","position":2,"name":"Para inspirar sustentabilidade,&nbsp;#SouManaus 2023 tem triagem de&nbsp;res\u00edduos&nbsp;com mais de 60 catadores"}]},{"@type":"WebSite","@id":"https:\/\/www.manaus.am.gov.br\/manauscult\/#website","url":"https:\/\/www.manaus.am.gov.br\/manauscult\/","name":"MANAUSCULT","description":"Prefeitura de Manaus","potentialAction":[{"@type":"SearchAction","target":{"@type":"EntryPoint","urlTemplate":"https:\/\/www.manaus.am.gov.br\/manauscult\/?s={search_term_string}"},"query-input":"required name=search_term_string"}],"inLanguage":"pt-BR"},{"@type":"Person","@id":"https:\/\/www.manaus.am.gov.br\/manauscult\/#\/schema\/person\/4eea2a8f78dc853097abb026f728aa06","name":"Renata Felix","image":{"@type":"ImageObject","inLanguage":"pt-BR","@id":"https:\/\/www.manaus.am.gov.br\/manauscult\/#\/schema\/person\/image\/","url":"https:\/\/secure.gravatar.com\/avatar\/3c196cf9d3b837b24c8edb2c50fd8f29?s=96&d=mm&r=g","contentUrl":"https:\/\/secure.gravatar.com\/avatar\/3c196cf9d3b837b24c8edb2c50fd8f29?s=96&d=mm&r=g","caption":"Renata Felix"}}]}},"_links":{"self":[{"href":"https:\/\/www.manaus.am.gov.br\/manauscult\/wp-json\/wp\/v2\/posts\/1372"}],"collection":[{"href":"https:\/\/www.manaus.am.gov.br\/manauscult\/wp-json\/wp\/v2\/posts"}],"about":[{"href":"https:\/\/www.manaus.am.gov.br\/manauscult\/wp-json\/wp\/v2\/types\/post"}],"author":[{"embeddable":true,"href":"https:\/\/www.manaus.am.gov.br\/manauscult\/wp-json\/wp\/v2\/users\/31"}],"replies":[{"embeddable":true,"href":"https:\/\/www.manaus.am.gov.br\/manauscult\/wp-json\/wp\/v2\/comments?post=1372"}],"version-history":[{"count":0,"href":"https:\/\/www.manaus.am.gov.br\/manauscult\/wp-json\/wp\/v2\/posts\/1372\/revisions"}],"wp:featuredmedia":[{"embeddable":true,"href":"https:\/\/www.manaus.am.gov.br\/manauscult\/wp-json\/wp\/v2\/media\/1373"}],"wp:attachment":[{"href":"https:\/\/www.manaus.am.gov.br\/manauscult\/wp-json\/wp\/v2\/media?parent=1372"}],"wp:term":[{"taxonomy":"category","embeddable":true,"href":"https:\/\/www.manaus.am.gov.br\/manauscult\/wp-json\/wp\/v2\/categories?post=1372"},{"taxonomy":"post_tag","embeddable":true,"href":"https:\/\/www.manaus.am.gov.br\/manauscult\/wp-json\/wp\/v2\/tags?post=1372"}],"curies":[{"name":"wp","href":"https:\/\/api.w.org\/{rel}","templated":true}]}}