{"id":1370,"date":"2023-09-06T16:05:25","date_gmt":"2023-09-06T20:05:25","guid":{"rendered":"https:\/\/www.manaus.am.gov.br\/manauscult\/festival-amplia-espacos-de-arte-urbana-e-artista-pcd-confere-atracoes-com-grupo\/"},"modified":"2023-09-06T16:05:25","modified_gmt":"2023-09-06T20:05:25","slug":"festival-amplia-espacos-de-arte-urbana-e-artista-pcd-confere-atracoes-com-grupo","status":"publish","type":"post","link":"https:\/\/www.manaus.am.gov.br\/manauscult\/festival-amplia-espacos-de-arte-urbana-e-artista-pcd-confere-atracoes-com-grupo\/","title":{"rendered":"<strong>Festival amplia espa\u00e7os de arte urbana e artista PcD confere atra\u00e7\u00f5es com grupo<\/strong>"},"content":{"rendered":"\n<p>Com 35 anos dedicados \u00e0s artes urbanas, em especial ao hip hop e \u00e0 dan\u00e7a, o artista Miguel Maia, 48 anos, morador da Compensa e integrante do grupo DD Tankers, nunca deixou que a cadeira de rodas limitasse seus movimentos art\u00edsticos e de cria\u00e7\u00e3o. Conferindo de perto o maior festival de artes integradas da regi\u00e3o Norte, o \u201c#SouManaus Passo a Pa\u00e7o 2023\u201d, promovido pela Prefeitura de Manaus, ele estava curtindo o Espa\u00e7o Cultura Urbana montado no evento, que tem entrada aberta a todo o p\u00fablico.<\/p>\n\n\n\n<p>Al\u00e9m das centenas de atra\u00e7\u00f5es musicais, o evento deste ano ampliou ainda mais a visibilidade da cultura urbana, com hip-hop, B-Boys, grafiteiros, rappers, DJs, slackline, skatistas, bmcross e parkour. E envolvido com a dan\u00e7a desde 1988, Maia n\u00e3o poderia perder a agita\u00e7\u00e3o cultural no centro hist\u00f3rico. No Festival Amazonas de Dan\u00e7a (FAD) do ano passado, ele apresentou e assinou a dire\u00e7\u00e3o geral de um espet\u00e1culo.<\/p>\n\n\n\n<p>\u201cMesmo em uma cadeira de rodas, sempre fui ativo no movimento hip hop, como Mc, popping, beat box, t\u00e9cnico em turismo informativo e t\u00e9cnico em movimentos repetitivos sobre exerc\u00edcios\u201d, comentou o representante de dan\u00e7as urbanas, que, este ano, recebeu uma homenagem no FAD 2023.<\/p>\n\n\n\n<p>Na cadeira de rodas desde os 4 anos, por conta de complica\u00e7\u00f5es da poliomielite, Maia foi curtir com seu grupo muita arte e cultura, express\u00f5es que mudaram sua vida. &#8220;Estou at\u00e9 hoje em a\u00e7\u00e3o, fazendo espet\u00e1culos de dan\u00e7a, palestras e a\u00e7\u00f5es sociais em comunidades. Ent\u00e3o, ter um espa\u00e7o \u00fanico e exclusivo assim \u00e9 um reconhecimento, al\u00e9m do festival ter toda a preocupa\u00e7\u00e3o mais do que correta com a acessibilidade para todos os tipos de p\u00fablico. No meu caso, a cadeira de rodas faz parte de mim&#8221;, disse.<\/p>\n\n\n\n<p><strong>Diversifica\u00e7\u00e3o<\/strong><\/p>\n\n\n\n<p>Este ano, a Prefeitura de Manaus, por meio da Funda\u00e7\u00e3o Municipal de Cultura, Turismo e Eventos (Manauscult), aumentou em mais de 580% o n\u00famero de artistas locais em rela\u00e7\u00e3o \u00e0 primeira edi\u00e7\u00e3o, em 2015, onde apenas 12 artistas locais estiveram envolvidos.<\/p>\n\n\n\n<p>Nesta edi\u00e7\u00e3o, s\u00e3o mais de 600 trabalhadores da cultura, distribu\u00eddos em nove segmentos, representados, legalmente, por 77 bandas, entre pessoas f\u00edsicas e jur\u00eddicas.<\/p>\n\n\n\n<p><strong>&#8212; &#8212; &#8212;<\/strong><\/p>\n\n\n\n<p><strong>Texto<\/strong> &#8211; &nbsp;Cl\u00e1udia do Valle\/Semcom<\/p>\n\n\n\n<p><strong>Fotos<\/strong> &#8211; Aguilar Abecassis\/Semcom<\/p>\n","protected":false},"excerpt":{"rendered":"","protected":false},"author":23,"featured_media":1371,"comment_status":"closed","ping_status":"closed","sticky":false,"template":"","format":"standard","meta":{"footnotes":""},"categories":[508],"tags":[183,593,594,595,596,11],"acf":[],"yoast_head":"<!-- This site is optimized with the Yoast SEO plugin v23.0 - https:\/\/yoast.com\/wordpress\/plugins\/seo\/ -->\n<title>Festival amplia espa\u00e7os de arte urbana e artista PcD confere atra\u00e7\u00f5es com grupo<\/title>\n<meta name=\"description\" content=\"Com 35 anos dedicados \u00e0s artes urbanas, em especial ao hip hop e \u00e0 dan\u00e7a, o artista Miguel Maia, 48 anos, morador da Compensa e integrante do grupo DD Tankers, nunca deixou que a cadeira de rodas limitasse seus movimentos art\u00edsticos e de cria\u00e7\u00e3o. Conferindo de perto o maior festival de artes integradas da regi\u00e3o Norte, o \u201c#SouManaus Passo a Pa\u00e7o 2023\u201d, promovido pela Prefeitura de Manaus, ele estava curtindo o Espa\u00e7o Cultura Urbana montado no evento, que tem entrada aberta a todo o p\u00fablico.\" \/>\n<meta name=\"robots\" content=\"noindex, follow\" \/>\n<meta property=\"og:locale\" content=\"pt_BR\" \/>\n<meta property=\"og:type\" content=\"article\" \/>\n<meta property=\"og:title\" content=\"Festival amplia espa\u00e7os de arte urbana e artista PcD confere atra\u00e7\u00f5es com grupo\" \/>\n<meta property=\"og:description\" content=\"Com 35 anos dedicados \u00e0s artes urbanas, em especial ao hip hop e \u00e0 dan\u00e7a, o artista Miguel Maia, 48 anos, morador da Compensa e integrante do grupo DD Tankers, nunca deixou que a cadeira de rodas limitasse seus movimentos art\u00edsticos e de cria\u00e7\u00e3o. Conferindo de perto o maior festival de artes integradas da regi\u00e3o Norte, o \u201c#SouManaus Passo a Pa\u00e7o 2023\u201d, promovido pela Prefeitura de Manaus, ele estava curtindo o Espa\u00e7o Cultura Urbana montado no evento, que tem entrada aberta a todo o p\u00fablico.\" \/>\n<meta property=\"og:url\" content=\"https:\/\/www.manaus.am.gov.br\/manauscult\/festival-amplia-espacos-de-arte-urbana-e-artista-pcd-confere-atracoes-com-grupo\/\" \/>\n<meta property=\"og:site_name\" content=\"MANAUSCULT\" \/>\n<meta property=\"article:published_time\" content=\"2023-09-06T20:05:25+00:00\" \/>\n<meta property=\"og:image\" content=\"https:\/\/www.manaus.am.gov.br\/manauscult\/wp-content\/uploads\/sites\/11\/2023\/09\/WhatsApp-Image-2023-09-06-at-15.31.15.jpeg\" \/>\n\t<meta property=\"og:image:width\" content=\"3500\" \/>\n\t<meta property=\"og:image:height\" content=\"2333\" \/>\n\t<meta property=\"og:image:type\" content=\"image\/jpeg\" \/>\n<meta name=\"author\" content=\"Adriana Costa\" \/>\n<meta name=\"twitter:card\" content=\"summary_large_image\" \/>\n<meta name=\"twitter:label1\" content=\"Written by\" \/>\n\t<meta name=\"twitter:data1\" content=\"Adriana Costa\" \/>\n\t<meta name=\"twitter:label2\" content=\"Est. reading time\" \/>\n\t<meta name=\"twitter:data2\" content=\"2 minutos\" \/>\n<script type=\"application\/ld+json\" class=\"yoast-schema-graph\">{\"@context\":\"https:\/\/schema.org\",\"@graph\":[{\"@type\":\"WebPage\",\"@id\":\"https:\/\/www.manaus.am.gov.br\/manauscult\/festival-amplia-espacos-de-arte-urbana-e-artista-pcd-confere-atracoes-com-grupo\/\",\"url\":\"https:\/\/www.manaus.am.gov.br\/manauscult\/festival-amplia-espacos-de-arte-urbana-e-artista-pcd-confere-atracoes-com-grupo\/\",\"name\":\"Festival amplia espa\u00e7os de arte urbana e artista PcD confere atra\u00e7\u00f5es com grupo\",\"isPartOf\":{\"@id\":\"https:\/\/www.manaus.am.gov.br\/manauscult\/#website\"},\"primaryImageOfPage\":{\"@id\":\"https:\/\/www.manaus.am.gov.br\/manauscult\/festival-amplia-espacos-de-arte-urbana-e-artista-pcd-confere-atracoes-com-grupo\/#primaryimage\"},\"image\":{\"@id\":\"https:\/\/www.manaus.am.gov.br\/manauscult\/festival-amplia-espacos-de-arte-urbana-e-artista-pcd-confere-atracoes-com-grupo\/#primaryimage\"},\"thumbnailUrl\":\"https:\/\/www.manaus.am.gov.br\/manauscult\/wp-content\/uploads\/sites\/11\/2023\/09\/WhatsApp-Image-2023-09-06-at-15.31.15.jpeg\",\"datePublished\":\"2023-09-06T20:05:25+00:00\",\"dateModified\":\"2023-09-06T20:05:25+00:00\",\"author\":{\"@id\":\"https:\/\/www.manaus.am.gov.br\/manauscult\/#\/schema\/person\/4e49f4e267757a06ca072ec61b2b9968\"},\"description\":\"Com 35 anos dedicados \u00e0s artes urbanas, em especial ao hip hop e \u00e0 dan\u00e7a, o artista Miguel Maia, 48 anos, morador da Compensa e integrante do grupo DD Tankers, nunca deixou que a cadeira de rodas limitasse seus movimentos art\u00edsticos e de cria\u00e7\u00e3o. Conferindo de perto o maior festival de artes integradas da regi\u00e3o Norte, o \u201c#SouManaus Passo a Pa\u00e7o 2023\u201d, promovido pela Prefeitura de Manaus, ele estava curtindo o Espa\u00e7o Cultura Urbana montado no evento, que tem entrada aberta a todo o p\u00fablico.\",\"breadcrumb\":{\"@id\":\"https:\/\/www.manaus.am.gov.br\/manauscult\/festival-amplia-espacos-de-arte-urbana-e-artista-pcd-confere-atracoes-com-grupo\/#breadcrumb\"},\"inLanguage\":\"pt-BR\",\"potentialAction\":[{\"@type\":\"ReadAction\",\"target\":[\"https:\/\/www.manaus.am.gov.br\/manauscult\/festival-amplia-espacos-de-arte-urbana-e-artista-pcd-confere-atracoes-com-grupo\/\"]}]},{\"@type\":\"ImageObject\",\"inLanguage\":\"pt-BR\",\"@id\":\"https:\/\/www.manaus.am.gov.br\/manauscult\/festival-amplia-espacos-de-arte-urbana-e-artista-pcd-confere-atracoes-com-grupo\/#primaryimage\",\"url\":\"https:\/\/www.manaus.am.gov.br\/manauscult\/wp-content\/uploads\/sites\/11\/2023\/09\/WhatsApp-Image-2023-09-06-at-15.31.15.jpeg\",\"contentUrl\":\"https:\/\/www.manaus.am.gov.br\/manauscult\/wp-content\/uploads\/sites\/11\/2023\/09\/WhatsApp-Image-2023-09-06-at-15.31.15.jpeg\",\"width\":3500,\"height\":2333},{\"@type\":\"BreadcrumbList\",\"@id\":\"https:\/\/www.manaus.am.gov.br\/manauscult\/festival-amplia-espacos-de-arte-urbana-e-artista-pcd-confere-atracoes-com-grupo\/#breadcrumb\",\"itemListElement\":[{\"@type\":\"ListItem\",\"position\":1,\"name\":\"Home\",\"item\":\"https:\/\/www.manaus.am.gov.br\/manauscult\/\"},{\"@type\":\"ListItem\",\"position\":2,\"name\":\"Festival amplia espa\u00e7os de arte urbana e artista PcD confere atra\u00e7\u00f5es com grupo\"}]},{\"@type\":\"WebSite\",\"@id\":\"https:\/\/www.manaus.am.gov.br\/manauscult\/#website\",\"url\":\"https:\/\/www.manaus.am.gov.br\/manauscult\/\",\"name\":\"MANAUSCULT\",\"description\":\"Prefeitura de Manaus\",\"potentialAction\":[{\"@type\":\"SearchAction\",\"target\":{\"@type\":\"EntryPoint\",\"urlTemplate\":\"https:\/\/www.manaus.am.gov.br\/manauscult\/?s={search_term_string}\"},\"query-input\":\"required name=search_term_string\"}],\"inLanguage\":\"pt-BR\"},{\"@type\":\"Person\",\"@id\":\"https:\/\/www.manaus.am.gov.br\/manauscult\/#\/schema\/person\/4e49f4e267757a06ca072ec61b2b9968\",\"name\":\"Adriana Costa\",\"image\":{\"@type\":\"ImageObject\",\"inLanguage\":\"pt-BR\",\"@id\":\"https:\/\/www.manaus.am.gov.br\/manauscult\/#\/schema\/person\/image\/\",\"url\":\"https:\/\/secure.gravatar.com\/avatar\/576258617ef7194f718179e766d57bd4?s=96&d=mm&r=g\",\"contentUrl\":\"https:\/\/secure.gravatar.com\/avatar\/576258617ef7194f718179e766d57bd4?s=96&d=mm&r=g\",\"caption\":\"Adriana Costa\"}}]}<\/script>\n<!-- \/ Yoast SEO plugin. -->","yoast_head_json":{"title":"Festival amplia espa\u00e7os de arte urbana e artista PcD confere atra\u00e7\u00f5es com grupo","description":"Com 35 anos dedicados \u00e0s artes urbanas, em especial ao hip hop e \u00e0 dan\u00e7a, o artista Miguel Maia, 48 anos, morador da Compensa e integrante do grupo DD Tankers, nunca deixou que a cadeira de rodas limitasse seus movimentos art\u00edsticos e de cria\u00e7\u00e3o. Conferindo de perto o maior festival de artes integradas da regi\u00e3o Norte, o \u201c#SouManaus Passo a Pa\u00e7o 2023\u201d, promovido pela Prefeitura de Manaus, ele estava curtindo o Espa\u00e7o Cultura Urbana montado no evento, que tem entrada aberta a todo o p\u00fablico.","robots":{"index":"noindex","follow":"follow"},"og_locale":"pt_BR","og_type":"article","og_title":"Festival amplia espa\u00e7os de arte urbana e artista PcD confere atra\u00e7\u00f5es com grupo","og_description":"Com 35 anos dedicados \u00e0s artes urbanas, em especial ao hip hop e \u00e0 dan\u00e7a, o artista Miguel Maia, 48 anos, morador da Compensa e integrante do grupo DD Tankers, nunca deixou que a cadeira de rodas limitasse seus movimentos art\u00edsticos e de cria\u00e7\u00e3o. Conferindo de perto o maior festival de artes integradas da regi\u00e3o Norte, o \u201c#SouManaus Passo a Pa\u00e7o 2023\u201d, promovido pela Prefeitura de Manaus, ele estava curtindo o Espa\u00e7o Cultura Urbana montado no evento, que tem entrada aberta a todo o p\u00fablico.","og_url":"https:\/\/www.manaus.am.gov.br\/manauscult\/festival-amplia-espacos-de-arte-urbana-e-artista-pcd-confere-atracoes-com-grupo\/","og_site_name":"MANAUSCULT","article_published_time":"2023-09-06T20:05:25+00:00","og_image":[{"width":3500,"height":2333,"url":"https:\/\/www.manaus.am.gov.br\/manauscult\/wp-content\/uploads\/sites\/11\/2023\/09\/WhatsApp-Image-2023-09-06-at-15.31.15.jpeg","type":"image\/jpeg"}],"author":"Adriana Costa","twitter_card":"summary_large_image","twitter_misc":{"Written by":"Adriana Costa","Est. reading time":"2 minutos"},"schema":{"@context":"https:\/\/schema.org","@graph":[{"@type":"WebPage","@id":"https:\/\/www.manaus.am.gov.br\/manauscult\/festival-amplia-espacos-de-arte-urbana-e-artista-pcd-confere-atracoes-com-grupo\/","url":"https:\/\/www.manaus.am.gov.br\/manauscult\/festival-amplia-espacos-de-arte-urbana-e-artista-pcd-confere-atracoes-com-grupo\/","name":"Festival amplia espa\u00e7os de arte urbana e artista PcD confere atra\u00e7\u00f5es com grupo","isPartOf":{"@id":"https:\/\/www.manaus.am.gov.br\/manauscult\/#website"},"primaryImageOfPage":{"@id":"https:\/\/www.manaus.am.gov.br\/manauscult\/festival-amplia-espacos-de-arte-urbana-e-artista-pcd-confere-atracoes-com-grupo\/#primaryimage"},"image":{"@id":"https:\/\/www.manaus.am.gov.br\/manauscult\/festival-amplia-espacos-de-arte-urbana-e-artista-pcd-confere-atracoes-com-grupo\/#primaryimage"},"thumbnailUrl":"https:\/\/www.manaus.am.gov.br\/manauscult\/wp-content\/uploads\/sites\/11\/2023\/09\/WhatsApp-Image-2023-09-06-at-15.31.15.jpeg","datePublished":"2023-09-06T20:05:25+00:00","dateModified":"2023-09-06T20:05:25+00:00","author":{"@id":"https:\/\/www.manaus.am.gov.br\/manauscult\/#\/schema\/person\/4e49f4e267757a06ca072ec61b2b9968"},"description":"Com 35 anos dedicados \u00e0s artes urbanas, em especial ao hip hop e \u00e0 dan\u00e7a, o artista Miguel Maia, 48 anos, morador da Compensa e integrante do grupo DD Tankers, nunca deixou que a cadeira de rodas limitasse seus movimentos art\u00edsticos e de cria\u00e7\u00e3o. Conferindo de perto o maior festival de artes integradas da regi\u00e3o Norte, o \u201c#SouManaus Passo a Pa\u00e7o 2023\u201d, promovido pela Prefeitura de Manaus, ele estava curtindo o Espa\u00e7o Cultura Urbana montado no evento, que tem entrada aberta a todo o p\u00fablico.","breadcrumb":{"@id":"https:\/\/www.manaus.am.gov.br\/manauscult\/festival-amplia-espacos-de-arte-urbana-e-artista-pcd-confere-atracoes-com-grupo\/#breadcrumb"},"inLanguage":"pt-BR","potentialAction":[{"@type":"ReadAction","target":["https:\/\/www.manaus.am.gov.br\/manauscult\/festival-amplia-espacos-de-arte-urbana-e-artista-pcd-confere-atracoes-com-grupo\/"]}]},{"@type":"ImageObject","inLanguage":"pt-BR","@id":"https:\/\/www.manaus.am.gov.br\/manauscult\/festival-amplia-espacos-de-arte-urbana-e-artista-pcd-confere-atracoes-com-grupo\/#primaryimage","url":"https:\/\/www.manaus.am.gov.br\/manauscult\/wp-content\/uploads\/sites\/11\/2023\/09\/WhatsApp-Image-2023-09-06-at-15.31.15.jpeg","contentUrl":"https:\/\/www.manaus.am.gov.br\/manauscult\/wp-content\/uploads\/sites\/11\/2023\/09\/WhatsApp-Image-2023-09-06-at-15.31.15.jpeg","width":3500,"height":2333},{"@type":"BreadcrumbList","@id":"https:\/\/www.manaus.am.gov.br\/manauscult\/festival-amplia-espacos-de-arte-urbana-e-artista-pcd-confere-atracoes-com-grupo\/#breadcrumb","itemListElement":[{"@type":"ListItem","position":1,"name":"Home","item":"https:\/\/www.manaus.am.gov.br\/manauscult\/"},{"@type":"ListItem","position":2,"name":"Festival amplia espa\u00e7os de arte urbana e artista PcD confere atra\u00e7\u00f5es com grupo"}]},{"@type":"WebSite","@id":"https:\/\/www.manaus.am.gov.br\/manauscult\/#website","url":"https:\/\/www.manaus.am.gov.br\/manauscult\/","name":"MANAUSCULT","description":"Prefeitura de Manaus","potentialAction":[{"@type":"SearchAction","target":{"@type":"EntryPoint","urlTemplate":"https:\/\/www.manaus.am.gov.br\/manauscult\/?s={search_term_string}"},"query-input":"required name=search_term_string"}],"inLanguage":"pt-BR"},{"@type":"Person","@id":"https:\/\/www.manaus.am.gov.br\/manauscult\/#\/schema\/person\/4e49f4e267757a06ca072ec61b2b9968","name":"Adriana Costa","image":{"@type":"ImageObject","inLanguage":"pt-BR","@id":"https:\/\/www.manaus.am.gov.br\/manauscult\/#\/schema\/person\/image\/","url":"https:\/\/secure.gravatar.com\/avatar\/576258617ef7194f718179e766d57bd4?s=96&d=mm&r=g","contentUrl":"https:\/\/secure.gravatar.com\/avatar\/576258617ef7194f718179e766d57bd4?s=96&d=mm&r=g","caption":"Adriana Costa"}}]}},"_links":{"self":[{"href":"https:\/\/www.manaus.am.gov.br\/manauscult\/wp-json\/wp\/v2\/posts\/1370"}],"collection":[{"href":"https:\/\/www.manaus.am.gov.br\/manauscult\/wp-json\/wp\/v2\/posts"}],"about":[{"href":"https:\/\/www.manaus.am.gov.br\/manauscult\/wp-json\/wp\/v2\/types\/post"}],"author":[{"embeddable":true,"href":"https:\/\/www.manaus.am.gov.br\/manauscult\/wp-json\/wp\/v2\/users\/23"}],"replies":[{"embeddable":true,"href":"https:\/\/www.manaus.am.gov.br\/manauscult\/wp-json\/wp\/v2\/comments?post=1370"}],"version-history":[{"count":0,"href":"https:\/\/www.manaus.am.gov.br\/manauscult\/wp-json\/wp\/v2\/posts\/1370\/revisions"}],"wp:featuredmedia":[{"embeddable":true,"href":"https:\/\/www.manaus.am.gov.br\/manauscult\/wp-json\/wp\/v2\/media\/1371"}],"wp:attachment":[{"href":"https:\/\/www.manaus.am.gov.br\/manauscult\/wp-json\/wp\/v2\/media?parent=1370"}],"wp:term":[{"taxonomy":"category","embeddable":true,"href":"https:\/\/www.manaus.am.gov.br\/manauscult\/wp-json\/wp\/v2\/categories?post=1370"},{"taxonomy":"post_tag","embeddable":true,"href":"https:\/\/www.manaus.am.gov.br\/manauscult\/wp-json\/wp\/v2\/tags?post=1370"}],"curies":[{"name":"wp","href":"https:\/\/api.w.org\/{rel}","templated":true}]}}