{"id":1366,"date":"2023-09-06T14:24:13","date_gmt":"2023-09-06T18:24:13","guid":{"rendered":"https:\/\/www.manaus.am.gov.br\/manauscult\/segunda-noite-do-soumanaus-2023-conta-com-grandes-nomes-do-samba-funk-e-dancehall\/"},"modified":"2023-09-06T14:25:39","modified_gmt":"2023-09-06T18:25:39","slug":"segunda-noite-do-soumanaus-2023-conta-com-grandes-nomes-do-samba-funk-e-dancehall","status":"publish","type":"post","link":"https:\/\/www.manaus.am.gov.br\/manauscult\/segunda-noite-do-soumanaus-2023-conta-com-grandes-nomes-do-samba-funk-e-dancehall\/","title":{"rendered":"<strong>Segunda noite do \u2018#SouManaus 2023\u2019 conta com grandes nomes do samba, funk e dancehall<\/strong>"},"content":{"rendered":"\n<p>O \u201c#SouManaus Passo a Pa\u00e7o 2023\u201d, realizado pela Prefeitura de Manaus, no centro hist\u00f3rico da cidade, se consolida como um evento de sucesso para todos os p\u00fablicos. O segundo dia de festival, nesta quarta-feira, 6\/9, promete levar ao palco localizado na plataforma Malcher, na \u00e1rea portu\u00e1ria da cidade, uma mistura de ritmos, do samba e pagode ao funk, MPB e&nbsp;<em>dancehall<\/em>, com a participa\u00e7\u00e3o de artistas nacionais, como Zeca Pagodinho, seguido pelo MC Kevin O Chris, e Marina Sena.<\/p>\n\n\n\n<p>O diretor-presidente da Funda\u00e7\u00e3o Municipal de Cultura, Turismo e Eventos (Manauscult), Osvaldo Cardoso, lembra que o festival conta com dois palcos principais, que trar\u00e3o na&nbsp;<em>line-up<\/em>&nbsp;a for\u00e7a da musicalidade brasileira, com artistas nacionais e regionais.<\/p>\n\n\n\n<p>\u201cEsse \u00e9 o maior evento do Norte do pa\u00eds de artes integradas, o segundo maior do Brasil. Estamos trabalhando para continuar crescendo a cada edi\u00e7\u00e3o e queremos oferecer essa grandiosidade para a popula\u00e7\u00e3o, buscando trazer essa diversidade de artistas nacionais e locais e, claro, a nossa mega-atra\u00e7\u00e3o internacional\u201d, comenta Osvaldo.<\/p>\n\n\n\n<p>O segundo maior palco, localizado ao lado da Alf\u00e2ndega, tamb\u00e9m dentro do porto, comporta a concentra\u00e7\u00e3o fixa de at\u00e9 20 mil pessoas. No espa\u00e7o, a&nbsp;<em>headliner<\/em>&nbsp;traz um dos grandes nomes da cena do rock nacional, o cantor Lob\u00e3o e a banda de rock brasileira, Biqu\u00edni, al\u00e9m de outras atra\u00e7\u00f5es locais.<\/p>\n\n\n\n<p>Com mais de cem horas de programa\u00e7\u00e3o distribu\u00eddas em dez \u00e1reas de ocupa\u00e7\u00e3o, e buscando refor\u00e7ar o legado de valoriza\u00e7\u00e3o da cultura local e o respeito \u00e0s diversidades, o \u201c#SouManaus Passo a Pa\u00e7o 2023\u201d, tamb\u00e9m conta com uma lista de artistas regionais de v\u00e1rios segmentos, como Strangers Hard Rock, CIA de Teatro Metamorfose, Grupo Teu, Casa da Com\u00e9dia Manauara, Leandro Leite, Alexa Ingrid, Lob\u00e3o do Grafite, Artigo 5, Anna Suav, Kelton Piloto, e Mestre Canela, al\u00e9m de incluir mais de 600 trabalhadores da cultura local.<\/p>\n\n\n\n<p>Nesta edi\u00e7\u00e3o, a Prefeitura de Manaus aumentou em mais de 580% o n\u00famero de artistas locais em rela\u00e7\u00e3o \u00e0 primeira edi\u00e7\u00e3o, em 2015, onde apenas 12 artistas locais estiveram envolvidos. Ao todo, o evento conta com 77 artistas musicais regionais, e ser\u00e3o beneficiados mais de 600 trabalhadores da cultura local, mais de 160 trabalhadores da cenografia do evento, 75 artes\u00e3os, e 200 manipuladores de alimentos, gerando mais de 5 mil empregos diretos e indiretos na prepara\u00e7\u00e3o e opera\u00e7\u00e3o do evento.&nbsp;<\/p>\n\n\n\n<p>&#8212; &#8212; &#8212;<\/p>\n\n\n\n<p><strong>Texto<\/strong>&nbsp;\u2013 Beathriz Torres\/Semcom<\/p>\n\n\n\n<p><strong>Fotos<\/strong> \u2013 Jo\u00e3o Viana\/Semcom&nbsp;e Phil Limma\/Semcom<\/p>\n","protected":false},"excerpt":{"rendered":"","protected":false},"author":23,"featured_media":1367,"comment_status":"closed","ping_status":"closed","sticky":false,"template":"","format":"standard","meta":{"footnotes":""},"categories":[508],"tags":[168,590,591,9,592,11],"acf":[],"yoast_head":"<!-- This site is optimized with the Yoast SEO plugin v23.0 - https:\/\/yoast.com\/wordpress\/plugins\/seo\/ -->\n<title>Segunda noite do \u2018#SouManaus 2023\u2019 conta com grandes nomes do samba, funk e dancehall<\/title>\n<meta name=\"description\" content=\"O \u201c#SouManaus Passo a Pa\u00e7o 2023\u201d, realizado pela Prefeitura de Manaus, no centro hist\u00f3rico da cidade, se consolida como um evento de sucesso para todos os p\u00fablicos. O segundo dia de festival, nesta quarta-feira, 6\/9, promete levar ao palco localizado na plataforma Malcher, na \u00e1rea portu\u00e1ria da cidade, uma mistura de ritmos, do samba e pagode ao funk, MPB e dancehall, com a participa\u00e7\u00e3o de artistas nacionais, como Zeca Pagodinho, seguido pelo MC Kevin O Chris, e Marina Sena.\" \/>\n<meta name=\"robots\" content=\"noindex, follow\" \/>\n<meta property=\"og:locale\" content=\"pt_BR\" \/>\n<meta property=\"og:type\" content=\"article\" \/>\n<meta property=\"og:title\" content=\"Segunda noite do \u2018#SouManaus 2023\u2019 conta com grandes nomes do samba, funk e dancehall\" \/>\n<meta property=\"og:description\" content=\"O \u201c#SouManaus Passo a Pa\u00e7o 2023\u201d, realizado pela Prefeitura de Manaus, no centro hist\u00f3rico da cidade, se consolida como um evento de sucesso para todos os p\u00fablicos. O segundo dia de festival, nesta quarta-feira, 6\/9, promete levar ao palco localizado na plataforma Malcher, na \u00e1rea portu\u00e1ria da cidade, uma mistura de ritmos, do samba e pagode ao funk, MPB e dancehall, com a participa\u00e7\u00e3o de artistas nacionais, como Zeca Pagodinho, seguido pelo MC Kevin O Chris, e Marina Sena.\" \/>\n<meta property=\"og:url\" content=\"https:\/\/www.manaus.am.gov.br\/manauscult\/segunda-noite-do-soumanaus-2023-conta-com-grandes-nomes-do-samba-funk-e-dancehall\/\" \/>\n<meta property=\"og:site_name\" content=\"MANAUSCULT\" \/>\n<meta property=\"article:published_time\" content=\"2023-09-06T18:24:13+00:00\" \/>\n<meta property=\"article:modified_time\" content=\"2023-09-06T18:25:39+00:00\" \/>\n<meta property=\"og:image\" content=\"https:\/\/www.manaus.am.gov.br\/manauscult\/wp-content\/uploads\/sites\/11\/2023\/09\/53168969195_4b9bed9b52_c.jpg\" \/>\n\t<meta property=\"og:image:width\" content=\"799\" \/>\n\t<meta property=\"og:image:height\" content=\"533\" \/>\n\t<meta property=\"og:image:type\" content=\"image\/jpeg\" \/>\n<meta name=\"author\" content=\"Adriana Costa\" \/>\n<meta name=\"twitter:card\" content=\"summary_large_image\" \/>\n<meta name=\"twitter:label1\" content=\"Written by\" \/>\n\t<meta name=\"twitter:data1\" content=\"Adriana Costa\" \/>\n\t<meta name=\"twitter:label2\" content=\"Est. reading time\" \/>\n\t<meta name=\"twitter:data2\" content=\"3 minutos\" \/>\n<script type=\"application\/ld+json\" class=\"yoast-schema-graph\">{\"@context\":\"https:\/\/schema.org\",\"@graph\":[{\"@type\":\"WebPage\",\"@id\":\"https:\/\/www.manaus.am.gov.br\/manauscult\/segunda-noite-do-soumanaus-2023-conta-com-grandes-nomes-do-samba-funk-e-dancehall\/\",\"url\":\"https:\/\/www.manaus.am.gov.br\/manauscult\/segunda-noite-do-soumanaus-2023-conta-com-grandes-nomes-do-samba-funk-e-dancehall\/\",\"name\":\"Segunda noite do \u2018#SouManaus 2023\u2019 conta com grandes nomes do samba, funk e dancehall\",\"isPartOf\":{\"@id\":\"https:\/\/www.manaus.am.gov.br\/manauscult\/#website\"},\"primaryImageOfPage\":{\"@id\":\"https:\/\/www.manaus.am.gov.br\/manauscult\/segunda-noite-do-soumanaus-2023-conta-com-grandes-nomes-do-samba-funk-e-dancehall\/#primaryimage\"},\"image\":{\"@id\":\"https:\/\/www.manaus.am.gov.br\/manauscult\/segunda-noite-do-soumanaus-2023-conta-com-grandes-nomes-do-samba-funk-e-dancehall\/#primaryimage\"},\"thumbnailUrl\":\"https:\/\/www.manaus.am.gov.br\/manauscult\/wp-content\/uploads\/sites\/11\/2023\/09\/53168969195_4b9bed9b52_c.jpg\",\"datePublished\":\"2023-09-06T18:24:13+00:00\",\"dateModified\":\"2023-09-06T18:25:39+00:00\",\"author\":{\"@id\":\"https:\/\/www.manaus.am.gov.br\/manauscult\/#\/schema\/person\/4e49f4e267757a06ca072ec61b2b9968\"},\"description\":\"O \u201c#SouManaus Passo a Pa\u00e7o 2023\u201d, realizado pela Prefeitura de Manaus, no centro hist\u00f3rico da cidade, se consolida como um evento de sucesso para todos os p\u00fablicos. O segundo dia de festival, nesta quarta-feira, 6\/9, promete levar ao palco localizado na plataforma Malcher, na \u00e1rea portu\u00e1ria da cidade, uma mistura de ritmos, do samba e pagode ao funk, MPB e dancehall, com a participa\u00e7\u00e3o de artistas nacionais, como Zeca Pagodinho, seguido pelo MC Kevin O Chris, e Marina Sena.\",\"breadcrumb\":{\"@id\":\"https:\/\/www.manaus.am.gov.br\/manauscult\/segunda-noite-do-soumanaus-2023-conta-com-grandes-nomes-do-samba-funk-e-dancehall\/#breadcrumb\"},\"inLanguage\":\"pt-BR\",\"potentialAction\":[{\"@type\":\"ReadAction\",\"target\":[\"https:\/\/www.manaus.am.gov.br\/manauscult\/segunda-noite-do-soumanaus-2023-conta-com-grandes-nomes-do-samba-funk-e-dancehall\/\"]}]},{\"@type\":\"ImageObject\",\"inLanguage\":\"pt-BR\",\"@id\":\"https:\/\/www.manaus.am.gov.br\/manauscult\/segunda-noite-do-soumanaus-2023-conta-com-grandes-nomes-do-samba-funk-e-dancehall\/#primaryimage\",\"url\":\"https:\/\/www.manaus.am.gov.br\/manauscult\/wp-content\/uploads\/sites\/11\/2023\/09\/53168969195_4b9bed9b52_c.jpg\",\"contentUrl\":\"https:\/\/www.manaus.am.gov.br\/manauscult\/wp-content\/uploads\/sites\/11\/2023\/09\/53168969195_4b9bed9b52_c.jpg\",\"width\":799,\"height\":533},{\"@type\":\"BreadcrumbList\",\"@id\":\"https:\/\/www.manaus.am.gov.br\/manauscult\/segunda-noite-do-soumanaus-2023-conta-com-grandes-nomes-do-samba-funk-e-dancehall\/#breadcrumb\",\"itemListElement\":[{\"@type\":\"ListItem\",\"position\":1,\"name\":\"Home\",\"item\":\"https:\/\/www.manaus.am.gov.br\/manauscult\/\"},{\"@type\":\"ListItem\",\"position\":2,\"name\":\"Segunda noite do \u2018#SouManaus 2023\u2019 conta com grandes nomes do samba, funk e dancehall\"}]},{\"@type\":\"WebSite\",\"@id\":\"https:\/\/www.manaus.am.gov.br\/manauscult\/#website\",\"url\":\"https:\/\/www.manaus.am.gov.br\/manauscult\/\",\"name\":\"MANAUSCULT\",\"description\":\"Prefeitura de Manaus\",\"potentialAction\":[{\"@type\":\"SearchAction\",\"target\":{\"@type\":\"EntryPoint\",\"urlTemplate\":\"https:\/\/www.manaus.am.gov.br\/manauscult\/?s={search_term_string}\"},\"query-input\":\"required name=search_term_string\"}],\"inLanguage\":\"pt-BR\"},{\"@type\":\"Person\",\"@id\":\"https:\/\/www.manaus.am.gov.br\/manauscult\/#\/schema\/person\/4e49f4e267757a06ca072ec61b2b9968\",\"name\":\"Adriana Costa\",\"image\":{\"@type\":\"ImageObject\",\"inLanguage\":\"pt-BR\",\"@id\":\"https:\/\/www.manaus.am.gov.br\/manauscult\/#\/schema\/person\/image\/\",\"url\":\"https:\/\/secure.gravatar.com\/avatar\/576258617ef7194f718179e766d57bd4?s=96&d=mm&r=g\",\"contentUrl\":\"https:\/\/secure.gravatar.com\/avatar\/576258617ef7194f718179e766d57bd4?s=96&d=mm&r=g\",\"caption\":\"Adriana Costa\"}}]}<\/script>\n<!-- \/ Yoast SEO plugin. -->","yoast_head_json":{"title":"Segunda noite do \u2018#SouManaus 2023\u2019 conta com grandes nomes do samba, funk e dancehall","description":"O \u201c#SouManaus Passo a Pa\u00e7o 2023\u201d, realizado pela Prefeitura de Manaus, no centro hist\u00f3rico da cidade, se consolida como um evento de sucesso para todos os p\u00fablicos. O segundo dia de festival, nesta quarta-feira, 6\/9, promete levar ao palco localizado na plataforma Malcher, na \u00e1rea portu\u00e1ria da cidade, uma mistura de ritmos, do samba e pagode ao funk, MPB e dancehall, com a participa\u00e7\u00e3o de artistas nacionais, como Zeca Pagodinho, seguido pelo MC Kevin O Chris, e Marina Sena.","robots":{"index":"noindex","follow":"follow"},"og_locale":"pt_BR","og_type":"article","og_title":"Segunda noite do \u2018#SouManaus 2023\u2019 conta com grandes nomes do samba, funk e dancehall","og_description":"O \u201c#SouManaus Passo a Pa\u00e7o 2023\u201d, realizado pela Prefeitura de Manaus, no centro hist\u00f3rico da cidade, se consolida como um evento de sucesso para todos os p\u00fablicos. O segundo dia de festival, nesta quarta-feira, 6\/9, promete levar ao palco localizado na plataforma Malcher, na \u00e1rea portu\u00e1ria da cidade, uma mistura de ritmos, do samba e pagode ao funk, MPB e dancehall, com a participa\u00e7\u00e3o de artistas nacionais, como Zeca Pagodinho, seguido pelo MC Kevin O Chris, e Marina Sena.","og_url":"https:\/\/www.manaus.am.gov.br\/manauscult\/segunda-noite-do-soumanaus-2023-conta-com-grandes-nomes-do-samba-funk-e-dancehall\/","og_site_name":"MANAUSCULT","article_published_time":"2023-09-06T18:24:13+00:00","article_modified_time":"2023-09-06T18:25:39+00:00","og_image":[{"width":799,"height":533,"url":"https:\/\/www.manaus.am.gov.br\/manauscult\/wp-content\/uploads\/sites\/11\/2023\/09\/53168969195_4b9bed9b52_c.jpg","type":"image\/jpeg"}],"author":"Adriana Costa","twitter_card":"summary_large_image","twitter_misc":{"Written by":"Adriana Costa","Est. reading time":"3 minutos"},"schema":{"@context":"https:\/\/schema.org","@graph":[{"@type":"WebPage","@id":"https:\/\/www.manaus.am.gov.br\/manauscult\/segunda-noite-do-soumanaus-2023-conta-com-grandes-nomes-do-samba-funk-e-dancehall\/","url":"https:\/\/www.manaus.am.gov.br\/manauscult\/segunda-noite-do-soumanaus-2023-conta-com-grandes-nomes-do-samba-funk-e-dancehall\/","name":"Segunda noite do \u2018#SouManaus 2023\u2019 conta com grandes nomes do samba, funk e dancehall","isPartOf":{"@id":"https:\/\/www.manaus.am.gov.br\/manauscult\/#website"},"primaryImageOfPage":{"@id":"https:\/\/www.manaus.am.gov.br\/manauscult\/segunda-noite-do-soumanaus-2023-conta-com-grandes-nomes-do-samba-funk-e-dancehall\/#primaryimage"},"image":{"@id":"https:\/\/www.manaus.am.gov.br\/manauscult\/segunda-noite-do-soumanaus-2023-conta-com-grandes-nomes-do-samba-funk-e-dancehall\/#primaryimage"},"thumbnailUrl":"https:\/\/www.manaus.am.gov.br\/manauscult\/wp-content\/uploads\/sites\/11\/2023\/09\/53168969195_4b9bed9b52_c.jpg","datePublished":"2023-09-06T18:24:13+00:00","dateModified":"2023-09-06T18:25:39+00:00","author":{"@id":"https:\/\/www.manaus.am.gov.br\/manauscult\/#\/schema\/person\/4e49f4e267757a06ca072ec61b2b9968"},"description":"O \u201c#SouManaus Passo a Pa\u00e7o 2023\u201d, realizado pela Prefeitura de Manaus, no centro hist\u00f3rico da cidade, se consolida como um evento de sucesso para todos os p\u00fablicos. O segundo dia de festival, nesta quarta-feira, 6\/9, promete levar ao palco localizado na plataforma Malcher, na \u00e1rea portu\u00e1ria da cidade, uma mistura de ritmos, do samba e pagode ao funk, MPB e dancehall, com a participa\u00e7\u00e3o de artistas nacionais, como Zeca Pagodinho, seguido pelo MC Kevin O Chris, e Marina Sena.","breadcrumb":{"@id":"https:\/\/www.manaus.am.gov.br\/manauscult\/segunda-noite-do-soumanaus-2023-conta-com-grandes-nomes-do-samba-funk-e-dancehall\/#breadcrumb"},"inLanguage":"pt-BR","potentialAction":[{"@type":"ReadAction","target":["https:\/\/www.manaus.am.gov.br\/manauscult\/segunda-noite-do-soumanaus-2023-conta-com-grandes-nomes-do-samba-funk-e-dancehall\/"]}]},{"@type":"ImageObject","inLanguage":"pt-BR","@id":"https:\/\/www.manaus.am.gov.br\/manauscult\/segunda-noite-do-soumanaus-2023-conta-com-grandes-nomes-do-samba-funk-e-dancehall\/#primaryimage","url":"https:\/\/www.manaus.am.gov.br\/manauscult\/wp-content\/uploads\/sites\/11\/2023\/09\/53168969195_4b9bed9b52_c.jpg","contentUrl":"https:\/\/www.manaus.am.gov.br\/manauscult\/wp-content\/uploads\/sites\/11\/2023\/09\/53168969195_4b9bed9b52_c.jpg","width":799,"height":533},{"@type":"BreadcrumbList","@id":"https:\/\/www.manaus.am.gov.br\/manauscult\/segunda-noite-do-soumanaus-2023-conta-com-grandes-nomes-do-samba-funk-e-dancehall\/#breadcrumb","itemListElement":[{"@type":"ListItem","position":1,"name":"Home","item":"https:\/\/www.manaus.am.gov.br\/manauscult\/"},{"@type":"ListItem","position":2,"name":"Segunda noite do \u2018#SouManaus 2023\u2019 conta com grandes nomes do samba, funk e dancehall"}]},{"@type":"WebSite","@id":"https:\/\/www.manaus.am.gov.br\/manauscult\/#website","url":"https:\/\/www.manaus.am.gov.br\/manauscult\/","name":"MANAUSCULT","description":"Prefeitura de Manaus","potentialAction":[{"@type":"SearchAction","target":{"@type":"EntryPoint","urlTemplate":"https:\/\/www.manaus.am.gov.br\/manauscult\/?s={search_term_string}"},"query-input":"required name=search_term_string"}],"inLanguage":"pt-BR"},{"@type":"Person","@id":"https:\/\/www.manaus.am.gov.br\/manauscult\/#\/schema\/person\/4e49f4e267757a06ca072ec61b2b9968","name":"Adriana Costa","image":{"@type":"ImageObject","inLanguage":"pt-BR","@id":"https:\/\/www.manaus.am.gov.br\/manauscult\/#\/schema\/person\/image\/","url":"https:\/\/secure.gravatar.com\/avatar\/576258617ef7194f718179e766d57bd4?s=96&d=mm&r=g","contentUrl":"https:\/\/secure.gravatar.com\/avatar\/576258617ef7194f718179e766d57bd4?s=96&d=mm&r=g","caption":"Adriana Costa"}}]}},"_links":{"self":[{"href":"https:\/\/www.manaus.am.gov.br\/manauscult\/wp-json\/wp\/v2\/posts\/1366"}],"collection":[{"href":"https:\/\/www.manaus.am.gov.br\/manauscult\/wp-json\/wp\/v2\/posts"}],"about":[{"href":"https:\/\/www.manaus.am.gov.br\/manauscult\/wp-json\/wp\/v2\/types\/post"}],"author":[{"embeddable":true,"href":"https:\/\/www.manaus.am.gov.br\/manauscult\/wp-json\/wp\/v2\/users\/23"}],"replies":[{"embeddable":true,"href":"https:\/\/www.manaus.am.gov.br\/manauscult\/wp-json\/wp\/v2\/comments?post=1366"}],"version-history":[{"count":1,"href":"https:\/\/www.manaus.am.gov.br\/manauscult\/wp-json\/wp\/v2\/posts\/1366\/revisions"}],"predecessor-version":[{"id":1368,"href":"https:\/\/www.manaus.am.gov.br\/manauscult\/wp-json\/wp\/v2\/posts\/1366\/revisions\/1368"}],"wp:featuredmedia":[{"embeddable":true,"href":"https:\/\/www.manaus.am.gov.br\/manauscult\/wp-json\/wp\/v2\/media\/1367"}],"wp:attachment":[{"href":"https:\/\/www.manaus.am.gov.br\/manauscult\/wp-json\/wp\/v2\/media?parent=1366"}],"wp:term":[{"taxonomy":"category","embeddable":true,"href":"https:\/\/www.manaus.am.gov.br\/manauscult\/wp-json\/wp\/v2\/categories?post=1366"},{"taxonomy":"post_tag","embeddable":true,"href":"https:\/\/www.manaus.am.gov.br\/manauscult\/wp-json\/wp\/v2\/tags?post=1366"}],"curies":[{"name":"wp","href":"https:\/\/api.w.org\/{rel}","templated":true}]}}