{"id":1362,"date":"2023-09-06T03:15:42","date_gmt":"2023-09-06T07:15:42","guid":{"rendered":"https:\/\/www.manaus.am.gov.br\/manauscult\/antonio-bahia-fecha-primeira-noite-de-apresentacoes-no-palco-coreto-no-sou-manaus\/"},"modified":"2023-09-06T09:20:15","modified_gmt":"2023-09-06T13:20:15","slug":"antonio-bahia-fecha-primeira-noite-de-apresentacoes-no-palco-coreto-no-sou-manaus","status":"publish","type":"post","link":"https:\/\/www.manaus.am.gov.br\/manauscult\/antonio-bahia-fecha-primeira-noite-de-apresentacoes-no-palco-coreto-no-sou-manaus\/","title":{"rendered":"<strong>Antonio Bahia fecha primeira noite de apresenta\u00e7\u00f5es no palco Coreto no #SouManaus<\/strong>"},"content":{"rendered":"\n<p>A primeira noite de apresenta\u00e7\u00f5es do maior festival de artes integradas do Norte, o #SouManaus Passo a Pa\u00e7o 2023, realizado pela Prefeitura de Manaus, por meio da Funda\u00e7\u00e3o Municipal de Cultura, Turismo e Evento (Manauscult), foi marcada por grandes apresenta\u00e7\u00f5es de artistas manauaras no palco Coreto.<\/p>\n\n\n\n<p>O artista amazonense Antonio Bahia encerrou a primeira noite no palco e levou o p\u00fablico a cantar seus principais sucessos.<\/p>\n\n\n\n<p>\u201cEu quero primeiramente agradecer pelo convite. J\u00e1 \u00e9 a nossa terceira vez nesse grande evento. Ent\u00e3o, se o p\u00fablico pediu, \u00e9 porque o p\u00fablico estava precisando. Estou muito emocionado e quero dizer que \u00e9 uma honra fazer arte em Manaus, neste pa\u00eds. E hoje, no Dia da Amaz\u00f4nia, eu fiz quest\u00e3o de me vestir para fazer uma alus\u00e3o ao rio Negro, que \u00e9 o cart\u00e3o-postal da nossa cidade\u201d, declarou Bahia.<\/p>\n\n\n\n<p>E complementou: \u201cestou muito feliz e grato por todo apoio da Prefeitura de Manaus e da Manauscult&#8221;.<\/p>\n\n\n\n<p>O empres\u00e1rio \u00c1lvaro Sanches, 38 anos, relatou a experi\u00eancia que teve no primeiro dia do evento promovido pela prefeitura.<\/p>\n\n\n\n<p>&#8220;O maior evento cultural do norte do pa\u00eds n\u00e3o poderia ser diferente. Esse mix de bandas locais e internacionais s\u00f3 d\u00e1 certo porque tem uma lideran\u00e7a como o nosso prefeito David Almeida e o nosso querido Osvaldo Cardoso, na Secretaria de Cultura. E, nessa jun\u00e7\u00e3o, quem ganha \u00e9 o povo manauara, com muita m\u00fasica, muita arte e muita cultura. \u00c9 o Passo a Pa\u00e7o 2023, aqui do nosso estado do Amazonas&#8221;, finalizou o empres\u00e1rio.<\/p>\n\n\n\n<p>&#8212;&#8211;<\/p>\n\n\n\n<p><strong>Texto &#8211;<\/strong> Larissa Ara\u00fajo \/ Semcom<\/p>\n\n\n\n<p><strong>Fotos &#8211;<\/strong> Victor Hugo e Luiz Soares \/ Seminf<\/p>\n","protected":false},"excerpt":{"rendered":"","protected":false},"author":52,"featured_media":1363,"comment_status":"closed","ping_status":"closed","sticky":false,"template":"","format":"standard","meta":{"footnotes":""},"categories":[508],"tags":[168,589,11],"acf":[],"yoast_head":"<!-- This site is optimized with the Yoast SEO plugin v23.0 - https:\/\/yoast.com\/wordpress\/plugins\/seo\/ -->\n<title>Antonio Bahia fecha primeira noite de apresenta\u00e7\u00f5es no palco Coreto no #SouManaus<\/title>\n<meta name=\"description\" content=\"A primeira noite de apresenta\u00e7\u00f5es do maior festival de artes integradas do Norte, o #SouManaus Passo a Pa\u00e7o 2023, realizado pela Prefeitura.\" \/>\n<meta name=\"robots\" content=\"noindex, follow\" \/>\n<meta property=\"og:locale\" content=\"pt_BR\" \/>\n<meta property=\"og:type\" content=\"article\" \/>\n<meta property=\"og:title\" content=\"Antonio Bahia fecha primeira noite de apresenta\u00e7\u00f5es no palco Coreto no #SouManaus\" \/>\n<meta property=\"og:description\" content=\"A primeira noite de apresenta\u00e7\u00f5es do maior festival de artes integradas do Norte, o #SouManaus Passo a Pa\u00e7o 2023, realizado pela Prefeitura.\" \/>\n<meta property=\"og:url\" content=\"https:\/\/www.manaus.am.gov.br\/manauscult\/antonio-bahia-fecha-primeira-noite-de-apresentacoes-no-palco-coreto-no-sou-manaus\/\" \/>\n<meta property=\"og:site_name\" content=\"MANAUSCULT\" \/>\n<meta property=\"article:published_time\" content=\"2023-09-06T07:15:42+00:00\" \/>\n<meta property=\"article:modified_time\" content=\"2023-09-06T13:20:15+00:00\" \/>\n<meta property=\"og:image\" content=\"https:\/\/www.manaus.am.gov.br\/manauscult\/wp-content\/uploads\/sites\/11\/2023\/09\/IMG_1254-1024x683.jpg\" \/>\n\t<meta property=\"og:image:width\" content=\"1024\" \/>\n\t<meta property=\"og:image:height\" content=\"683\" \/>\n\t<meta property=\"og:image:type\" content=\"image\/jpeg\" \/>\n<meta name=\"author\" content=\"csilveira\" \/>\n<meta name=\"twitter:card\" content=\"summary_large_image\" \/>\n<meta name=\"twitter:label1\" content=\"Written by\" \/>\n\t<meta name=\"twitter:data1\" content=\"csilveira\" \/>\n\t<meta name=\"twitter:label2\" content=\"Est. reading time\" \/>\n\t<meta name=\"twitter:data2\" content=\"2 minutos\" \/>\n<script type=\"application\/ld+json\" class=\"yoast-schema-graph\">{\"@context\":\"https:\/\/schema.org\",\"@graph\":[{\"@type\":\"WebPage\",\"@id\":\"https:\/\/www.manaus.am.gov.br\/manauscult\/antonio-bahia-fecha-primeira-noite-de-apresentacoes-no-palco-coreto-no-sou-manaus\/\",\"url\":\"https:\/\/www.manaus.am.gov.br\/manauscult\/antonio-bahia-fecha-primeira-noite-de-apresentacoes-no-palco-coreto-no-sou-manaus\/\",\"name\":\"Antonio Bahia fecha primeira noite de apresenta\u00e7\u00f5es no palco Coreto no #SouManaus\",\"isPartOf\":{\"@id\":\"https:\/\/www.manaus.am.gov.br\/manauscult\/#website\"},\"primaryImageOfPage\":{\"@id\":\"https:\/\/www.manaus.am.gov.br\/manauscult\/antonio-bahia-fecha-primeira-noite-de-apresentacoes-no-palco-coreto-no-sou-manaus\/#primaryimage\"},\"image\":{\"@id\":\"https:\/\/www.manaus.am.gov.br\/manauscult\/antonio-bahia-fecha-primeira-noite-de-apresentacoes-no-palco-coreto-no-sou-manaus\/#primaryimage\"},\"thumbnailUrl\":\"https:\/\/www.manaus.am.gov.br\/manauscult\/wp-content\/uploads\/sites\/11\/2023\/09\/IMG_1254.jpg\",\"datePublished\":\"2023-09-06T07:15:42+00:00\",\"dateModified\":\"2023-09-06T13:20:15+00:00\",\"author\":{\"@id\":\"https:\/\/www.manaus.am.gov.br\/manauscult\/#\/schema\/person\/bfafc779be2e19b3d3ef4a59d418b606\"},\"description\":\"A primeira noite de apresenta\u00e7\u00f5es do maior festival de artes integradas do Norte, o #SouManaus Passo a Pa\u00e7o 2023, realizado pela Prefeitura.\",\"breadcrumb\":{\"@id\":\"https:\/\/www.manaus.am.gov.br\/manauscult\/antonio-bahia-fecha-primeira-noite-de-apresentacoes-no-palco-coreto-no-sou-manaus\/#breadcrumb\"},\"inLanguage\":\"pt-BR\",\"potentialAction\":[{\"@type\":\"ReadAction\",\"target\":[\"https:\/\/www.manaus.am.gov.br\/manauscult\/antonio-bahia-fecha-primeira-noite-de-apresentacoes-no-palco-coreto-no-sou-manaus\/\"]}]},{\"@type\":\"ImageObject\",\"inLanguage\":\"pt-BR\",\"@id\":\"https:\/\/www.manaus.am.gov.br\/manauscult\/antonio-bahia-fecha-primeira-noite-de-apresentacoes-no-palco-coreto-no-sou-manaus\/#primaryimage\",\"url\":\"https:\/\/www.manaus.am.gov.br\/manauscult\/wp-content\/uploads\/sites\/11\/2023\/09\/IMG_1254.jpg\",\"contentUrl\":\"https:\/\/www.manaus.am.gov.br\/manauscult\/wp-content\/uploads\/sites\/11\/2023\/09\/IMG_1254.jpg\",\"width\":6240,\"height\":4160},{\"@type\":\"BreadcrumbList\",\"@id\":\"https:\/\/www.manaus.am.gov.br\/manauscult\/antonio-bahia-fecha-primeira-noite-de-apresentacoes-no-palco-coreto-no-sou-manaus\/#breadcrumb\",\"itemListElement\":[{\"@type\":\"ListItem\",\"position\":1,\"name\":\"Home\",\"item\":\"https:\/\/www.manaus.am.gov.br\/manauscult\/\"},{\"@type\":\"ListItem\",\"position\":2,\"name\":\"Antonio Bahia fecha primeira noite de apresenta\u00e7\u00f5es no palco Coreto no #SouManaus\"}]},{\"@type\":\"WebSite\",\"@id\":\"https:\/\/www.manaus.am.gov.br\/manauscult\/#website\",\"url\":\"https:\/\/www.manaus.am.gov.br\/manauscult\/\",\"name\":\"MANAUSCULT\",\"description\":\"Prefeitura de Manaus\",\"potentialAction\":[{\"@type\":\"SearchAction\",\"target\":{\"@type\":\"EntryPoint\",\"urlTemplate\":\"https:\/\/www.manaus.am.gov.br\/manauscult\/?s={search_term_string}\"},\"query-input\":\"required name=search_term_string\"}],\"inLanguage\":\"pt-BR\"},{\"@type\":\"Person\",\"@id\":\"https:\/\/www.manaus.am.gov.br\/manauscult\/#\/schema\/person\/bfafc779be2e19b3d3ef4a59d418b606\",\"name\":\"csilveira\",\"image\":{\"@type\":\"ImageObject\",\"inLanguage\":\"pt-BR\",\"@id\":\"https:\/\/www.manaus.am.gov.br\/manauscult\/#\/schema\/person\/image\/\",\"url\":\"https:\/\/secure.gravatar.com\/avatar\/9c2e2f00138fcd35401c748bd030d3b5?s=96&d=mm&r=g\",\"contentUrl\":\"https:\/\/secure.gravatar.com\/avatar\/9c2e2f00138fcd35401c748bd030d3b5?s=96&d=mm&r=g\",\"caption\":\"csilveira\"}}]}<\/script>\n<!-- \/ Yoast SEO plugin. -->","yoast_head_json":{"title":"Antonio Bahia fecha primeira noite de apresenta\u00e7\u00f5es no palco Coreto no #SouManaus","description":"A primeira noite de apresenta\u00e7\u00f5es do maior festival de artes integradas do Norte, o #SouManaus Passo a Pa\u00e7o 2023, realizado pela Prefeitura.","robots":{"index":"noindex","follow":"follow"},"og_locale":"pt_BR","og_type":"article","og_title":"Antonio Bahia fecha primeira noite de apresenta\u00e7\u00f5es no palco Coreto no #SouManaus","og_description":"A primeira noite de apresenta\u00e7\u00f5es do maior festival de artes integradas do Norte, o #SouManaus Passo a Pa\u00e7o 2023, realizado pela Prefeitura.","og_url":"https:\/\/www.manaus.am.gov.br\/manauscult\/antonio-bahia-fecha-primeira-noite-de-apresentacoes-no-palco-coreto-no-sou-manaus\/","og_site_name":"MANAUSCULT","article_published_time":"2023-09-06T07:15:42+00:00","article_modified_time":"2023-09-06T13:20:15+00:00","og_image":[{"width":1024,"height":683,"url":"https:\/\/www.manaus.am.gov.br\/manauscult\/wp-content\/uploads\/sites\/11\/2023\/09\/IMG_1254-1024x683.jpg","type":"image\/jpeg"}],"author":"csilveira","twitter_card":"summary_large_image","twitter_misc":{"Written by":"csilveira","Est. reading time":"2 minutos"},"schema":{"@context":"https:\/\/schema.org","@graph":[{"@type":"WebPage","@id":"https:\/\/www.manaus.am.gov.br\/manauscult\/antonio-bahia-fecha-primeira-noite-de-apresentacoes-no-palco-coreto-no-sou-manaus\/","url":"https:\/\/www.manaus.am.gov.br\/manauscult\/antonio-bahia-fecha-primeira-noite-de-apresentacoes-no-palco-coreto-no-sou-manaus\/","name":"Antonio Bahia fecha primeira noite de apresenta\u00e7\u00f5es no palco Coreto no #SouManaus","isPartOf":{"@id":"https:\/\/www.manaus.am.gov.br\/manauscult\/#website"},"primaryImageOfPage":{"@id":"https:\/\/www.manaus.am.gov.br\/manauscult\/antonio-bahia-fecha-primeira-noite-de-apresentacoes-no-palco-coreto-no-sou-manaus\/#primaryimage"},"image":{"@id":"https:\/\/www.manaus.am.gov.br\/manauscult\/antonio-bahia-fecha-primeira-noite-de-apresentacoes-no-palco-coreto-no-sou-manaus\/#primaryimage"},"thumbnailUrl":"https:\/\/www.manaus.am.gov.br\/manauscult\/wp-content\/uploads\/sites\/11\/2023\/09\/IMG_1254.jpg","datePublished":"2023-09-06T07:15:42+00:00","dateModified":"2023-09-06T13:20:15+00:00","author":{"@id":"https:\/\/www.manaus.am.gov.br\/manauscult\/#\/schema\/person\/bfafc779be2e19b3d3ef4a59d418b606"},"description":"A primeira noite de apresenta\u00e7\u00f5es do maior festival de artes integradas do Norte, o #SouManaus Passo a Pa\u00e7o 2023, realizado pela Prefeitura.","breadcrumb":{"@id":"https:\/\/www.manaus.am.gov.br\/manauscult\/antonio-bahia-fecha-primeira-noite-de-apresentacoes-no-palco-coreto-no-sou-manaus\/#breadcrumb"},"inLanguage":"pt-BR","potentialAction":[{"@type":"ReadAction","target":["https:\/\/www.manaus.am.gov.br\/manauscult\/antonio-bahia-fecha-primeira-noite-de-apresentacoes-no-palco-coreto-no-sou-manaus\/"]}]},{"@type":"ImageObject","inLanguage":"pt-BR","@id":"https:\/\/www.manaus.am.gov.br\/manauscult\/antonio-bahia-fecha-primeira-noite-de-apresentacoes-no-palco-coreto-no-sou-manaus\/#primaryimage","url":"https:\/\/www.manaus.am.gov.br\/manauscult\/wp-content\/uploads\/sites\/11\/2023\/09\/IMG_1254.jpg","contentUrl":"https:\/\/www.manaus.am.gov.br\/manauscult\/wp-content\/uploads\/sites\/11\/2023\/09\/IMG_1254.jpg","width":6240,"height":4160},{"@type":"BreadcrumbList","@id":"https:\/\/www.manaus.am.gov.br\/manauscult\/antonio-bahia-fecha-primeira-noite-de-apresentacoes-no-palco-coreto-no-sou-manaus\/#breadcrumb","itemListElement":[{"@type":"ListItem","position":1,"name":"Home","item":"https:\/\/www.manaus.am.gov.br\/manauscult\/"},{"@type":"ListItem","position":2,"name":"Antonio Bahia fecha primeira noite de apresenta\u00e7\u00f5es no palco Coreto no #SouManaus"}]},{"@type":"WebSite","@id":"https:\/\/www.manaus.am.gov.br\/manauscult\/#website","url":"https:\/\/www.manaus.am.gov.br\/manauscult\/","name":"MANAUSCULT","description":"Prefeitura de Manaus","potentialAction":[{"@type":"SearchAction","target":{"@type":"EntryPoint","urlTemplate":"https:\/\/www.manaus.am.gov.br\/manauscult\/?s={search_term_string}"},"query-input":"required name=search_term_string"}],"inLanguage":"pt-BR"},{"@type":"Person","@id":"https:\/\/www.manaus.am.gov.br\/manauscult\/#\/schema\/person\/bfafc779be2e19b3d3ef4a59d418b606","name":"csilveira","image":{"@type":"ImageObject","inLanguage":"pt-BR","@id":"https:\/\/www.manaus.am.gov.br\/manauscult\/#\/schema\/person\/image\/","url":"https:\/\/secure.gravatar.com\/avatar\/9c2e2f00138fcd35401c748bd030d3b5?s=96&d=mm&r=g","contentUrl":"https:\/\/secure.gravatar.com\/avatar\/9c2e2f00138fcd35401c748bd030d3b5?s=96&d=mm&r=g","caption":"csilveira"}}]}},"_links":{"self":[{"href":"https:\/\/www.manaus.am.gov.br\/manauscult\/wp-json\/wp\/v2\/posts\/1362"}],"collection":[{"href":"https:\/\/www.manaus.am.gov.br\/manauscult\/wp-json\/wp\/v2\/posts"}],"about":[{"href":"https:\/\/www.manaus.am.gov.br\/manauscult\/wp-json\/wp\/v2\/types\/post"}],"author":[{"embeddable":true,"href":"https:\/\/www.manaus.am.gov.br\/manauscult\/wp-json\/wp\/v2\/users\/52"}],"replies":[{"embeddable":true,"href":"https:\/\/www.manaus.am.gov.br\/manauscult\/wp-json\/wp\/v2\/comments?post=1362"}],"version-history":[{"count":1,"href":"https:\/\/www.manaus.am.gov.br\/manauscult\/wp-json\/wp\/v2\/posts\/1362\/revisions"}],"predecessor-version":[{"id":1364,"href":"https:\/\/www.manaus.am.gov.br\/manauscult\/wp-json\/wp\/v2\/posts\/1362\/revisions\/1364"}],"wp:featuredmedia":[{"embeddable":true,"href":"https:\/\/www.manaus.am.gov.br\/manauscult\/wp-json\/wp\/v2\/media\/1363"}],"wp:attachment":[{"href":"https:\/\/www.manaus.am.gov.br\/manauscult\/wp-json\/wp\/v2\/media?parent=1362"}],"wp:term":[{"taxonomy":"category","embeddable":true,"href":"https:\/\/www.manaus.am.gov.br\/manauscult\/wp-json\/wp\/v2\/categories?post=1362"},{"taxonomy":"post_tag","embeddable":true,"href":"https:\/\/www.manaus.am.gov.br\/manauscult\/wp-json\/wp\/v2\/tags?post=1362"}],"curies":[{"name":"wp","href":"https:\/\/api.w.org\/{rel}","templated":true}]}}