{"id":1357,"date":"2023-09-06T03:00:47","date_gmt":"2023-09-06T07:00:47","guid":{"rendered":"https:\/\/www.manaus.am.gov.br\/manauscult\/david-guetta-encerra-primeira-noite-do-soumanaus-2023-com-sucesso-de-publico\/"},"modified":"2023-09-06T03:00:47","modified_gmt":"2023-09-06T07:00:47","slug":"david-guetta-encerra-primeira-noite-do-soumanaus-2023-com-sucesso-de-publico","status":"publish","type":"post","link":"https:\/\/www.manaus.am.gov.br\/manauscult\/david-guetta-encerra-primeira-noite-do-soumanaus-2023-com-sucesso-de-publico\/","title":{"rendered":"<strong>David Guetta encerra primeira noite do #SouManaus 2023 com sucesso de p\u00fablico<\/strong>"},"content":{"rendered":"\n<p>A atra\u00e7\u00e3o mais esperada do festival, o maior DJ do mundo, David Guetta, encerrou a primeira noite do \u201c#SouManaus Passo a Pa\u00e7o 2023\u201d diante de uma multid\u00e3o no palco Bradesco &#8211; Guardi\u00e3o da Amaz\u00f4nia.<\/p>\n\n\n\n<p>Para o prefeito David Almeida, a primeira noite do festival j\u00e1 mostrou que essa edi\u00e7\u00e3o do #SouManaus \u00e9 hist\u00f3rica. \u201cO Sou Manaus fez hist\u00f3ria hoje. Trouxemos para o p\u00fablico manauara um dos maiores shows de todos os tempos com o DJ David Gueta. O primeiro dia do festival foi sucesso de p\u00fablico sem qualquer intercorr\u00eancia mostrando a compet\u00eancia da gest\u00e3o municipal em entregar de forma gratuita um evento seguro e organizado\u201d.<\/p>\n\n\n\n<figure class=\"wp-block-image size-full\"><img loading=\"lazy\" decoding=\"async\" width=\"1024\" height=\"683\" src=\"https:\/\/www.manaus.am.gov.br\/manauscult\/wp-content\/uploads\/sites\/11\/2023\/09\/WhatsApp-Image-2023-09-06-at-03.26.45.jpeg\" alt=\"\" class=\"wp-image-1359\" srcset=\"https:\/\/www.manaus.am.gov.br\/manauscult\/wp-content\/uploads\/sites\/11\/2023\/09\/WhatsApp-Image-2023-09-06-at-03.26.45.jpeg 1024w, https:\/\/www.manaus.am.gov.br\/manauscult\/wp-content\/uploads\/sites\/11\/2023\/09\/WhatsApp-Image-2023-09-06-at-03.26.45-300x200.jpeg 300w, https:\/\/www.manaus.am.gov.br\/manauscult\/wp-content\/uploads\/sites\/11\/2023\/09\/WhatsApp-Image-2023-09-06-at-03.26.45-768x512.jpeg 768w\" sizes=\"(max-width: 1024px) 100vw, 1024px\" \/><\/figure>\n\n\n\n<p>Antes de ver a grande estrela subir no palco do maior festival de artes integradas do Norte, o p\u00fablico contou com diversas atra\u00e7\u00f5es locais e nacionais que embalaram a festa que foi at\u00e9 de madrugada.<\/p>\n\n\n\n<p>Um dos primeiros a chegar no evento foi o estudante Orion Smith, que estava desde \u00e0s 14h na frente do palco esperando a grande atra\u00e7\u00e3o internacional. \u201cDesde crian\u00e7a ouvindo as m\u00fasicas dele, dan\u00e7ando e acompanhando, e eu n\u00e3o esperava ver ele aqui em Manaus. \u00c9 a primeira vez que assisto a um show dele assim de perto e acho que \u00e9 uma chance \u00fanica\u201d, afirmou Orion.<\/p>\n\n\n\n<p>Animado com a atra\u00e7\u00e3o internacional, o core\u00f3grafo Rafael Costa\u00a0 afirmou que o #SouManaus, da Prefeitura de Manaus, trouxe uma oportunidade \u00fanica. E para quem n\u00e3o foi no primeiro dia, o superf\u00e3 do #SouManaus deixou um recado. \u201cQuem n\u00e3o veio no primeiro dia, vem nos pr\u00f3ximos. \u00c9 muita tecnologia. Tem um t\u00fanel de LED que voc\u00ea pode vir e fazer fotos, v\u00eddeos para o TikTok, e tudo o que voc\u00ea quiser. Est\u00e1 super legal e sensacional\u201d.<\/p>\n\n\n\n<figure class=\"wp-block-image size-full\"><img loading=\"lazy\" decoding=\"async\" width=\"799\" height=\"533\" src=\"https:\/\/www.manaus.am.gov.br\/manauscult\/wp-content\/uploads\/sites\/11\/2023\/09\/53167742205_952bb0b9fe_c.jpg\" alt=\"\" class=\"wp-image-1358\" srcset=\"https:\/\/www.manaus.am.gov.br\/manauscult\/wp-content\/uploads\/sites\/11\/2023\/09\/53167742205_952bb0b9fe_c.jpg 799w, https:\/\/www.manaus.am.gov.br\/manauscult\/wp-content\/uploads\/sites\/11\/2023\/09\/53167742205_952bb0b9fe_c-300x200.jpg 300w, https:\/\/www.manaus.am.gov.br\/manauscult\/wp-content\/uploads\/sites\/11\/2023\/09\/53167742205_952bb0b9fe_c-768x512.jpg 768w\" sizes=\"(max-width: 799px) 100vw, 799px\" \/><\/figure>\n\n\n\n<p>Figurinha carimbada no Amazonas, o cantor Z\u00e9 Felipe, acompanhado da mulher, a influenciadora Virg\u00ednia, tamb\u00e9m agitaram o p\u00fablico. \u201cMuito feliz de estar aqui em Manaus, a gente \u00e9 muito bem recebido. Eu s\u00f3 quero agradecer a Prefeitura de Manaus e a todo mundo que est\u00e1 aqui, porque vamos ter um show muito incr\u00edvel\u201d, disse Z\u00e9 Felipe.<\/p>\n\n\n\n<p>Um dos pontos altos da primeira noite foi a queima de fogos, as luzes da alegoria do palco Guardi\u00e3o da Amaz\u00f4nia, e a apresenta\u00e7\u00e3o de 12 paraquedistas que antecederam a entrada no palco do DJ franc\u00eas David Guetta, que levantou o p\u00fablico com a sua cole\u00e7\u00e3o de hits em mais de 20 anos de carreira.<\/p>\n\n\n\n<p>&#8211; &#8211; &#8211; &#8211; &#8211;<\/p>\n\n\n\n<p><strong>Texto<\/strong> &#8211; Asafe Augusto \/ Semcom<\/p>\n\n\n\n<p><strong>Fotos <\/strong>&#8211; Cl\u00f3vis Miranda , Dhyeizo Lemos e Ant\u00f4nio Pereira \/ Semcom<\/p>\n","protected":false},"excerpt":{"rendered":"","protected":false},"author":25,"featured_media":1360,"comment_status":"closed","ping_status":"closed","sticky":false,"template":"","format":"standard","meta":{"footnotes":""},"categories":[508],"tags":[67,428,279],"acf":[],"yoast_head":"<!-- This site is optimized with the Yoast SEO plugin v23.0 - https:\/\/yoast.com\/wordpress\/plugins\/seo\/ -->\n<title>David Guetta encerra primeira noite do #SouManaus 2023 com sucesso de p\u00fablico<\/title>\n<meta name=\"description\" content=\"A atra\u00e7\u00e3o mais esperada do festival, o maior DJ do mundo, David Guetta, encerrou a primeira noite do \u201c#SouManaus Passo a Pa\u00e7o 2023\u201d diante de uma multid\u00e3o no palco Bradesco - Guardi\u00e3o da Amaz\u00f4nia.\" \/>\n<meta name=\"robots\" content=\"noindex, follow\" \/>\n<meta property=\"og:locale\" content=\"pt_BR\" \/>\n<meta property=\"og:type\" content=\"article\" \/>\n<meta property=\"og:title\" content=\"David Guetta encerra primeira noite do #SouManaus 2023 com sucesso de p\u00fablico\" \/>\n<meta property=\"og:description\" content=\"A atra\u00e7\u00e3o mais esperada do festival, o maior DJ do mundo, David Guetta, encerrou a primeira noite do \u201c#SouManaus Passo a Pa\u00e7o 2023\u201d diante de uma multid\u00e3o no palco Bradesco - Guardi\u00e3o da Amaz\u00f4nia.\" \/>\n<meta property=\"og:url\" content=\"https:\/\/www.manaus.am.gov.br\/manauscult\/david-guetta-encerra-primeira-noite-do-soumanaus-2023-com-sucesso-de-publico\/\" \/>\n<meta property=\"og:site_name\" content=\"MANAUSCULT\" \/>\n<meta property=\"article:published_time\" content=\"2023-09-06T07:00:47+00:00\" \/>\n<meta property=\"og:image\" content=\"https:\/\/www.manaus.am.gov.br\/manauscult\/wp-content\/uploads\/sites\/11\/2023\/09\/WhatsApp-Image-2023-09-06-at-03.26.49.jpeg\" \/>\n\t<meta property=\"og:image:width\" content=\"1024\" \/>\n\t<meta property=\"og:image:height\" content=\"678\" \/>\n\t<meta property=\"og:image:type\" content=\"image\/jpeg\" \/>\n<meta name=\"author\" content=\"Maur\u00edcio Freire\" \/>\n<meta name=\"twitter:card\" content=\"summary_large_image\" \/>\n<meta name=\"twitter:label1\" content=\"Written by\" \/>\n\t<meta name=\"twitter:data1\" content=\"Maur\u00edcio Freire\" \/>\n\t<meta name=\"twitter:label2\" content=\"Est. reading time\" \/>\n\t<meta name=\"twitter:data2\" content=\"3 minutos\" \/>\n<script type=\"application\/ld+json\" class=\"yoast-schema-graph\">{\"@context\":\"https:\/\/schema.org\",\"@graph\":[{\"@type\":\"WebPage\",\"@id\":\"https:\/\/www.manaus.am.gov.br\/manauscult\/david-guetta-encerra-primeira-noite-do-soumanaus-2023-com-sucesso-de-publico\/\",\"url\":\"https:\/\/www.manaus.am.gov.br\/manauscult\/david-guetta-encerra-primeira-noite-do-soumanaus-2023-com-sucesso-de-publico\/\",\"name\":\"David Guetta encerra primeira noite do #SouManaus 2023 com sucesso de p\u00fablico\",\"isPartOf\":{\"@id\":\"https:\/\/www.manaus.am.gov.br\/manauscult\/#website\"},\"primaryImageOfPage\":{\"@id\":\"https:\/\/www.manaus.am.gov.br\/manauscult\/david-guetta-encerra-primeira-noite-do-soumanaus-2023-com-sucesso-de-publico\/#primaryimage\"},\"image\":{\"@id\":\"https:\/\/www.manaus.am.gov.br\/manauscult\/david-guetta-encerra-primeira-noite-do-soumanaus-2023-com-sucesso-de-publico\/#primaryimage\"},\"thumbnailUrl\":\"https:\/\/www.manaus.am.gov.br\/manauscult\/wp-content\/uploads\/sites\/11\/2023\/09\/WhatsApp-Image-2023-09-06-at-03.26.49.jpeg\",\"datePublished\":\"2023-09-06T07:00:47+00:00\",\"dateModified\":\"2023-09-06T07:00:47+00:00\",\"author\":{\"@id\":\"https:\/\/www.manaus.am.gov.br\/manauscult\/#\/schema\/person\/587989a23a463cde5618e6a028977a9a\"},\"description\":\"A atra\u00e7\u00e3o mais esperada do festival, o maior DJ do mundo, David Guetta, encerrou a primeira noite do \u201c#SouManaus Passo a Pa\u00e7o 2023\u201d diante de uma multid\u00e3o no palco Bradesco - Guardi\u00e3o da Amaz\u00f4nia.\",\"breadcrumb\":{\"@id\":\"https:\/\/www.manaus.am.gov.br\/manauscult\/david-guetta-encerra-primeira-noite-do-soumanaus-2023-com-sucesso-de-publico\/#breadcrumb\"},\"inLanguage\":\"pt-BR\",\"potentialAction\":[{\"@type\":\"ReadAction\",\"target\":[\"https:\/\/www.manaus.am.gov.br\/manauscult\/david-guetta-encerra-primeira-noite-do-soumanaus-2023-com-sucesso-de-publico\/\"]}]},{\"@type\":\"ImageObject\",\"inLanguage\":\"pt-BR\",\"@id\":\"https:\/\/www.manaus.am.gov.br\/manauscult\/david-guetta-encerra-primeira-noite-do-soumanaus-2023-com-sucesso-de-publico\/#primaryimage\",\"url\":\"https:\/\/www.manaus.am.gov.br\/manauscult\/wp-content\/uploads\/sites\/11\/2023\/09\/WhatsApp-Image-2023-09-06-at-03.26.49.jpeg\",\"contentUrl\":\"https:\/\/www.manaus.am.gov.br\/manauscult\/wp-content\/uploads\/sites\/11\/2023\/09\/WhatsApp-Image-2023-09-06-at-03.26.49.jpeg\",\"width\":1024,\"height\":678},{\"@type\":\"BreadcrumbList\",\"@id\":\"https:\/\/www.manaus.am.gov.br\/manauscult\/david-guetta-encerra-primeira-noite-do-soumanaus-2023-com-sucesso-de-publico\/#breadcrumb\",\"itemListElement\":[{\"@type\":\"ListItem\",\"position\":1,\"name\":\"Home\",\"item\":\"https:\/\/www.manaus.am.gov.br\/manauscult\/\"},{\"@type\":\"ListItem\",\"position\":2,\"name\":\"David Guetta encerra primeira noite do #SouManaus 2023 com sucesso de p\u00fablico\"}]},{\"@type\":\"WebSite\",\"@id\":\"https:\/\/www.manaus.am.gov.br\/manauscult\/#website\",\"url\":\"https:\/\/www.manaus.am.gov.br\/manauscult\/\",\"name\":\"MANAUSCULT\",\"description\":\"Prefeitura de Manaus\",\"potentialAction\":[{\"@type\":\"SearchAction\",\"target\":{\"@type\":\"EntryPoint\",\"urlTemplate\":\"https:\/\/www.manaus.am.gov.br\/manauscult\/?s={search_term_string}\"},\"query-input\":\"required name=search_term_string\"}],\"inLanguage\":\"pt-BR\"},{\"@type\":\"Person\",\"@id\":\"https:\/\/www.manaus.am.gov.br\/manauscult\/#\/schema\/person\/587989a23a463cde5618e6a028977a9a\",\"name\":\"Maur\u00edcio Freire\",\"image\":{\"@type\":\"ImageObject\",\"inLanguage\":\"pt-BR\",\"@id\":\"https:\/\/www.manaus.am.gov.br\/manauscult\/#\/schema\/person\/image\/\",\"url\":\"https:\/\/secure.gravatar.com\/avatar\/dc1481799a1f75c733ac3b2634cd6749?s=96&d=mm&r=g\",\"contentUrl\":\"https:\/\/secure.gravatar.com\/avatar\/dc1481799a1f75c733ac3b2634cd6749?s=96&d=mm&r=g\",\"caption\":\"Maur\u00edcio Freire\"}}]}<\/script>\n<!-- \/ Yoast SEO plugin. -->","yoast_head_json":{"title":"David Guetta encerra primeira noite do #SouManaus 2023 com sucesso de p\u00fablico","description":"A atra\u00e7\u00e3o mais esperada do festival, o maior DJ do mundo, David Guetta, encerrou a primeira noite do \u201c#SouManaus Passo a Pa\u00e7o 2023\u201d diante de uma multid\u00e3o no palco Bradesco - Guardi\u00e3o da Amaz\u00f4nia.","robots":{"index":"noindex","follow":"follow"},"og_locale":"pt_BR","og_type":"article","og_title":"David Guetta encerra primeira noite do #SouManaus 2023 com sucesso de p\u00fablico","og_description":"A atra\u00e7\u00e3o mais esperada do festival, o maior DJ do mundo, David Guetta, encerrou a primeira noite do \u201c#SouManaus Passo a Pa\u00e7o 2023\u201d diante de uma multid\u00e3o no palco Bradesco - Guardi\u00e3o da Amaz\u00f4nia.","og_url":"https:\/\/www.manaus.am.gov.br\/manauscult\/david-guetta-encerra-primeira-noite-do-soumanaus-2023-com-sucesso-de-publico\/","og_site_name":"MANAUSCULT","article_published_time":"2023-09-06T07:00:47+00:00","og_image":[{"width":1024,"height":678,"url":"https:\/\/www.manaus.am.gov.br\/manauscult\/wp-content\/uploads\/sites\/11\/2023\/09\/WhatsApp-Image-2023-09-06-at-03.26.49.jpeg","type":"image\/jpeg"}],"author":"Maur\u00edcio Freire","twitter_card":"summary_large_image","twitter_misc":{"Written by":"Maur\u00edcio Freire","Est. reading time":"3 minutos"},"schema":{"@context":"https:\/\/schema.org","@graph":[{"@type":"WebPage","@id":"https:\/\/www.manaus.am.gov.br\/manauscult\/david-guetta-encerra-primeira-noite-do-soumanaus-2023-com-sucesso-de-publico\/","url":"https:\/\/www.manaus.am.gov.br\/manauscult\/david-guetta-encerra-primeira-noite-do-soumanaus-2023-com-sucesso-de-publico\/","name":"David Guetta encerra primeira noite do #SouManaus 2023 com sucesso de p\u00fablico","isPartOf":{"@id":"https:\/\/www.manaus.am.gov.br\/manauscult\/#website"},"primaryImageOfPage":{"@id":"https:\/\/www.manaus.am.gov.br\/manauscult\/david-guetta-encerra-primeira-noite-do-soumanaus-2023-com-sucesso-de-publico\/#primaryimage"},"image":{"@id":"https:\/\/www.manaus.am.gov.br\/manauscult\/david-guetta-encerra-primeira-noite-do-soumanaus-2023-com-sucesso-de-publico\/#primaryimage"},"thumbnailUrl":"https:\/\/www.manaus.am.gov.br\/manauscult\/wp-content\/uploads\/sites\/11\/2023\/09\/WhatsApp-Image-2023-09-06-at-03.26.49.jpeg","datePublished":"2023-09-06T07:00:47+00:00","dateModified":"2023-09-06T07:00:47+00:00","author":{"@id":"https:\/\/www.manaus.am.gov.br\/manauscult\/#\/schema\/person\/587989a23a463cde5618e6a028977a9a"},"description":"A atra\u00e7\u00e3o mais esperada do festival, o maior DJ do mundo, David Guetta, encerrou a primeira noite do \u201c#SouManaus Passo a Pa\u00e7o 2023\u201d diante de uma multid\u00e3o no palco Bradesco - Guardi\u00e3o da Amaz\u00f4nia.","breadcrumb":{"@id":"https:\/\/www.manaus.am.gov.br\/manauscult\/david-guetta-encerra-primeira-noite-do-soumanaus-2023-com-sucesso-de-publico\/#breadcrumb"},"inLanguage":"pt-BR","potentialAction":[{"@type":"ReadAction","target":["https:\/\/www.manaus.am.gov.br\/manauscult\/david-guetta-encerra-primeira-noite-do-soumanaus-2023-com-sucesso-de-publico\/"]}]},{"@type":"ImageObject","inLanguage":"pt-BR","@id":"https:\/\/www.manaus.am.gov.br\/manauscult\/david-guetta-encerra-primeira-noite-do-soumanaus-2023-com-sucesso-de-publico\/#primaryimage","url":"https:\/\/www.manaus.am.gov.br\/manauscult\/wp-content\/uploads\/sites\/11\/2023\/09\/WhatsApp-Image-2023-09-06-at-03.26.49.jpeg","contentUrl":"https:\/\/www.manaus.am.gov.br\/manauscult\/wp-content\/uploads\/sites\/11\/2023\/09\/WhatsApp-Image-2023-09-06-at-03.26.49.jpeg","width":1024,"height":678},{"@type":"BreadcrumbList","@id":"https:\/\/www.manaus.am.gov.br\/manauscult\/david-guetta-encerra-primeira-noite-do-soumanaus-2023-com-sucesso-de-publico\/#breadcrumb","itemListElement":[{"@type":"ListItem","position":1,"name":"Home","item":"https:\/\/www.manaus.am.gov.br\/manauscult\/"},{"@type":"ListItem","position":2,"name":"David Guetta encerra primeira noite do #SouManaus 2023 com sucesso de p\u00fablico"}]},{"@type":"WebSite","@id":"https:\/\/www.manaus.am.gov.br\/manauscult\/#website","url":"https:\/\/www.manaus.am.gov.br\/manauscult\/","name":"MANAUSCULT","description":"Prefeitura de Manaus","potentialAction":[{"@type":"SearchAction","target":{"@type":"EntryPoint","urlTemplate":"https:\/\/www.manaus.am.gov.br\/manauscult\/?s={search_term_string}"},"query-input":"required name=search_term_string"}],"inLanguage":"pt-BR"},{"@type":"Person","@id":"https:\/\/www.manaus.am.gov.br\/manauscult\/#\/schema\/person\/587989a23a463cde5618e6a028977a9a","name":"Maur\u00edcio Freire","image":{"@type":"ImageObject","inLanguage":"pt-BR","@id":"https:\/\/www.manaus.am.gov.br\/manauscult\/#\/schema\/person\/image\/","url":"https:\/\/secure.gravatar.com\/avatar\/dc1481799a1f75c733ac3b2634cd6749?s=96&d=mm&r=g","contentUrl":"https:\/\/secure.gravatar.com\/avatar\/dc1481799a1f75c733ac3b2634cd6749?s=96&d=mm&r=g","caption":"Maur\u00edcio Freire"}}]}},"_links":{"self":[{"href":"https:\/\/www.manaus.am.gov.br\/manauscult\/wp-json\/wp\/v2\/posts\/1357"}],"collection":[{"href":"https:\/\/www.manaus.am.gov.br\/manauscult\/wp-json\/wp\/v2\/posts"}],"about":[{"href":"https:\/\/www.manaus.am.gov.br\/manauscult\/wp-json\/wp\/v2\/types\/post"}],"author":[{"embeddable":true,"href":"https:\/\/www.manaus.am.gov.br\/manauscult\/wp-json\/wp\/v2\/users\/25"}],"replies":[{"embeddable":true,"href":"https:\/\/www.manaus.am.gov.br\/manauscult\/wp-json\/wp\/v2\/comments?post=1357"}],"version-history":[{"count":1,"href":"https:\/\/www.manaus.am.gov.br\/manauscult\/wp-json\/wp\/v2\/posts\/1357\/revisions"}],"predecessor-version":[{"id":1361,"href":"https:\/\/www.manaus.am.gov.br\/manauscult\/wp-json\/wp\/v2\/posts\/1357\/revisions\/1361"}],"wp:featuredmedia":[{"embeddable":true,"href":"https:\/\/www.manaus.am.gov.br\/manauscult\/wp-json\/wp\/v2\/media\/1360"}],"wp:attachment":[{"href":"https:\/\/www.manaus.am.gov.br\/manauscult\/wp-json\/wp\/v2\/media?parent=1357"}],"wp:term":[{"taxonomy":"category","embeddable":true,"href":"https:\/\/www.manaus.am.gov.br\/manauscult\/wp-json\/wp\/v2\/categories?post=1357"},{"taxonomy":"post_tag","embeddable":true,"href":"https:\/\/www.manaus.am.gov.br\/manauscult\/wp-json\/wp\/v2\/tags?post=1357"}],"curies":[{"name":"wp","href":"https:\/\/api.w.org\/{rel}","templated":true}]}}