{"id":1351,"date":"2023-09-06T02:12:13","date_gmt":"2023-09-06T06:12:13","guid":{"rendered":"https:\/\/www.manaus.am.gov.br\/manauscult\/strangers-hand-rock-aposta-em-som-das-antigas-e-cativa-publico-do-palco-coreto-no-sou-manaus\/"},"modified":"2023-09-06T02:12:14","modified_gmt":"2023-09-06T06:12:14","slug":"strangers-hand-rock-aposta-em-som-das-antigas-e-cativa-publico-do-palco-coreto-no-sou-manaus","status":"publish","type":"post","link":"https:\/\/www.manaus.am.gov.br\/manauscult\/strangers-hand-rock-aposta-em-som-das-antigas-e-cativa-publico-do-palco-coreto-no-sou-manaus\/","title":{"rendered":"<strong>\u2018Strangers Hand Rock\u2019 aposta em som das antigas e cativa p\u00fablico do palco Coreto no #SouManaus<\/strong>"},"content":{"rendered":"\n<p>Foi com o som das antigas que a banda \u201cStranger Hand Rock\u201d ganhou o p\u00fablico ao se apresentar no palco Coreto do Festival \u201c#SouManaus Passo a Pa\u00e7o 2023\u201d, nesta ter\u00e7a-feira, 5\/9. A aposta do grupo mirou em m\u00fasicas de bandas que embalaram a juventude na d\u00e9cada de 1990.<\/p>\n\n\n\n<p>Enquanto a perfomance de \u201cIt\u2019s My Life\u201d, em tributo a Bon Jovi, acontecia no palco, Marcos Farias, 39 anos, ao lado da esposa Vera Matias, 35 anos, curtia a apresenta\u00e7\u00e3o no meio da pra\u00e7a Dom Pedro.<\/p>\n\n\n\n<p>\u201cO show da banda est\u00e1 sensacional. Eles mostraram para o que vieram. Interagiram com a galera e mostraram que s\u00e3o realmente muito bons. Achei sensacional a forma deles interagirem com o p\u00fablico\u201d, enfatizou Marcos.<\/p>\n\n\n\n<p>O vocalista dos \u201cStrangers\u201d, Humberto Sobrinho, descreveu como \u00e9 satisfat\u00f3ria a oportunidade de participar do #SouManaus.<\/p>\n\n\n\n<p>\u201cTodo o apoio que a Prefeitura de Manaus tem dado ao artista local \u00e9 muito importante, tanto para quem est\u00e1 come\u00e7ando quanto para quem j\u00e1 tem um trabalho mais consolidado. Esse apoio \u00e9 essencial para o artista local\u201d, afirmou o vocalista.<\/p>\n\n\n\n<p>&#8212;-<\/p>\n\n\n\n<p><strong>Texto &#8211;<\/strong> Larissa Ara\u00fajo \/ Semcom<\/p>\n\n\n\n<p><strong>Fotos &#8211;<\/strong> Victor Hugo e Luiz Soares \/ Seminf<\/p>\n","protected":false},"excerpt":{"rendered":"","protected":false},"author":52,"featured_media":1352,"comment_status":"closed","ping_status":"closed","sticky":false,"template":"","format":"standard","meta":{"footnotes":""},"categories":[508],"tags":[168,584,11],"acf":[],"yoast_head":"<!-- This site is optimized with the Yoast SEO plugin v23.0 - https:\/\/yoast.com\/wordpress\/plugins\/seo\/ -->\n<title>\u2018Strangers Hand Rock\u2019 aposta em som das antigas e cativa p\u00fablico do palco Coreto no #SouManaus<\/title>\n<meta name=\"description\" content=\"Foi com o som das antigas que a banda \u201cStranger Hand Rock\u201d ganhou o p\u00fablico ao se apresentar no palco Coreto do Festival \u201c#SouManaus.\" \/>\n<meta name=\"robots\" content=\"noindex, follow\" \/>\n<meta property=\"og:locale\" content=\"pt_BR\" \/>\n<meta property=\"og:type\" content=\"article\" \/>\n<meta property=\"og:title\" content=\"\u2018Strangers Hand Rock\u2019 aposta em som das antigas e cativa p\u00fablico do palco Coreto no #SouManaus\" \/>\n<meta property=\"og:description\" content=\"Foi com o som das antigas que a banda \u201cStranger Hand Rock\u201d ganhou o p\u00fablico ao se apresentar no palco Coreto do Festival \u201c#SouManaus.\" \/>\n<meta property=\"og:url\" content=\"https:\/\/www.manaus.am.gov.br\/manauscult\/strangers-hand-rock-aposta-em-som-das-antigas-e-cativa-publico-do-palco-coreto-no-sou-manaus\/\" \/>\n<meta property=\"og:site_name\" content=\"MANAUSCULT\" \/>\n<meta property=\"article:published_time\" content=\"2023-09-06T06:12:13+00:00\" \/>\n<meta property=\"article:modified_time\" content=\"2023-09-06T06:12:14+00:00\" \/>\n<meta property=\"og:image\" content=\"https:\/\/www.manaus.am.gov.br\/manauscult\/wp-content\/uploads\/sites\/11\/2023\/09\/Strangers-Hand-Rock_SouManaus-1024x683.jpg\" \/>\n\t<meta property=\"og:image:width\" content=\"1024\" \/>\n\t<meta property=\"og:image:height\" content=\"683\" \/>\n\t<meta property=\"og:image:type\" content=\"image\/jpeg\" \/>\n<meta name=\"author\" content=\"csilveira\" \/>\n<meta name=\"twitter:card\" content=\"summary_large_image\" \/>\n<meta name=\"twitter:label1\" content=\"Written by\" \/>\n\t<meta name=\"twitter:data1\" content=\"csilveira\" \/>\n\t<meta name=\"twitter:label2\" content=\"Est. reading time\" \/>\n\t<meta name=\"twitter:data2\" content=\"2 minutos\" \/>\n<script type=\"application\/ld+json\" class=\"yoast-schema-graph\">{\"@context\":\"https:\/\/schema.org\",\"@graph\":[{\"@type\":\"WebPage\",\"@id\":\"https:\/\/www.manaus.am.gov.br\/manauscult\/strangers-hand-rock-aposta-em-som-das-antigas-e-cativa-publico-do-palco-coreto-no-sou-manaus\/\",\"url\":\"https:\/\/www.manaus.am.gov.br\/manauscult\/strangers-hand-rock-aposta-em-som-das-antigas-e-cativa-publico-do-palco-coreto-no-sou-manaus\/\",\"name\":\"\u2018Strangers Hand Rock\u2019 aposta em som das antigas e cativa p\u00fablico do palco Coreto no #SouManaus\",\"isPartOf\":{\"@id\":\"https:\/\/www.manaus.am.gov.br\/manauscult\/#website\"},\"primaryImageOfPage\":{\"@id\":\"https:\/\/www.manaus.am.gov.br\/manauscult\/strangers-hand-rock-aposta-em-som-das-antigas-e-cativa-publico-do-palco-coreto-no-sou-manaus\/#primaryimage\"},\"image\":{\"@id\":\"https:\/\/www.manaus.am.gov.br\/manauscult\/strangers-hand-rock-aposta-em-som-das-antigas-e-cativa-publico-do-palco-coreto-no-sou-manaus\/#primaryimage\"},\"thumbnailUrl\":\"https:\/\/www.manaus.am.gov.br\/manauscult\/wp-content\/uploads\/sites\/11\/2023\/09\/Strangers-Hand-Rock_SouManaus.jpg\",\"datePublished\":\"2023-09-06T06:12:13+00:00\",\"dateModified\":\"2023-09-06T06:12:14+00:00\",\"author\":{\"@id\":\"https:\/\/www.manaus.am.gov.br\/manauscult\/#\/schema\/person\/bfafc779be2e19b3d3ef4a59d418b606\"},\"description\":\"Foi com o som das antigas que a banda \u201cStranger Hand Rock\u201d ganhou o p\u00fablico ao se apresentar no palco Coreto do Festival \u201c#SouManaus.\",\"breadcrumb\":{\"@id\":\"https:\/\/www.manaus.am.gov.br\/manauscult\/strangers-hand-rock-aposta-em-som-das-antigas-e-cativa-publico-do-palco-coreto-no-sou-manaus\/#breadcrumb\"},\"inLanguage\":\"pt-BR\",\"potentialAction\":[{\"@type\":\"ReadAction\",\"target\":[\"https:\/\/www.manaus.am.gov.br\/manauscult\/strangers-hand-rock-aposta-em-som-das-antigas-e-cativa-publico-do-palco-coreto-no-sou-manaus\/\"]}]},{\"@type\":\"ImageObject\",\"inLanguage\":\"pt-BR\",\"@id\":\"https:\/\/www.manaus.am.gov.br\/manauscult\/strangers-hand-rock-aposta-em-som-das-antigas-e-cativa-publico-do-palco-coreto-no-sou-manaus\/#primaryimage\",\"url\":\"https:\/\/www.manaus.am.gov.br\/manauscult\/wp-content\/uploads\/sites\/11\/2023\/09\/Strangers-Hand-Rock_SouManaus.jpg\",\"contentUrl\":\"https:\/\/www.manaus.am.gov.br\/manauscult\/wp-content\/uploads\/sites\/11\/2023\/09\/Strangers-Hand-Rock_SouManaus.jpg\",\"width\":6240,\"height\":4160},{\"@type\":\"BreadcrumbList\",\"@id\":\"https:\/\/www.manaus.am.gov.br\/manauscult\/strangers-hand-rock-aposta-em-som-das-antigas-e-cativa-publico-do-palco-coreto-no-sou-manaus\/#breadcrumb\",\"itemListElement\":[{\"@type\":\"ListItem\",\"position\":1,\"name\":\"Home\",\"item\":\"https:\/\/www.manaus.am.gov.br\/manauscult\/\"},{\"@type\":\"ListItem\",\"position\":2,\"name\":\"\u2018Strangers Hand Rock\u2019 aposta em som das antigas e cativa p\u00fablico do palco Coreto no #SouManaus\"}]},{\"@type\":\"WebSite\",\"@id\":\"https:\/\/www.manaus.am.gov.br\/manauscult\/#website\",\"url\":\"https:\/\/www.manaus.am.gov.br\/manauscult\/\",\"name\":\"MANAUSCULT\",\"description\":\"Prefeitura de Manaus\",\"potentialAction\":[{\"@type\":\"SearchAction\",\"target\":{\"@type\":\"EntryPoint\",\"urlTemplate\":\"https:\/\/www.manaus.am.gov.br\/manauscult\/?s={search_term_string}\"},\"query-input\":\"required name=search_term_string\"}],\"inLanguage\":\"pt-BR\"},{\"@type\":\"Person\",\"@id\":\"https:\/\/www.manaus.am.gov.br\/manauscult\/#\/schema\/person\/bfafc779be2e19b3d3ef4a59d418b606\",\"name\":\"csilveira\",\"image\":{\"@type\":\"ImageObject\",\"inLanguage\":\"pt-BR\",\"@id\":\"https:\/\/www.manaus.am.gov.br\/manauscult\/#\/schema\/person\/image\/\",\"url\":\"https:\/\/secure.gravatar.com\/avatar\/9c2e2f00138fcd35401c748bd030d3b5?s=96&d=mm&r=g\",\"contentUrl\":\"https:\/\/secure.gravatar.com\/avatar\/9c2e2f00138fcd35401c748bd030d3b5?s=96&d=mm&r=g\",\"caption\":\"csilveira\"}}]}<\/script>\n<!-- \/ Yoast SEO plugin. -->","yoast_head_json":{"title":"\u2018Strangers Hand Rock\u2019 aposta em som das antigas e cativa p\u00fablico do palco Coreto no #SouManaus","description":"Foi com o som das antigas que a banda \u201cStranger Hand Rock\u201d ganhou o p\u00fablico ao se apresentar no palco Coreto do Festival \u201c#SouManaus.","robots":{"index":"noindex","follow":"follow"},"og_locale":"pt_BR","og_type":"article","og_title":"\u2018Strangers Hand Rock\u2019 aposta em som das antigas e cativa p\u00fablico do palco Coreto no #SouManaus","og_description":"Foi com o som das antigas que a banda \u201cStranger Hand Rock\u201d ganhou o p\u00fablico ao se apresentar no palco Coreto do Festival \u201c#SouManaus.","og_url":"https:\/\/www.manaus.am.gov.br\/manauscult\/strangers-hand-rock-aposta-em-som-das-antigas-e-cativa-publico-do-palco-coreto-no-sou-manaus\/","og_site_name":"MANAUSCULT","article_published_time":"2023-09-06T06:12:13+00:00","article_modified_time":"2023-09-06T06:12:14+00:00","og_image":[{"width":1024,"height":683,"url":"https:\/\/www.manaus.am.gov.br\/manauscult\/wp-content\/uploads\/sites\/11\/2023\/09\/Strangers-Hand-Rock_SouManaus-1024x683.jpg","type":"image\/jpeg"}],"author":"csilveira","twitter_card":"summary_large_image","twitter_misc":{"Written by":"csilveira","Est. reading time":"2 minutos"},"schema":{"@context":"https:\/\/schema.org","@graph":[{"@type":"WebPage","@id":"https:\/\/www.manaus.am.gov.br\/manauscult\/strangers-hand-rock-aposta-em-som-das-antigas-e-cativa-publico-do-palco-coreto-no-sou-manaus\/","url":"https:\/\/www.manaus.am.gov.br\/manauscult\/strangers-hand-rock-aposta-em-som-das-antigas-e-cativa-publico-do-palco-coreto-no-sou-manaus\/","name":"\u2018Strangers Hand Rock\u2019 aposta em som das antigas e cativa p\u00fablico do palco Coreto no #SouManaus","isPartOf":{"@id":"https:\/\/www.manaus.am.gov.br\/manauscult\/#website"},"primaryImageOfPage":{"@id":"https:\/\/www.manaus.am.gov.br\/manauscult\/strangers-hand-rock-aposta-em-som-das-antigas-e-cativa-publico-do-palco-coreto-no-sou-manaus\/#primaryimage"},"image":{"@id":"https:\/\/www.manaus.am.gov.br\/manauscult\/strangers-hand-rock-aposta-em-som-das-antigas-e-cativa-publico-do-palco-coreto-no-sou-manaus\/#primaryimage"},"thumbnailUrl":"https:\/\/www.manaus.am.gov.br\/manauscult\/wp-content\/uploads\/sites\/11\/2023\/09\/Strangers-Hand-Rock_SouManaus.jpg","datePublished":"2023-09-06T06:12:13+00:00","dateModified":"2023-09-06T06:12:14+00:00","author":{"@id":"https:\/\/www.manaus.am.gov.br\/manauscult\/#\/schema\/person\/bfafc779be2e19b3d3ef4a59d418b606"},"description":"Foi com o som das antigas que a banda \u201cStranger Hand Rock\u201d ganhou o p\u00fablico ao se apresentar no palco Coreto do Festival \u201c#SouManaus.","breadcrumb":{"@id":"https:\/\/www.manaus.am.gov.br\/manauscult\/strangers-hand-rock-aposta-em-som-das-antigas-e-cativa-publico-do-palco-coreto-no-sou-manaus\/#breadcrumb"},"inLanguage":"pt-BR","potentialAction":[{"@type":"ReadAction","target":["https:\/\/www.manaus.am.gov.br\/manauscult\/strangers-hand-rock-aposta-em-som-das-antigas-e-cativa-publico-do-palco-coreto-no-sou-manaus\/"]}]},{"@type":"ImageObject","inLanguage":"pt-BR","@id":"https:\/\/www.manaus.am.gov.br\/manauscult\/strangers-hand-rock-aposta-em-som-das-antigas-e-cativa-publico-do-palco-coreto-no-sou-manaus\/#primaryimage","url":"https:\/\/www.manaus.am.gov.br\/manauscult\/wp-content\/uploads\/sites\/11\/2023\/09\/Strangers-Hand-Rock_SouManaus.jpg","contentUrl":"https:\/\/www.manaus.am.gov.br\/manauscult\/wp-content\/uploads\/sites\/11\/2023\/09\/Strangers-Hand-Rock_SouManaus.jpg","width":6240,"height":4160},{"@type":"BreadcrumbList","@id":"https:\/\/www.manaus.am.gov.br\/manauscult\/strangers-hand-rock-aposta-em-som-das-antigas-e-cativa-publico-do-palco-coreto-no-sou-manaus\/#breadcrumb","itemListElement":[{"@type":"ListItem","position":1,"name":"Home","item":"https:\/\/www.manaus.am.gov.br\/manauscult\/"},{"@type":"ListItem","position":2,"name":"\u2018Strangers Hand Rock\u2019 aposta em som das antigas e cativa p\u00fablico do palco Coreto no #SouManaus"}]},{"@type":"WebSite","@id":"https:\/\/www.manaus.am.gov.br\/manauscult\/#website","url":"https:\/\/www.manaus.am.gov.br\/manauscult\/","name":"MANAUSCULT","description":"Prefeitura de Manaus","potentialAction":[{"@type":"SearchAction","target":{"@type":"EntryPoint","urlTemplate":"https:\/\/www.manaus.am.gov.br\/manauscult\/?s={search_term_string}"},"query-input":"required name=search_term_string"}],"inLanguage":"pt-BR"},{"@type":"Person","@id":"https:\/\/www.manaus.am.gov.br\/manauscult\/#\/schema\/person\/bfafc779be2e19b3d3ef4a59d418b606","name":"csilveira","image":{"@type":"ImageObject","inLanguage":"pt-BR","@id":"https:\/\/www.manaus.am.gov.br\/manauscult\/#\/schema\/person\/image\/","url":"https:\/\/secure.gravatar.com\/avatar\/9c2e2f00138fcd35401c748bd030d3b5?s=96&d=mm&r=g","contentUrl":"https:\/\/secure.gravatar.com\/avatar\/9c2e2f00138fcd35401c748bd030d3b5?s=96&d=mm&r=g","caption":"csilveira"}}]}},"_links":{"self":[{"href":"https:\/\/www.manaus.am.gov.br\/manauscult\/wp-json\/wp\/v2\/posts\/1351"}],"collection":[{"href":"https:\/\/www.manaus.am.gov.br\/manauscult\/wp-json\/wp\/v2\/posts"}],"about":[{"href":"https:\/\/www.manaus.am.gov.br\/manauscult\/wp-json\/wp\/v2\/types\/post"}],"author":[{"embeddable":true,"href":"https:\/\/www.manaus.am.gov.br\/manauscult\/wp-json\/wp\/v2\/users\/52"}],"replies":[{"embeddable":true,"href":"https:\/\/www.manaus.am.gov.br\/manauscult\/wp-json\/wp\/v2\/comments?post=1351"}],"version-history":[{"count":0,"href":"https:\/\/www.manaus.am.gov.br\/manauscult\/wp-json\/wp\/v2\/posts\/1351\/revisions"}],"wp:featuredmedia":[{"embeddable":true,"href":"https:\/\/www.manaus.am.gov.br\/manauscult\/wp-json\/wp\/v2\/media\/1352"}],"wp:attachment":[{"href":"https:\/\/www.manaus.am.gov.br\/manauscult\/wp-json\/wp\/v2\/media?parent=1351"}],"wp:term":[{"taxonomy":"category","embeddable":true,"href":"https:\/\/www.manaus.am.gov.br\/manauscult\/wp-json\/wp\/v2\/categories?post=1351"},{"taxonomy":"post_tag","embeddable":true,"href":"https:\/\/www.manaus.am.gov.br\/manauscult\/wp-json\/wp\/v2\/tags?post=1351"}],"curies":[{"name":"wp","href":"https:\/\/api.w.org\/{rel}","templated":true}]}}