{"id":1346,"date":"2023-09-06T02:01:59","date_gmt":"2023-09-06T06:01:59","guid":{"rendered":"https:\/\/www.manaus.am.gov.br\/manauscult\/prefeito-comemora-sucesso-da-primeira-noite-do-soumanaus-2023-e-destacou-alegria-do-publico\/"},"modified":"2023-09-06T02:01:59","modified_gmt":"2023-09-06T06:01:59","slug":"prefeito-comemora-sucesso-da-primeira-noite-do-soumanaus-2023-e-destacou-alegria-do-publico","status":"publish","type":"post","link":"https:\/\/www.manaus.am.gov.br\/manauscult\/prefeito-comemora-sucesso-da-primeira-noite-do-soumanaus-2023-e-destacou-alegria-do-publico\/","title":{"rendered":"<strong>Prefeito comemora sucesso da primeira noite do #SouManaus 2023 e destacou alegria do p\u00fablico<\/strong>"},"content":{"rendered":"\n<p>O prefeito de Manaus, David Almeida, enfatizou, durante a coletiva oficial do \u201c#SouManaus Passo a Pa\u00e7o 2023\u201d, realizada na noite desta ter\u00e7a-feira, 5\/9, o sucesso do maior festival de artes integradas do Norte do Brasil. Com mais de 13 atra\u00e7\u00f5es nacionais e a presen\u00e7a do maior DJ do mundo, David Guetta, o evento foi abra\u00e7ado pela popula\u00e7\u00e3o que lotou os palcos para prestigiar os espet\u00e1culos musicais, art\u00edsticos, gastron\u00f4micos e circenses que aconteceram no centro hist\u00f3rico da capital amazonense.<\/p>\n\n\n\n<p>De acordo com David Almeida, a alegria dos presentes no evento s\u00f3 comprova a grandeza da edi\u00e7\u00e3o 2023 do festival e o sucesso que impulsiona a cultura, o turismo e a economia da cidade.<\/p>\n\n\n\n<p>\u201cO #SouManaus n\u00e3o \u00e9 apenas um evento musical, mas sim o maior festival de artes integradas do Norte do Brasil. Aqui temos a \u00e1rea gamer, artesanato, gastronomia, arte urbana e sete palcos onde artistas locais tamb\u00e9m se apresentam. Tudo isso est\u00e1 sendo coroado com a apresenta\u00e7\u00e3o do maior DJ do mundo, David Guetta, que far\u00e1 um espet\u00e1culo nunca visto pela popula\u00e7\u00e3o de Manaus. Por tudo isso, s\u00f3 temos que comemorar o sucesso do #SouManaus e convidar a popula\u00e7\u00e3o para os pr\u00f3ximos dias\u201d, enfatizou o prefeito.<\/p>\n\n\n\n<figure class=\"wp-block-image size-large\"><img loading=\"lazy\" decoding=\"async\" width=\"1024\" height=\"682\" src=\"https:\/\/www.manaus.am.gov.br\/manauscult\/wp-content\/uploads\/sites\/11\/2023\/09\/WhatsApp-Image-2023-09-06-at-02.53.39-1024x682.jpeg\" alt=\"\" class=\"wp-image-1348\" srcset=\"https:\/\/www.manaus.am.gov.br\/manauscult\/wp-content\/uploads\/sites\/11\/2023\/09\/WhatsApp-Image-2023-09-06-at-02.53.39-1024x682.jpeg 1024w, https:\/\/www.manaus.am.gov.br\/manauscult\/wp-content\/uploads\/sites\/11\/2023\/09\/WhatsApp-Image-2023-09-06-at-02.53.39-300x200.jpeg 300w, https:\/\/www.manaus.am.gov.br\/manauscult\/wp-content\/uploads\/sites\/11\/2023\/09\/WhatsApp-Image-2023-09-06-at-02.53.39-768x512.jpeg 768w, https:\/\/www.manaus.am.gov.br\/manauscult\/wp-content\/uploads\/sites\/11\/2023\/09\/WhatsApp-Image-2023-09-06-at-02.53.39-1536x1023.jpeg 1536w, https:\/\/www.manaus.am.gov.br\/manauscult\/wp-content\/uploads\/sites\/11\/2023\/09\/WhatsApp-Image-2023-09-06-at-02.53.39.jpeg 1600w\" sizes=\"(max-width: 1024px) 100vw, 1024px\" \/><\/figure>\n\n\n\n<p>Realizado pela Prefeitura de Manaus, por meio da Funda\u00e7\u00e3o Municipal de Cultura, Turismo e Eventos (Manauscult), o \u201c#SouManaus Passo a Pa\u00e7o 2023\u201d re\u00fane mais de 600 artistas locais que v\u00e3o se apresentar em um espa\u00e7o de 44 mil metros quadrados.<\/p>\n\n\n\n<figure class=\"wp-block-image size-large\"><img loading=\"lazy\" decoding=\"async\" width=\"1024\" height=\"682\" src=\"https:\/\/www.manaus.am.gov.br\/manauscult\/wp-content\/uploads\/sites\/11\/2023\/09\/WhatsApp-Image-2023-09-06-at-02.53.38-1024x682.jpeg\" alt=\"\" class=\"wp-image-1347\" srcset=\"https:\/\/www.manaus.am.gov.br\/manauscult\/wp-content\/uploads\/sites\/11\/2023\/09\/WhatsApp-Image-2023-09-06-at-02.53.38-1024x682.jpeg 1024w, https:\/\/www.manaus.am.gov.br\/manauscult\/wp-content\/uploads\/sites\/11\/2023\/09\/WhatsApp-Image-2023-09-06-at-02.53.38-300x200.jpeg 300w, https:\/\/www.manaus.am.gov.br\/manauscult\/wp-content\/uploads\/sites\/11\/2023\/09\/WhatsApp-Image-2023-09-06-at-02.53.38-768x512.jpeg 768w, https:\/\/www.manaus.am.gov.br\/manauscult\/wp-content\/uploads\/sites\/11\/2023\/09\/WhatsApp-Image-2023-09-06-at-02.53.38-1536x1023.jpeg 1536w, https:\/\/www.manaus.am.gov.br\/manauscult\/wp-content\/uploads\/sites\/11\/2023\/09\/WhatsApp-Image-2023-09-06-at-02.53.38.jpeg 1600w\" sizes=\"(max-width: 1024px) 100vw, 1024px\" \/><\/figure>\n\n\n\n<p>Para o chefe do Executivo municipal, tudo isso s\u00f3 \u00e9 poss\u00edvel gra\u00e7as ao planejamento realizado desde a edi\u00e7\u00e3o do ano passado. \u201cPara obter sucesso, \u00e9 necess\u00e1rio passarmos por duas etapas que \u00e9 o planejamento e a execu\u00e7\u00e3o. Quando isso acontece corretamente, vem o sucesso e \u00e9 isso que estamos vendo aqui no primeiro dia do #SouManaus. Por isso, s\u00f3 temos que agradecer \u00e0 popula\u00e7\u00e3o e aos patrocinadores, que abra\u00e7aram a ideia, e os servidores da prefeitura que se empenharam para que esse festival fosse esse sucesso. Agora, a popula\u00e7\u00e3o pode esperar que em 2024 ser\u00e1 ainda maior\u201d, finalizou.<\/p>\n\n\n\n<p>&#8212; &#8212; &#8212;<\/p>\n\n\n\n<p><strong>Texto<\/strong> \u2013 Thiago Fernando \/ Semcom<\/p>\n\n\n\n<p><strong>Foto<\/strong> \u2013 Ruan Souza e Jo\u00e3o Viana \/ Semcom<\/p>\n","protected":false},"excerpt":{"rendered":"","protected":false},"author":25,"featured_media":1349,"comment_status":"closed","ping_status":"closed","sticky":false,"template":"","format":"standard","meta":{"footnotes":""},"categories":[508],"tags":[67,279],"acf":[],"yoast_head":"<!-- This site is optimized with the Yoast SEO plugin v23.0 - https:\/\/yoast.com\/wordpress\/plugins\/seo\/ -->\n<title>Prefeito comemora sucesso da primeira noite do #SouManaus 2023 e destacou alegria do p\u00fablico<\/title>\n<meta name=\"description\" content=\"O prefeito de Manaus, David Almeida, enfatizou, durante a coletiva oficial do \u201c#SouManaus Passo a Pa\u00e7o 2023\u201d, realizada na noite desta ter\u00e7a-feira, 5\/9\" \/>\n<meta name=\"robots\" content=\"noindex, follow\" \/>\n<meta property=\"og:locale\" content=\"pt_BR\" \/>\n<meta property=\"og:type\" content=\"article\" \/>\n<meta property=\"og:title\" content=\"Prefeito comemora sucesso da primeira noite do #SouManaus 2023 e destacou alegria do p\u00fablico\" \/>\n<meta property=\"og:description\" content=\"O prefeito de Manaus, David Almeida, enfatizou, durante a coletiva oficial do \u201c#SouManaus Passo a Pa\u00e7o 2023\u201d, realizada na noite desta ter\u00e7a-feira, 5\/9\" \/>\n<meta property=\"og:url\" content=\"https:\/\/www.manaus.am.gov.br\/manauscult\/prefeito-comemora-sucesso-da-primeira-noite-do-soumanaus-2023-e-destacou-alegria-do-publico\/\" \/>\n<meta property=\"og:site_name\" content=\"MANAUSCULT\" \/>\n<meta property=\"article:published_time\" content=\"2023-09-06T06:01:59+00:00\" \/>\n<meta property=\"og:image\" content=\"https:\/\/www.manaus.am.gov.br\/manauscult\/wp-content\/uploads\/sites\/11\/2023\/09\/WhatsApp-Image-2023-09-06-at-02.48.25.jpeg\" \/>\n\t<meta property=\"og:image:width\" content=\"1280\" \/>\n\t<meta property=\"og:image:height\" content=\"720\" \/>\n\t<meta property=\"og:image:type\" content=\"image\/jpeg\" \/>\n<meta name=\"author\" content=\"Maur\u00edcio Freire\" \/>\n<meta name=\"twitter:card\" content=\"summary_large_image\" \/>\n<meta name=\"twitter:label1\" content=\"Written by\" \/>\n\t<meta name=\"twitter:data1\" content=\"Maur\u00edcio Freire\" \/>\n\t<meta name=\"twitter:label2\" content=\"Est. reading time\" \/>\n\t<meta name=\"twitter:data2\" content=\"3 minutos\" \/>\n<script type=\"application\/ld+json\" class=\"yoast-schema-graph\">{\"@context\":\"https:\/\/schema.org\",\"@graph\":[{\"@type\":\"WebPage\",\"@id\":\"https:\/\/www.manaus.am.gov.br\/manauscult\/prefeito-comemora-sucesso-da-primeira-noite-do-soumanaus-2023-e-destacou-alegria-do-publico\/\",\"url\":\"https:\/\/www.manaus.am.gov.br\/manauscult\/prefeito-comemora-sucesso-da-primeira-noite-do-soumanaus-2023-e-destacou-alegria-do-publico\/\",\"name\":\"Prefeito comemora sucesso da primeira noite do #SouManaus 2023 e destacou alegria do p\u00fablico\",\"isPartOf\":{\"@id\":\"https:\/\/www.manaus.am.gov.br\/manauscult\/#website\"},\"primaryImageOfPage\":{\"@id\":\"https:\/\/www.manaus.am.gov.br\/manauscult\/prefeito-comemora-sucesso-da-primeira-noite-do-soumanaus-2023-e-destacou-alegria-do-publico\/#primaryimage\"},\"image\":{\"@id\":\"https:\/\/www.manaus.am.gov.br\/manauscult\/prefeito-comemora-sucesso-da-primeira-noite-do-soumanaus-2023-e-destacou-alegria-do-publico\/#primaryimage\"},\"thumbnailUrl\":\"https:\/\/www.manaus.am.gov.br\/manauscult\/wp-content\/uploads\/sites\/11\/2023\/09\/WhatsApp-Image-2023-09-06-at-02.48.25.jpeg\",\"datePublished\":\"2023-09-06T06:01:59+00:00\",\"dateModified\":\"2023-09-06T06:01:59+00:00\",\"author\":{\"@id\":\"https:\/\/www.manaus.am.gov.br\/manauscult\/#\/schema\/person\/587989a23a463cde5618e6a028977a9a\"},\"description\":\"O prefeito de Manaus, David Almeida, enfatizou, durante a coletiva oficial do \u201c#SouManaus Passo a Pa\u00e7o 2023\u201d, realizada na noite desta ter\u00e7a-feira, 5\/9\",\"breadcrumb\":{\"@id\":\"https:\/\/www.manaus.am.gov.br\/manauscult\/prefeito-comemora-sucesso-da-primeira-noite-do-soumanaus-2023-e-destacou-alegria-do-publico\/#breadcrumb\"},\"inLanguage\":\"pt-BR\",\"potentialAction\":[{\"@type\":\"ReadAction\",\"target\":[\"https:\/\/www.manaus.am.gov.br\/manauscult\/prefeito-comemora-sucesso-da-primeira-noite-do-soumanaus-2023-e-destacou-alegria-do-publico\/\"]}]},{\"@type\":\"ImageObject\",\"inLanguage\":\"pt-BR\",\"@id\":\"https:\/\/www.manaus.am.gov.br\/manauscult\/prefeito-comemora-sucesso-da-primeira-noite-do-soumanaus-2023-e-destacou-alegria-do-publico\/#primaryimage\",\"url\":\"https:\/\/www.manaus.am.gov.br\/manauscult\/wp-content\/uploads\/sites\/11\/2023\/09\/WhatsApp-Image-2023-09-06-at-02.48.25.jpeg\",\"contentUrl\":\"https:\/\/www.manaus.am.gov.br\/manauscult\/wp-content\/uploads\/sites\/11\/2023\/09\/WhatsApp-Image-2023-09-06-at-02.48.25.jpeg\",\"width\":1280,\"height\":720},{\"@type\":\"BreadcrumbList\",\"@id\":\"https:\/\/www.manaus.am.gov.br\/manauscult\/prefeito-comemora-sucesso-da-primeira-noite-do-soumanaus-2023-e-destacou-alegria-do-publico\/#breadcrumb\",\"itemListElement\":[{\"@type\":\"ListItem\",\"position\":1,\"name\":\"Home\",\"item\":\"https:\/\/www.manaus.am.gov.br\/manauscult\/\"},{\"@type\":\"ListItem\",\"position\":2,\"name\":\"Prefeito comemora sucesso da primeira noite do #SouManaus 2023 e destacou alegria do p\u00fablico\"}]},{\"@type\":\"WebSite\",\"@id\":\"https:\/\/www.manaus.am.gov.br\/manauscult\/#website\",\"url\":\"https:\/\/www.manaus.am.gov.br\/manauscult\/\",\"name\":\"MANAUSCULT\",\"description\":\"Prefeitura de Manaus\",\"potentialAction\":[{\"@type\":\"SearchAction\",\"target\":{\"@type\":\"EntryPoint\",\"urlTemplate\":\"https:\/\/www.manaus.am.gov.br\/manauscult\/?s={search_term_string}\"},\"query-input\":\"required name=search_term_string\"}],\"inLanguage\":\"pt-BR\"},{\"@type\":\"Person\",\"@id\":\"https:\/\/www.manaus.am.gov.br\/manauscult\/#\/schema\/person\/587989a23a463cde5618e6a028977a9a\",\"name\":\"Maur\u00edcio Freire\",\"image\":{\"@type\":\"ImageObject\",\"inLanguage\":\"pt-BR\",\"@id\":\"https:\/\/www.manaus.am.gov.br\/manauscult\/#\/schema\/person\/image\/\",\"url\":\"https:\/\/secure.gravatar.com\/avatar\/dc1481799a1f75c733ac3b2634cd6749?s=96&d=mm&r=g\",\"contentUrl\":\"https:\/\/secure.gravatar.com\/avatar\/dc1481799a1f75c733ac3b2634cd6749?s=96&d=mm&r=g\",\"caption\":\"Maur\u00edcio Freire\"}}]}<\/script>\n<!-- \/ Yoast SEO plugin. -->","yoast_head_json":{"title":"Prefeito comemora sucesso da primeira noite do #SouManaus 2023 e destacou alegria do p\u00fablico","description":"O prefeito de Manaus, David Almeida, enfatizou, durante a coletiva oficial do \u201c#SouManaus Passo a Pa\u00e7o 2023\u201d, realizada na noite desta ter\u00e7a-feira, 5\/9","robots":{"index":"noindex","follow":"follow"},"og_locale":"pt_BR","og_type":"article","og_title":"Prefeito comemora sucesso da primeira noite do #SouManaus 2023 e destacou alegria do p\u00fablico","og_description":"O prefeito de Manaus, David Almeida, enfatizou, durante a coletiva oficial do \u201c#SouManaus Passo a Pa\u00e7o 2023\u201d, realizada na noite desta ter\u00e7a-feira, 5\/9","og_url":"https:\/\/www.manaus.am.gov.br\/manauscult\/prefeito-comemora-sucesso-da-primeira-noite-do-soumanaus-2023-e-destacou-alegria-do-publico\/","og_site_name":"MANAUSCULT","article_published_time":"2023-09-06T06:01:59+00:00","og_image":[{"width":1280,"height":720,"url":"https:\/\/www.manaus.am.gov.br\/manauscult\/wp-content\/uploads\/sites\/11\/2023\/09\/WhatsApp-Image-2023-09-06-at-02.48.25.jpeg","type":"image\/jpeg"}],"author":"Maur\u00edcio Freire","twitter_card":"summary_large_image","twitter_misc":{"Written by":"Maur\u00edcio Freire","Est. reading time":"3 minutos"},"schema":{"@context":"https:\/\/schema.org","@graph":[{"@type":"WebPage","@id":"https:\/\/www.manaus.am.gov.br\/manauscult\/prefeito-comemora-sucesso-da-primeira-noite-do-soumanaus-2023-e-destacou-alegria-do-publico\/","url":"https:\/\/www.manaus.am.gov.br\/manauscult\/prefeito-comemora-sucesso-da-primeira-noite-do-soumanaus-2023-e-destacou-alegria-do-publico\/","name":"Prefeito comemora sucesso da primeira noite do #SouManaus 2023 e destacou alegria do p\u00fablico","isPartOf":{"@id":"https:\/\/www.manaus.am.gov.br\/manauscult\/#website"},"primaryImageOfPage":{"@id":"https:\/\/www.manaus.am.gov.br\/manauscult\/prefeito-comemora-sucesso-da-primeira-noite-do-soumanaus-2023-e-destacou-alegria-do-publico\/#primaryimage"},"image":{"@id":"https:\/\/www.manaus.am.gov.br\/manauscult\/prefeito-comemora-sucesso-da-primeira-noite-do-soumanaus-2023-e-destacou-alegria-do-publico\/#primaryimage"},"thumbnailUrl":"https:\/\/www.manaus.am.gov.br\/manauscult\/wp-content\/uploads\/sites\/11\/2023\/09\/WhatsApp-Image-2023-09-06-at-02.48.25.jpeg","datePublished":"2023-09-06T06:01:59+00:00","dateModified":"2023-09-06T06:01:59+00:00","author":{"@id":"https:\/\/www.manaus.am.gov.br\/manauscult\/#\/schema\/person\/587989a23a463cde5618e6a028977a9a"},"description":"O prefeito de Manaus, David Almeida, enfatizou, durante a coletiva oficial do \u201c#SouManaus Passo a Pa\u00e7o 2023\u201d, realizada na noite desta ter\u00e7a-feira, 5\/9","breadcrumb":{"@id":"https:\/\/www.manaus.am.gov.br\/manauscult\/prefeito-comemora-sucesso-da-primeira-noite-do-soumanaus-2023-e-destacou-alegria-do-publico\/#breadcrumb"},"inLanguage":"pt-BR","potentialAction":[{"@type":"ReadAction","target":["https:\/\/www.manaus.am.gov.br\/manauscult\/prefeito-comemora-sucesso-da-primeira-noite-do-soumanaus-2023-e-destacou-alegria-do-publico\/"]}]},{"@type":"ImageObject","inLanguage":"pt-BR","@id":"https:\/\/www.manaus.am.gov.br\/manauscult\/prefeito-comemora-sucesso-da-primeira-noite-do-soumanaus-2023-e-destacou-alegria-do-publico\/#primaryimage","url":"https:\/\/www.manaus.am.gov.br\/manauscult\/wp-content\/uploads\/sites\/11\/2023\/09\/WhatsApp-Image-2023-09-06-at-02.48.25.jpeg","contentUrl":"https:\/\/www.manaus.am.gov.br\/manauscult\/wp-content\/uploads\/sites\/11\/2023\/09\/WhatsApp-Image-2023-09-06-at-02.48.25.jpeg","width":1280,"height":720},{"@type":"BreadcrumbList","@id":"https:\/\/www.manaus.am.gov.br\/manauscult\/prefeito-comemora-sucesso-da-primeira-noite-do-soumanaus-2023-e-destacou-alegria-do-publico\/#breadcrumb","itemListElement":[{"@type":"ListItem","position":1,"name":"Home","item":"https:\/\/www.manaus.am.gov.br\/manauscult\/"},{"@type":"ListItem","position":2,"name":"Prefeito comemora sucesso da primeira noite do #SouManaus 2023 e destacou alegria do p\u00fablico"}]},{"@type":"WebSite","@id":"https:\/\/www.manaus.am.gov.br\/manauscult\/#website","url":"https:\/\/www.manaus.am.gov.br\/manauscult\/","name":"MANAUSCULT","description":"Prefeitura de Manaus","potentialAction":[{"@type":"SearchAction","target":{"@type":"EntryPoint","urlTemplate":"https:\/\/www.manaus.am.gov.br\/manauscult\/?s={search_term_string}"},"query-input":"required name=search_term_string"}],"inLanguage":"pt-BR"},{"@type":"Person","@id":"https:\/\/www.manaus.am.gov.br\/manauscult\/#\/schema\/person\/587989a23a463cde5618e6a028977a9a","name":"Maur\u00edcio Freire","image":{"@type":"ImageObject","inLanguage":"pt-BR","@id":"https:\/\/www.manaus.am.gov.br\/manauscult\/#\/schema\/person\/image\/","url":"https:\/\/secure.gravatar.com\/avatar\/dc1481799a1f75c733ac3b2634cd6749?s=96&d=mm&r=g","contentUrl":"https:\/\/secure.gravatar.com\/avatar\/dc1481799a1f75c733ac3b2634cd6749?s=96&d=mm&r=g","caption":"Maur\u00edcio Freire"}}]}},"_links":{"self":[{"href":"https:\/\/www.manaus.am.gov.br\/manauscult\/wp-json\/wp\/v2\/posts\/1346"}],"collection":[{"href":"https:\/\/www.manaus.am.gov.br\/manauscult\/wp-json\/wp\/v2\/posts"}],"about":[{"href":"https:\/\/www.manaus.am.gov.br\/manauscult\/wp-json\/wp\/v2\/types\/post"}],"author":[{"embeddable":true,"href":"https:\/\/www.manaus.am.gov.br\/manauscult\/wp-json\/wp\/v2\/users\/25"}],"replies":[{"embeddable":true,"href":"https:\/\/www.manaus.am.gov.br\/manauscult\/wp-json\/wp\/v2\/comments?post=1346"}],"version-history":[{"count":1,"href":"https:\/\/www.manaus.am.gov.br\/manauscult\/wp-json\/wp\/v2\/posts\/1346\/revisions"}],"predecessor-version":[{"id":1350,"href":"https:\/\/www.manaus.am.gov.br\/manauscult\/wp-json\/wp\/v2\/posts\/1346\/revisions\/1350"}],"wp:featuredmedia":[{"embeddable":true,"href":"https:\/\/www.manaus.am.gov.br\/manauscult\/wp-json\/wp\/v2\/media\/1349"}],"wp:attachment":[{"href":"https:\/\/www.manaus.am.gov.br\/manauscult\/wp-json\/wp\/v2\/media?parent=1346"}],"wp:term":[{"taxonomy":"category","embeddable":true,"href":"https:\/\/www.manaus.am.gov.br\/manauscult\/wp-json\/wp\/v2\/categories?post=1346"},{"taxonomy":"post_tag","embeddable":true,"href":"https:\/\/www.manaus.am.gov.br\/manauscult\/wp-json\/wp\/v2\/tags?post=1346"}],"curies":[{"name":"wp","href":"https:\/\/api.w.org\/{rel}","templated":true}]}}